{"id":23994,"date":"2024-01-15T17:20:02","date_gmt":"2024-01-15T17:20:02","guid":{"rendered":"https:\/\/www.africa-press.net\/madagascar\/politique\/aficia-music-awards-anisha-jo-et-jain-parmi-les-nomines"},"modified":"2024-01-16T19:43:13","modified_gmt":"2024-01-16T19:43:13","slug":"aficia-music-awards-anisha-jo-et-jain-parmi-les-nomines","status":"publish","type":"post","link":"https:\/\/www.africa-press.net\/madagascar\/culture-et-art\/aficia-music-awards-anisha-jo-et-jain-parmi-les-nomines","title":{"rendered":"AFICIA MUSIC AWARDS  &#8211; Anisha Jo et Jain parmi les nomin\u00e9s"},"content":{"rendered":"<p><span style=\"color: #ff6600\"><strong>Africa-Press &#8211; Madagascar. <\/strong><\/span>Dans le cadre prestigieux de l\u2019Aficia Music Awards, deux artistes d\u2019exception d\u2019origine malgache, Anisha Jo et Jain, se sont hisse\u0301es parmi les nomine\u0301es pour cette deuxie\u0300me e\u0301dition.<\/p>\n<p>Dans le vaste univers musical international, deux artistes fe\u0301minines d\u2019origine malgache se de\u0301marquent dans la compe\u0301tition prestigieuse d\u2019Aficia Music Awards. Anisha Jo et Jain, e\u0301voluant toutes deux en France, ont e\u0301te\u0301 nomine\u0301es parmi soixante-dix-neuf autres artistes internationaux pour la deuxie\u0300me e\u0301dition de ces prix musicaux internationaux.<\/p>\n<p>La gagnante de la \u00abStar Academy\u00bb, Anisha Jo, se positionne dans la cate\u0301gorie tre\u0300s convoite\u0301e du \u00abPrix Coup de C\u0153ur\u00bb avec son album intitule\u0301 \u00abLumie\u0300re\u00bb. Cette auteure-compositrice-interpre\u0300te d\u2019ascendance malgache promet une compe\u0301tition acharne\u0301e dans cette cate\u0301gorie spe\u0301ciale.<\/p>\n<p>D\u2019un autre co\u0302te\u0301, Jain, une artiste me\u0301tisse malgache, est nomine\u0301e dans la cate\u0301gorie \u00abArtiste Pop Fe\u0301minine\u00bb. Son premier album, \u00abZanaka\u00bb, publie\u0301 en 2015, a e\u0301te\u0301 certifie\u0301 double disque de platine en 2016, marquant ainsi un succe\u0300s retentissant. Sa nomination aux Aficia Music Awards vient souligner sa contribution exceptionnelle a\u0300 la sce\u0300ne musicale internationale.<\/p>\n<p><b>Compe\u0301tition digitale <\/b><\/p>\n<p>La compe\u0301tition s\u2019articule autour de neuf cate\u0301gories, dont \u00abArtiste Electro\u00bb, \u201cMeilleur Festival Franc\u0327ais\u201d, \u201cMeilleure Collaboration\u201d, \u201cArtiste Pop Masculin\u201d, \u201cArtiste Urbain\u201d, \u201cMeilleur Duo ou Groupe\u201d et \u201cArtiste Re\u0301ve\u0301lation de l\u2019Anne\u0301e\u201d, \u201cCoup de C\u0153ur\u201d et \u201cArtiste Pop fe\u0301minine\u201d. Les nominations ont e\u0301te\u0301 annonce\u0301es depuis le 8 janvier, les artistes entrent en lice, sollicitant les votes en ligne des fans pour de\u0301crocher le titre convoite\u0301 sur le compte Instagram de l\u2019Aficia Music Awards. La phase de vote en ligne, qui se de\u0301roule jusqu\u2019au 24 janvier, permet aux internautes de soutenir leurs artistes pre\u0301fe\u0301re\u0301s.<\/p>\n<p>Les neuf artistes les plus soutenus dans chaque cate\u0301gorie auront la chance de se qualifier pour la finale, pre\u0301vue du 15 au 23 janvier. Le de\u0301nouement tant attendu, marque\u0301 par la re\u0301ve\u0301lation des re\u0301sultats officiels et la remise des trophe\u0301es, aura lieu le 24 janvier. Les laure\u0301ats repartiront avec le prestigieux trophe\u0301e \u00abAficia Music Awards\u201d, te\u0301moignant de leur excellence artistique et de la reconnaissance de leurs pairs et fans. La sce\u0300ne musicale malgache brille a\u0300 l\u2019international, porte\u0301e par le talent inde\u0301niable d\u2019Anisha Jo et de Jain.<\/p>\n<p><strong>Pour plus d&rsquo;informations et d&rsquo;analyses sur la <a href=\"https:\/\/www.africa-press.net\/madagascar\">Madagascar<\/a>, suivez <a href=\"https:\/\/www.africa-press.net\/\">Africa-Press<\/a><\/strong><\/p>\n","protected":false},"excerpt":{"rendered":"<p>Africa-Press &#8211; Madagascar. Dans le cadre prestigieux de l\u2019Aficia Music Awards, deux artistes d\u2019exception d\u2019origine malgache, Anisha Jo et Jain, se sont hisse\u0301es parmi les nomine\u0301es pour cette deuxie\u0300me e\u0301dition. Dans le vaste univers musical international, deux artistes fe\u0301minines d\u2019origine malgache se de\u0301marquent dans la compe\u0301tition prestigieuse d\u2019Aficia Music Awards. Anisha Jo et Jain, e\u0301voluant [&hellip;]<\/p>\n","protected":false},"author":82,"featured_media":23993,"comment_status":"open","ping_status":"closed","sticky":false,"template":"","format":"standard","meta":{"footnotes":""},"categories":[5,10],"tags":[36,50,49],"class_list":["post-23994","post","type-post","status-publish","format-standard","has-post-thumbnail","hentry","category-culture-et-art","category-toutes-les-actualites","tag-africa-press","tag-africa-press-madagascar","tag-madagascar"],"yoast_head":"<!-- This site is optimized with the Yoast SEO Premium plugin v26.1 (Yoast SEO v27.0) - https:\/\/yoast.com\/product\/yoast-seo-premium-wordpress\/ -->\n<title>AFICIA MUSIC AWARDS - Anisha Jo et Jain parmi les nomin\u00e9s - Madagascar<\/title>\n<meta name=\"description\" content=\"Dans le cadre prestigieux de l\u2019Aficia Music Awards, deux artistes d\u2019exception d\u2019origine malgache, Anisha Jo et Jain, se ...\" \/>\n<meta name=\"robots\" content=\"index, follow, max-snippet:-1, max-image-preview:large, max-video-preview:-1\" \/>\n<link rel=\"canonical\" href=\"https:\/\/www.africa-press.net\/madagascar\/culture-et-art\/aficia-music-awards-anisha-jo-et-jain-parmi-les-nomines\" \/>\n<meta property=\"og:locale\" content=\"fr_FR\" \/>\n<meta property=\"og:type\" content=\"article\" \/>\n<meta property=\"og:title\" content=\"AFICIA MUSIC AWARDS - Anisha Jo et Jain parmi les nomin\u00e9s\" \/>\n<meta property=\"og:description\" content=\"Dans le cadre prestigieux de l\u2019Aficia Music Awards, deux artistes d\u2019exception d\u2019origine malgache, Anisha Jo et Jain, se ...\" \/>\n<meta property=\"og:url\" content=\"https:\/\/www.africa-press.net\/madagascar\/culture-et-art\/aficia-music-awards-anisha-jo-et-jain-parmi-les-nomines\" \/>\n<meta property=\"og:site_name\" content=\"Madagascar\" \/>\n<meta property=\"article:published_time\" content=\"2024-01-15T17:20:02+00:00\" \/>\n<meta property=\"article:modified_time\" content=\"2024-01-16T19:43:13+00:00\" \/>\n<meta property=\"og:image\" content=\"https:\/\/static.africa-press.net\/madagascar\/sites\/56\/2024\/01\/sm_1705327743.511425.jpg\" \/>\n\t<meta property=\"og:image:width\" content=\"770\" \/>\n\t<meta property=\"og:image:height\" content=\"578\" \/>\n\t<meta property=\"og:image:type\" content=\"image\/jpeg\" \/>\n<meta name=\"author\" content=\"cfeditorfr\" \/>\n<meta name=\"twitter:card\" content=\"summary_large_image\" \/>\n<meta name=\"twitter:label1\" content=\"\u00c9crit par\" \/>\n\t<meta name=\"twitter:data1\" content=\"cfeditorfr\" \/>\n\t<meta name=\"twitter:label2\" content=\"Dur\u00e9e de lecture estim\u00e9e\" \/>\n\t<meta name=\"twitter:data2\" content=\"2 minutes\" \/>\n<script type=\"application\/ld+json\" class=\"yoast-schema-graph\">{\"@context\":\"https:\/\/schema.org\",\"@graph\":[{\"@type\":\"Article\",\"@id\":\"https:\/\/www.africa-press.net\/madagascar\/culture-et-art\/aficia-music-awards-anisha-jo-et-jain-parmi-les-nomines#article\",\"isPartOf\":{\"@id\":\"https:\/\/www.africa-press.net\/madagascar\/culture-et-art\/aficia-music-awards-anisha-jo-et-jain-parmi-les-nomines\"},\"author\":{\"name\":\"cfeditorfr\",\"@id\":\"https:\/\/www.africa-press.net\/madagascar\/#\/schema\/person\/2b1cf3cd81a31e3cd26889ca66d677f1\"},\"headline\":\"AFICIA MUSIC AWARDS &#8211; Anisha Jo et Jain parmi les nomin\u00e9s\",\"datePublished\":\"2024-01-15T17:20:02+00:00\",\"dateModified\":\"2024-01-16T19:43:13+00:00\",\"mainEntityOfPage\":{\"@id\":\"https:\/\/www.africa-press.net\/madagascar\/culture-et-art\/aficia-music-awards-anisha-jo-et-jain-parmi-les-nomines\"},\"wordCount\":433,\"commentCount\":0,\"image\":{\"@id\":\"https:\/\/www.africa-press.net\/madagascar\/culture-et-art\/aficia-music-awards-anisha-jo-et-jain-parmi-les-nomines#primaryimage\"},\"thumbnailUrl\":\"https:\/\/static.africa-press.net\/madagascar\/sites\/56\/2024\/01\/sm_1705327743.511425.jpg\",\"keywords\":[\"Africa Press\",\"Africa Press-Madagascar\",\"Madagascar\"],\"articleSection\":[\"Culture et Art\",\"Toutes les actualit\u00e9s\"],\"inLanguage\":\"fr-FR\",\"potentialAction\":[{\"@type\":\"CommentAction\",\"name\":\"Comment\",\"target\":[\"https:\/\/www.africa-press.net\/madagascar\/culture-et-art\/aficia-music-awards-anisha-jo-et-jain-parmi-les-nomines#respond\"]}]},{\"@type\":\"WebPage\",\"@id\":\"https:\/\/www.africa-press.net\/madagascar\/culture-et-art\/aficia-music-awards-anisha-jo-et-jain-parmi-les-nomines\",\"url\":\"https:\/\/www.africa-press.net\/madagascar\/culture-et-art\/aficia-music-awards-anisha-jo-et-jain-parmi-les-nomines\",\"name\":\"AFICIA MUSIC AWARDS - Anisha Jo et Jain parmi les nomin\u00e9s - Madagascar\",\"isPartOf\":{\"@id\":\"https:\/\/www.africa-press.net\/madagascar\/#website\"},\"primaryImageOfPage\":{\"@id\":\"https:\/\/www.africa-press.net\/madagascar\/culture-et-art\/aficia-music-awards-anisha-jo-et-jain-parmi-les-nomines#primaryimage\"},\"image\":{\"@id\":\"https:\/\/www.africa-press.net\/madagascar\/culture-et-art\/aficia-music-awards-anisha-jo-et-jain-parmi-les-nomines#primaryimage\"},\"thumbnailUrl\":\"https:\/\/static.africa-press.net\/madagascar\/sites\/56\/2024\/01\/sm_1705327743.511425.jpg\",\"datePublished\":\"2024-01-15T17:20:02+00:00\",\"dateModified\":\"2024-01-16T19:43:13+00:00\",\"author\":{\"@id\":\"https:\/\/www.africa-press.net\/madagascar\/#\/schema\/person\/2b1cf3cd81a31e3cd26889ca66d677f1\"},\"description\":\"Dans le cadre prestigieux de l\u2019Aficia Music Awards, deux artistes d\u2019exception d\u2019origine malgache, Anisha Jo et Jain, se ...\",\"breadcrumb\":{\"@id\":\"https:\/\/www.africa-press.net\/madagascar\/culture-et-art\/aficia-music-awards-anisha-jo-et-jain-parmi-les-nomines#breadcrumb\"},\"inLanguage\":\"fr-FR\",\"potentialAction\":[{\"@type\":\"ReadAction\",\"target\":[\"https:\/\/www.africa-press.net\/madagascar\/culture-et-art\/aficia-music-awards-anisha-jo-et-jain-parmi-les-nomines\"]}]},{\"@type\":\"ImageObject\",\"inLanguage\":\"fr-FR\",\"@id\":\"https:\/\/www.africa-press.net\/madagascar\/culture-et-art\/aficia-music-awards-anisha-jo-et-jain-parmi-les-nomines#primaryimage\",\"url\":\"https:\/\/static.africa-press.net\/madagascar\/sites\/56\/2024\/01\/sm_1705327743.511425.jpg\",\"contentUrl\":\"https:\/\/static.africa-press.net\/madagascar\/sites\/56\/2024\/01\/sm_1705327743.511425.jpg\",\"width\":770,\"height\":578,\"caption\":\"AFICIA MUSIC AWARDS - Anisha Jo et Jain parmi les nomin\u00e9s\"},{\"@type\":\"BreadcrumbList\",\"@id\":\"https:\/\/www.africa-press.net\/madagascar\/culture-et-art\/aficia-music-awards-anisha-jo-et-jain-parmi-les-nomines#breadcrumb\",\"itemListElement\":[{\"@type\":\"ListItem\",\"position\":1,\"name\":\"Accueil\",\"item\":\"https:\/\/www.africa-press.net\/madagascar\/\"},{\"@type\":\"ListItem\",\"position\":2,\"name\":\"AFICIA MUSIC AWARDS &#8211; Anisha Jo et Jain parmi les nomin\u00e9s\"}]},{\"@type\":\"WebSite\",\"@id\":\"https:\/\/www.africa-press.net\/madagascar\/#website\",\"url\":\"https:\/\/www.africa-press.net\/madagascar\/\",\"name\":\"Madagascar\",\"description\":\"Just another Africa News Agency Sites site\",\"potentialAction\":[{\"@type\":\"SearchAction\",\"target\":{\"@type\":\"EntryPoint\",\"urlTemplate\":\"https:\/\/www.africa-press.net\/madagascar\/?s={search_term_string}\"},\"query-input\":{\"@type\":\"PropertyValueSpecification\",\"valueRequired\":true,\"valueName\":\"search_term_string\"}}],\"inLanguage\":\"fr-FR\"},{\"@type\":\"Person\",\"@id\":\"https:\/\/www.africa-press.net\/madagascar\/#\/schema\/person\/2b1cf3cd81a31e3cd26889ca66d677f1\",\"name\":\"cfeditorfr\"}]}<\/script>\n<!-- \/ Yoast SEO Premium plugin. -->","yoast_head_json":{"title":"AFICIA MUSIC AWARDS - Anisha Jo et Jain parmi les nomin\u00e9s - Madagascar","description":"Dans le cadre prestigieux de l\u2019Aficia Music Awards, deux artistes d\u2019exception d\u2019origine malgache, Anisha Jo et Jain, se ...","robots":{"index":"index","follow":"follow","max-snippet":"max-snippet:-1","max-image-preview":"max-image-preview:large","max-video-preview":"max-video-preview:-1"},"canonical":"https:\/\/www.africa-press.net\/madagascar\/culture-et-art\/aficia-music-awards-anisha-jo-et-jain-parmi-les-nomines","og_locale":"fr_FR","og_type":"article","og_title":"AFICIA MUSIC AWARDS - Anisha Jo et Jain parmi les nomin\u00e9s","og_description":"Dans le cadre prestigieux de l\u2019Aficia Music Awards, deux artistes d\u2019exception d\u2019origine malgache, Anisha Jo et Jain, se ...","og_url":"https:\/\/www.africa-press.net\/madagascar\/culture-et-art\/aficia-music-awards-anisha-jo-et-jain-parmi-les-nomines","og_site_name":"Madagascar","article_published_time":"2024-01-15T17:20:02+00:00","article_modified_time":"2024-01-16T19:43:13+00:00","og_image":[{"width":770,"height":578,"url":"https:\/\/static.africa-press.net\/madagascar\/sites\/56\/2024\/01\/sm_1705327743.511425.jpg","type":"image\/jpeg"}],"author":"cfeditorfr","twitter_card":"summary_large_image","twitter_misc":{"\u00c9crit par":"cfeditorfr","Dur\u00e9e de lecture estim\u00e9e":"2 minutes"},"schema":{"@context":"https:\/\/schema.org","@graph":[{"@type":"Article","@id":"https:\/\/www.africa-press.net\/madagascar\/culture-et-art\/aficia-music-awards-anisha-jo-et-jain-parmi-les-nomines#article","isPartOf":{"@id":"https:\/\/www.africa-press.net\/madagascar\/culture-et-art\/aficia-music-awards-anisha-jo-et-jain-parmi-les-nomines"},"author":{"name":"cfeditorfr","@id":"https:\/\/www.africa-press.net\/madagascar\/#\/schema\/person\/2b1cf3cd81a31e3cd26889ca66d677f1"},"headline":"AFICIA MUSIC AWARDS &#8211; Anisha Jo et Jain parmi les nomin\u00e9s","datePublished":"2024-01-15T17:20:02+00:00","dateModified":"2024-01-16T19:43:13+00:00","mainEntityOfPage":{"@id":"https:\/\/www.africa-press.net\/madagascar\/culture-et-art\/aficia-music-awards-anisha-jo-et-jain-parmi-les-nomines"},"wordCount":433,"commentCount":0,"image":{"@id":"https:\/\/www.africa-press.net\/madagascar\/culture-et-art\/aficia-music-awards-anisha-jo-et-jain-parmi-les-nomines#primaryimage"},"thumbnailUrl":"https:\/\/static.africa-press.net\/madagascar\/sites\/56\/2024\/01\/sm_1705327743.511425.jpg","keywords":["Africa Press","Africa Press-Madagascar","Madagascar"],"articleSection":["Culture et Art","Toutes les actualit\u00e9s"],"inLanguage":"fr-FR","potentialAction":[{"@type":"CommentAction","name":"Comment","target":["https:\/\/www.africa-press.net\/madagascar\/culture-et-art\/aficia-music-awards-anisha-jo-et-jain-parmi-les-nomines#respond"]}]},{"@type":"WebPage","@id":"https:\/\/www.africa-press.net\/madagascar\/culture-et-art\/aficia-music-awards-anisha-jo-et-jain-parmi-les-nomines","url":"https:\/\/www.africa-press.net\/madagascar\/culture-et-art\/aficia-music-awards-anisha-jo-et-jain-parmi-les-nomines","name":"AFICIA MUSIC AWARDS - Anisha Jo et Jain parmi les nomin\u00e9s - Madagascar","isPartOf":{"@id":"https:\/\/www.africa-press.net\/madagascar\/#website"},"primaryImageOfPage":{"@id":"https:\/\/www.africa-press.net\/madagascar\/culture-et-art\/aficia-music-awards-anisha-jo-et-jain-parmi-les-nomines#primaryimage"},"image":{"@id":"https:\/\/www.africa-press.net\/madagascar\/culture-et-art\/aficia-music-awards-anisha-jo-et-jain-parmi-les-nomines#primaryimage"},"thumbnailUrl":"https:\/\/static.africa-press.net\/madagascar\/sites\/56\/2024\/01\/sm_1705327743.511425.jpg","datePublished":"2024-01-15T17:20:02+00:00","dateModified":"2024-01-16T19:43:13+00:00","author":{"@id":"https:\/\/www.africa-press.net\/madagascar\/#\/schema\/person\/2b1cf3cd81a31e3cd26889ca66d677f1"},"description":"Dans le cadre prestigieux de l\u2019Aficia Music Awards, deux artistes d\u2019exception d\u2019origine malgache, Anisha Jo et Jain, se ...","breadcrumb":{"@id":"https:\/\/www.africa-press.net\/madagascar\/culture-et-art\/aficia-music-awards-anisha-jo-et-jain-parmi-les-nomines#breadcrumb"},"inLanguage":"fr-FR","potentialAction":[{"@type":"ReadAction","target":["https:\/\/www.africa-press.net\/madagascar\/culture-et-art\/aficia-music-awards-anisha-jo-et-jain-parmi-les-nomines"]}]},{"@type":"ImageObject","inLanguage":"fr-FR","@id":"https:\/\/www.africa-press.net\/madagascar\/culture-et-art\/aficia-music-awards-anisha-jo-et-jain-parmi-les-nomines#primaryimage","url":"https:\/\/static.africa-press.net\/madagascar\/sites\/56\/2024\/01\/sm_1705327743.511425.jpg","contentUrl":"https:\/\/static.africa-press.net\/madagascar\/sites\/56\/2024\/01\/sm_1705327743.511425.jpg","width":770,"height":578,"caption":"AFICIA MUSIC AWARDS - Anisha Jo et Jain parmi les nomin\u00e9s"},{"@type":"BreadcrumbList","@id":"https:\/\/www.africa-press.net\/madagascar\/culture-et-art\/aficia-music-awards-anisha-jo-et-jain-parmi-les-nomines#breadcrumb","itemListElement":[{"@type":"ListItem","position":1,"name":"Accueil","item":"https:\/\/www.africa-press.net\/madagascar\/"},{"@type":"ListItem","position":2,"name":"AFICIA MUSIC AWARDS &#8211; Anisha Jo et Jain parmi les nomin\u00e9s"}]},{"@type":"WebSite","@id":"https:\/\/www.africa-press.net\/madagascar\/#website","url":"https:\/\/www.africa-press.net\/madagascar\/","name":"Madagascar","description":"Just another Africa News Agency Sites site","potentialAction":[{"@type":"SearchAction","target":{"@type":"EntryPoint","urlTemplate":"https:\/\/www.africa-press.net\/madagascar\/?s={search_term_string}"},"query-input":{"@type":"PropertyValueSpecification","valueRequired":true,"valueName":"search_term_string"}}],"inLanguage":"fr-FR"},{"@type":"Person","@id":"https:\/\/www.africa-press.net\/madagascar\/#\/schema\/person\/2b1cf3cd81a31e3cd26889ca66d677f1","name":"cfeditorfr"}]}},"_links":{"self":[{"href":"https:\/\/www.africa-press.net\/madagascar\/wp-json\/wp\/v2\/posts\/23994","targetHints":{"allow":["GET"]}}],"collection":[{"href":"https:\/\/www.africa-press.net\/madagascar\/wp-json\/wp\/v2\/posts"}],"about":[{"href":"https:\/\/www.africa-press.net\/madagascar\/wp-json\/wp\/v2\/types\/post"}],"author":[{"embeddable":true,"href":"https:\/\/www.africa-press.net\/madagascar\/wp-json\/wp\/v2\/users\/82"}],"replies":[{"embeddable":true,"href":"https:\/\/www.africa-press.net\/madagascar\/wp-json\/wp\/v2\/comments?post=23994"}],"version-history":[{"count":0,"href":"https:\/\/www.africa-press.net\/madagascar\/wp-json\/wp\/v2\/posts\/23994\/revisions"}],"wp:featuredmedia":[{"embeddable":true,"href":"https:\/\/www.africa-press.net\/madagascar\/wp-json\/wp\/v2\/media\/23993"}],"wp:attachment":[{"href":"https:\/\/www.africa-press.net\/madagascar\/wp-json\/wp\/v2\/media?parent=23994"}],"wp:term":[{"taxonomy":"category","embeddable":true,"href":"https:\/\/www.africa-press.net\/madagascar\/wp-json\/wp\/v2\/categories?post=23994"},{"taxonomy":"post_tag","embeddable":true,"href":"https:\/\/www.africa-press.net\/madagascar\/wp-json\/wp\/v2\/tags?post=23994"}],"curies":[{"name":"wp","href":"https:\/\/api.w.org\/{rel}","templated":true}]}}