{"id":23998,"date":"2024-01-15T17:24:08","date_gmt":"2024-01-15T17:24:08","guid":{"rendered":"https:\/\/www.africa-press.net\/madagascar\/politique\/jiujitsu-camp-dentrainement-le-bresilien-vicente-cavalcanti-bientot-dans-nos-murs"},"modified":"2024-01-16T19:45:02","modified_gmt":"2024-01-16T19:45:02","slug":"jiujitsu-camp-dentrainement-le-bresilien-vicente-cavalcanti-bientot-dans-nos-murs","status":"publish","type":"post","link":"https:\/\/www.africa-press.net\/madagascar\/sports\/jiujitsu-camp-dentrainement-le-bresilien-vicente-cavalcanti-bientot-dans-nos-murs","title":{"rendered":"JIUJITSU &#8211; CAMP D\u2019ENTRAINEMENT &#8211;  Le Br\u00e9silien Vicente Cavalcanti bient\u00f4t dans nos murs"},"content":{"rendered":"<p><span style=\"color: #ff6600\"><strong>Africa-Press &#8211; Madagascar. <\/strong><\/span>Une saison tre\u0300s charge\u0301e. Un e\u0301ve\u0300nement est programme\u0301 presque chaque mois. L\u2019un des plus attendus pour commencer en beaute\u0301 l\u2019anne\u0301e sera le camp d\u2019entrainement anime\u0301 par le grand champion bre\u0301silien, Vicente Cavalcanti.<\/p>\n<p>Age\u0301 de 40 ans, l\u2019expert est titulaire de la ceinture noire 3e degre\u0301, un instructeur et un athle\u0300te encore tre\u0300s actif dans les compe\u0301titions internationales.<\/p>\n<p>Ce stage, initie\u0301 par le club Southside Brazilian Jiu-jitsu Madagascar en collaboration avec la Fe\u0301de\u0301ration malgache de jiu-jitsu, est ouvert aux de\u0301butants ainsi qu\u2019aux avance\u0301s et aura lieu les 29 et 30 janvier.<\/p>\n<p>La fe\u0301de\u0301ration pre\u0301voit de participer cette anne\u0301e a\u0300 trois compe\u0301titions de haut niveau. Un des de\u0301fis de l\u2019instance nationale est que Madagascar abritera l\u2019une d\u2019elles, l\u2019AJP Tour au mois de mai comme l\u2019a de\u0301ja\u0300 annonce\u0301 avant la fin d\u2019anne\u0301e le pre\u0301sident de la fe\u0301de\u0301ration, Johary Rakotozafy.<\/p>\n<p>Deux autres compe\u0301titions internationales majeures figurent aussi dans le calendrier 2024, en l\u2019occurrence l\u2019Abu Dhabi no-gi Professional jiu-jitsu championship en juin et l\u2019Abu Dhabi Gi world Professional jiu-jitsu championship en novembre. Au moins cinq compe\u0301titions locales seront au programme cette saison.<\/p>\n<p><strong>Pour plus d&rsquo;informations et d&rsquo;analyses sur la <a href=\"https:\/\/www.africa-press.net\/madagascar\">Madagascar<\/a>, suivez <a href=\"https:\/\/www.africa-press.net\/\">Africa-Press<\/a><\/strong><\/p>\n","protected":false},"excerpt":{"rendered":"<p>Africa-Press &#8211; Madagascar. Une saison tre\u0300s charge\u0301e. Un e\u0301ve\u0300nement est programme\u0301 presque chaque mois. L\u2019un des plus attendus pour commencer en beaute\u0301 l\u2019anne\u0301e sera le camp d\u2019entrainement anime\u0301 par le grand champion bre\u0301silien, Vicente Cavalcanti. Age\u0301 de 40 ans, l\u2019expert est titulaire de la ceinture noire 3e degre\u0301, un instructeur et un athle\u0300te encore tre\u0300s [&hellip;]<\/p>\n","protected":false},"author":82,"featured_media":23997,"comment_status":"open","ping_status":"closed","sticky":false,"template":"","format":"standard","meta":{"footnotes":""},"categories":[6,10],"tags":[36,50,49],"class_list":["post-23998","post","type-post","status-publish","format-standard","has-post-thumbnail","hentry","category-sports","category-toutes-les-actualites","tag-africa-press","tag-africa-press-madagascar","tag-madagascar"],"yoast_head":"<!-- This site is optimized with the Yoast SEO Premium plugin v26.1 (Yoast SEO v27.0) - https:\/\/yoast.com\/product\/yoast-seo-premium-wordpress\/ -->\n<title>JIUJITSU - CAMP D\u2019ENTRAINEMENT - Le Br\u00e9silien Vicente Cavalcanti bient\u00f4t dans nos murs - Madagascar<\/title>\n<meta name=\"description\" content=\"Une saison tre\u0300s charge\u0301e. Un e\u0301ve\u0300nement est programme\u0301 presque chaque mois. L\u2019un des plus attendus pour commencer en b ...\" \/>\n<meta name=\"robots\" content=\"index, follow, max-snippet:-1, max-image-preview:large, max-video-preview:-1\" \/>\n<link rel=\"canonical\" href=\"https:\/\/www.africa-press.net\/madagascar\/sports\/jiujitsu-camp-dentrainement-le-bresilien-vicente-cavalcanti-bientot-dans-nos-murs\" \/>\n<meta property=\"og:locale\" content=\"fr_FR\" \/>\n<meta property=\"og:type\" content=\"article\" \/>\n<meta property=\"og:title\" content=\"JIUJITSU - CAMP D\u2019ENTRAINEMENT - Le Br\u00e9silien Vicente Cavalcanti bient\u00f4t dans nos murs\" \/>\n<meta property=\"og:description\" content=\"Une saison tre\u0300s charge\u0301e. Un e\u0301ve\u0300nement est programme\u0301 presque chaque mois. L\u2019un des plus attendus pour commencer en b ...\" \/>\n<meta property=\"og:url\" content=\"https:\/\/www.africa-press.net\/madagascar\/sports\/jiujitsu-camp-dentrainement-le-bresilien-vicente-cavalcanti-bientot-dans-nos-murs\" \/>\n<meta property=\"og:site_name\" content=\"Madagascar\" \/>\n<meta property=\"article:published_time\" content=\"2024-01-15T17:24:08+00:00\" \/>\n<meta property=\"article:modified_time\" content=\"2024-01-16T19:45:02+00:00\" \/>\n<meta property=\"og:image\" content=\"https:\/\/static.africa-press.net\/madagascar\/sites\/56\/2024\/01\/sm_1705327803.555292.jpg\" \/>\n\t<meta property=\"og:image:width\" content=\"993\" \/>\n\t<meta property=\"og:image:height\" content=\"635\" \/>\n\t<meta property=\"og:image:type\" content=\"image\/jpeg\" \/>\n<meta name=\"author\" content=\"cfeditorfr\" \/>\n<meta name=\"twitter:card\" content=\"summary_large_image\" \/>\n<meta name=\"twitter:label1\" content=\"\u00c9crit par\" \/>\n\t<meta name=\"twitter:data1\" content=\"cfeditorfr\" \/>\n\t<meta name=\"twitter:label2\" content=\"Dur\u00e9e de lecture estim\u00e9e\" \/>\n\t<meta name=\"twitter:data2\" content=\"1 minute\" \/>\n<script type=\"application\/ld+json\" class=\"yoast-schema-graph\">{\"@context\":\"https:\/\/schema.org\",\"@graph\":[{\"@type\":\"Article\",\"@id\":\"https:\/\/www.africa-press.net\/madagascar\/sports\/jiujitsu-camp-dentrainement-le-bresilien-vicente-cavalcanti-bientot-dans-nos-murs#article\",\"isPartOf\":{\"@id\":\"https:\/\/www.africa-press.net\/madagascar\/sports\/jiujitsu-camp-dentrainement-le-bresilien-vicente-cavalcanti-bientot-dans-nos-murs\"},\"author\":{\"name\":\"cfeditorfr\",\"@id\":\"https:\/\/www.africa-press.net\/madagascar\/#\/schema\/person\/2b1cf3cd81a31e3cd26889ca66d677f1\"},\"headline\":\"JIUJITSU &#8211; CAMP D\u2019ENTRAINEMENT &#8211; Le Br\u00e9silien Vicente Cavalcanti bient\u00f4t dans nos murs\",\"datePublished\":\"2024-01-15T17:24:08+00:00\",\"dateModified\":\"2024-01-16T19:45:02+00:00\",\"mainEntityOfPage\":{\"@id\":\"https:\/\/www.africa-press.net\/madagascar\/sports\/jiujitsu-camp-dentrainement-le-bresilien-vicente-cavalcanti-bientot-dans-nos-murs\"},\"wordCount\":244,\"commentCount\":0,\"image\":{\"@id\":\"https:\/\/www.africa-press.net\/madagascar\/sports\/jiujitsu-camp-dentrainement-le-bresilien-vicente-cavalcanti-bientot-dans-nos-murs#primaryimage\"},\"thumbnailUrl\":\"https:\/\/static.africa-press.net\/madagascar\/sites\/56\/2024\/01\/sm_1705327803.555292.jpg\",\"keywords\":[\"Africa Press\",\"Africa Press-Madagascar\",\"Madagascar\"],\"articleSection\":[\"Sports\",\"Toutes les actualit\u00e9s\"],\"inLanguage\":\"fr-FR\",\"potentialAction\":[{\"@type\":\"CommentAction\",\"name\":\"Comment\",\"target\":[\"https:\/\/www.africa-press.net\/madagascar\/sports\/jiujitsu-camp-dentrainement-le-bresilien-vicente-cavalcanti-bientot-dans-nos-murs#respond\"]}]},{\"@type\":\"WebPage\",\"@id\":\"https:\/\/www.africa-press.net\/madagascar\/sports\/jiujitsu-camp-dentrainement-le-bresilien-vicente-cavalcanti-bientot-dans-nos-murs\",\"url\":\"https:\/\/www.africa-press.net\/madagascar\/sports\/jiujitsu-camp-dentrainement-le-bresilien-vicente-cavalcanti-bientot-dans-nos-murs\",\"name\":\"JIUJITSU - CAMP D\u2019ENTRAINEMENT - Le Br\u00e9silien Vicente Cavalcanti bient\u00f4t dans nos murs - Madagascar\",\"isPartOf\":{\"@id\":\"https:\/\/www.africa-press.net\/madagascar\/#website\"},\"primaryImageOfPage\":{\"@id\":\"https:\/\/www.africa-press.net\/madagascar\/sports\/jiujitsu-camp-dentrainement-le-bresilien-vicente-cavalcanti-bientot-dans-nos-murs#primaryimage\"},\"image\":{\"@id\":\"https:\/\/www.africa-press.net\/madagascar\/sports\/jiujitsu-camp-dentrainement-le-bresilien-vicente-cavalcanti-bientot-dans-nos-murs#primaryimage\"},\"thumbnailUrl\":\"https:\/\/static.africa-press.net\/madagascar\/sites\/56\/2024\/01\/sm_1705327803.555292.jpg\",\"datePublished\":\"2024-01-15T17:24:08+00:00\",\"dateModified\":\"2024-01-16T19:45:02+00:00\",\"author\":{\"@id\":\"https:\/\/www.africa-press.net\/madagascar\/#\/schema\/person\/2b1cf3cd81a31e3cd26889ca66d677f1\"},\"description\":\"Une saison tre\u0300s charge\u0301e. Un e\u0301ve\u0300nement est programme\u0301 presque chaque mois. L\u2019un des plus attendus pour commencer en b ...\",\"breadcrumb\":{\"@id\":\"https:\/\/www.africa-press.net\/madagascar\/sports\/jiujitsu-camp-dentrainement-le-bresilien-vicente-cavalcanti-bientot-dans-nos-murs#breadcrumb\"},\"inLanguage\":\"fr-FR\",\"potentialAction\":[{\"@type\":\"ReadAction\",\"target\":[\"https:\/\/www.africa-press.net\/madagascar\/sports\/jiujitsu-camp-dentrainement-le-bresilien-vicente-cavalcanti-bientot-dans-nos-murs\"]}]},{\"@type\":\"ImageObject\",\"inLanguage\":\"fr-FR\",\"@id\":\"https:\/\/www.africa-press.net\/madagascar\/sports\/jiujitsu-camp-dentrainement-le-bresilien-vicente-cavalcanti-bientot-dans-nos-murs#primaryimage\",\"url\":\"https:\/\/static.africa-press.net\/madagascar\/sites\/56\/2024\/01\/sm_1705327803.555292.jpg\",\"contentUrl\":\"https:\/\/static.africa-press.net\/madagascar\/sites\/56\/2024\/01\/sm_1705327803.555292.jpg\",\"width\":993,\"height\":635,\"caption\":\"JIUJITSU - CAMP D\u2019ENTRAINEMENT - Le Br\u00e9silien Vicente Cavalcanti bient\u00f4t dans nos murs\"},{\"@type\":\"BreadcrumbList\",\"@id\":\"https:\/\/www.africa-press.net\/madagascar\/sports\/jiujitsu-camp-dentrainement-le-bresilien-vicente-cavalcanti-bientot-dans-nos-murs#breadcrumb\",\"itemListElement\":[{\"@type\":\"ListItem\",\"position\":1,\"name\":\"Accueil\",\"item\":\"https:\/\/www.africa-press.net\/madagascar\/\"},{\"@type\":\"ListItem\",\"position\":2,\"name\":\"JIUJITSU &#8211; CAMP D\u2019ENTRAINEMENT &#8211; Le Br\u00e9silien Vicente Cavalcanti bient\u00f4t dans nos murs\"}]},{\"@type\":\"WebSite\",\"@id\":\"https:\/\/www.africa-press.net\/madagascar\/#website\",\"url\":\"https:\/\/www.africa-press.net\/madagascar\/\",\"name\":\"Madagascar\",\"description\":\"Just another Africa News Agency Sites site\",\"potentialAction\":[{\"@type\":\"SearchAction\",\"target\":{\"@type\":\"EntryPoint\",\"urlTemplate\":\"https:\/\/www.africa-press.net\/madagascar\/?s={search_term_string}\"},\"query-input\":{\"@type\":\"PropertyValueSpecification\",\"valueRequired\":true,\"valueName\":\"search_term_string\"}}],\"inLanguage\":\"fr-FR\"},{\"@type\":\"Person\",\"@id\":\"https:\/\/www.africa-press.net\/madagascar\/#\/schema\/person\/2b1cf3cd81a31e3cd26889ca66d677f1\",\"name\":\"cfeditorfr\"}]}<\/script>\n<!-- \/ Yoast SEO Premium plugin. -->","yoast_head_json":{"title":"JIUJITSU - CAMP D\u2019ENTRAINEMENT - Le Br\u00e9silien Vicente Cavalcanti bient\u00f4t dans nos murs - Madagascar","description":"Une saison tre\u0300s charge\u0301e. Un e\u0301ve\u0300nement est programme\u0301 presque chaque mois. L\u2019un des plus attendus pour commencer en b ...","robots":{"index":"index","follow":"follow","max-snippet":"max-snippet:-1","max-image-preview":"max-image-preview:large","max-video-preview":"max-video-preview:-1"},"canonical":"https:\/\/www.africa-press.net\/madagascar\/sports\/jiujitsu-camp-dentrainement-le-bresilien-vicente-cavalcanti-bientot-dans-nos-murs","og_locale":"fr_FR","og_type":"article","og_title":"JIUJITSU - CAMP D\u2019ENTRAINEMENT - Le Br\u00e9silien Vicente Cavalcanti bient\u00f4t dans nos murs","og_description":"Une saison tre\u0300s charge\u0301e. Un e\u0301ve\u0300nement est programme\u0301 presque chaque mois. L\u2019un des plus attendus pour commencer en b ...","og_url":"https:\/\/www.africa-press.net\/madagascar\/sports\/jiujitsu-camp-dentrainement-le-bresilien-vicente-cavalcanti-bientot-dans-nos-murs","og_site_name":"Madagascar","article_published_time":"2024-01-15T17:24:08+00:00","article_modified_time":"2024-01-16T19:45:02+00:00","og_image":[{"width":993,"height":635,"url":"https:\/\/static.africa-press.net\/madagascar\/sites\/56\/2024\/01\/sm_1705327803.555292.jpg","type":"image\/jpeg"}],"author":"cfeditorfr","twitter_card":"summary_large_image","twitter_misc":{"\u00c9crit par":"cfeditorfr","Dur\u00e9e de lecture estim\u00e9e":"1 minute"},"schema":{"@context":"https:\/\/schema.org","@graph":[{"@type":"Article","@id":"https:\/\/www.africa-press.net\/madagascar\/sports\/jiujitsu-camp-dentrainement-le-bresilien-vicente-cavalcanti-bientot-dans-nos-murs#article","isPartOf":{"@id":"https:\/\/www.africa-press.net\/madagascar\/sports\/jiujitsu-camp-dentrainement-le-bresilien-vicente-cavalcanti-bientot-dans-nos-murs"},"author":{"name":"cfeditorfr","@id":"https:\/\/www.africa-press.net\/madagascar\/#\/schema\/person\/2b1cf3cd81a31e3cd26889ca66d677f1"},"headline":"JIUJITSU &#8211; CAMP D\u2019ENTRAINEMENT &#8211; Le Br\u00e9silien Vicente Cavalcanti bient\u00f4t dans nos murs","datePublished":"2024-01-15T17:24:08+00:00","dateModified":"2024-01-16T19:45:02+00:00","mainEntityOfPage":{"@id":"https:\/\/www.africa-press.net\/madagascar\/sports\/jiujitsu-camp-dentrainement-le-bresilien-vicente-cavalcanti-bientot-dans-nos-murs"},"wordCount":244,"commentCount":0,"image":{"@id":"https:\/\/www.africa-press.net\/madagascar\/sports\/jiujitsu-camp-dentrainement-le-bresilien-vicente-cavalcanti-bientot-dans-nos-murs#primaryimage"},"thumbnailUrl":"https:\/\/static.africa-press.net\/madagascar\/sites\/56\/2024\/01\/sm_1705327803.555292.jpg","keywords":["Africa Press","Africa Press-Madagascar","Madagascar"],"articleSection":["Sports","Toutes les actualit\u00e9s"],"inLanguage":"fr-FR","potentialAction":[{"@type":"CommentAction","name":"Comment","target":["https:\/\/www.africa-press.net\/madagascar\/sports\/jiujitsu-camp-dentrainement-le-bresilien-vicente-cavalcanti-bientot-dans-nos-murs#respond"]}]},{"@type":"WebPage","@id":"https:\/\/www.africa-press.net\/madagascar\/sports\/jiujitsu-camp-dentrainement-le-bresilien-vicente-cavalcanti-bientot-dans-nos-murs","url":"https:\/\/www.africa-press.net\/madagascar\/sports\/jiujitsu-camp-dentrainement-le-bresilien-vicente-cavalcanti-bientot-dans-nos-murs","name":"JIUJITSU - CAMP D\u2019ENTRAINEMENT - Le Br\u00e9silien Vicente Cavalcanti bient\u00f4t dans nos murs - Madagascar","isPartOf":{"@id":"https:\/\/www.africa-press.net\/madagascar\/#website"},"primaryImageOfPage":{"@id":"https:\/\/www.africa-press.net\/madagascar\/sports\/jiujitsu-camp-dentrainement-le-bresilien-vicente-cavalcanti-bientot-dans-nos-murs#primaryimage"},"image":{"@id":"https:\/\/www.africa-press.net\/madagascar\/sports\/jiujitsu-camp-dentrainement-le-bresilien-vicente-cavalcanti-bientot-dans-nos-murs#primaryimage"},"thumbnailUrl":"https:\/\/static.africa-press.net\/madagascar\/sites\/56\/2024\/01\/sm_1705327803.555292.jpg","datePublished":"2024-01-15T17:24:08+00:00","dateModified":"2024-01-16T19:45:02+00:00","author":{"@id":"https:\/\/www.africa-press.net\/madagascar\/#\/schema\/person\/2b1cf3cd81a31e3cd26889ca66d677f1"},"description":"Une saison tre\u0300s charge\u0301e. Un e\u0301ve\u0300nement est programme\u0301 presque chaque mois. L\u2019un des plus attendus pour commencer en b ...","breadcrumb":{"@id":"https:\/\/www.africa-press.net\/madagascar\/sports\/jiujitsu-camp-dentrainement-le-bresilien-vicente-cavalcanti-bientot-dans-nos-murs#breadcrumb"},"inLanguage":"fr-FR","potentialAction":[{"@type":"ReadAction","target":["https:\/\/www.africa-press.net\/madagascar\/sports\/jiujitsu-camp-dentrainement-le-bresilien-vicente-cavalcanti-bientot-dans-nos-murs"]}]},{"@type":"ImageObject","inLanguage":"fr-FR","@id":"https:\/\/www.africa-press.net\/madagascar\/sports\/jiujitsu-camp-dentrainement-le-bresilien-vicente-cavalcanti-bientot-dans-nos-murs#primaryimage","url":"https:\/\/static.africa-press.net\/madagascar\/sites\/56\/2024\/01\/sm_1705327803.555292.jpg","contentUrl":"https:\/\/static.africa-press.net\/madagascar\/sites\/56\/2024\/01\/sm_1705327803.555292.jpg","width":993,"height":635,"caption":"JIUJITSU - CAMP D\u2019ENTRAINEMENT - Le Br\u00e9silien Vicente Cavalcanti bient\u00f4t dans nos murs"},{"@type":"BreadcrumbList","@id":"https:\/\/www.africa-press.net\/madagascar\/sports\/jiujitsu-camp-dentrainement-le-bresilien-vicente-cavalcanti-bientot-dans-nos-murs#breadcrumb","itemListElement":[{"@type":"ListItem","position":1,"name":"Accueil","item":"https:\/\/www.africa-press.net\/madagascar\/"},{"@type":"ListItem","position":2,"name":"JIUJITSU &#8211; CAMP D\u2019ENTRAINEMENT &#8211; Le Br\u00e9silien Vicente Cavalcanti bient\u00f4t dans nos murs"}]},{"@type":"WebSite","@id":"https:\/\/www.africa-press.net\/madagascar\/#website","url":"https:\/\/www.africa-press.net\/madagascar\/","name":"Madagascar","description":"Just another Africa News Agency Sites site","potentialAction":[{"@type":"SearchAction","target":{"@type":"EntryPoint","urlTemplate":"https:\/\/www.africa-press.net\/madagascar\/?s={search_term_string}"},"query-input":{"@type":"PropertyValueSpecification","valueRequired":true,"valueName":"search_term_string"}}],"inLanguage":"fr-FR"},{"@type":"Person","@id":"https:\/\/www.africa-press.net\/madagascar\/#\/schema\/person\/2b1cf3cd81a31e3cd26889ca66d677f1","name":"cfeditorfr"}]}},"_links":{"self":[{"href":"https:\/\/www.africa-press.net\/madagascar\/wp-json\/wp\/v2\/posts\/23998","targetHints":{"allow":["GET"]}}],"collection":[{"href":"https:\/\/www.africa-press.net\/madagascar\/wp-json\/wp\/v2\/posts"}],"about":[{"href":"https:\/\/www.africa-press.net\/madagascar\/wp-json\/wp\/v2\/types\/post"}],"author":[{"embeddable":true,"href":"https:\/\/www.africa-press.net\/madagascar\/wp-json\/wp\/v2\/users\/82"}],"replies":[{"embeddable":true,"href":"https:\/\/www.africa-press.net\/madagascar\/wp-json\/wp\/v2\/comments?post=23998"}],"version-history":[{"count":0,"href":"https:\/\/www.africa-press.net\/madagascar\/wp-json\/wp\/v2\/posts\/23998\/revisions"}],"wp:featuredmedia":[{"embeddable":true,"href":"https:\/\/www.africa-press.net\/madagascar\/wp-json\/wp\/v2\/media\/23997"}],"wp:attachment":[{"href":"https:\/\/www.africa-press.net\/madagascar\/wp-json\/wp\/v2\/media?parent=23998"}],"wp:term":[{"taxonomy":"category","embeddable":true,"href":"https:\/\/www.africa-press.net\/madagascar\/wp-json\/wp\/v2\/categories?post=23998"},{"taxonomy":"post_tag","embeddable":true,"href":"https:\/\/www.africa-press.net\/madagascar\/wp-json\/wp\/v2\/tags?post=23998"}],"curies":[{"name":"wp","href":"https:\/\/api.w.org\/{rel}","templated":true}]}}