{"id":24006,"date":"2024-01-15T17:30:34","date_gmt":"2024-01-15T17:30:34","guid":{"rendered":"https:\/\/www.africa-press.net\/madagascar\/politique\/cross-country-mondial-jean-claude-rakotonirina-ira-a-belgrade"},"modified":"2024-01-16T19:48:14","modified_gmt":"2024-01-16T19:48:14","slug":"cross-country-mondial-jean-claude-rakotonirina-ira-a-belgrade","status":"publish","type":"post","link":"https:\/\/www.africa-press.net\/madagascar\/sports\/cross-country-mondial-jean-claude-rakotonirina-ira-a-belgrade","title":{"rendered":"CROSS-COUNTRY- MONDIAL &#8211; Jean Claude Rakotonirina ira \u00e0 Belgrade"},"content":{"rendered":"<p><span style=\"color: #ff6600\"><strong>Africa-Press &#8211; Madagascar. <\/strong><\/span>La Fe\u0301de\u0301ration malgache d\u2019athle\u0301tisme (FMA) a de\u0301marre\u0301 la saison 2024 par la course de 10 km de cross-country, samedi, au bout de piste d\u2019Ivato. L\u2019objectif est de trouver un athle\u0300te senior qui repre\u0301sentera Madagascar a\u0300 la quarante-cinquie\u0300me e\u0301dition du championnat du monde a\u0300 Belgrade, en Serbie, le 30 mars prochain. Contre toute attente et en de\u0301monstration de force, Jean Claude Rakotonirina, issu de Crown club d\u2019Antsirabe a e\u0301te\u0301 l\u2019heureux e\u0301lu qui a surclasse\u0301 tout le monde en bouclant la distance de 10 km en 33:09:22.<\/p>\n<p>Vingt coureurs ont pris le de\u0301part et seize ont franchi la ligne d\u2019arrive\u0301e avec quatre abandons. De\u0300s le coup d\u2019envoi, trois coureurs se sont de\u0301tache\u0301s du lot et un petit e\u0301cart de plus de 50 m est constate\u0301 apre\u0300s le second tour. Tre\u0300s accrocheur et ne se laissant pas trop distance\u0301, Jean Claude Rakotonirina s\u2019est bien place\u0301 dans le top 5.<\/p>\n<p>Au fil de la course, il s\u2019est place\u0301 dans le top 3 et, petit a\u0300 petit, a pris le contro\u0302le pour se placer de\u0301finitivement en te\u0302te. Il a fini par remporter le test loin devant de son premier poursuivant, Alain Ratsiorisoa du CAMI Itasy, a\u0300 plus de 40 secondes, 33:51:00 et a\u0300 1:18:22 du troisie\u0300me, Fidel Haveloma de COSFA, 34:27:64.<\/p>\n<p>Le vainqueur du jour, Jean Claude Rakotonirina, n\u2019a pas cache\u0301 sa joie et sa de\u0301termination pour aller de\u0301fendre la couleur malgache. \u00ab C\u2019est ma premie\u0300re course nationale en cross-country et je suis tre\u0300s content de ma victoire. Cette victoire me conduira jusqu\u2019en Serbie et j\u2019essaierai d\u2019e\u0302tre digne pour repre\u0301senter Madagascar. En attendant, je vais continuer et amplifier ma pre\u0301paration car avant tout c\u2019est aussi la couleur de mon club que j\u2019ai bien de\u0301fendu ce jour (samedi)\u00bb, confie le vainqueur.<\/p>\n<p><b>Aides<\/b><\/p>\n<p>Quant a\u0300 Tsiry Manantena Rakotomalala, entraineur de Jean Claude Rakotonirina, il a explique\u0301 que beaucoup de choses restent a\u0300 ame\u0301liorer. \u00ab On est pris de court par l\u2019appel de la FMA sur la tenue du test pour de\u0301tecter l\u2019athle\u0300te qui repre\u0301sentera Madagascar au championnat du monde de Belgrade. Pour notre athle\u0300te qui est sorti vainqueur, il a besoin d\u2019aides pour sa pre\u0301paration surtout sur le plan social. A\u0300 la dernie\u0300re participation malgache au championnat du monde d\u2019Ouganda en 2017, le repre\u0301sentant de la Grande i\u0302le s\u2019est place\u0301 a\u0300 la 70e place sur les 200 participants. La balle est maintenant dans le camp de la FMA et nous souhaitons que le vainqueur du jour partira vraiment \u00bb, confie Tsiry Manantena Rakotomalala.<\/p>\n<p>Quant a\u0300 Alain Ratsiorisoa, le deuxie\u0300me du classement, il a explique\u0301 que \u00ab le temps de pre\u0301paration pour moi a e\u0301te\u0301 insuffisant et c\u2019e\u0301tait aussi ma premie\u0300re participation dans une course officielle. Je n\u2019ai qu\u2019une anne\u0301e d\u2019expe\u0301rience dans l\u2019athle\u0301tisme et la performance que j\u2019ai re\u0301alise\u0301e ce jour (samedi) est un beau pre\u0301sage pour l\u2019avenir. Je donne de\u0301ja\u0300 rendez-vous a\u0300 Ambatondrazaka pour le championnat de Madagascar de cross-country et je fixe un objectif de ravir le titre national \u00bb, conclut-il. Le championnat du monde de cross-country de Belgrade sera la deuxie\u0300me participation malgache a\u0300 la joute mondiale.<\/p>\n<p><strong>Pour plus d&rsquo;informations et d&rsquo;analyses sur la <a href=\"https:\/\/www.africa-press.net\/madagascar\">Madagascar<\/a>, suivez <a href=\"https:\/\/www.africa-press.net\/\">Africa-Press<\/a><\/strong><\/p>\n","protected":false},"excerpt":{"rendered":"<p>Africa-Press &#8211; Madagascar. La Fe\u0301de\u0301ration malgache d\u2019athle\u0301tisme (FMA) a de\u0301marre\u0301 la saison 2024 par la course de 10 km de cross-country, samedi, au bout de piste d\u2019Ivato. L\u2019objectif est de trouver un athle\u0300te senior qui repre\u0301sentera Madagascar a\u0300 la quarante-cinquie\u0300me e\u0301dition du championnat du monde a\u0300 Belgrade, en Serbie, le 30 mars prochain. Contre toute [&hellip;]<\/p>\n","protected":false},"author":82,"featured_media":24005,"comment_status":"open","ping_status":"closed","sticky":false,"template":"","format":"standard","meta":{"footnotes":""},"categories":[6,10],"tags":[36,50,49],"class_list":["post-24006","post","type-post","status-publish","format-standard","has-post-thumbnail","hentry","category-sports","category-toutes-les-actualites","tag-africa-press","tag-africa-press-madagascar","tag-madagascar"],"yoast_head":"<!-- This site is optimized with the Yoast SEO Premium plugin v26.1 (Yoast SEO v27.0) - https:\/\/yoast.com\/product\/yoast-seo-premium-wordpress\/ -->\n<title>CROSS-COUNTRY- MONDIAL - Jean Claude Rakotonirina ira \u00e0 Belgrade - Madagascar<\/title>\n<meta name=\"description\" content=\"La Fe\u0301de\u0301ration malgache d\u2019athle\u0301tisme (FMA) a de\u0301marre\u0301 la saison 2024 par la course de 10 km de cross-country, samedi, ...\" \/>\n<meta name=\"robots\" content=\"index, follow, max-snippet:-1, max-image-preview:large, max-video-preview:-1\" \/>\n<link rel=\"canonical\" href=\"https:\/\/www.africa-press.net\/madagascar\/sports\/cross-country-mondial-jean-claude-rakotonirina-ira-a-belgrade\" \/>\n<meta property=\"og:locale\" content=\"fr_FR\" \/>\n<meta property=\"og:type\" content=\"article\" \/>\n<meta property=\"og:title\" content=\"CROSS-COUNTRY- MONDIAL - Jean Claude Rakotonirina ira \u00e0 Belgrade\" \/>\n<meta property=\"og:description\" content=\"La Fe\u0301de\u0301ration malgache d\u2019athle\u0301tisme (FMA) a de\u0301marre\u0301 la saison 2024 par la course de 10 km de cross-country, samedi, ...\" \/>\n<meta property=\"og:url\" content=\"https:\/\/www.africa-press.net\/madagascar\/sports\/cross-country-mondial-jean-claude-rakotonirina-ira-a-belgrade\" \/>\n<meta property=\"og:site_name\" content=\"Madagascar\" \/>\n<meta property=\"article:published_time\" content=\"2024-01-15T17:30:34+00:00\" \/>\n<meta property=\"article:modified_time\" content=\"2024-01-16T19:48:14+00:00\" \/>\n<meta property=\"og:image\" content=\"https:\/\/static.africa-press.net\/madagascar\/sites\/56\/2024\/01\/sm_1705327978.654439.jpg\" \/>\n\t<meta property=\"og:image:width\" content=\"1193\" \/>\n\t<meta property=\"og:image:height\" content=\"597\" \/>\n\t<meta property=\"og:image:type\" content=\"image\/jpeg\" \/>\n<meta name=\"author\" content=\"cfeditorfr\" \/>\n<meta name=\"twitter:card\" content=\"summary_large_image\" \/>\n<meta name=\"twitter:label1\" content=\"\u00c9crit par\" \/>\n\t<meta name=\"twitter:data1\" content=\"cfeditorfr\" \/>\n\t<meta name=\"twitter:label2\" content=\"Dur\u00e9e de lecture estim\u00e9e\" \/>\n\t<meta name=\"twitter:data2\" content=\"3 minutes\" \/>\n<script type=\"application\/ld+json\" class=\"yoast-schema-graph\">{\"@context\":\"https:\/\/schema.org\",\"@graph\":[{\"@type\":\"Article\",\"@id\":\"https:\/\/www.africa-press.net\/madagascar\/sports\/cross-country-mondial-jean-claude-rakotonirina-ira-a-belgrade#article\",\"isPartOf\":{\"@id\":\"https:\/\/www.africa-press.net\/madagascar\/sports\/cross-country-mondial-jean-claude-rakotonirina-ira-a-belgrade\"},\"author\":{\"name\":\"cfeditorfr\",\"@id\":\"https:\/\/www.africa-press.net\/madagascar\/#\/schema\/person\/2b1cf3cd81a31e3cd26889ca66d677f1\"},\"headline\":\"CROSS-COUNTRY- MONDIAL &#8211; Jean Claude Rakotonirina ira \u00e0 Belgrade\",\"datePublished\":\"2024-01-15T17:30:34+00:00\",\"dateModified\":\"2024-01-16T19:48:14+00:00\",\"mainEntityOfPage\":{\"@id\":\"https:\/\/www.africa-press.net\/madagascar\/sports\/cross-country-mondial-jean-claude-rakotonirina-ira-a-belgrade\"},\"wordCount\":587,\"commentCount\":0,\"image\":{\"@id\":\"https:\/\/www.africa-press.net\/madagascar\/sports\/cross-country-mondial-jean-claude-rakotonirina-ira-a-belgrade#primaryimage\"},\"thumbnailUrl\":\"https:\/\/static.africa-press.net\/madagascar\/sites\/56\/2024\/01\/sm_1705327978.654439.jpg\",\"keywords\":[\"Africa Press\",\"Africa Press-Madagascar\",\"Madagascar\"],\"articleSection\":[\"Sports\",\"Toutes les actualit\u00e9s\"],\"inLanguage\":\"fr-FR\",\"potentialAction\":[{\"@type\":\"CommentAction\",\"name\":\"Comment\",\"target\":[\"https:\/\/www.africa-press.net\/madagascar\/sports\/cross-country-mondial-jean-claude-rakotonirina-ira-a-belgrade#respond\"]}]},{\"@type\":\"WebPage\",\"@id\":\"https:\/\/www.africa-press.net\/madagascar\/sports\/cross-country-mondial-jean-claude-rakotonirina-ira-a-belgrade\",\"url\":\"https:\/\/www.africa-press.net\/madagascar\/sports\/cross-country-mondial-jean-claude-rakotonirina-ira-a-belgrade\",\"name\":\"CROSS-COUNTRY- MONDIAL - Jean Claude Rakotonirina ira \u00e0 Belgrade - Madagascar\",\"isPartOf\":{\"@id\":\"https:\/\/www.africa-press.net\/madagascar\/#website\"},\"primaryImageOfPage\":{\"@id\":\"https:\/\/www.africa-press.net\/madagascar\/sports\/cross-country-mondial-jean-claude-rakotonirina-ira-a-belgrade#primaryimage\"},\"image\":{\"@id\":\"https:\/\/www.africa-press.net\/madagascar\/sports\/cross-country-mondial-jean-claude-rakotonirina-ira-a-belgrade#primaryimage\"},\"thumbnailUrl\":\"https:\/\/static.africa-press.net\/madagascar\/sites\/56\/2024\/01\/sm_1705327978.654439.jpg\",\"datePublished\":\"2024-01-15T17:30:34+00:00\",\"dateModified\":\"2024-01-16T19:48:14+00:00\",\"author\":{\"@id\":\"https:\/\/www.africa-press.net\/madagascar\/#\/schema\/person\/2b1cf3cd81a31e3cd26889ca66d677f1\"},\"description\":\"La Fe\u0301de\u0301ration malgache d\u2019athle\u0301tisme (FMA) a de\u0301marre\u0301 la saison 2024 par la course de 10 km de cross-country, samedi, ...\",\"breadcrumb\":{\"@id\":\"https:\/\/www.africa-press.net\/madagascar\/sports\/cross-country-mondial-jean-claude-rakotonirina-ira-a-belgrade#breadcrumb\"},\"inLanguage\":\"fr-FR\",\"potentialAction\":[{\"@type\":\"ReadAction\",\"target\":[\"https:\/\/www.africa-press.net\/madagascar\/sports\/cross-country-mondial-jean-claude-rakotonirina-ira-a-belgrade\"]}]},{\"@type\":\"ImageObject\",\"inLanguage\":\"fr-FR\",\"@id\":\"https:\/\/www.africa-press.net\/madagascar\/sports\/cross-country-mondial-jean-claude-rakotonirina-ira-a-belgrade#primaryimage\",\"url\":\"https:\/\/static.africa-press.net\/madagascar\/sites\/56\/2024\/01\/sm_1705327978.654439.jpg\",\"contentUrl\":\"https:\/\/static.africa-press.net\/madagascar\/sites\/56\/2024\/01\/sm_1705327978.654439.jpg\",\"width\":1193,\"height\":597,\"caption\":\"CROSS-COUNTRY- MONDIAL - Jean Claude Rakotonirina ira \u00e0 Belgrade\"},{\"@type\":\"BreadcrumbList\",\"@id\":\"https:\/\/www.africa-press.net\/madagascar\/sports\/cross-country-mondial-jean-claude-rakotonirina-ira-a-belgrade#breadcrumb\",\"itemListElement\":[{\"@type\":\"ListItem\",\"position\":1,\"name\":\"Accueil\",\"item\":\"https:\/\/www.africa-press.net\/madagascar\/\"},{\"@type\":\"ListItem\",\"position\":2,\"name\":\"CROSS-COUNTRY- MONDIAL &#8211; Jean Claude Rakotonirina ira \u00e0 Belgrade\"}]},{\"@type\":\"WebSite\",\"@id\":\"https:\/\/www.africa-press.net\/madagascar\/#website\",\"url\":\"https:\/\/www.africa-press.net\/madagascar\/\",\"name\":\"Madagascar\",\"description\":\"Just another Africa News Agency Sites site\",\"potentialAction\":[{\"@type\":\"SearchAction\",\"target\":{\"@type\":\"EntryPoint\",\"urlTemplate\":\"https:\/\/www.africa-press.net\/madagascar\/?s={search_term_string}\"},\"query-input\":{\"@type\":\"PropertyValueSpecification\",\"valueRequired\":true,\"valueName\":\"search_term_string\"}}],\"inLanguage\":\"fr-FR\"},{\"@type\":\"Person\",\"@id\":\"https:\/\/www.africa-press.net\/madagascar\/#\/schema\/person\/2b1cf3cd81a31e3cd26889ca66d677f1\",\"name\":\"cfeditorfr\"}]}<\/script>\n<!-- \/ Yoast SEO Premium plugin. -->","yoast_head_json":{"title":"CROSS-COUNTRY- MONDIAL - Jean Claude Rakotonirina ira \u00e0 Belgrade - Madagascar","description":"La Fe\u0301de\u0301ration malgache d\u2019athle\u0301tisme (FMA) a de\u0301marre\u0301 la saison 2024 par la course de 10 km de cross-country, samedi, ...","robots":{"index":"index","follow":"follow","max-snippet":"max-snippet:-1","max-image-preview":"max-image-preview:large","max-video-preview":"max-video-preview:-1"},"canonical":"https:\/\/www.africa-press.net\/madagascar\/sports\/cross-country-mondial-jean-claude-rakotonirina-ira-a-belgrade","og_locale":"fr_FR","og_type":"article","og_title":"CROSS-COUNTRY- MONDIAL - Jean Claude Rakotonirina ira \u00e0 Belgrade","og_description":"La Fe\u0301de\u0301ration malgache d\u2019athle\u0301tisme (FMA) a de\u0301marre\u0301 la saison 2024 par la course de 10 km de cross-country, samedi, ...","og_url":"https:\/\/www.africa-press.net\/madagascar\/sports\/cross-country-mondial-jean-claude-rakotonirina-ira-a-belgrade","og_site_name":"Madagascar","article_published_time":"2024-01-15T17:30:34+00:00","article_modified_time":"2024-01-16T19:48:14+00:00","og_image":[{"width":1193,"height":597,"url":"https:\/\/static.africa-press.net\/madagascar\/sites\/56\/2024\/01\/sm_1705327978.654439.jpg","type":"image\/jpeg"}],"author":"cfeditorfr","twitter_card":"summary_large_image","twitter_misc":{"\u00c9crit par":"cfeditorfr","Dur\u00e9e de lecture estim\u00e9e":"3 minutes"},"schema":{"@context":"https:\/\/schema.org","@graph":[{"@type":"Article","@id":"https:\/\/www.africa-press.net\/madagascar\/sports\/cross-country-mondial-jean-claude-rakotonirina-ira-a-belgrade#article","isPartOf":{"@id":"https:\/\/www.africa-press.net\/madagascar\/sports\/cross-country-mondial-jean-claude-rakotonirina-ira-a-belgrade"},"author":{"name":"cfeditorfr","@id":"https:\/\/www.africa-press.net\/madagascar\/#\/schema\/person\/2b1cf3cd81a31e3cd26889ca66d677f1"},"headline":"CROSS-COUNTRY- MONDIAL &#8211; Jean Claude Rakotonirina ira \u00e0 Belgrade","datePublished":"2024-01-15T17:30:34+00:00","dateModified":"2024-01-16T19:48:14+00:00","mainEntityOfPage":{"@id":"https:\/\/www.africa-press.net\/madagascar\/sports\/cross-country-mondial-jean-claude-rakotonirina-ira-a-belgrade"},"wordCount":587,"commentCount":0,"image":{"@id":"https:\/\/www.africa-press.net\/madagascar\/sports\/cross-country-mondial-jean-claude-rakotonirina-ira-a-belgrade#primaryimage"},"thumbnailUrl":"https:\/\/static.africa-press.net\/madagascar\/sites\/56\/2024\/01\/sm_1705327978.654439.jpg","keywords":["Africa Press","Africa Press-Madagascar","Madagascar"],"articleSection":["Sports","Toutes les actualit\u00e9s"],"inLanguage":"fr-FR","potentialAction":[{"@type":"CommentAction","name":"Comment","target":["https:\/\/www.africa-press.net\/madagascar\/sports\/cross-country-mondial-jean-claude-rakotonirina-ira-a-belgrade#respond"]}]},{"@type":"WebPage","@id":"https:\/\/www.africa-press.net\/madagascar\/sports\/cross-country-mondial-jean-claude-rakotonirina-ira-a-belgrade","url":"https:\/\/www.africa-press.net\/madagascar\/sports\/cross-country-mondial-jean-claude-rakotonirina-ira-a-belgrade","name":"CROSS-COUNTRY- MONDIAL - Jean Claude Rakotonirina ira \u00e0 Belgrade - Madagascar","isPartOf":{"@id":"https:\/\/www.africa-press.net\/madagascar\/#website"},"primaryImageOfPage":{"@id":"https:\/\/www.africa-press.net\/madagascar\/sports\/cross-country-mondial-jean-claude-rakotonirina-ira-a-belgrade#primaryimage"},"image":{"@id":"https:\/\/www.africa-press.net\/madagascar\/sports\/cross-country-mondial-jean-claude-rakotonirina-ira-a-belgrade#primaryimage"},"thumbnailUrl":"https:\/\/static.africa-press.net\/madagascar\/sites\/56\/2024\/01\/sm_1705327978.654439.jpg","datePublished":"2024-01-15T17:30:34+00:00","dateModified":"2024-01-16T19:48:14+00:00","author":{"@id":"https:\/\/www.africa-press.net\/madagascar\/#\/schema\/person\/2b1cf3cd81a31e3cd26889ca66d677f1"},"description":"La Fe\u0301de\u0301ration malgache d\u2019athle\u0301tisme (FMA) a de\u0301marre\u0301 la saison 2024 par la course de 10 km de cross-country, samedi, ...","breadcrumb":{"@id":"https:\/\/www.africa-press.net\/madagascar\/sports\/cross-country-mondial-jean-claude-rakotonirina-ira-a-belgrade#breadcrumb"},"inLanguage":"fr-FR","potentialAction":[{"@type":"ReadAction","target":["https:\/\/www.africa-press.net\/madagascar\/sports\/cross-country-mondial-jean-claude-rakotonirina-ira-a-belgrade"]}]},{"@type":"ImageObject","inLanguage":"fr-FR","@id":"https:\/\/www.africa-press.net\/madagascar\/sports\/cross-country-mondial-jean-claude-rakotonirina-ira-a-belgrade#primaryimage","url":"https:\/\/static.africa-press.net\/madagascar\/sites\/56\/2024\/01\/sm_1705327978.654439.jpg","contentUrl":"https:\/\/static.africa-press.net\/madagascar\/sites\/56\/2024\/01\/sm_1705327978.654439.jpg","width":1193,"height":597,"caption":"CROSS-COUNTRY- MONDIAL - Jean Claude Rakotonirina ira \u00e0 Belgrade"},{"@type":"BreadcrumbList","@id":"https:\/\/www.africa-press.net\/madagascar\/sports\/cross-country-mondial-jean-claude-rakotonirina-ira-a-belgrade#breadcrumb","itemListElement":[{"@type":"ListItem","position":1,"name":"Accueil","item":"https:\/\/www.africa-press.net\/madagascar\/"},{"@type":"ListItem","position":2,"name":"CROSS-COUNTRY- MONDIAL &#8211; Jean Claude Rakotonirina ira \u00e0 Belgrade"}]},{"@type":"WebSite","@id":"https:\/\/www.africa-press.net\/madagascar\/#website","url":"https:\/\/www.africa-press.net\/madagascar\/","name":"Madagascar","description":"Just another Africa News Agency Sites site","potentialAction":[{"@type":"SearchAction","target":{"@type":"EntryPoint","urlTemplate":"https:\/\/www.africa-press.net\/madagascar\/?s={search_term_string}"},"query-input":{"@type":"PropertyValueSpecification","valueRequired":true,"valueName":"search_term_string"}}],"inLanguage":"fr-FR"},{"@type":"Person","@id":"https:\/\/www.africa-press.net\/madagascar\/#\/schema\/person\/2b1cf3cd81a31e3cd26889ca66d677f1","name":"cfeditorfr"}]}},"_links":{"self":[{"href":"https:\/\/www.africa-press.net\/madagascar\/wp-json\/wp\/v2\/posts\/24006","targetHints":{"allow":["GET"]}}],"collection":[{"href":"https:\/\/www.africa-press.net\/madagascar\/wp-json\/wp\/v2\/posts"}],"about":[{"href":"https:\/\/www.africa-press.net\/madagascar\/wp-json\/wp\/v2\/types\/post"}],"author":[{"embeddable":true,"href":"https:\/\/www.africa-press.net\/madagascar\/wp-json\/wp\/v2\/users\/82"}],"replies":[{"embeddable":true,"href":"https:\/\/www.africa-press.net\/madagascar\/wp-json\/wp\/v2\/comments?post=24006"}],"version-history":[{"count":0,"href":"https:\/\/www.africa-press.net\/madagascar\/wp-json\/wp\/v2\/posts\/24006\/revisions"}],"wp:featuredmedia":[{"embeddable":true,"href":"https:\/\/www.africa-press.net\/madagascar\/wp-json\/wp\/v2\/media\/24005"}],"wp:attachment":[{"href":"https:\/\/www.africa-press.net\/madagascar\/wp-json\/wp\/v2\/media?parent=24006"}],"wp:term":[{"taxonomy":"category","embeddable":true,"href":"https:\/\/www.africa-press.net\/madagascar\/wp-json\/wp\/v2\/categories?post=24006"},{"taxonomy":"post_tag","embeddable":true,"href":"https:\/\/www.africa-press.net\/madagascar\/wp-json\/wp\/v2\/tags?post=24006"}],"curies":[{"name":"wp","href":"https:\/\/api.w.org\/{rel}","templated":true}]}}