{"id":24051,"date":"2024-01-16T18:24:31","date_gmt":"2024-01-16T18:24:31","guid":{"rendered":"https:\/\/www.africa-press.net\/madagascar\/politique\/executif-des-changements-notables-dans-le-nouveau-gouvernement"},"modified":"2024-01-16T20:24:02","modified_gmt":"2024-01-16T20:24:02","slug":"executif-des-changements-notables-dans-le-nouveau-gouvernement","status":"publish","type":"post","link":"https:\/\/www.africa-press.net\/madagascar\/politique\/executif-des-changements-notables-dans-le-nouveau-gouvernement","title":{"rendered":"EX\u00c9CUTIF &#8211; Des changements notables dans le nouveau gouvernement"},"content":{"rendered":"<p><span style=\"color: #ff6600\"><strong>Africa-Press &#8211; Madagascar. <\/strong><\/span>Des changements sont apporte\u0301s au niveau des de\u0301partements ministe\u0301riels lors de la pre\u0301sentation des nouveaux membres du gouvernement. En tout cas, les ministres sont en place pour relever le de\u0301fi du de\u0301veloppement.<\/p>\n<p>Malgre\u0301 quinze reconductions sur les vingt-sept ministres du nouveau gouvernement, des changements sont tout de me\u0302me visibles au niveau de quelques ministe\u0300res. Diminution des cabinets ministe\u0301riels au profit de secre\u0301tariats d\u2019E\u0301tat rattache\u0301s a\u0300 la Pre\u0301sidence afin de diminuer les de\u0301penses et e\u0302tre plus efficaces vu que ces nouveaux de\u0301partements vont se cantonner a\u0300 un effectif re\u0301duit. Ce changement s\u2019accorde avec le projet du pre\u0301sident Andry Rajoelina d\u2019e\u0302tre au plus pre\u0300s du peuple car la plupart des secre\u0301tariats d\u2019E\u0301tat a\u0300 venir sont axe\u0301s sur des domaines bien pre\u0301cis comme l\u2019e\u0301lectrification en milieu rural ou encore la lutte contre les stupe\u0301fiants.<\/p>\n<p>Au niveau des cabinets ministe\u0301riels, l\u2019un des changements les plus remarque\u0301s est la se\u0301paration de la section de\u0301centralisation du de\u0301partement du ministe\u0300re de l\u2019Inte\u0301rieur. Il a e\u0301te\u0301 de\u0301cide\u0301 que le ministre Justin Tokely se concentre plus sur les affaires inte\u0301rieures concernant surtout le suivi des travaux des collectivite\u0301s de\u0301concentre\u0301es comme les chefs de districts ou encore les pre\u0301fets.<\/p>\n<p>La de\u0301centralisation est transfe\u0301re\u0301e au ministe\u0300re de l\u2019Ame\u0301nagement du territoire du nouveau ministre Naina Andriantsitohaina. Selon l\u2019analyste Tiaray Fanahimanana, avec cette se\u0301paration, le ministe\u0300re de l\u2019Inte\u0301rieur peut se concentrer davantage sur le volet de\u0301concentration et sur les affaires inte\u0301rieures. Il insiste aussi sur le fait que la se\u0301paration n\u2019est pas ine\u0301dite dans l\u2019histoire. Ce sera donc au ministe\u0300re de la De\u0301centralisation et de l\u2019ame\u0301nagement du territoire de s\u2019occuper de la Politique nationale de de\u0301centralisation e\u0301mergente (PNDE) qui a e\u0301te\u0301 chapeaute\u0301e depuis l\u2019anne\u0301e dernie\u0300re par le ministe\u0300re de l\u2019Inte\u0301rieur dirige\u0301 par le ministre Justin Tokely.<\/p>\n<p><b>Transposition <\/b><\/p>\n<p>Concernant les ministe\u0300res charge\u0301s de la De\u0301fense et de la se\u0301curite\u0301, les trois ministres ont e\u0301te\u0301 remplace\u0301s, mais le changement le plus frappant reste le changement de nom du de\u0301partement charge\u0301 de la Gendarmerie nationale qui e\u0301tait auparavant le secre\u0301tariat d\u2019E\u0301tat a\u0300 la Gendarmerie nationale (SEG) alors que maintenant c\u2019est devenu le ministe\u0300re de\u0301le\u0301gue\u0301 a\u0300 la Gendarmerie nationale. Un changement qui ne va su\u0302rement pas alte\u0301rer les attributions du de\u0301partement.<\/p>\n<p>La reconduction de la ministre Lalatiana Rakotondrazafy a\u0300 un autre poste a e\u0301galement surpris l\u2019opinion, car si auparavant, elle e\u0301tait au ministe\u0300re de la Communication et de la culture, de\u0301sormais, elle est la ministre de l\u2019Enseignement technique et de la formation professionnelle. Malgre\u0301 le fait que le ministe\u0300re de la Communication soit le domaine de pre\u0301dilection de Lalatiana Rakotondrazafy en tant que journaliste de me\u0301tier, le pre\u0301sident Rajoelina a estime\u0301 que la transposition est la solution pour le gouvernement.<\/p>\n<p>La principale inte\u0301resse\u0301e se dit pre\u0302te a\u0300 endosser son nouveau ro\u0302le et se donne pour objectif de diminuer le taux de cho\u0302mage afin d\u2019atteindre le po\u0302le emploi et, ainsi, d\u2019avoir le maximum de population active. Lalatiana Rakotondrazafy et Joe\u0308l Randriamandranto, ministre du Tourisme et de l\u2019artisanat, sont les seuls ayant e\u0301te\u0301 membres du gouvernement depuis le retour au pouvoir de Andry Rajoelina en 2019. Ils sont donc les mieux place\u0301s pour connai\u0302tre parfaitement les me\u0301thodes du pre\u0301sident de la Re\u0301publique et du Premier ministre Christian Ntsay.<\/p>\n<p><strong>Pour plus d&rsquo;informations et d&rsquo;analyses sur la <a href=\"https:\/\/www.africa-press.net\/madagascar\">Madagascar<\/a>, suivez <a href=\"https:\/\/www.africa-press.net\/\">Africa-Press<\/a><\/strong><\/p>\n","protected":false},"excerpt":{"rendered":"<p>Africa-Press &#8211; Madagascar. Des changements sont apporte\u0301s au niveau des de\u0301partements ministe\u0301riels lors de la pre\u0301sentation des nouveaux membres du gouvernement. En tout cas, les ministres sont en place pour relever le de\u0301fi du de\u0301veloppement. Malgre\u0301 quinze reconductions sur les vingt-sept ministres du nouveau gouvernement, des changements sont tout de me\u0302me visibles au niveau de [&hellip;]<\/p>\n","protected":false},"author":82,"featured_media":24050,"comment_status":"open","ping_status":"closed","sticky":false,"template":"","format":"standard","meta":{"footnotes":""},"categories":[2,10],"tags":[36,50,49],"class_list":["post-24051","post","type-post","status-publish","format-standard","has-post-thumbnail","hentry","category-politique","category-toutes-les-actualites","tag-africa-press","tag-africa-press-madagascar","tag-madagascar"],"yoast_head":"<!-- This site is optimized with the Yoast SEO Premium plugin v26.1 (Yoast SEO v27.0) - https:\/\/yoast.com\/product\/yoast-seo-premium-wordpress\/ -->\n<title>EX\u00c9CUTIF - Des changements notables dans le nouveau gouvernement - Madagascar<\/title>\n<meta name=\"description\" content=\"Des changements sont apporte\u0301s au niveau des de\u0301partements ministe\u0301riels lors de la pre\u0301sentation des nouveaux membres d ...\" \/>\n<meta name=\"robots\" content=\"index, follow, max-snippet:-1, max-image-preview:large, max-video-preview:-1\" \/>\n<link rel=\"canonical\" href=\"https:\/\/www.africa-press.net\/madagascar\/politique\/executif-des-changements-notables-dans-le-nouveau-gouvernement\" \/>\n<meta property=\"og:locale\" content=\"fr_FR\" \/>\n<meta property=\"og:type\" content=\"article\" \/>\n<meta property=\"og:title\" content=\"EX\u00c9CUTIF - Des changements notables dans le nouveau gouvernement\" \/>\n<meta property=\"og:description\" content=\"Des changements sont apporte\u0301s au niveau des de\u0301partements ministe\u0301riels lors de la pre\u0301sentation des nouveaux membres d ...\" \/>\n<meta property=\"og:url\" content=\"https:\/\/www.africa-press.net\/madagascar\/politique\/executif-des-changements-notables-dans-le-nouveau-gouvernement\" \/>\n<meta property=\"og:site_name\" content=\"Madagascar\" \/>\n<meta property=\"article:published_time\" content=\"2024-01-16T18:24:31+00:00\" \/>\n<meta property=\"article:modified_time\" content=\"2024-01-16T20:24:02+00:00\" \/>\n<meta property=\"og:image\" content=\"https:\/\/static.africa-press.net\/madagascar\/sites\/56\/2024\/01\/sm_1705419588.546184.jpg\" \/>\n\t<meta property=\"og:image:width\" content=\"1280\" \/>\n\t<meta property=\"og:image:height\" content=\"720\" \/>\n\t<meta property=\"og:image:type\" content=\"image\/jpeg\" \/>\n<meta name=\"author\" content=\"cfeditorfr\" \/>\n<meta name=\"twitter:card\" content=\"summary_large_image\" \/>\n<meta name=\"twitter:label1\" content=\"\u00c9crit par\" \/>\n\t<meta name=\"twitter:data1\" content=\"cfeditorfr\" \/>\n\t<meta name=\"twitter:label2\" content=\"Dur\u00e9e de lecture estim\u00e9e\" \/>\n\t<meta name=\"twitter:data2\" content=\"3 minutes\" \/>\n<script type=\"application\/ld+json\" class=\"yoast-schema-graph\">{\"@context\":\"https:\/\/schema.org\",\"@graph\":[{\"@type\":\"Article\",\"@id\":\"https:\/\/www.africa-press.net\/madagascar\/politique\/executif-des-changements-notables-dans-le-nouveau-gouvernement#article\",\"isPartOf\":{\"@id\":\"https:\/\/www.africa-press.net\/madagascar\/politique\/executif-des-changements-notables-dans-le-nouveau-gouvernement\"},\"author\":{\"name\":\"cfeditorfr\",\"@id\":\"https:\/\/www.africa-press.net\/madagascar\/#\/schema\/person\/2b1cf3cd81a31e3cd26889ca66d677f1\"},\"headline\":\"EX\u00c9CUTIF &#8211; Des changements notables dans le nouveau gouvernement\",\"datePublished\":\"2024-01-16T18:24:31+00:00\",\"dateModified\":\"2024-01-16T20:24:02+00:00\",\"mainEntityOfPage\":{\"@id\":\"https:\/\/www.africa-press.net\/madagascar\/politique\/executif-des-changements-notables-dans-le-nouveau-gouvernement\"},\"wordCount\":666,\"commentCount\":0,\"image\":{\"@id\":\"https:\/\/www.africa-press.net\/madagascar\/politique\/executif-des-changements-notables-dans-le-nouveau-gouvernement#primaryimage\"},\"thumbnailUrl\":\"https:\/\/static.africa-press.net\/madagascar\/sites\/56\/2024\/01\/sm_1705419588.546184.jpg\",\"keywords\":[\"Africa Press\",\"Africa Press-Madagascar\",\"Madagascar\"],\"articleSection\":[\"Politique\",\"Toutes les actualit\u00e9s\"],\"inLanguage\":\"fr-FR\",\"potentialAction\":[{\"@type\":\"CommentAction\",\"name\":\"Comment\",\"target\":[\"https:\/\/www.africa-press.net\/madagascar\/politique\/executif-des-changements-notables-dans-le-nouveau-gouvernement#respond\"]}]},{\"@type\":\"WebPage\",\"@id\":\"https:\/\/www.africa-press.net\/madagascar\/politique\/executif-des-changements-notables-dans-le-nouveau-gouvernement\",\"url\":\"https:\/\/www.africa-press.net\/madagascar\/politique\/executif-des-changements-notables-dans-le-nouveau-gouvernement\",\"name\":\"EX\u00c9CUTIF - Des changements notables dans le nouveau gouvernement - Madagascar\",\"isPartOf\":{\"@id\":\"https:\/\/www.africa-press.net\/madagascar\/#website\"},\"primaryImageOfPage\":{\"@id\":\"https:\/\/www.africa-press.net\/madagascar\/politique\/executif-des-changements-notables-dans-le-nouveau-gouvernement#primaryimage\"},\"image\":{\"@id\":\"https:\/\/www.africa-press.net\/madagascar\/politique\/executif-des-changements-notables-dans-le-nouveau-gouvernement#primaryimage\"},\"thumbnailUrl\":\"https:\/\/static.africa-press.net\/madagascar\/sites\/56\/2024\/01\/sm_1705419588.546184.jpg\",\"datePublished\":\"2024-01-16T18:24:31+00:00\",\"dateModified\":\"2024-01-16T20:24:02+00:00\",\"author\":{\"@id\":\"https:\/\/www.africa-press.net\/madagascar\/#\/schema\/person\/2b1cf3cd81a31e3cd26889ca66d677f1\"},\"description\":\"Des changements sont apporte\u0301s au niveau des de\u0301partements ministe\u0301riels lors de la pre\u0301sentation des nouveaux membres d ...\",\"breadcrumb\":{\"@id\":\"https:\/\/www.africa-press.net\/madagascar\/politique\/executif-des-changements-notables-dans-le-nouveau-gouvernement#breadcrumb\"},\"inLanguage\":\"fr-FR\",\"potentialAction\":[{\"@type\":\"ReadAction\",\"target\":[\"https:\/\/www.africa-press.net\/madagascar\/politique\/executif-des-changements-notables-dans-le-nouveau-gouvernement\"]}]},{\"@type\":\"ImageObject\",\"inLanguage\":\"fr-FR\",\"@id\":\"https:\/\/www.africa-press.net\/madagascar\/politique\/executif-des-changements-notables-dans-le-nouveau-gouvernement#primaryimage\",\"url\":\"https:\/\/static.africa-press.net\/madagascar\/sites\/56\/2024\/01\/sm_1705419588.546184.jpg\",\"contentUrl\":\"https:\/\/static.africa-press.net\/madagascar\/sites\/56\/2024\/01\/sm_1705419588.546184.jpg\",\"width\":1280,\"height\":720,\"caption\":\"EX\u00c9CUTIF - Des changements notables dans le nouveau gouvernement\"},{\"@type\":\"BreadcrumbList\",\"@id\":\"https:\/\/www.africa-press.net\/madagascar\/politique\/executif-des-changements-notables-dans-le-nouveau-gouvernement#breadcrumb\",\"itemListElement\":[{\"@type\":\"ListItem\",\"position\":1,\"name\":\"Accueil\",\"item\":\"https:\/\/www.africa-press.net\/madagascar\/\"},{\"@type\":\"ListItem\",\"position\":2,\"name\":\"EX\u00c9CUTIF &#8211; Des changements notables dans le nouveau gouvernement\"}]},{\"@type\":\"WebSite\",\"@id\":\"https:\/\/www.africa-press.net\/madagascar\/#website\",\"url\":\"https:\/\/www.africa-press.net\/madagascar\/\",\"name\":\"Madagascar\",\"description\":\"Just another Africa News Agency Sites site\",\"potentialAction\":[{\"@type\":\"SearchAction\",\"target\":{\"@type\":\"EntryPoint\",\"urlTemplate\":\"https:\/\/www.africa-press.net\/madagascar\/?s={search_term_string}\"},\"query-input\":{\"@type\":\"PropertyValueSpecification\",\"valueRequired\":true,\"valueName\":\"search_term_string\"}}],\"inLanguage\":\"fr-FR\"},{\"@type\":\"Person\",\"@id\":\"https:\/\/www.africa-press.net\/madagascar\/#\/schema\/person\/2b1cf3cd81a31e3cd26889ca66d677f1\",\"name\":\"cfeditorfr\"}]}<\/script>\n<!-- \/ Yoast SEO Premium plugin. -->","yoast_head_json":{"title":"EX\u00c9CUTIF - Des changements notables dans le nouveau gouvernement - Madagascar","description":"Des changements sont apporte\u0301s au niveau des de\u0301partements ministe\u0301riels lors de la pre\u0301sentation des nouveaux membres d ...","robots":{"index":"index","follow":"follow","max-snippet":"max-snippet:-1","max-image-preview":"max-image-preview:large","max-video-preview":"max-video-preview:-1"},"canonical":"https:\/\/www.africa-press.net\/madagascar\/politique\/executif-des-changements-notables-dans-le-nouveau-gouvernement","og_locale":"fr_FR","og_type":"article","og_title":"EX\u00c9CUTIF - Des changements notables dans le nouveau gouvernement","og_description":"Des changements sont apporte\u0301s au niveau des de\u0301partements ministe\u0301riels lors de la pre\u0301sentation des nouveaux membres d ...","og_url":"https:\/\/www.africa-press.net\/madagascar\/politique\/executif-des-changements-notables-dans-le-nouveau-gouvernement","og_site_name":"Madagascar","article_published_time":"2024-01-16T18:24:31+00:00","article_modified_time":"2024-01-16T20:24:02+00:00","og_image":[{"width":1280,"height":720,"url":"https:\/\/static.africa-press.net\/madagascar\/sites\/56\/2024\/01\/sm_1705419588.546184.jpg","type":"image\/jpeg"}],"author":"cfeditorfr","twitter_card":"summary_large_image","twitter_misc":{"\u00c9crit par":"cfeditorfr","Dur\u00e9e de lecture estim\u00e9e":"3 minutes"},"schema":{"@context":"https:\/\/schema.org","@graph":[{"@type":"Article","@id":"https:\/\/www.africa-press.net\/madagascar\/politique\/executif-des-changements-notables-dans-le-nouveau-gouvernement#article","isPartOf":{"@id":"https:\/\/www.africa-press.net\/madagascar\/politique\/executif-des-changements-notables-dans-le-nouveau-gouvernement"},"author":{"name":"cfeditorfr","@id":"https:\/\/www.africa-press.net\/madagascar\/#\/schema\/person\/2b1cf3cd81a31e3cd26889ca66d677f1"},"headline":"EX\u00c9CUTIF &#8211; Des changements notables dans le nouveau gouvernement","datePublished":"2024-01-16T18:24:31+00:00","dateModified":"2024-01-16T20:24:02+00:00","mainEntityOfPage":{"@id":"https:\/\/www.africa-press.net\/madagascar\/politique\/executif-des-changements-notables-dans-le-nouveau-gouvernement"},"wordCount":666,"commentCount":0,"image":{"@id":"https:\/\/www.africa-press.net\/madagascar\/politique\/executif-des-changements-notables-dans-le-nouveau-gouvernement#primaryimage"},"thumbnailUrl":"https:\/\/static.africa-press.net\/madagascar\/sites\/56\/2024\/01\/sm_1705419588.546184.jpg","keywords":["Africa Press","Africa Press-Madagascar","Madagascar"],"articleSection":["Politique","Toutes les actualit\u00e9s"],"inLanguage":"fr-FR","potentialAction":[{"@type":"CommentAction","name":"Comment","target":["https:\/\/www.africa-press.net\/madagascar\/politique\/executif-des-changements-notables-dans-le-nouveau-gouvernement#respond"]}]},{"@type":"WebPage","@id":"https:\/\/www.africa-press.net\/madagascar\/politique\/executif-des-changements-notables-dans-le-nouveau-gouvernement","url":"https:\/\/www.africa-press.net\/madagascar\/politique\/executif-des-changements-notables-dans-le-nouveau-gouvernement","name":"EX\u00c9CUTIF - Des changements notables dans le nouveau gouvernement - Madagascar","isPartOf":{"@id":"https:\/\/www.africa-press.net\/madagascar\/#website"},"primaryImageOfPage":{"@id":"https:\/\/www.africa-press.net\/madagascar\/politique\/executif-des-changements-notables-dans-le-nouveau-gouvernement#primaryimage"},"image":{"@id":"https:\/\/www.africa-press.net\/madagascar\/politique\/executif-des-changements-notables-dans-le-nouveau-gouvernement#primaryimage"},"thumbnailUrl":"https:\/\/static.africa-press.net\/madagascar\/sites\/56\/2024\/01\/sm_1705419588.546184.jpg","datePublished":"2024-01-16T18:24:31+00:00","dateModified":"2024-01-16T20:24:02+00:00","author":{"@id":"https:\/\/www.africa-press.net\/madagascar\/#\/schema\/person\/2b1cf3cd81a31e3cd26889ca66d677f1"},"description":"Des changements sont apporte\u0301s au niveau des de\u0301partements ministe\u0301riels lors de la pre\u0301sentation des nouveaux membres d ...","breadcrumb":{"@id":"https:\/\/www.africa-press.net\/madagascar\/politique\/executif-des-changements-notables-dans-le-nouveau-gouvernement#breadcrumb"},"inLanguage":"fr-FR","potentialAction":[{"@type":"ReadAction","target":["https:\/\/www.africa-press.net\/madagascar\/politique\/executif-des-changements-notables-dans-le-nouveau-gouvernement"]}]},{"@type":"ImageObject","inLanguage":"fr-FR","@id":"https:\/\/www.africa-press.net\/madagascar\/politique\/executif-des-changements-notables-dans-le-nouveau-gouvernement#primaryimage","url":"https:\/\/static.africa-press.net\/madagascar\/sites\/56\/2024\/01\/sm_1705419588.546184.jpg","contentUrl":"https:\/\/static.africa-press.net\/madagascar\/sites\/56\/2024\/01\/sm_1705419588.546184.jpg","width":1280,"height":720,"caption":"EX\u00c9CUTIF - Des changements notables dans le nouveau gouvernement"},{"@type":"BreadcrumbList","@id":"https:\/\/www.africa-press.net\/madagascar\/politique\/executif-des-changements-notables-dans-le-nouveau-gouvernement#breadcrumb","itemListElement":[{"@type":"ListItem","position":1,"name":"Accueil","item":"https:\/\/www.africa-press.net\/madagascar\/"},{"@type":"ListItem","position":2,"name":"EX\u00c9CUTIF &#8211; Des changements notables dans le nouveau gouvernement"}]},{"@type":"WebSite","@id":"https:\/\/www.africa-press.net\/madagascar\/#website","url":"https:\/\/www.africa-press.net\/madagascar\/","name":"Madagascar","description":"Just another Africa News Agency Sites site","potentialAction":[{"@type":"SearchAction","target":{"@type":"EntryPoint","urlTemplate":"https:\/\/www.africa-press.net\/madagascar\/?s={search_term_string}"},"query-input":{"@type":"PropertyValueSpecification","valueRequired":true,"valueName":"search_term_string"}}],"inLanguage":"fr-FR"},{"@type":"Person","@id":"https:\/\/www.africa-press.net\/madagascar\/#\/schema\/person\/2b1cf3cd81a31e3cd26889ca66d677f1","name":"cfeditorfr"}]}},"_links":{"self":[{"href":"https:\/\/www.africa-press.net\/madagascar\/wp-json\/wp\/v2\/posts\/24051","targetHints":{"allow":["GET"]}}],"collection":[{"href":"https:\/\/www.africa-press.net\/madagascar\/wp-json\/wp\/v2\/posts"}],"about":[{"href":"https:\/\/www.africa-press.net\/madagascar\/wp-json\/wp\/v2\/types\/post"}],"author":[{"embeddable":true,"href":"https:\/\/www.africa-press.net\/madagascar\/wp-json\/wp\/v2\/users\/82"}],"replies":[{"embeddable":true,"href":"https:\/\/www.africa-press.net\/madagascar\/wp-json\/wp\/v2\/comments?post=24051"}],"version-history":[{"count":0,"href":"https:\/\/www.africa-press.net\/madagascar\/wp-json\/wp\/v2\/posts\/24051\/revisions"}],"wp:featuredmedia":[{"embeddable":true,"href":"https:\/\/www.africa-press.net\/madagascar\/wp-json\/wp\/v2\/media\/24050"}],"wp:attachment":[{"href":"https:\/\/www.africa-press.net\/madagascar\/wp-json\/wp\/v2\/media?parent=24051"}],"wp:term":[{"taxonomy":"category","embeddable":true,"href":"https:\/\/www.africa-press.net\/madagascar\/wp-json\/wp\/v2\/categories?post=24051"},{"taxonomy":"post_tag","embeddable":true,"href":"https:\/\/www.africa-press.net\/madagascar\/wp-json\/wp\/v2\/tags?post=24051"}],"curies":[{"name":"wp","href":"https:\/\/api.w.org\/{rel}","templated":true}]}}