{"id":24054,"date":"2024-01-16T18:26:51","date_gmt":"2024-01-16T18:26:51","guid":{"rendered":"https:\/\/www.africa-press.net\/madagascar\/politique\/securite-et-defense-les-forces-armees-resserrent-les-rangs"},"modified":"2024-01-16T20:25:20","modified_gmt":"2024-01-16T20:25:20","slug":"securite-et-defense-les-forces-armees-resserrent-les-rangs","status":"publish","type":"post","link":"https:\/\/www.africa-press.net\/madagascar\/politique\/securite-et-defense-les-forces-armees-resserrent-les-rangs","title":{"rendered":"S\u00c9CURIT\u00c9 ET D\u00c9FENSE &#8211; Les Forces arm\u00e9es resserrent les rangs"},"content":{"rendered":"<p><span style=\"color: #ff6600\"><strong>Africa-Press &#8211; Madagascar. <\/strong><\/span>Le ge\u0301ne\u0301ral Sahivelo entre en sce\u0300ne en tant que ministre des Forces arme\u0301es. Il explique le changement de nom de son de\u0301partement par l\u2019objectif de mutualiser les forces et les moyens, mais il reconnai\u0302t aussi qu\u2019il y a un besoin de raffermir les rangs.<\/p>\n<p>Une mutualisation des forces. C\u2019est le but derrie\u0300re le changement de nom du ministe\u0300re de la De\u0301fense nationale en ministe\u0300re des Forces arme\u0301es, explique le ge\u0301ne\u0301ral Lala Monja Delphin Sahivelo, nouveau titulaire du poste.<\/p>\n<p>La passation entre le ge\u0301ne\u0301ral Josoa Rakotoarijaona, ministre de la De\u0301fense nationale, et son successeur, le ge\u0301ne\u0301ral Sahivelo, ministre des Forces arme\u0301es, s\u2019est tenue, hier, en milieu d\u2019apre\u0300s-midi, a\u0300 Ampahibe. A\u0300 l\u2019issue de la ce\u0301re\u0301monie, le nouveau membre du gouvernement a re\u0301pondu a\u0300 quelques questions de la presse. Il a, notamment, e\u0301te\u0301 questionne\u0301 sur les raisons du changement de nom de son de\u0301partement.<\/p>\n<p>Selon les explications du ministre des Forces arme\u0301es donc, ce changement d\u2019appellation de son de\u0301partement ministe\u0301riel va dans une logique \u201cd\u2019inter-ope\u0301rationnalisation et interarmisation\u201d, entre les diffe\u0301rentes entite\u0301s qui composent les Forces arme\u0301es. Il s\u2019agit ici de l\u2019arme\u0301e qui est constitue\u0301e de l\u2019arme\u0301e de terre, des forces ae\u0301riennes et des forces navales, et de la Gendarmerie nationale. Cette mutualisation des forces et des moyens devra renforcer l\u2019efficience de la lutte contre l\u2019inse\u0301curite\u0301.<\/p>\n<p>La restructuration de l\u2019arme\u0301e qui a e\u0301te\u0301 un des grands chantiers du premier mandat de Andry Rajoelina, pre\u0301sident de la Re\u0301publique, s\u2019accompagne aussi d\u2019une e\u0301volution de sa mission. En plus de la de\u0301fense du territoire, depuis quelques anne\u0301es, l\u2019arme\u0301e est e\u0301galement affecte\u0301e a\u0300 la lutte contre l\u2019inse\u0301curite\u0301. Une pre\u0301sence dans les missions de maintien ou re\u0301tablissement de l\u2019ordre en zone urbaine dans le cadre de l\u2019E\u0301tat-major mixte ope\u0301rationnel (EMMO).<\/p>\n<p><b>Politique<\/b><\/p>\n<p>L\u2019arme\u0301e est, e\u0301galement, pre\u0301sente dans les missions de reprise en main de la situation se\u0301curitaire en zone rurale, dans le cadre du concept de Forces de de\u0301fense et de se\u0301curite\u0301 (FDS). A\u0300 entendre les explications du ge\u0301ne\u0301ral Sahivelo, le changement d\u2019appellation du ministe\u0300re de la De\u0301fense nationale en ministe\u0300re des Forces arme\u0301es, devrait s\u2019accompagner par un changement ope\u0301rationnel. Plus de fluidite\u0301 et de ce\u0301le\u0301rite\u0301 dans l\u2019articulation du commandement et la re\u0301alisation des ope\u0301rations devraient en de\u0301couler.<\/p>\n<p>A\u0300 titre d\u2019exemple, la sollicitation par la Gendarmerie nationale d\u2019un appui ae\u0301rien de ses troupes a\u0300 terre devrait avoir une re\u0301ponse plus rapide. Une demande qui, en l\u2019e\u0301tat actuel des choses, est d\u2019abord communique\u0301 au secre\u0301tariat a\u0300 la Gendarmerie nationale, qui en fait part au ministe\u0300re a\u0300 l\u2019ancien ministe\u0300re de la De\u0301fense nationale, qui en donne instruction a\u0300 l\u2019e\u0301tat-major des arme\u0301es, qui en donne l\u2019ordre d\u2019exe\u0301cution a\u0300 l\u2019e\u0301tat-major de l\u2019arme\u0301e de l\u2019air.<\/p>\n<p>Cette ide\u0301e d\u2019inter-ope\u0301rationnalisation et d\u2019interarmisation a e\u0301galement conduit au changement d\u2019appellation du secre\u0301tariat d\u2019E\u0301tat charge\u0301 aupre\u0300s du ministe\u0300re de la De\u0301fense nationale, charge\u0301 de la Gendarmerie nationale. De\u0301sormais, ce de\u0301partement est le ministe\u0300re de\u0301le\u0301gue\u0301 en charge de la Gendarmerie nationale. Le de\u0301roulement de la ce\u0301re\u0301monie de passation d\u2019hier donne justement une ide\u0301e de ce front commun que devrait former les entite\u0301s qui composent les Forces arme\u0301es.<\/p>\n<p>L\u2019arrive\u0301e du nouveau ministre des Forces arme\u0301es s\u2019est faite avec les honneurs militaires. Lors de la revue des troupes, il a e\u0301te\u0301 accompagne\u0301 du secre\u0301taire ge\u0301ne\u0301ral de l\u2019ancien ministe\u0300re de la De\u0301fense nationale, du chef d\u2019e\u0301tat-major des forces navales qui assure l\u2019inte\u0301rim en tant que Chef d\u2019e\u0301tat-major des arme\u0301es (CEMA), et de l\u2019inte\u0301rim du Commandant de la Gendarmerie nationale (COM-GN).<\/p>\n<p>La pre\u0301sence des inte\u0301rimaires, hier, s\u2019explique par le fait qu\u2019avant sa nomination, le ge\u0301ne\u0301ral Sahivelo a e\u0301te\u0301 le CEMA. Et le ge\u0301ne\u0301ral Andry Rakotondrazaka, ancien commandant des be\u0301rets noirs, lui aussi, vient d\u2019e\u0302tre nomme\u0301 ministre de\u0301le\u0301gue\u0301 charge\u0301 de la Gendarmerie nationale. Les deux nouveaux hommes forts des Forces arme\u0301es ont ainsi de\u0301ja\u0300 collabore\u0301 avant d\u2019entrer au sein du gouvernement. Ils ont e\u0301galement une expe\u0301rience en termes de mutualisation des forces.<\/p>\n<p>Dans ses re\u0301ponses a\u0300 la presse, hier, le ge\u0301ne\u0301ral Sahivelo a, du reste, souligne\u0301 que dans sa \u201cTo do list\u201d, figure aussi \u201cle renforcement du suivi du respect de la discipline et de l\u2019exe\u0301cution des ordres dans le respect des dispositions le\u0301gales\u201d. Aussi, il lui a e\u0301te\u0301 demande\u0301 si cette ide\u0301e de mutualisation des forces n\u2019a pas non plus pour but de resserrer les rangs et la discipline au sein des Forces arme\u0301es apre\u0300s la querelle politique pre\u0301-e\u0301lectorale. Un contexte dans lequel la cohe\u0301sion des troupes et le respect de la chai\u0302ne de commandement au sein des Forces arme\u0301es a une nouvelle fois e\u0301te\u0301 mis a\u0300 rude e\u0301preuve.<\/p>\n<p>\u201cCette mutualisation des forces est surtout sur le volet ope\u0301rationnel, dans la lutte contre l\u2019inse\u0301curite\u0301. Ne\u0301anmoins, elle peut e\u0301galement e\u0302tre mene\u0301e sur le terrain politique en re\u0301affirmant que les Forces arme\u0301es sont indivisibles et ont aussi pour mission de de\u0301fendre les institutions le\u0301galement constitue\u0301es\u201d, affirme le ge\u0301ne\u0301ral Sahivelo.<\/p>\n<p><strong>Pour plus d&rsquo;informations et d&rsquo;analyses sur la <a href=\"https:\/\/www.africa-press.net\/madagascar\">Madagascar<\/a>, suivez <a href=\"https:\/\/www.africa-press.net\/\">Africa-Press<\/a><\/strong><\/p>\n","protected":false},"excerpt":{"rendered":"<p>Africa-Press &#8211; Madagascar. Le ge\u0301ne\u0301ral Sahivelo entre en sce\u0300ne en tant que ministre des Forces arme\u0301es. Il explique le changement de nom de son de\u0301partement par l\u2019objectif de mutualiser les forces et les moyens, mais il reconnai\u0302t aussi qu\u2019il y a un besoin de raffermir les rangs. Une mutualisation des forces. C\u2019est le but derrie\u0300re [&hellip;]<\/p>\n","protected":false},"author":82,"featured_media":24053,"comment_status":"open","ping_status":"closed","sticky":false,"template":"","format":"standard","meta":{"footnotes":""},"categories":[2,20,10],"tags":[36,50,49],"class_list":["post-24054","post","type-post","status-publish","format-standard","has-post-thumbnail","hentry","category-politique","category-top-nouvelles","category-toutes-les-actualites","tag-africa-press","tag-africa-press-madagascar","tag-madagascar"],"yoast_head":"<!-- This site is optimized with the Yoast SEO Premium plugin v26.1 (Yoast SEO v27.0) - https:\/\/yoast.com\/product\/yoast-seo-premium-wordpress\/ -->\n<title>S\u00c9CURIT\u00c9 ET D\u00c9FENSE - Les Forces arm\u00e9es resserrent les rangs - Madagascar<\/title>\n<meta name=\"description\" content=\"Le ge\u0301ne\u0301ral Sahivelo entre en sce\u0300ne en tant que ministre des Forces arme\u0301es. Il explique le changement de nom de son d ...\" \/>\n<meta name=\"robots\" content=\"index, follow, max-snippet:-1, max-image-preview:large, max-video-preview:-1\" \/>\n<link rel=\"canonical\" href=\"https:\/\/www.africa-press.net\/madagascar\/politique\/securite-et-defense-les-forces-armees-resserrent-les-rangs\" \/>\n<meta property=\"og:locale\" content=\"fr_FR\" \/>\n<meta property=\"og:type\" content=\"article\" \/>\n<meta property=\"og:title\" content=\"S\u00c9CURIT\u00c9 ET D\u00c9FENSE - Les Forces arm\u00e9es resserrent les rangs\" \/>\n<meta property=\"og:description\" content=\"Le ge\u0301ne\u0301ral Sahivelo entre en sce\u0300ne en tant que ministre des Forces arme\u0301es. Il explique le changement de nom de son d ...\" \/>\n<meta property=\"og:url\" content=\"https:\/\/www.africa-press.net\/madagascar\/politique\/securite-et-defense-les-forces-armees-resserrent-les-rangs\" \/>\n<meta property=\"og:site_name\" content=\"Madagascar\" \/>\n<meta property=\"article:published_time\" content=\"2024-01-16T18:26:51+00:00\" \/>\n<meta property=\"article:modified_time\" content=\"2024-01-16T20:25:20+00:00\" \/>\n<meta property=\"og:image\" content=\"https:\/\/static.africa-press.net\/madagascar\/sites\/56\/2024\/01\/sm_1705419638.660635.jpg\" \/>\n\t<meta property=\"og:image:width\" content=\"990\" \/>\n\t<meta property=\"og:image:height\" content=\"635\" \/>\n\t<meta property=\"og:image:type\" content=\"image\/jpeg\" \/>\n<meta name=\"author\" content=\"cfeditorfr\" \/>\n<meta name=\"twitter:card\" content=\"summary_large_image\" \/>\n<meta name=\"twitter:label1\" content=\"\u00c9crit par\" \/>\n\t<meta name=\"twitter:data1\" content=\"cfeditorfr\" \/>\n\t<meta name=\"twitter:label2\" content=\"Dur\u00e9e de lecture estim\u00e9e\" \/>\n\t<meta name=\"twitter:data2\" content=\"5 minutes\" \/>\n<script type=\"application\/ld+json\" class=\"yoast-schema-graph\">{\"@context\":\"https:\/\/schema.org\",\"@graph\":[{\"@type\":\"Article\",\"@id\":\"https:\/\/www.africa-press.net\/madagascar\/politique\/securite-et-defense-les-forces-armees-resserrent-les-rangs#article\",\"isPartOf\":{\"@id\":\"https:\/\/www.africa-press.net\/madagascar\/politique\/securite-et-defense-les-forces-armees-resserrent-les-rangs\"},\"author\":{\"name\":\"cfeditorfr\",\"@id\":\"https:\/\/www.africa-press.net\/madagascar\/#\/schema\/person\/2b1cf3cd81a31e3cd26889ca66d677f1\"},\"headline\":\"S\u00c9CURIT\u00c9 ET D\u00c9FENSE &#8211; Les Forces arm\u00e9es resserrent les rangs\",\"datePublished\":\"2024-01-16T18:26:51+00:00\",\"dateModified\":\"2024-01-16T20:25:20+00:00\",\"mainEntityOfPage\":{\"@id\":\"https:\/\/www.africa-press.net\/madagascar\/politique\/securite-et-defense-les-forces-armees-resserrent-les-rangs\"},\"wordCount\":1022,\"commentCount\":0,\"image\":{\"@id\":\"https:\/\/www.africa-press.net\/madagascar\/politique\/securite-et-defense-les-forces-armees-resserrent-les-rangs#primaryimage\"},\"thumbnailUrl\":\"https:\/\/static.africa-press.net\/madagascar\/sites\/56\/2024\/01\/sm_1705419638.660635.jpg\",\"keywords\":[\"Africa Press\",\"Africa Press-Madagascar\",\"Madagascar\"],\"articleSection\":[\"Politique\",\"Top Nouvelles\",\"Toutes les actualit\u00e9s\"],\"inLanguage\":\"fr-FR\",\"potentialAction\":[{\"@type\":\"CommentAction\",\"name\":\"Comment\",\"target\":[\"https:\/\/www.africa-press.net\/madagascar\/politique\/securite-et-defense-les-forces-armees-resserrent-les-rangs#respond\"]}]},{\"@type\":\"WebPage\",\"@id\":\"https:\/\/www.africa-press.net\/madagascar\/politique\/securite-et-defense-les-forces-armees-resserrent-les-rangs\",\"url\":\"https:\/\/www.africa-press.net\/madagascar\/politique\/securite-et-defense-les-forces-armees-resserrent-les-rangs\",\"name\":\"S\u00c9CURIT\u00c9 ET D\u00c9FENSE - Les Forces arm\u00e9es resserrent les rangs - Madagascar\",\"isPartOf\":{\"@id\":\"https:\/\/www.africa-press.net\/madagascar\/#website\"},\"primaryImageOfPage\":{\"@id\":\"https:\/\/www.africa-press.net\/madagascar\/politique\/securite-et-defense-les-forces-armees-resserrent-les-rangs#primaryimage\"},\"image\":{\"@id\":\"https:\/\/www.africa-press.net\/madagascar\/politique\/securite-et-defense-les-forces-armees-resserrent-les-rangs#primaryimage\"},\"thumbnailUrl\":\"https:\/\/static.africa-press.net\/madagascar\/sites\/56\/2024\/01\/sm_1705419638.660635.jpg\",\"datePublished\":\"2024-01-16T18:26:51+00:00\",\"dateModified\":\"2024-01-16T20:25:20+00:00\",\"author\":{\"@id\":\"https:\/\/www.africa-press.net\/madagascar\/#\/schema\/person\/2b1cf3cd81a31e3cd26889ca66d677f1\"},\"description\":\"Le ge\u0301ne\u0301ral Sahivelo entre en sce\u0300ne en tant que ministre des Forces arme\u0301es. Il explique le changement de nom de son d ...\",\"breadcrumb\":{\"@id\":\"https:\/\/www.africa-press.net\/madagascar\/politique\/securite-et-defense-les-forces-armees-resserrent-les-rangs#breadcrumb\"},\"inLanguage\":\"fr-FR\",\"potentialAction\":[{\"@type\":\"ReadAction\",\"target\":[\"https:\/\/www.africa-press.net\/madagascar\/politique\/securite-et-defense-les-forces-armees-resserrent-les-rangs\"]}]},{\"@type\":\"ImageObject\",\"inLanguage\":\"fr-FR\",\"@id\":\"https:\/\/www.africa-press.net\/madagascar\/politique\/securite-et-defense-les-forces-armees-resserrent-les-rangs#primaryimage\",\"url\":\"https:\/\/static.africa-press.net\/madagascar\/sites\/56\/2024\/01\/sm_1705419638.660635.jpg\",\"contentUrl\":\"https:\/\/static.africa-press.net\/madagascar\/sites\/56\/2024\/01\/sm_1705419638.660635.jpg\",\"width\":990,\"height\":635,\"caption\":\"S\u00c9CURIT\u00c9 ET D\u00c9FENSE - Les Forces arm\u00e9es resserrent les rangs\"},{\"@type\":\"BreadcrumbList\",\"@id\":\"https:\/\/www.africa-press.net\/madagascar\/politique\/securite-et-defense-les-forces-armees-resserrent-les-rangs#breadcrumb\",\"itemListElement\":[{\"@type\":\"ListItem\",\"position\":1,\"name\":\"Accueil\",\"item\":\"https:\/\/www.africa-press.net\/madagascar\/\"},{\"@type\":\"ListItem\",\"position\":2,\"name\":\"S\u00c9CURIT\u00c9 ET D\u00c9FENSE &#8211; Les Forces arm\u00e9es resserrent les rangs\"}]},{\"@type\":\"WebSite\",\"@id\":\"https:\/\/www.africa-press.net\/madagascar\/#website\",\"url\":\"https:\/\/www.africa-press.net\/madagascar\/\",\"name\":\"Madagascar\",\"description\":\"Just another Africa News Agency Sites site\",\"potentialAction\":[{\"@type\":\"SearchAction\",\"target\":{\"@type\":\"EntryPoint\",\"urlTemplate\":\"https:\/\/www.africa-press.net\/madagascar\/?s={search_term_string}\"},\"query-input\":{\"@type\":\"PropertyValueSpecification\",\"valueRequired\":true,\"valueName\":\"search_term_string\"}}],\"inLanguage\":\"fr-FR\"},{\"@type\":\"Person\",\"@id\":\"https:\/\/www.africa-press.net\/madagascar\/#\/schema\/person\/2b1cf3cd81a31e3cd26889ca66d677f1\",\"name\":\"cfeditorfr\"}]}<\/script>\n<!-- \/ Yoast SEO Premium plugin. -->","yoast_head_json":{"title":"S\u00c9CURIT\u00c9 ET D\u00c9FENSE - Les Forces arm\u00e9es resserrent les rangs - Madagascar","description":"Le ge\u0301ne\u0301ral Sahivelo entre en sce\u0300ne en tant que ministre des Forces arme\u0301es. Il explique le changement de nom de son d ...","robots":{"index":"index","follow":"follow","max-snippet":"max-snippet:-1","max-image-preview":"max-image-preview:large","max-video-preview":"max-video-preview:-1"},"canonical":"https:\/\/www.africa-press.net\/madagascar\/politique\/securite-et-defense-les-forces-armees-resserrent-les-rangs","og_locale":"fr_FR","og_type":"article","og_title":"S\u00c9CURIT\u00c9 ET D\u00c9FENSE - Les Forces arm\u00e9es resserrent les rangs","og_description":"Le ge\u0301ne\u0301ral Sahivelo entre en sce\u0300ne en tant que ministre des Forces arme\u0301es. Il explique le changement de nom de son d ...","og_url":"https:\/\/www.africa-press.net\/madagascar\/politique\/securite-et-defense-les-forces-armees-resserrent-les-rangs","og_site_name":"Madagascar","article_published_time":"2024-01-16T18:26:51+00:00","article_modified_time":"2024-01-16T20:25:20+00:00","og_image":[{"width":990,"height":635,"url":"https:\/\/static.africa-press.net\/madagascar\/sites\/56\/2024\/01\/sm_1705419638.660635.jpg","type":"image\/jpeg"}],"author":"cfeditorfr","twitter_card":"summary_large_image","twitter_misc":{"\u00c9crit par":"cfeditorfr","Dur\u00e9e de lecture estim\u00e9e":"5 minutes"},"schema":{"@context":"https:\/\/schema.org","@graph":[{"@type":"Article","@id":"https:\/\/www.africa-press.net\/madagascar\/politique\/securite-et-defense-les-forces-armees-resserrent-les-rangs#article","isPartOf":{"@id":"https:\/\/www.africa-press.net\/madagascar\/politique\/securite-et-defense-les-forces-armees-resserrent-les-rangs"},"author":{"name":"cfeditorfr","@id":"https:\/\/www.africa-press.net\/madagascar\/#\/schema\/person\/2b1cf3cd81a31e3cd26889ca66d677f1"},"headline":"S\u00c9CURIT\u00c9 ET D\u00c9FENSE &#8211; Les Forces arm\u00e9es resserrent les rangs","datePublished":"2024-01-16T18:26:51+00:00","dateModified":"2024-01-16T20:25:20+00:00","mainEntityOfPage":{"@id":"https:\/\/www.africa-press.net\/madagascar\/politique\/securite-et-defense-les-forces-armees-resserrent-les-rangs"},"wordCount":1022,"commentCount":0,"image":{"@id":"https:\/\/www.africa-press.net\/madagascar\/politique\/securite-et-defense-les-forces-armees-resserrent-les-rangs#primaryimage"},"thumbnailUrl":"https:\/\/static.africa-press.net\/madagascar\/sites\/56\/2024\/01\/sm_1705419638.660635.jpg","keywords":["Africa Press","Africa Press-Madagascar","Madagascar"],"articleSection":["Politique","Top Nouvelles","Toutes les actualit\u00e9s"],"inLanguage":"fr-FR","potentialAction":[{"@type":"CommentAction","name":"Comment","target":["https:\/\/www.africa-press.net\/madagascar\/politique\/securite-et-defense-les-forces-armees-resserrent-les-rangs#respond"]}]},{"@type":"WebPage","@id":"https:\/\/www.africa-press.net\/madagascar\/politique\/securite-et-defense-les-forces-armees-resserrent-les-rangs","url":"https:\/\/www.africa-press.net\/madagascar\/politique\/securite-et-defense-les-forces-armees-resserrent-les-rangs","name":"S\u00c9CURIT\u00c9 ET D\u00c9FENSE - Les Forces arm\u00e9es resserrent les rangs - Madagascar","isPartOf":{"@id":"https:\/\/www.africa-press.net\/madagascar\/#website"},"primaryImageOfPage":{"@id":"https:\/\/www.africa-press.net\/madagascar\/politique\/securite-et-defense-les-forces-armees-resserrent-les-rangs#primaryimage"},"image":{"@id":"https:\/\/www.africa-press.net\/madagascar\/politique\/securite-et-defense-les-forces-armees-resserrent-les-rangs#primaryimage"},"thumbnailUrl":"https:\/\/static.africa-press.net\/madagascar\/sites\/56\/2024\/01\/sm_1705419638.660635.jpg","datePublished":"2024-01-16T18:26:51+00:00","dateModified":"2024-01-16T20:25:20+00:00","author":{"@id":"https:\/\/www.africa-press.net\/madagascar\/#\/schema\/person\/2b1cf3cd81a31e3cd26889ca66d677f1"},"description":"Le ge\u0301ne\u0301ral Sahivelo entre en sce\u0300ne en tant que ministre des Forces arme\u0301es. Il explique le changement de nom de son d ...","breadcrumb":{"@id":"https:\/\/www.africa-press.net\/madagascar\/politique\/securite-et-defense-les-forces-armees-resserrent-les-rangs#breadcrumb"},"inLanguage":"fr-FR","potentialAction":[{"@type":"ReadAction","target":["https:\/\/www.africa-press.net\/madagascar\/politique\/securite-et-defense-les-forces-armees-resserrent-les-rangs"]}]},{"@type":"ImageObject","inLanguage":"fr-FR","@id":"https:\/\/www.africa-press.net\/madagascar\/politique\/securite-et-defense-les-forces-armees-resserrent-les-rangs#primaryimage","url":"https:\/\/static.africa-press.net\/madagascar\/sites\/56\/2024\/01\/sm_1705419638.660635.jpg","contentUrl":"https:\/\/static.africa-press.net\/madagascar\/sites\/56\/2024\/01\/sm_1705419638.660635.jpg","width":990,"height":635,"caption":"S\u00c9CURIT\u00c9 ET D\u00c9FENSE - Les Forces arm\u00e9es resserrent les rangs"},{"@type":"BreadcrumbList","@id":"https:\/\/www.africa-press.net\/madagascar\/politique\/securite-et-defense-les-forces-armees-resserrent-les-rangs#breadcrumb","itemListElement":[{"@type":"ListItem","position":1,"name":"Accueil","item":"https:\/\/www.africa-press.net\/madagascar\/"},{"@type":"ListItem","position":2,"name":"S\u00c9CURIT\u00c9 ET D\u00c9FENSE &#8211; Les Forces arm\u00e9es resserrent les rangs"}]},{"@type":"WebSite","@id":"https:\/\/www.africa-press.net\/madagascar\/#website","url":"https:\/\/www.africa-press.net\/madagascar\/","name":"Madagascar","description":"Just another Africa News Agency Sites site","potentialAction":[{"@type":"SearchAction","target":{"@type":"EntryPoint","urlTemplate":"https:\/\/www.africa-press.net\/madagascar\/?s={search_term_string}"},"query-input":{"@type":"PropertyValueSpecification","valueRequired":true,"valueName":"search_term_string"}}],"inLanguage":"fr-FR"},{"@type":"Person","@id":"https:\/\/www.africa-press.net\/madagascar\/#\/schema\/person\/2b1cf3cd81a31e3cd26889ca66d677f1","name":"cfeditorfr"}]}},"_links":{"self":[{"href":"https:\/\/www.africa-press.net\/madagascar\/wp-json\/wp\/v2\/posts\/24054","targetHints":{"allow":["GET"]}}],"collection":[{"href":"https:\/\/www.africa-press.net\/madagascar\/wp-json\/wp\/v2\/posts"}],"about":[{"href":"https:\/\/www.africa-press.net\/madagascar\/wp-json\/wp\/v2\/types\/post"}],"author":[{"embeddable":true,"href":"https:\/\/www.africa-press.net\/madagascar\/wp-json\/wp\/v2\/users\/82"}],"replies":[{"embeddable":true,"href":"https:\/\/www.africa-press.net\/madagascar\/wp-json\/wp\/v2\/comments?post=24054"}],"version-history":[{"count":0,"href":"https:\/\/www.africa-press.net\/madagascar\/wp-json\/wp\/v2\/posts\/24054\/revisions"}],"wp:featuredmedia":[{"embeddable":true,"href":"https:\/\/www.africa-press.net\/madagascar\/wp-json\/wp\/v2\/media\/24053"}],"wp:attachment":[{"href":"https:\/\/www.africa-press.net\/madagascar\/wp-json\/wp\/v2\/media?parent=24054"}],"wp:term":[{"taxonomy":"category","embeddable":true,"href":"https:\/\/www.africa-press.net\/madagascar\/wp-json\/wp\/v2\/categories?post=24054"},{"taxonomy":"post_tag","embeddable":true,"href":"https:\/\/www.africa-press.net\/madagascar\/wp-json\/wp\/v2\/tags?post=24054"}],"curies":[{"name":"wp","href":"https:\/\/api.w.org\/{rel}","templated":true}]}}