{"id":24084,"date":"2024-01-17T19:01:31","date_gmt":"2024-01-17T19:01:31","guid":{"rendered":"https:\/\/www.africa-press.net\/madagascar\/politique\/naina-andriantsitohaina-la-decentralisation-emergente-privilegiee"},"modified":"2024-01-17T20:47:16","modified_gmt":"2024-01-17T20:47:16","slug":"naina-andriantsitohaina-la-decentralisation-emergente-privilegiee","status":"publish","type":"post","link":"https:\/\/www.africa-press.net\/madagascar\/politique\/naina-andriantsitohaina-la-decentralisation-emergente-privilegiee","title":{"rendered":"NAINA ANDRIANTSITOHAINA &#8211;  La d\u00e9centralisation \u00e9mergente privil\u00e9gi\u00e9e"},"content":{"rendered":"<p><span style=\"color: #ff6600\"><strong>Africa-Press &#8211; Madagascar. <\/strong><\/span>La de\u0301centralisation n\u2019est pas une option mais une obligation.\u00bb C\u2019est le mot d\u2019ordre du re\u0301gime depuis le premier mandat du pre\u0301sident Andry Rajoelina en matie\u0300re de de\u0301centralisation. Cela s\u2019est concre\u0301tise\u0301 avec l\u2019e\u0301laboration de la politique nationale de de\u0301centralisation e\u0301mergente (PNDE) sous la houlette du ministre de l\u2019Inte\u0301rieur et de la de\u0301centralisation, Justin Tokely. A\u0300 l\u2019issu de la passation de pouvoir entre le nouveau ministre de la De\u0301centralisation et de l\u2019ame\u0301nagement du territoire Naina Andriantsitohaina et l\u2019ancien ministre, Justin Tokely, hier, au fond de de\u0301veloppement local Anosy, l\u2019ancien maire de la commune urbaine Antananarivo pre\u0301cise que l\u2019exe\u0301cution de la PNDE sera sa priorite\u0301 en matie\u0300re de de\u0301centralisation. \u00abConcernant la de\u0301centralisation, la politique est de\u0301ja\u0300 bien rode\u0301e. La priorite\u0301 du moment sera donc son exe\u0301cution afin que les collectivite\u0301s territoriales de\u0301centralise\u0301es jouissent des fruits de leurs efforts ainsi que ceux du gouvernement.\u00bb, explique t-il.<\/p>\n<p>Des re\u0301sultats probants sont attendus assez to\u0302t de\u0300s le de\u0301marrage de l\u2019exe\u0301cution de la PNDE, selon le ministre. C\u2019est une priorite\u0301 du ministe\u0300re vu que le pre\u0301sident Andry Rajoelina s\u2019est donne\u0301 pour objectif de n\u2019oublier aucune commune car le de\u0301veloppement commence a\u0300 la base. \u00abLa de\u0301centralisation n\u2019est pas qu\u2019un discours, mais doit e\u0302tre ve\u0301cu et concre\u0301tise\u0301e.\u00bb, de\u0301clare Andry Rajoelina au CCI Ivato au mois de juillet de l\u2019anne\u0301e dernie\u0300re lors des assises nationales sur la de\u0301centralisation.<\/p>\n<p><b>Autonomie<\/b><\/p>\n<p>Ce qui rend encore plus important le ro\u0302le des collectivite\u0301s territoriales de\u0301centralise\u0301es dans le de\u0301veloppement du pays. \u00abJe me donne comme obligation d\u2019accomplir ce souhait du pre\u0301sident de la Re\u0301publique.\u00bb, annonce Naina Andriantsitohaina.<\/p>\n<p>La politique nationale de de\u0301centralisation e\u0301mergente est axe\u0301e sur l\u2019autonomisation des collectivite\u0301s territoriales de\u0301centralise\u0301es (CTD) tant financie\u0300rement, qu\u2019administrativement. La PNDE ambitionne a\u0300 l\u2019horizon 2030 un taux de transfert du budget de l\u2019E\u0301tat aux CTD a\u0300 20% et un taux de recouvrement des impo\u0302ts par les CTD a\u0300 50%. Des objectifs e\u0301leve\u0301s et a\u0300 long terme vu que, selon les informations de la commune urbaine Antananarivo, le taux des contribuables qui se sont acquitte\u0301s de leurs impo\u0302ts fonciers sur les proprie\u0301te\u0301s ba\u0302ties (IFPB) n\u2019a pas de\u0301passe\u0301 les 20% depuis 2021. Cependant, la loi de finances initiale de cette anne\u0301e pre\u0301sente une augmentation de 16% du budget des communes qui est re\u0301e\u0301value\u0301 a\u0300 35 millions d\u2019ariary contre 30 millions lors de l\u2019exercice pre\u0301ce\u0301dent.<\/p>\n<p>Pour rappel, la PNDE fait suite a\u0300 la lettre sur la politique de de\u0301centralisation e\u0301mergente (LPDE) adopte\u0301e par les deux chambres du parlement en 2021. Lettre qui contient les grandes lignes de la politique de de\u0301centralisation du pays. L\u2019anne\u0301e dernie\u0300re, les assises nationales sur la de\u0301centralisation se sont tenues au CCI Ivato afin de valider la politique nationale de de\u0301centralisation e\u0301mergente. A\u0300 part l\u2019autonomisation financie\u0300re et administrative des CTD, la PNDE vise a\u0300 la territorialisation des politiques publiques afin que chaque collectivite\u0301 puisse e\u0301laborer de son propre chef une politique de de\u0301veloppement tenant compte des enjeux et besoins locaux tout en s\u2019appuyant sur la politique e\u0301tatique nationale. Il ne reste plus donc au ministre Naina Andriantsitohaina et son e\u0301quipe que la concre\u0301tiser.<\/p>\n<p><strong>Pour plus d&rsquo;informations et d&rsquo;analyses sur la <a href=\"https:\/\/www.africa-press.net\/madagascar\">Madagascar<\/a>, suivez <a href=\"https:\/\/www.africa-press.net\/\">Africa-Press<\/a><\/strong><\/p>\n","protected":false},"excerpt":{"rendered":"<p>Africa-Press &#8211; Madagascar. La de\u0301centralisation n\u2019est pas une option mais une obligation.\u00bb C\u2019est le mot d\u2019ordre du re\u0301gime depuis le premier mandat du pre\u0301sident Andry Rajoelina en matie\u0300re de de\u0301centralisation. Cela s\u2019est concre\u0301tise\u0301 avec l\u2019e\u0301laboration de la politique nationale de de\u0301centralisation e\u0301mergente (PNDE) sous la houlette du ministre de l\u2019Inte\u0301rieur et de la de\u0301centralisation, Justin [&hellip;]<\/p>\n","protected":false},"author":82,"featured_media":24082,"comment_status":"open","ping_status":"closed","sticky":false,"template":"","format":"standard","meta":{"footnotes":""},"categories":[2,10],"tags":[36,50,49],"class_list":["post-24084","post","type-post","status-publish","format-standard","has-post-thumbnail","hentry","category-politique","category-toutes-les-actualites","tag-africa-press","tag-africa-press-madagascar","tag-madagascar"],"yoast_head":"<!-- This site is optimized with the Yoast SEO Premium plugin v26.1 (Yoast SEO v27.0) - https:\/\/yoast.com\/product\/yoast-seo-premium-wordpress\/ -->\n<title>NAINA ANDRIANTSITOHAINA - La d\u00e9centralisation \u00e9mergente privil\u00e9gi\u00e9e - Madagascar<\/title>\n<meta name=\"description\" content=\"La de\u0301centralisation n\u2019est pas une option mais une obligation.\u00bb C\u2019est le mot d\u2019ordre du re\u0301gime depuis le premier mandat ...\" \/>\n<meta name=\"robots\" content=\"index, follow, max-snippet:-1, max-image-preview:large, max-video-preview:-1\" \/>\n<link rel=\"canonical\" href=\"https:\/\/www.africa-press.net\/madagascar\/politique\/naina-andriantsitohaina-la-decentralisation-emergente-privilegiee\" \/>\n<meta property=\"og:locale\" content=\"fr_FR\" \/>\n<meta property=\"og:type\" content=\"article\" \/>\n<meta property=\"og:title\" content=\"NAINA ANDRIANTSITOHAINA - La d\u00e9centralisation \u00e9mergente privil\u00e9gi\u00e9e\" \/>\n<meta property=\"og:description\" content=\"La de\u0301centralisation n\u2019est pas une option mais une obligation.\u00bb C\u2019est le mot d\u2019ordre du re\u0301gime depuis le premier mandat ...\" \/>\n<meta property=\"og:url\" content=\"https:\/\/www.africa-press.net\/madagascar\/politique\/naina-andriantsitohaina-la-decentralisation-emergente-privilegiee\" \/>\n<meta property=\"og:site_name\" content=\"Madagascar\" \/>\n<meta property=\"article:published_time\" content=\"2024-01-17T19:01:31+00:00\" \/>\n<meta property=\"article:modified_time\" content=\"2024-01-17T20:47:16+00:00\" \/>\n<meta property=\"og:image\" content=\"https:\/\/static.africa-press.net\/madagascar\/sites\/56\/2024\/01\/sm_1705508104.627329.jpg\" \/>\n\t<meta property=\"og:image:width\" content=\"904\" \/>\n\t<meta property=\"og:image:height\" content=\"593\" \/>\n\t<meta property=\"og:image:type\" content=\"image\/jpeg\" \/>\n<meta name=\"author\" content=\"cfeditorfr\" \/>\n<meta name=\"twitter:card\" content=\"summary_large_image\" \/>\n<meta name=\"twitter:label1\" content=\"\u00c9crit par\" \/>\n\t<meta name=\"twitter:data1\" content=\"cfeditorfr\" \/>\n\t<meta name=\"twitter:label2\" content=\"Dur\u00e9e de lecture estim\u00e9e\" \/>\n\t<meta name=\"twitter:data2\" content=\"3 minutes\" \/>\n<script type=\"application\/ld+json\" class=\"yoast-schema-graph\">{\"@context\":\"https:\/\/schema.org\",\"@graph\":[{\"@type\":\"Article\",\"@id\":\"https:\/\/www.africa-press.net\/madagascar\/politique\/naina-andriantsitohaina-la-decentralisation-emergente-privilegiee#article\",\"isPartOf\":{\"@id\":\"https:\/\/www.africa-press.net\/madagascar\/politique\/naina-andriantsitohaina-la-decentralisation-emergente-privilegiee\"},\"author\":{\"name\":\"cfeditorfr\",\"@id\":\"https:\/\/www.africa-press.net\/madagascar\/#\/schema\/person\/2b1cf3cd81a31e3cd26889ca66d677f1\"},\"headline\":\"NAINA ANDRIANTSITOHAINA &#8211; La d\u00e9centralisation \u00e9mergente privil\u00e9gi\u00e9e\",\"datePublished\":\"2024-01-17T19:01:31+00:00\",\"dateModified\":\"2024-01-17T20:47:16+00:00\",\"mainEntityOfPage\":{\"@id\":\"https:\/\/www.africa-press.net\/madagascar\/politique\/naina-andriantsitohaina-la-decentralisation-emergente-privilegiee\"},\"wordCount\":627,\"commentCount\":0,\"image\":{\"@id\":\"https:\/\/www.africa-press.net\/madagascar\/politique\/naina-andriantsitohaina-la-decentralisation-emergente-privilegiee#primaryimage\"},\"thumbnailUrl\":\"https:\/\/static.africa-press.net\/madagascar\/sites\/56\/2024\/01\/sm_1705508104.627329.jpg\",\"keywords\":[\"Africa Press\",\"Africa Press-Madagascar\",\"Madagascar\"],\"articleSection\":[\"Politique\",\"Toutes les actualit\u00e9s\"],\"inLanguage\":\"fr-FR\",\"potentialAction\":[{\"@type\":\"CommentAction\",\"name\":\"Comment\",\"target\":[\"https:\/\/www.africa-press.net\/madagascar\/politique\/naina-andriantsitohaina-la-decentralisation-emergente-privilegiee#respond\"]}]},{\"@type\":\"WebPage\",\"@id\":\"https:\/\/www.africa-press.net\/madagascar\/politique\/naina-andriantsitohaina-la-decentralisation-emergente-privilegiee\",\"url\":\"https:\/\/www.africa-press.net\/madagascar\/politique\/naina-andriantsitohaina-la-decentralisation-emergente-privilegiee\",\"name\":\"NAINA ANDRIANTSITOHAINA - La d\u00e9centralisation \u00e9mergente privil\u00e9gi\u00e9e - Madagascar\",\"isPartOf\":{\"@id\":\"https:\/\/www.africa-press.net\/madagascar\/#website\"},\"primaryImageOfPage\":{\"@id\":\"https:\/\/www.africa-press.net\/madagascar\/politique\/naina-andriantsitohaina-la-decentralisation-emergente-privilegiee#primaryimage\"},\"image\":{\"@id\":\"https:\/\/www.africa-press.net\/madagascar\/politique\/naina-andriantsitohaina-la-decentralisation-emergente-privilegiee#primaryimage\"},\"thumbnailUrl\":\"https:\/\/static.africa-press.net\/madagascar\/sites\/56\/2024\/01\/sm_1705508104.627329.jpg\",\"datePublished\":\"2024-01-17T19:01:31+00:00\",\"dateModified\":\"2024-01-17T20:47:16+00:00\",\"author\":{\"@id\":\"https:\/\/www.africa-press.net\/madagascar\/#\/schema\/person\/2b1cf3cd81a31e3cd26889ca66d677f1\"},\"description\":\"La de\u0301centralisation n\u2019est pas une option mais une obligation.\u00bb C\u2019est le mot d\u2019ordre du re\u0301gime depuis le premier mandat ...\",\"breadcrumb\":{\"@id\":\"https:\/\/www.africa-press.net\/madagascar\/politique\/naina-andriantsitohaina-la-decentralisation-emergente-privilegiee#breadcrumb\"},\"inLanguage\":\"fr-FR\",\"potentialAction\":[{\"@type\":\"ReadAction\",\"target\":[\"https:\/\/www.africa-press.net\/madagascar\/politique\/naina-andriantsitohaina-la-decentralisation-emergente-privilegiee\"]}]},{\"@type\":\"ImageObject\",\"inLanguage\":\"fr-FR\",\"@id\":\"https:\/\/www.africa-press.net\/madagascar\/politique\/naina-andriantsitohaina-la-decentralisation-emergente-privilegiee#primaryimage\",\"url\":\"https:\/\/static.africa-press.net\/madagascar\/sites\/56\/2024\/01\/sm_1705508104.627329.jpg\",\"contentUrl\":\"https:\/\/static.africa-press.net\/madagascar\/sites\/56\/2024\/01\/sm_1705508104.627329.jpg\",\"width\":904,\"height\":593,\"caption\":\"NAINA ANDRIANTSITOHAINA - La d\u00e9centralisation \u00e9mergente privil\u00e9gi\u00e9e\"},{\"@type\":\"BreadcrumbList\",\"@id\":\"https:\/\/www.africa-press.net\/madagascar\/politique\/naina-andriantsitohaina-la-decentralisation-emergente-privilegiee#breadcrumb\",\"itemListElement\":[{\"@type\":\"ListItem\",\"position\":1,\"name\":\"Accueil\",\"item\":\"https:\/\/www.africa-press.net\/madagascar\/\"},{\"@type\":\"ListItem\",\"position\":2,\"name\":\"NAINA ANDRIANTSITOHAINA &#8211; La d\u00e9centralisation \u00e9mergente privil\u00e9gi\u00e9e\"}]},{\"@type\":\"WebSite\",\"@id\":\"https:\/\/www.africa-press.net\/madagascar\/#website\",\"url\":\"https:\/\/www.africa-press.net\/madagascar\/\",\"name\":\"Madagascar\",\"description\":\"Just another Africa News Agency Sites site\",\"potentialAction\":[{\"@type\":\"SearchAction\",\"target\":{\"@type\":\"EntryPoint\",\"urlTemplate\":\"https:\/\/www.africa-press.net\/madagascar\/?s={search_term_string}\"},\"query-input\":{\"@type\":\"PropertyValueSpecification\",\"valueRequired\":true,\"valueName\":\"search_term_string\"}}],\"inLanguage\":\"fr-FR\"},{\"@type\":\"Person\",\"@id\":\"https:\/\/www.africa-press.net\/madagascar\/#\/schema\/person\/2b1cf3cd81a31e3cd26889ca66d677f1\",\"name\":\"cfeditorfr\"}]}<\/script>\n<!-- \/ Yoast SEO Premium plugin. -->","yoast_head_json":{"title":"NAINA ANDRIANTSITOHAINA - La d\u00e9centralisation \u00e9mergente privil\u00e9gi\u00e9e - Madagascar","description":"La de\u0301centralisation n\u2019est pas une option mais une obligation.\u00bb C\u2019est le mot d\u2019ordre du re\u0301gime depuis le premier mandat ...","robots":{"index":"index","follow":"follow","max-snippet":"max-snippet:-1","max-image-preview":"max-image-preview:large","max-video-preview":"max-video-preview:-1"},"canonical":"https:\/\/www.africa-press.net\/madagascar\/politique\/naina-andriantsitohaina-la-decentralisation-emergente-privilegiee","og_locale":"fr_FR","og_type":"article","og_title":"NAINA ANDRIANTSITOHAINA - La d\u00e9centralisation \u00e9mergente privil\u00e9gi\u00e9e","og_description":"La de\u0301centralisation n\u2019est pas une option mais une obligation.\u00bb C\u2019est le mot d\u2019ordre du re\u0301gime depuis le premier mandat ...","og_url":"https:\/\/www.africa-press.net\/madagascar\/politique\/naina-andriantsitohaina-la-decentralisation-emergente-privilegiee","og_site_name":"Madagascar","article_published_time":"2024-01-17T19:01:31+00:00","article_modified_time":"2024-01-17T20:47:16+00:00","og_image":[{"width":904,"height":593,"url":"https:\/\/static.africa-press.net\/madagascar\/sites\/56\/2024\/01\/sm_1705508104.627329.jpg","type":"image\/jpeg"}],"author":"cfeditorfr","twitter_card":"summary_large_image","twitter_misc":{"\u00c9crit par":"cfeditorfr","Dur\u00e9e de lecture estim\u00e9e":"3 minutes"},"schema":{"@context":"https:\/\/schema.org","@graph":[{"@type":"Article","@id":"https:\/\/www.africa-press.net\/madagascar\/politique\/naina-andriantsitohaina-la-decentralisation-emergente-privilegiee#article","isPartOf":{"@id":"https:\/\/www.africa-press.net\/madagascar\/politique\/naina-andriantsitohaina-la-decentralisation-emergente-privilegiee"},"author":{"name":"cfeditorfr","@id":"https:\/\/www.africa-press.net\/madagascar\/#\/schema\/person\/2b1cf3cd81a31e3cd26889ca66d677f1"},"headline":"NAINA ANDRIANTSITOHAINA &#8211; La d\u00e9centralisation \u00e9mergente privil\u00e9gi\u00e9e","datePublished":"2024-01-17T19:01:31+00:00","dateModified":"2024-01-17T20:47:16+00:00","mainEntityOfPage":{"@id":"https:\/\/www.africa-press.net\/madagascar\/politique\/naina-andriantsitohaina-la-decentralisation-emergente-privilegiee"},"wordCount":627,"commentCount":0,"image":{"@id":"https:\/\/www.africa-press.net\/madagascar\/politique\/naina-andriantsitohaina-la-decentralisation-emergente-privilegiee#primaryimage"},"thumbnailUrl":"https:\/\/static.africa-press.net\/madagascar\/sites\/56\/2024\/01\/sm_1705508104.627329.jpg","keywords":["Africa Press","Africa Press-Madagascar","Madagascar"],"articleSection":["Politique","Toutes les actualit\u00e9s"],"inLanguage":"fr-FR","potentialAction":[{"@type":"CommentAction","name":"Comment","target":["https:\/\/www.africa-press.net\/madagascar\/politique\/naina-andriantsitohaina-la-decentralisation-emergente-privilegiee#respond"]}]},{"@type":"WebPage","@id":"https:\/\/www.africa-press.net\/madagascar\/politique\/naina-andriantsitohaina-la-decentralisation-emergente-privilegiee","url":"https:\/\/www.africa-press.net\/madagascar\/politique\/naina-andriantsitohaina-la-decentralisation-emergente-privilegiee","name":"NAINA ANDRIANTSITOHAINA - La d\u00e9centralisation \u00e9mergente privil\u00e9gi\u00e9e - Madagascar","isPartOf":{"@id":"https:\/\/www.africa-press.net\/madagascar\/#website"},"primaryImageOfPage":{"@id":"https:\/\/www.africa-press.net\/madagascar\/politique\/naina-andriantsitohaina-la-decentralisation-emergente-privilegiee#primaryimage"},"image":{"@id":"https:\/\/www.africa-press.net\/madagascar\/politique\/naina-andriantsitohaina-la-decentralisation-emergente-privilegiee#primaryimage"},"thumbnailUrl":"https:\/\/static.africa-press.net\/madagascar\/sites\/56\/2024\/01\/sm_1705508104.627329.jpg","datePublished":"2024-01-17T19:01:31+00:00","dateModified":"2024-01-17T20:47:16+00:00","author":{"@id":"https:\/\/www.africa-press.net\/madagascar\/#\/schema\/person\/2b1cf3cd81a31e3cd26889ca66d677f1"},"description":"La de\u0301centralisation n\u2019est pas une option mais une obligation.\u00bb C\u2019est le mot d\u2019ordre du re\u0301gime depuis le premier mandat ...","breadcrumb":{"@id":"https:\/\/www.africa-press.net\/madagascar\/politique\/naina-andriantsitohaina-la-decentralisation-emergente-privilegiee#breadcrumb"},"inLanguage":"fr-FR","potentialAction":[{"@type":"ReadAction","target":["https:\/\/www.africa-press.net\/madagascar\/politique\/naina-andriantsitohaina-la-decentralisation-emergente-privilegiee"]}]},{"@type":"ImageObject","inLanguage":"fr-FR","@id":"https:\/\/www.africa-press.net\/madagascar\/politique\/naina-andriantsitohaina-la-decentralisation-emergente-privilegiee#primaryimage","url":"https:\/\/static.africa-press.net\/madagascar\/sites\/56\/2024\/01\/sm_1705508104.627329.jpg","contentUrl":"https:\/\/static.africa-press.net\/madagascar\/sites\/56\/2024\/01\/sm_1705508104.627329.jpg","width":904,"height":593,"caption":"NAINA ANDRIANTSITOHAINA - La d\u00e9centralisation \u00e9mergente privil\u00e9gi\u00e9e"},{"@type":"BreadcrumbList","@id":"https:\/\/www.africa-press.net\/madagascar\/politique\/naina-andriantsitohaina-la-decentralisation-emergente-privilegiee#breadcrumb","itemListElement":[{"@type":"ListItem","position":1,"name":"Accueil","item":"https:\/\/www.africa-press.net\/madagascar\/"},{"@type":"ListItem","position":2,"name":"NAINA ANDRIANTSITOHAINA &#8211; La d\u00e9centralisation \u00e9mergente privil\u00e9gi\u00e9e"}]},{"@type":"WebSite","@id":"https:\/\/www.africa-press.net\/madagascar\/#website","url":"https:\/\/www.africa-press.net\/madagascar\/","name":"Madagascar","description":"Just another Africa News Agency Sites site","potentialAction":[{"@type":"SearchAction","target":{"@type":"EntryPoint","urlTemplate":"https:\/\/www.africa-press.net\/madagascar\/?s={search_term_string}"},"query-input":{"@type":"PropertyValueSpecification","valueRequired":true,"valueName":"search_term_string"}}],"inLanguage":"fr-FR"},{"@type":"Person","@id":"https:\/\/www.africa-press.net\/madagascar\/#\/schema\/person\/2b1cf3cd81a31e3cd26889ca66d677f1","name":"cfeditorfr"}]}},"_links":{"self":[{"href":"https:\/\/www.africa-press.net\/madagascar\/wp-json\/wp\/v2\/posts\/24084","targetHints":{"allow":["GET"]}}],"collection":[{"href":"https:\/\/www.africa-press.net\/madagascar\/wp-json\/wp\/v2\/posts"}],"about":[{"href":"https:\/\/www.africa-press.net\/madagascar\/wp-json\/wp\/v2\/types\/post"}],"author":[{"embeddable":true,"href":"https:\/\/www.africa-press.net\/madagascar\/wp-json\/wp\/v2\/users\/82"}],"replies":[{"embeddable":true,"href":"https:\/\/www.africa-press.net\/madagascar\/wp-json\/wp\/v2\/comments?post=24084"}],"version-history":[{"count":0,"href":"https:\/\/www.africa-press.net\/madagascar\/wp-json\/wp\/v2\/posts\/24084\/revisions"}],"wp:featuredmedia":[{"embeddable":true,"href":"https:\/\/www.africa-press.net\/madagascar\/wp-json\/wp\/v2\/media\/24082"}],"wp:attachment":[{"href":"https:\/\/www.africa-press.net\/madagascar\/wp-json\/wp\/v2\/media?parent=24084"}],"wp:term":[{"taxonomy":"category","embeddable":true,"href":"https:\/\/www.africa-press.net\/madagascar\/wp-json\/wp\/v2\/categories?post=24084"},{"taxonomy":"post_tag","embeddable":true,"href":"https:\/\/www.africa-press.net\/madagascar\/wp-json\/wp\/v2\/tags?post=24084"}],"curies":[{"name":"wp","href":"https:\/\/api.w.org\/{rel}","templated":true}]}}