{"id":24148,"date":"2024-01-18T15:04:45","date_gmt":"2024-01-18T15:04:45","guid":{"rendered":"https:\/\/www.africa-press.net\/madagascar\/politique\/programme-general-de-letat-andry-rajoelina-donne-le-ton-aux-ministres"},"modified":"2024-01-18T16:24:14","modified_gmt":"2024-01-18T16:24:14","slug":"programme-general-de-letat-andry-rajoelina-donne-le-ton-aux-ministres","status":"publish","type":"post","link":"https:\/\/www.africa-press.net\/madagascar\/politique\/programme-general-de-letat-andry-rajoelina-donne-le-ton-aux-ministres","title":{"rendered":"PROGRAMME G\u00c9N\u00c9RAL DE L\u2019\u00c9TAT &#8211; Andry Rajoelina donne le ton aux ministres"},"content":{"rendered":"<p><span style=\"color: #ff6600\"><strong>Africa-Press &#8211; Madagascar. <\/strong><\/span>Le premier Conseil des ministres avec la nouvelle e\u0301quipe gouvernementale s\u2019est tenu, hier, au Palais d\u2019E\u0301tat d\u2019Iavoloha. L\u2019occasion pour le pre\u0301sident de la Re\u0301publique de tracer le Programme ge\u0301ne\u0301ral de l\u2019E\u0301tat (PGE).<\/p>\n<p>Continuite\u0301. Tel est le mot d\u2019ordre de la Politique ge\u0301ne\u0301rale de l\u2019E\u0301tat (PGE), pre\u0301sente\u0301e par Andry Rajoelina, pre\u0301sident de la Re\u0301publique, durant le premier Conseil des ministres avec le nouveau gouvernement, hier, au Palais d\u2019E\u0301tat d\u2019Iavoloha.<\/p>\n<p>L\u2019exe\u0301cution de la PGE revient au gouvernement. \u201cLe pre\u0301sident de la Re\u0301publique attend des re\u0301sultats a\u0300 la fois quantifiables et de qualite\u0301\u201d, souligne le rapport du Conseil des ministres. Par ailleurs, le communique\u0301 affirme d\u2019entre\u0301e que \u201clors du scrutin du 16 novembre 2023, la population a choisi de maintenir sa confiance en la politique de de\u0301veloppement porte\u0301e par le pre\u0301sident de la Re\u0301publique, depuis 2019. Aussi, va-t-il de soi que ce sont les treize \u201cVelirano\u201d inscrits dans le Plan e\u0301mergence de Madagascar, traduits en programme du gouvernement, qui restent le socle de la Politique ge\u0301ne\u0301rale de l\u2019E\u0301tat\u201d.<\/p>\n<p>Toujours selon le communique\u0301 du Conseil des ministres, toutefois, pour ce second mandat, la re\u0301duction de la pauvrete\u0301 et la hausse du pouvoir d\u2019achat \u201cseront les priorite\u0301s\u201d. Dans cette optique, la PGE de ce second quinquennat de Andry Rajoelina est re\u0301oriente\u0301e autour des trois piliers que sont le capital humain, le de\u0301veloppement industriel et la bonne gouvernance. Dans la cate\u0301gorie du capital humain, sont inscrits les actions et objectifs a\u0300 atteindre dans le domaine de l\u2019e\u0301ducation, la sante\u0301, la protection sociale, l\u2019acce\u0300s a\u0300 l\u2019eau potable et le sport.<\/p>\n<p>Pour l\u2019e\u0301ducation, entre autres, la hausse du taux de scolarisation est le mot d\u2019ordre. Cependant, il est souligne\u0301 que l\u2019enseignement, les formations et l\u2019enseignement supe\u0301rieur devraient e\u0302tre oriente\u0301s vers \u201cl\u2019employabilite\u0301\u201d et l\u2019entrepreneuriat. \u201cNe\u0301anmoins, il est ne\u0301cessaire de poursuivre la construction d\u2019infrastructures aux normes dans toute l\u2019I\u0302le, puisque les enfants malgaches ont le droit et me\u0301ritent d\u2019apprendre et d\u2019e\u0301tudier dans des e\u0301tablissements modernes\u201d, ajoute le rapport du Conseil des ministres.<\/p>\n<p>Cette continuite\u0301 dans l\u2019e\u0301dification d\u2019infrastructures aux normes est e\u0301galement indique\u0301e dans le domaine de la sante\u0301. Pareillement, sur le maintien du \u201cfonds d\u2019urgence me\u0301dicale\u201d, jusqu\u2019aux Centres de sante\u0301 de base de niveau II (CSB II). Il s\u2019agit de fonds permettant la gratuite\u0301 des premiers soins dans les services d\u2019urgence.<\/p>\n<p><b>Re\u0301formes<\/b><\/p>\n<p>Le document pre\u0301sente\u0301, hier, pre\u0301voit aussi l\u2019e\u0301largissement de l\u2019acce\u0300s au filet de se\u0301curite\u0301 sociale pour les me\u0301nages les plus en difficulte\u0301. La technologie digitale sera mise a\u0300 contribution pour avoir une liste exhaustive des be\u0301ne\u0301ficiaires et une efficacite\u0301 dans la distribution. La digitalisation, justement, est un des socles de la mise en \u0153uvre du troisie\u0300me volet de la PGE qu\u2019est la bonne gouvernance. L\u2019attribution d\u2019un identifiant nume\u0301rique unique, pour chaque citoyen, y est ainsi re\u0301affirme\u0301e.<\/p>\n<p>\u201cIl est impe\u0301ratif de moderniser les services publics, l\u2019administration publique et la gestion des deniers publics afin de mettre un terme a\u0300 la gabegie\u201d, souligne ainsi le rapport du Conseil des ministres. Dans ce sens, \u201cchaque ministre devra engager des re\u0301formes afin d\u2019ame\u0301liorer la qualite\u0301 des services publics dans les de\u0301partements sous son autorite\u0301, pour en finir avec la corruption\u201d, ajoute le communique\u0301. Ici encore, la digitalisation est la voie privile\u0301gie\u0301e, comme dans l\u2019attribution des documents administratifs.<\/p>\n<p>L\u2019intransigeance et les sanctions se\u0301ve\u0300res contre les actes de corruption, de\u0301lits financiers touchant aux deniers publics, ainsi que le trafic des ressources naturelles sont e\u0301galement re\u0301ite\u0301re\u0301es dans la PGE. Le recouvrement et la restitution des avoirs illicites a\u0300 l\u2019E\u0301tat y sont aussi souligne\u0301s. S\u2019agissant du second pilier qu\u2019est l\u2019industrialisation, il comprend, entre autres, le de\u0301veloppement industriel. \u201cProduire et transformer localement tout ce dont le pays a besoin\u201d, reste le but a\u0300 atteindre.<\/p>\n<p>Des mesures incitatives concerte\u0301es avec le secteur prive\u0301 seront ainsi mises en place afin d\u2019encourager les acteurs locaux et e\u0301trangers a\u0300 investir a\u0300 Madagascar. Des Zones d\u2019e\u0301mergence industrielle seront e\u0301galement mises en place. A\u0300 s\u2019en tenir au rapport du Conseil des ministres, l\u2019industrie textile et la transformation des produits agricoles y seront privile\u0301gie\u0301es afin de profiter pleinement des opportunite\u0301s offertes par les marche\u0301s de l\u2019Agoa, du Comesa, ou encore de l\u2019Accord de partenariat e\u0301conomique entre l\u2019Afrique et l\u2019Europe.<\/p>\n<p>La poursuite du programme \u201cOne district, one factory\u201d (ODOF) est e\u0301galement inscrite dans la PGE. De me\u0302me pour le programme \u201cFihariana\u201d, afin d\u2019encourager l\u2019entrepreneuriat. Du reste, le second socle de la PGE comprend aussi le de\u0301veloppement du secteur des nouvelles technologies et de la te\u0301le\u0301communication, celui du secteur minier, l\u2019ame\u0301lioration du rendement agricole, avec comme premier objectif d\u2019atteindre l\u2019autosuffisance en riz, le de\u0301veloppement du tourisme, la modernisation de Madagascar et le secteur de l\u2019e\u0301nergie.<\/p>\n<p><strong>Pour plus d&rsquo;informations et d&rsquo;analyses sur la <a href=\"https:\/\/www.africa-press.net\/madagascar\">Madagascar<\/a>, suivez <a href=\"https:\/\/www.africa-press.net\/\">Africa-Press<\/a><\/strong><\/p>\n","protected":false},"excerpt":{"rendered":"<p>Africa-Press &#8211; Madagascar. Le premier Conseil des ministres avec la nouvelle e\u0301quipe gouvernementale s\u2019est tenu, hier, au Palais d\u2019E\u0301tat d\u2019Iavoloha. L\u2019occasion pour le pre\u0301sident de la Re\u0301publique de tracer le Programme ge\u0301ne\u0301ral de l\u2019E\u0301tat (PGE). Continuite\u0301. Tel est le mot d\u2019ordre de la Politique ge\u0301ne\u0301rale de l\u2019E\u0301tat (PGE), pre\u0301sente\u0301e par Andry Rajoelina, pre\u0301sident de la [&hellip;]<\/p>\n","protected":false},"author":82,"featured_media":24147,"comment_status":"open","ping_status":"closed","sticky":false,"template":"","format":"standard","meta":{"footnotes":""},"categories":[2,20,10],"tags":[36,50,49],"class_list":["post-24148","post","type-post","status-publish","format-standard","has-post-thumbnail","hentry","category-politique","category-top-nouvelles","category-toutes-les-actualites","tag-africa-press","tag-africa-press-madagascar","tag-madagascar"],"yoast_head":"<!-- This site is optimized with the Yoast SEO Premium plugin v26.1 (Yoast SEO v27.0) - https:\/\/yoast.com\/product\/yoast-seo-premium-wordpress\/ -->\n<title>PROGRAMME G\u00c9N\u00c9RAL DE L\u2019\u00c9TAT - Andry Rajoelina donne le ton aux ministres - Madagascar<\/title>\n<meta name=\"description\" content=\"Le premier Conseil des ministres avec la nouvelle e\u0301quipe gouvernementale s\u2019est tenu, hier, au Palais d\u2019E\u0301tat d\u2019Iavoloha ...\" \/>\n<meta name=\"robots\" content=\"index, follow, max-snippet:-1, max-image-preview:large, max-video-preview:-1\" \/>\n<link rel=\"canonical\" href=\"https:\/\/www.africa-press.net\/madagascar\/politique\/programme-general-de-letat-andry-rajoelina-donne-le-ton-aux-ministres\" \/>\n<meta property=\"og:locale\" content=\"fr_FR\" \/>\n<meta property=\"og:type\" content=\"article\" \/>\n<meta property=\"og:title\" content=\"PROGRAMME G\u00c9N\u00c9RAL DE L\u2019\u00c9TAT - Andry Rajoelina donne le ton aux ministres\" \/>\n<meta property=\"og:description\" content=\"Le premier Conseil des ministres avec la nouvelle e\u0301quipe gouvernementale s\u2019est tenu, hier, au Palais d\u2019E\u0301tat d\u2019Iavoloha ...\" \/>\n<meta property=\"og:url\" content=\"https:\/\/www.africa-press.net\/madagascar\/politique\/programme-general-de-letat-andry-rajoelina-donne-le-ton-aux-ministres\" \/>\n<meta property=\"og:site_name\" content=\"Madagascar\" \/>\n<meta property=\"article:published_time\" content=\"2024-01-18T15:04:45+00:00\" \/>\n<meta property=\"article:modified_time\" content=\"2024-01-18T16:24:14+00:00\" \/>\n<meta property=\"og:image\" content=\"https:\/\/static.africa-press.net\/madagascar\/sites\/56\/2024\/01\/sm_1705578741.854056.jpg\" \/>\n\t<meta property=\"og:image:width\" content=\"903\" \/>\n\t<meta property=\"og:image:height\" content=\"593\" \/>\n\t<meta property=\"og:image:type\" content=\"image\/jpeg\" \/>\n<meta name=\"author\" content=\"cfeditorfr\" \/>\n<meta name=\"twitter:card\" content=\"summary_large_image\" \/>\n<meta name=\"twitter:label1\" content=\"\u00c9crit par\" \/>\n\t<meta name=\"twitter:data1\" content=\"cfeditorfr\" \/>\n\t<meta name=\"twitter:label2\" content=\"Dur\u00e9e de lecture estim\u00e9e\" \/>\n\t<meta name=\"twitter:data2\" content=\"5 minutes\" \/>\n<script type=\"application\/ld+json\" class=\"yoast-schema-graph\">{\"@context\":\"https:\/\/schema.org\",\"@graph\":[{\"@type\":\"Article\",\"@id\":\"https:\/\/www.africa-press.net\/madagascar\/politique\/programme-general-de-letat-andry-rajoelina-donne-le-ton-aux-ministres#article\",\"isPartOf\":{\"@id\":\"https:\/\/www.africa-press.net\/madagascar\/politique\/programme-general-de-letat-andry-rajoelina-donne-le-ton-aux-ministres\"},\"author\":{\"name\":\"cfeditorfr\",\"@id\":\"https:\/\/www.africa-press.net\/madagascar\/#\/schema\/person\/2b1cf3cd81a31e3cd26889ca66d677f1\"},\"headline\":\"PROGRAMME G\u00c9N\u00c9RAL DE L\u2019\u00c9TAT &#8211; Andry Rajoelina donne le ton aux ministres\",\"datePublished\":\"2024-01-18T15:04:45+00:00\",\"dateModified\":\"2024-01-18T16:24:14+00:00\",\"mainEntityOfPage\":{\"@id\":\"https:\/\/www.africa-press.net\/madagascar\/politique\/programme-general-de-letat-andry-rajoelina-donne-le-ton-aux-ministres\"},\"wordCount\":930,\"commentCount\":0,\"image\":{\"@id\":\"https:\/\/www.africa-press.net\/madagascar\/politique\/programme-general-de-letat-andry-rajoelina-donne-le-ton-aux-ministres#primaryimage\"},\"thumbnailUrl\":\"https:\/\/static.africa-press.net\/madagascar\/sites\/56\/2024\/01\/sm_1705578741.854056.jpg\",\"keywords\":[\"Africa Press\",\"Africa Press-Madagascar\",\"Madagascar\"],\"articleSection\":[\"Politique\",\"Top Nouvelles\",\"Toutes les actualit\u00e9s\"],\"inLanguage\":\"fr-FR\",\"potentialAction\":[{\"@type\":\"CommentAction\",\"name\":\"Comment\",\"target\":[\"https:\/\/www.africa-press.net\/madagascar\/politique\/programme-general-de-letat-andry-rajoelina-donne-le-ton-aux-ministres#respond\"]}]},{\"@type\":\"WebPage\",\"@id\":\"https:\/\/www.africa-press.net\/madagascar\/politique\/programme-general-de-letat-andry-rajoelina-donne-le-ton-aux-ministres\",\"url\":\"https:\/\/www.africa-press.net\/madagascar\/politique\/programme-general-de-letat-andry-rajoelina-donne-le-ton-aux-ministres\",\"name\":\"PROGRAMME G\u00c9N\u00c9RAL DE L\u2019\u00c9TAT - Andry Rajoelina donne le ton aux ministres - Madagascar\",\"isPartOf\":{\"@id\":\"https:\/\/www.africa-press.net\/madagascar\/#website\"},\"primaryImageOfPage\":{\"@id\":\"https:\/\/www.africa-press.net\/madagascar\/politique\/programme-general-de-letat-andry-rajoelina-donne-le-ton-aux-ministres#primaryimage\"},\"image\":{\"@id\":\"https:\/\/www.africa-press.net\/madagascar\/politique\/programme-general-de-letat-andry-rajoelina-donne-le-ton-aux-ministres#primaryimage\"},\"thumbnailUrl\":\"https:\/\/static.africa-press.net\/madagascar\/sites\/56\/2024\/01\/sm_1705578741.854056.jpg\",\"datePublished\":\"2024-01-18T15:04:45+00:00\",\"dateModified\":\"2024-01-18T16:24:14+00:00\",\"author\":{\"@id\":\"https:\/\/www.africa-press.net\/madagascar\/#\/schema\/person\/2b1cf3cd81a31e3cd26889ca66d677f1\"},\"description\":\"Le premier Conseil des ministres avec la nouvelle e\u0301quipe gouvernementale s\u2019est tenu, hier, au Palais d\u2019E\u0301tat d\u2019Iavoloha ...\",\"breadcrumb\":{\"@id\":\"https:\/\/www.africa-press.net\/madagascar\/politique\/programme-general-de-letat-andry-rajoelina-donne-le-ton-aux-ministres#breadcrumb\"},\"inLanguage\":\"fr-FR\",\"potentialAction\":[{\"@type\":\"ReadAction\",\"target\":[\"https:\/\/www.africa-press.net\/madagascar\/politique\/programme-general-de-letat-andry-rajoelina-donne-le-ton-aux-ministres\"]}]},{\"@type\":\"ImageObject\",\"inLanguage\":\"fr-FR\",\"@id\":\"https:\/\/www.africa-press.net\/madagascar\/politique\/programme-general-de-letat-andry-rajoelina-donne-le-ton-aux-ministres#primaryimage\",\"url\":\"https:\/\/static.africa-press.net\/madagascar\/sites\/56\/2024\/01\/sm_1705578741.854056.jpg\",\"contentUrl\":\"https:\/\/static.africa-press.net\/madagascar\/sites\/56\/2024\/01\/sm_1705578741.854056.jpg\",\"width\":903,\"height\":593,\"caption\":\"PROGRAMME G\u00c9N\u00c9RAL DE L\u2019\u00c9TAT - Andry Rajoelina donne le ton aux ministres\"},{\"@type\":\"BreadcrumbList\",\"@id\":\"https:\/\/www.africa-press.net\/madagascar\/politique\/programme-general-de-letat-andry-rajoelina-donne-le-ton-aux-ministres#breadcrumb\",\"itemListElement\":[{\"@type\":\"ListItem\",\"position\":1,\"name\":\"Accueil\",\"item\":\"https:\/\/www.africa-press.net\/madagascar\/\"},{\"@type\":\"ListItem\",\"position\":2,\"name\":\"PROGRAMME G\u00c9N\u00c9RAL DE L\u2019\u00c9TAT &#8211; Andry Rajoelina donne le ton aux ministres\"}]},{\"@type\":\"WebSite\",\"@id\":\"https:\/\/www.africa-press.net\/madagascar\/#website\",\"url\":\"https:\/\/www.africa-press.net\/madagascar\/\",\"name\":\"Madagascar\",\"description\":\"Just another Africa News Agency Sites site\",\"potentialAction\":[{\"@type\":\"SearchAction\",\"target\":{\"@type\":\"EntryPoint\",\"urlTemplate\":\"https:\/\/www.africa-press.net\/madagascar\/?s={search_term_string}\"},\"query-input\":{\"@type\":\"PropertyValueSpecification\",\"valueRequired\":true,\"valueName\":\"search_term_string\"}}],\"inLanguage\":\"fr-FR\"},{\"@type\":\"Person\",\"@id\":\"https:\/\/www.africa-press.net\/madagascar\/#\/schema\/person\/2b1cf3cd81a31e3cd26889ca66d677f1\",\"name\":\"cfeditorfr\"}]}<\/script>\n<!-- \/ Yoast SEO Premium plugin. -->","yoast_head_json":{"title":"PROGRAMME G\u00c9N\u00c9RAL DE L\u2019\u00c9TAT - Andry Rajoelina donne le ton aux ministres - Madagascar","description":"Le premier Conseil des ministres avec la nouvelle e\u0301quipe gouvernementale s\u2019est tenu, hier, au Palais d\u2019E\u0301tat d\u2019Iavoloha ...","robots":{"index":"index","follow":"follow","max-snippet":"max-snippet:-1","max-image-preview":"max-image-preview:large","max-video-preview":"max-video-preview:-1"},"canonical":"https:\/\/www.africa-press.net\/madagascar\/politique\/programme-general-de-letat-andry-rajoelina-donne-le-ton-aux-ministres","og_locale":"fr_FR","og_type":"article","og_title":"PROGRAMME G\u00c9N\u00c9RAL DE L\u2019\u00c9TAT - Andry Rajoelina donne le ton aux ministres","og_description":"Le premier Conseil des ministres avec la nouvelle e\u0301quipe gouvernementale s\u2019est tenu, hier, au Palais d\u2019E\u0301tat d\u2019Iavoloha ...","og_url":"https:\/\/www.africa-press.net\/madagascar\/politique\/programme-general-de-letat-andry-rajoelina-donne-le-ton-aux-ministres","og_site_name":"Madagascar","article_published_time":"2024-01-18T15:04:45+00:00","article_modified_time":"2024-01-18T16:24:14+00:00","og_image":[{"width":903,"height":593,"url":"https:\/\/static.africa-press.net\/madagascar\/sites\/56\/2024\/01\/sm_1705578741.854056.jpg","type":"image\/jpeg"}],"author":"cfeditorfr","twitter_card":"summary_large_image","twitter_misc":{"\u00c9crit par":"cfeditorfr","Dur\u00e9e de lecture estim\u00e9e":"5 minutes"},"schema":{"@context":"https:\/\/schema.org","@graph":[{"@type":"Article","@id":"https:\/\/www.africa-press.net\/madagascar\/politique\/programme-general-de-letat-andry-rajoelina-donne-le-ton-aux-ministres#article","isPartOf":{"@id":"https:\/\/www.africa-press.net\/madagascar\/politique\/programme-general-de-letat-andry-rajoelina-donne-le-ton-aux-ministres"},"author":{"name":"cfeditorfr","@id":"https:\/\/www.africa-press.net\/madagascar\/#\/schema\/person\/2b1cf3cd81a31e3cd26889ca66d677f1"},"headline":"PROGRAMME G\u00c9N\u00c9RAL DE L\u2019\u00c9TAT &#8211; Andry Rajoelina donne le ton aux ministres","datePublished":"2024-01-18T15:04:45+00:00","dateModified":"2024-01-18T16:24:14+00:00","mainEntityOfPage":{"@id":"https:\/\/www.africa-press.net\/madagascar\/politique\/programme-general-de-letat-andry-rajoelina-donne-le-ton-aux-ministres"},"wordCount":930,"commentCount":0,"image":{"@id":"https:\/\/www.africa-press.net\/madagascar\/politique\/programme-general-de-letat-andry-rajoelina-donne-le-ton-aux-ministres#primaryimage"},"thumbnailUrl":"https:\/\/static.africa-press.net\/madagascar\/sites\/56\/2024\/01\/sm_1705578741.854056.jpg","keywords":["Africa Press","Africa Press-Madagascar","Madagascar"],"articleSection":["Politique","Top Nouvelles","Toutes les actualit\u00e9s"],"inLanguage":"fr-FR","potentialAction":[{"@type":"CommentAction","name":"Comment","target":["https:\/\/www.africa-press.net\/madagascar\/politique\/programme-general-de-letat-andry-rajoelina-donne-le-ton-aux-ministres#respond"]}]},{"@type":"WebPage","@id":"https:\/\/www.africa-press.net\/madagascar\/politique\/programme-general-de-letat-andry-rajoelina-donne-le-ton-aux-ministres","url":"https:\/\/www.africa-press.net\/madagascar\/politique\/programme-general-de-letat-andry-rajoelina-donne-le-ton-aux-ministres","name":"PROGRAMME G\u00c9N\u00c9RAL DE L\u2019\u00c9TAT - Andry Rajoelina donne le ton aux ministres - Madagascar","isPartOf":{"@id":"https:\/\/www.africa-press.net\/madagascar\/#website"},"primaryImageOfPage":{"@id":"https:\/\/www.africa-press.net\/madagascar\/politique\/programme-general-de-letat-andry-rajoelina-donne-le-ton-aux-ministres#primaryimage"},"image":{"@id":"https:\/\/www.africa-press.net\/madagascar\/politique\/programme-general-de-letat-andry-rajoelina-donne-le-ton-aux-ministres#primaryimage"},"thumbnailUrl":"https:\/\/static.africa-press.net\/madagascar\/sites\/56\/2024\/01\/sm_1705578741.854056.jpg","datePublished":"2024-01-18T15:04:45+00:00","dateModified":"2024-01-18T16:24:14+00:00","author":{"@id":"https:\/\/www.africa-press.net\/madagascar\/#\/schema\/person\/2b1cf3cd81a31e3cd26889ca66d677f1"},"description":"Le premier Conseil des ministres avec la nouvelle e\u0301quipe gouvernementale s\u2019est tenu, hier, au Palais d\u2019E\u0301tat d\u2019Iavoloha ...","breadcrumb":{"@id":"https:\/\/www.africa-press.net\/madagascar\/politique\/programme-general-de-letat-andry-rajoelina-donne-le-ton-aux-ministres#breadcrumb"},"inLanguage":"fr-FR","potentialAction":[{"@type":"ReadAction","target":["https:\/\/www.africa-press.net\/madagascar\/politique\/programme-general-de-letat-andry-rajoelina-donne-le-ton-aux-ministres"]}]},{"@type":"ImageObject","inLanguage":"fr-FR","@id":"https:\/\/www.africa-press.net\/madagascar\/politique\/programme-general-de-letat-andry-rajoelina-donne-le-ton-aux-ministres#primaryimage","url":"https:\/\/static.africa-press.net\/madagascar\/sites\/56\/2024\/01\/sm_1705578741.854056.jpg","contentUrl":"https:\/\/static.africa-press.net\/madagascar\/sites\/56\/2024\/01\/sm_1705578741.854056.jpg","width":903,"height":593,"caption":"PROGRAMME G\u00c9N\u00c9RAL DE L\u2019\u00c9TAT - Andry Rajoelina donne le ton aux ministres"},{"@type":"BreadcrumbList","@id":"https:\/\/www.africa-press.net\/madagascar\/politique\/programme-general-de-letat-andry-rajoelina-donne-le-ton-aux-ministres#breadcrumb","itemListElement":[{"@type":"ListItem","position":1,"name":"Accueil","item":"https:\/\/www.africa-press.net\/madagascar\/"},{"@type":"ListItem","position":2,"name":"PROGRAMME G\u00c9N\u00c9RAL DE L\u2019\u00c9TAT &#8211; Andry Rajoelina donne le ton aux ministres"}]},{"@type":"WebSite","@id":"https:\/\/www.africa-press.net\/madagascar\/#website","url":"https:\/\/www.africa-press.net\/madagascar\/","name":"Madagascar","description":"Just another Africa News Agency Sites site","potentialAction":[{"@type":"SearchAction","target":{"@type":"EntryPoint","urlTemplate":"https:\/\/www.africa-press.net\/madagascar\/?s={search_term_string}"},"query-input":{"@type":"PropertyValueSpecification","valueRequired":true,"valueName":"search_term_string"}}],"inLanguage":"fr-FR"},{"@type":"Person","@id":"https:\/\/www.africa-press.net\/madagascar\/#\/schema\/person\/2b1cf3cd81a31e3cd26889ca66d677f1","name":"cfeditorfr"}]}},"_links":{"self":[{"href":"https:\/\/www.africa-press.net\/madagascar\/wp-json\/wp\/v2\/posts\/24148","targetHints":{"allow":["GET"]}}],"collection":[{"href":"https:\/\/www.africa-press.net\/madagascar\/wp-json\/wp\/v2\/posts"}],"about":[{"href":"https:\/\/www.africa-press.net\/madagascar\/wp-json\/wp\/v2\/types\/post"}],"author":[{"embeddable":true,"href":"https:\/\/www.africa-press.net\/madagascar\/wp-json\/wp\/v2\/users\/82"}],"replies":[{"embeddable":true,"href":"https:\/\/www.africa-press.net\/madagascar\/wp-json\/wp\/v2\/comments?post=24148"}],"version-history":[{"count":0,"href":"https:\/\/www.africa-press.net\/madagascar\/wp-json\/wp\/v2\/posts\/24148\/revisions"}],"wp:featuredmedia":[{"embeddable":true,"href":"https:\/\/www.africa-press.net\/madagascar\/wp-json\/wp\/v2\/media\/24147"}],"wp:attachment":[{"href":"https:\/\/www.africa-press.net\/madagascar\/wp-json\/wp\/v2\/media?parent=24148"}],"wp:term":[{"taxonomy":"category","embeddable":true,"href":"https:\/\/www.africa-press.net\/madagascar\/wp-json\/wp\/v2\/categories?post=24148"},{"taxonomy":"post_tag","embeddable":true,"href":"https:\/\/www.africa-press.net\/madagascar\/wp-json\/wp\/v2\/tags?post=24148"}],"curies":[{"name":"wp","href":"https:\/\/api.w.org\/{rel}","templated":true}]}}