{"id":24191,"date":"2024-01-20T10:33:50","date_gmt":"2024-01-20T10:33:50","guid":{"rendered":"https:\/\/www.africa-press.net\/madagascar\/politique\/cabinet-ministeriel-quid-du-secretariat-detat-charge-des-nouvelles-villes"},"modified":"2024-01-20T12:17:43","modified_gmt":"2024-01-20T12:17:43","slug":"cabinet-ministeriel-quid-du-secretariat-detat-charge-des-nouvelles-villes","status":"publish","type":"post","link":"https:\/\/www.africa-press.net\/madagascar\/dossiers\/cabinet-ministeriel-quid-du-secretariat-detat-charge-des-nouvelles-villes","title":{"rendered":"CABINET MINIST\u00c9RIEL &#8211; Quid du secr\u00e9tariat d\u2019\u00c9tat charg\u00e9 des nouvelles villes ?"},"content":{"rendered":"<p><b>Garry Fabrice Ranaivoson<br \/>\n<\/b><\/p>\n<p><span style=\"color: #ff6600\"><strong>Africa-Press &#8211; Madagascar. <\/strong><\/span>Les affaires courantes. C\u2019est ce a\u0300 quoi est confine\u0301 le secre\u0301tariat d\u2019E\u0301tat aupre\u0300s de la pre\u0301sidence de la Re\u0301publique charge\u0301 des nouvelles villes et de l\u2019habitat, jusqu\u2019a\u0300 nouvel ordre.<\/p>\n<p>Ce de\u0301partement ne figure pas, en effet, dans l\u2019organigramme du nouveau cabinet de Christian Ntsay, Premier ministre, pre\u0301sente\u0301, dimanche. A\u0300 s\u2019en tenir au discours de Andry Rajoelina, pre\u0301sident de la Re\u0301publique, lors de cette ce\u0301re\u0301monie qui s\u2019est tenue au Palais d\u2019E\u0301tat d\u2019Iavoloha, l\u2019entite\u0301 charge\u0301e des nouvelles villes et de l\u2019habitat n\u2019est pas non plus dans la liste des neuf secre\u0301tariats d\u2019E\u0301tat dont les titulaires du poste seront nomme\u0301s dans les jours a\u0300 venir.<\/p>\n<p>\u201cLa consigne est de poursuivre le travail jusqu\u2019a\u0300 nouvel ordre. Aussi, le secre\u0301tariat d\u2019E\u0301tat se charge des affaires courantes\u201d, confie une source avise\u0301e. Depuis l\u2019entre\u0301e en sce\u0300ne de la nouvelle e\u0301quipe gouvernementale, le secre\u0301tariat d\u2019E\u0301tat aupre\u0300s de la pre\u0301sidence charge\u0301 des nouvelles villes et de l\u2019habitat se trouve dans une situation particulie\u0300re. Ge\u0301rard Andriamanohisoa, qui est a\u0300 sa te\u0302te, n\u2019a pas e\u0301te\u0301 reconduit a\u0300 son poste.<\/p>\n<p><b>Affectation<\/b><\/p>\n<p>Le de\u0301cret de nomination du nouveau gouvernement abroge aussi celui qui a institue\u0301 la pre\u0301ce\u0301dente e\u0301quipe. En principe donc, le secre\u0301tariat d\u2019E\u0301tat charge\u0301 des nouvelles villes et de l\u2019habitat est officiellement hors-jeu. Pour l\u2019heure, cependant, il n\u2019y aurait pas d\u2019affectation de ses directions et services a\u0300 d\u2019autres de\u0301partements ministe\u0301riels.<\/p>\n<p>Ce secre\u0301tariat d\u2019E\u0301tat s\u2019est charge\u0301 des projets pre\u0301sidentiels comme la ligne de te\u0301le\u0301phe\u0301rique d\u2019Antananarivo, ou encore du projet Miami, a\u0300 Toamasina. Il y a aussi les projets d\u2019habitations comme le Lake Village a\u0300 Ivato. Son plus grand challenge est le projet de nouvelle ville Tana Masoandro. Toutefois, sa mise en \u0153uvre patine, vraisemblablement. Il est probable qu\u2019au final, les attributions et projets sous la houlette dudit secre\u0301tariat d\u2019E\u0301tat seront affecte\u0301s a\u0300 d\u2019autres ministe\u0300res.<\/p>\n<p>Le ministe\u0300re de l\u2019Ame\u0301nagement du territoire et de la de\u0301centralisation, pourrait reprendre les projets d\u2019habitation et d\u2019ame\u0301nagement comme le projet Miami. La finalisation de la construction du te\u0301le\u0301phe\u0301rique pourrait revenir au ministe\u0300re des Transports et de la me\u0301te\u0301orologie. Une partie des attributions du secre\u0301tariat d\u2019E\u0301tat charge\u0301 des nouvelles villes et de l\u2019habitat pourrait revenir a\u0300 un nouveau secre\u0301tariat d\u2019E\u0301tat aupre\u0300s de la pre\u0301sidence.<\/p>\n<p>Dans son discours, dimanche, Andry Rajoelina a annonce\u0301 la cre\u0301ation d\u2019un secre\u0301tariat d\u2019E\u0301tat aupre\u0300s de la pre\u0301sidence de la Re\u0301publique charge\u0301 de la lutte contre la pauvrete\u0301 et de l\u2019insertion sociale. C\u2019est ce de\u0301partement qui coordonnera le projet \u201cAnkohonana Miarina\u201d. Il consiste a\u0300 octroyer des formations en agriculture et e\u0301levage. Pour un final, pour les plus assidues, avoir acce\u0300s a\u0300 un terrain avec une habitation qui sera installe\u0301 dans une nouvelle ville.<\/p>\n<p><b>Source: L&rsquo;Express de Madagascar<\/b><\/p>\n<p><strong>Pour plus d&rsquo;informations et d&rsquo;analyses sur la <a href=\"https:\/\/www.africa-press.net\/madagascar\">Madagascar<\/a>, suivez <a href=\"https:\/\/www.africa-press.net\/\">Africa-Press<\/a><\/strong><\/p>\n","protected":false},"excerpt":{"rendered":"<p>Garry Fabrice Ranaivoson Africa-Press &#8211; Madagascar. Les affaires courantes. C\u2019est ce a\u0300 quoi est confine\u0301 le secre\u0301tariat d\u2019E\u0301tat aupre\u0300s de la pre\u0301sidence de la Re\u0301publique charge\u0301 des nouvelles villes et de l\u2019habitat, jusqu\u2019a\u0300 nouvel ordre. Ce de\u0301partement ne figure pas, en effet, dans l\u2019organigramme du nouveau cabinet de Christian Ntsay, Premier ministre, pre\u0301sente\u0301, dimanche. A\u0300 [&hellip;]<\/p>\n","protected":false},"author":82,"featured_media":24190,"comment_status":"open","ping_status":"closed","sticky":false,"template":"","format":"standard","meta":{"footnotes":""},"categories":[7,10],"tags":[36,50,49],"class_list":["post-24191","post","type-post","status-publish","format-standard","has-post-thumbnail","hentry","category-dossiers","category-toutes-les-actualites","tag-africa-press","tag-africa-press-madagascar","tag-madagascar"],"yoast_head":"<!-- This site is optimized with the Yoast SEO Premium plugin v26.1 (Yoast SEO v27.0) - https:\/\/yoast.com\/product\/yoast-seo-premium-wordpress\/ -->\n<title>CABINET MINIST\u00c9RIEL - Quid du secr\u00e9tariat d\u2019\u00c9tat charg\u00e9 des nouvelles villes ? - Madagascar<\/title>\n<meta name=\"description\" content=\"Les affaires courantes. C\u2019est ce a\u0300 quoi est confine\u0301 le secre\u0301tariat d\u2019E\u0301tat aupre\u0300s de la pre\u0301sidence de la Re\u0301publiqu ...\" \/>\n<meta name=\"robots\" content=\"index, follow, max-snippet:-1, max-image-preview:large, max-video-preview:-1\" \/>\n<link rel=\"canonical\" href=\"https:\/\/www.africa-press.net\/madagascar\/dossiers\/cabinet-ministeriel-quid-du-secretariat-detat-charge-des-nouvelles-villes\" \/>\n<meta property=\"og:locale\" content=\"fr_FR\" \/>\n<meta property=\"og:type\" content=\"article\" \/>\n<meta property=\"og:title\" content=\"CABINET MINIST\u00c9RIEL - Quid du secr\u00e9tariat d\u2019\u00c9tat charg\u00e9 des nouvelles villes ?\" \/>\n<meta property=\"og:description\" content=\"Les affaires courantes. C\u2019est ce a\u0300 quoi est confine\u0301 le secre\u0301tariat d\u2019E\u0301tat aupre\u0300s de la pre\u0301sidence de la Re\u0301publiqu ...\" \/>\n<meta property=\"og:url\" content=\"https:\/\/www.africa-press.net\/madagascar\/dossiers\/cabinet-ministeriel-quid-du-secretariat-detat-charge-des-nouvelles-villes\" \/>\n<meta property=\"og:site_name\" content=\"Madagascar\" \/>\n<meta property=\"article:published_time\" content=\"2024-01-20T10:33:50+00:00\" \/>\n<meta property=\"article:modified_time\" content=\"2024-01-20T12:17:43+00:00\" \/>\n<meta property=\"og:image\" content=\"https:\/\/static.africa-press.net\/madagascar\/sites\/56\/2024\/01\/sm_1705736672.784372.jpg\" \/>\n\t<meta property=\"og:image:width\" content=\"900\" \/>\n\t<meta property=\"og:image:height\" content=\"455\" \/>\n\t<meta property=\"og:image:type\" content=\"image\/jpeg\" \/>\n<meta name=\"author\" content=\"cfeditorfr\" \/>\n<meta name=\"twitter:card\" content=\"summary_large_image\" \/>\n<meta name=\"twitter:label1\" content=\"\u00c9crit par\" \/>\n\t<meta name=\"twitter:data1\" content=\"cfeditorfr\" \/>\n\t<meta name=\"twitter:label2\" content=\"Dur\u00e9e de lecture estim\u00e9e\" \/>\n\t<meta name=\"twitter:data2\" content=\"3 minutes\" \/>\n<script type=\"application\/ld+json\" class=\"yoast-schema-graph\">{\"@context\":\"https:\/\/schema.org\",\"@graph\":[{\"@type\":\"Article\",\"@id\":\"https:\/\/www.africa-press.net\/madagascar\/dossiers\/cabinet-ministeriel-quid-du-secretariat-detat-charge-des-nouvelles-villes#article\",\"isPartOf\":{\"@id\":\"https:\/\/www.africa-press.net\/madagascar\/dossiers\/cabinet-ministeriel-quid-du-secretariat-detat-charge-des-nouvelles-villes\"},\"author\":{\"name\":\"cfeditorfr\",\"@id\":\"https:\/\/www.africa-press.net\/madagascar\/#\/schema\/person\/2b1cf3cd81a31e3cd26889ca66d677f1\"},\"headline\":\"CABINET MINIST\u00c9RIEL &#8211; Quid du secr\u00e9tariat d\u2019\u00c9tat charg\u00e9 des nouvelles villes ?\",\"datePublished\":\"2024-01-20T10:33:50+00:00\",\"dateModified\":\"2024-01-20T12:17:43+00:00\",\"mainEntityOfPage\":{\"@id\":\"https:\/\/www.africa-press.net\/madagascar\/dossiers\/cabinet-ministeriel-quid-du-secretariat-detat-charge-des-nouvelles-villes\"},\"wordCount\":578,\"commentCount\":0,\"image\":{\"@id\":\"https:\/\/www.africa-press.net\/madagascar\/dossiers\/cabinet-ministeriel-quid-du-secretariat-detat-charge-des-nouvelles-villes#primaryimage\"},\"thumbnailUrl\":\"https:\/\/static.africa-press.net\/madagascar\/sites\/56\/2024\/01\/sm_1705736672.784372.jpg\",\"keywords\":[\"Africa Press\",\"Africa Press-Madagascar\",\"Madagascar\"],\"articleSection\":[\"Dossiers\",\"Toutes les actualit\u00e9s\"],\"inLanguage\":\"fr-FR\",\"potentialAction\":[{\"@type\":\"CommentAction\",\"name\":\"Comment\",\"target\":[\"https:\/\/www.africa-press.net\/madagascar\/dossiers\/cabinet-ministeriel-quid-du-secretariat-detat-charge-des-nouvelles-villes#respond\"]}]},{\"@type\":\"WebPage\",\"@id\":\"https:\/\/www.africa-press.net\/madagascar\/dossiers\/cabinet-ministeriel-quid-du-secretariat-detat-charge-des-nouvelles-villes\",\"url\":\"https:\/\/www.africa-press.net\/madagascar\/dossiers\/cabinet-ministeriel-quid-du-secretariat-detat-charge-des-nouvelles-villes\",\"name\":\"CABINET MINIST\u00c9RIEL - Quid du secr\u00e9tariat d\u2019\u00c9tat charg\u00e9 des nouvelles villes ? - Madagascar\",\"isPartOf\":{\"@id\":\"https:\/\/www.africa-press.net\/madagascar\/#website\"},\"primaryImageOfPage\":{\"@id\":\"https:\/\/www.africa-press.net\/madagascar\/dossiers\/cabinet-ministeriel-quid-du-secretariat-detat-charge-des-nouvelles-villes#primaryimage\"},\"image\":{\"@id\":\"https:\/\/www.africa-press.net\/madagascar\/dossiers\/cabinet-ministeriel-quid-du-secretariat-detat-charge-des-nouvelles-villes#primaryimage\"},\"thumbnailUrl\":\"https:\/\/static.africa-press.net\/madagascar\/sites\/56\/2024\/01\/sm_1705736672.784372.jpg\",\"datePublished\":\"2024-01-20T10:33:50+00:00\",\"dateModified\":\"2024-01-20T12:17:43+00:00\",\"author\":{\"@id\":\"https:\/\/www.africa-press.net\/madagascar\/#\/schema\/person\/2b1cf3cd81a31e3cd26889ca66d677f1\"},\"description\":\"Les affaires courantes. C\u2019est ce a\u0300 quoi est confine\u0301 le secre\u0301tariat d\u2019E\u0301tat aupre\u0300s de la pre\u0301sidence de la Re\u0301publiqu ...\",\"breadcrumb\":{\"@id\":\"https:\/\/www.africa-press.net\/madagascar\/dossiers\/cabinet-ministeriel-quid-du-secretariat-detat-charge-des-nouvelles-villes#breadcrumb\"},\"inLanguage\":\"fr-FR\",\"potentialAction\":[{\"@type\":\"ReadAction\",\"target\":[\"https:\/\/www.africa-press.net\/madagascar\/dossiers\/cabinet-ministeriel-quid-du-secretariat-detat-charge-des-nouvelles-villes\"]}]},{\"@type\":\"ImageObject\",\"inLanguage\":\"fr-FR\",\"@id\":\"https:\/\/www.africa-press.net\/madagascar\/dossiers\/cabinet-ministeriel-quid-du-secretariat-detat-charge-des-nouvelles-villes#primaryimage\",\"url\":\"https:\/\/static.africa-press.net\/madagascar\/sites\/56\/2024\/01\/sm_1705736672.784372.jpg\",\"contentUrl\":\"https:\/\/static.africa-press.net\/madagascar\/sites\/56\/2024\/01\/sm_1705736672.784372.jpg\",\"width\":900,\"height\":455,\"caption\":\"CABINET MINIST\u00c9RIEL - Quid du secr\u00e9tariat d\u2019\u00c9tat charg\u00e9 des nouvelles villes ?\"},{\"@type\":\"BreadcrumbList\",\"@id\":\"https:\/\/www.africa-press.net\/madagascar\/dossiers\/cabinet-ministeriel-quid-du-secretariat-detat-charge-des-nouvelles-villes#breadcrumb\",\"itemListElement\":[{\"@type\":\"ListItem\",\"position\":1,\"name\":\"Accueil\",\"item\":\"https:\/\/www.africa-press.net\/madagascar\/\"},{\"@type\":\"ListItem\",\"position\":2,\"name\":\"CABINET MINIST\u00c9RIEL &#8211; Quid du secr\u00e9tariat d\u2019\u00c9tat charg\u00e9 des nouvelles villes ?\"}]},{\"@type\":\"WebSite\",\"@id\":\"https:\/\/www.africa-press.net\/madagascar\/#website\",\"url\":\"https:\/\/www.africa-press.net\/madagascar\/\",\"name\":\"Madagascar\",\"description\":\"Just another Africa News Agency Sites site\",\"potentialAction\":[{\"@type\":\"SearchAction\",\"target\":{\"@type\":\"EntryPoint\",\"urlTemplate\":\"https:\/\/www.africa-press.net\/madagascar\/?s={search_term_string}\"},\"query-input\":{\"@type\":\"PropertyValueSpecification\",\"valueRequired\":true,\"valueName\":\"search_term_string\"}}],\"inLanguage\":\"fr-FR\"},{\"@type\":\"Person\",\"@id\":\"https:\/\/www.africa-press.net\/madagascar\/#\/schema\/person\/2b1cf3cd81a31e3cd26889ca66d677f1\",\"name\":\"cfeditorfr\"}]}<\/script>\n<!-- \/ Yoast SEO Premium plugin. -->","yoast_head_json":{"title":"CABINET MINIST\u00c9RIEL - Quid du secr\u00e9tariat d\u2019\u00c9tat charg\u00e9 des nouvelles villes ? - Madagascar","description":"Les affaires courantes. C\u2019est ce a\u0300 quoi est confine\u0301 le secre\u0301tariat d\u2019E\u0301tat aupre\u0300s de la pre\u0301sidence de la Re\u0301publiqu ...","robots":{"index":"index","follow":"follow","max-snippet":"max-snippet:-1","max-image-preview":"max-image-preview:large","max-video-preview":"max-video-preview:-1"},"canonical":"https:\/\/www.africa-press.net\/madagascar\/dossiers\/cabinet-ministeriel-quid-du-secretariat-detat-charge-des-nouvelles-villes","og_locale":"fr_FR","og_type":"article","og_title":"CABINET MINIST\u00c9RIEL - Quid du secr\u00e9tariat d\u2019\u00c9tat charg\u00e9 des nouvelles villes ?","og_description":"Les affaires courantes. C\u2019est ce a\u0300 quoi est confine\u0301 le secre\u0301tariat d\u2019E\u0301tat aupre\u0300s de la pre\u0301sidence de la Re\u0301publiqu ...","og_url":"https:\/\/www.africa-press.net\/madagascar\/dossiers\/cabinet-ministeriel-quid-du-secretariat-detat-charge-des-nouvelles-villes","og_site_name":"Madagascar","article_published_time":"2024-01-20T10:33:50+00:00","article_modified_time":"2024-01-20T12:17:43+00:00","og_image":[{"width":900,"height":455,"url":"https:\/\/static.africa-press.net\/madagascar\/sites\/56\/2024\/01\/sm_1705736672.784372.jpg","type":"image\/jpeg"}],"author":"cfeditorfr","twitter_card":"summary_large_image","twitter_misc":{"\u00c9crit par":"cfeditorfr","Dur\u00e9e de lecture estim\u00e9e":"3 minutes"},"schema":{"@context":"https:\/\/schema.org","@graph":[{"@type":"Article","@id":"https:\/\/www.africa-press.net\/madagascar\/dossiers\/cabinet-ministeriel-quid-du-secretariat-detat-charge-des-nouvelles-villes#article","isPartOf":{"@id":"https:\/\/www.africa-press.net\/madagascar\/dossiers\/cabinet-ministeriel-quid-du-secretariat-detat-charge-des-nouvelles-villes"},"author":{"name":"cfeditorfr","@id":"https:\/\/www.africa-press.net\/madagascar\/#\/schema\/person\/2b1cf3cd81a31e3cd26889ca66d677f1"},"headline":"CABINET MINIST\u00c9RIEL &#8211; Quid du secr\u00e9tariat d\u2019\u00c9tat charg\u00e9 des nouvelles villes ?","datePublished":"2024-01-20T10:33:50+00:00","dateModified":"2024-01-20T12:17:43+00:00","mainEntityOfPage":{"@id":"https:\/\/www.africa-press.net\/madagascar\/dossiers\/cabinet-ministeriel-quid-du-secretariat-detat-charge-des-nouvelles-villes"},"wordCount":578,"commentCount":0,"image":{"@id":"https:\/\/www.africa-press.net\/madagascar\/dossiers\/cabinet-ministeriel-quid-du-secretariat-detat-charge-des-nouvelles-villes#primaryimage"},"thumbnailUrl":"https:\/\/static.africa-press.net\/madagascar\/sites\/56\/2024\/01\/sm_1705736672.784372.jpg","keywords":["Africa Press","Africa Press-Madagascar","Madagascar"],"articleSection":["Dossiers","Toutes les actualit\u00e9s"],"inLanguage":"fr-FR","potentialAction":[{"@type":"CommentAction","name":"Comment","target":["https:\/\/www.africa-press.net\/madagascar\/dossiers\/cabinet-ministeriel-quid-du-secretariat-detat-charge-des-nouvelles-villes#respond"]}]},{"@type":"WebPage","@id":"https:\/\/www.africa-press.net\/madagascar\/dossiers\/cabinet-ministeriel-quid-du-secretariat-detat-charge-des-nouvelles-villes","url":"https:\/\/www.africa-press.net\/madagascar\/dossiers\/cabinet-ministeriel-quid-du-secretariat-detat-charge-des-nouvelles-villes","name":"CABINET MINIST\u00c9RIEL - Quid du secr\u00e9tariat d\u2019\u00c9tat charg\u00e9 des nouvelles villes ? - Madagascar","isPartOf":{"@id":"https:\/\/www.africa-press.net\/madagascar\/#website"},"primaryImageOfPage":{"@id":"https:\/\/www.africa-press.net\/madagascar\/dossiers\/cabinet-ministeriel-quid-du-secretariat-detat-charge-des-nouvelles-villes#primaryimage"},"image":{"@id":"https:\/\/www.africa-press.net\/madagascar\/dossiers\/cabinet-ministeriel-quid-du-secretariat-detat-charge-des-nouvelles-villes#primaryimage"},"thumbnailUrl":"https:\/\/static.africa-press.net\/madagascar\/sites\/56\/2024\/01\/sm_1705736672.784372.jpg","datePublished":"2024-01-20T10:33:50+00:00","dateModified":"2024-01-20T12:17:43+00:00","author":{"@id":"https:\/\/www.africa-press.net\/madagascar\/#\/schema\/person\/2b1cf3cd81a31e3cd26889ca66d677f1"},"description":"Les affaires courantes. C\u2019est ce a\u0300 quoi est confine\u0301 le secre\u0301tariat d\u2019E\u0301tat aupre\u0300s de la pre\u0301sidence de la Re\u0301publiqu ...","breadcrumb":{"@id":"https:\/\/www.africa-press.net\/madagascar\/dossiers\/cabinet-ministeriel-quid-du-secretariat-detat-charge-des-nouvelles-villes#breadcrumb"},"inLanguage":"fr-FR","potentialAction":[{"@type":"ReadAction","target":["https:\/\/www.africa-press.net\/madagascar\/dossiers\/cabinet-ministeriel-quid-du-secretariat-detat-charge-des-nouvelles-villes"]}]},{"@type":"ImageObject","inLanguage":"fr-FR","@id":"https:\/\/www.africa-press.net\/madagascar\/dossiers\/cabinet-ministeriel-quid-du-secretariat-detat-charge-des-nouvelles-villes#primaryimage","url":"https:\/\/static.africa-press.net\/madagascar\/sites\/56\/2024\/01\/sm_1705736672.784372.jpg","contentUrl":"https:\/\/static.africa-press.net\/madagascar\/sites\/56\/2024\/01\/sm_1705736672.784372.jpg","width":900,"height":455,"caption":"CABINET MINIST\u00c9RIEL - Quid du secr\u00e9tariat d\u2019\u00c9tat charg\u00e9 des nouvelles villes ?"},{"@type":"BreadcrumbList","@id":"https:\/\/www.africa-press.net\/madagascar\/dossiers\/cabinet-ministeriel-quid-du-secretariat-detat-charge-des-nouvelles-villes#breadcrumb","itemListElement":[{"@type":"ListItem","position":1,"name":"Accueil","item":"https:\/\/www.africa-press.net\/madagascar\/"},{"@type":"ListItem","position":2,"name":"CABINET MINIST\u00c9RIEL &#8211; Quid du secr\u00e9tariat d\u2019\u00c9tat charg\u00e9 des nouvelles villes ?"}]},{"@type":"WebSite","@id":"https:\/\/www.africa-press.net\/madagascar\/#website","url":"https:\/\/www.africa-press.net\/madagascar\/","name":"Madagascar","description":"Just another Africa News Agency Sites site","potentialAction":[{"@type":"SearchAction","target":{"@type":"EntryPoint","urlTemplate":"https:\/\/www.africa-press.net\/madagascar\/?s={search_term_string}"},"query-input":{"@type":"PropertyValueSpecification","valueRequired":true,"valueName":"search_term_string"}}],"inLanguage":"fr-FR"},{"@type":"Person","@id":"https:\/\/www.africa-press.net\/madagascar\/#\/schema\/person\/2b1cf3cd81a31e3cd26889ca66d677f1","name":"cfeditorfr"}]}},"_links":{"self":[{"href":"https:\/\/www.africa-press.net\/madagascar\/wp-json\/wp\/v2\/posts\/24191","targetHints":{"allow":["GET"]}}],"collection":[{"href":"https:\/\/www.africa-press.net\/madagascar\/wp-json\/wp\/v2\/posts"}],"about":[{"href":"https:\/\/www.africa-press.net\/madagascar\/wp-json\/wp\/v2\/types\/post"}],"author":[{"embeddable":true,"href":"https:\/\/www.africa-press.net\/madagascar\/wp-json\/wp\/v2\/users\/82"}],"replies":[{"embeddable":true,"href":"https:\/\/www.africa-press.net\/madagascar\/wp-json\/wp\/v2\/comments?post=24191"}],"version-history":[{"count":0,"href":"https:\/\/www.africa-press.net\/madagascar\/wp-json\/wp\/v2\/posts\/24191\/revisions"}],"wp:featuredmedia":[{"embeddable":true,"href":"https:\/\/www.africa-press.net\/madagascar\/wp-json\/wp\/v2\/media\/24190"}],"wp:attachment":[{"href":"https:\/\/www.africa-press.net\/madagascar\/wp-json\/wp\/v2\/media?parent=24191"}],"wp:term":[{"taxonomy":"category","embeddable":true,"href":"https:\/\/www.africa-press.net\/madagascar\/wp-json\/wp\/v2\/categories?post=24191"},{"taxonomy":"post_tag","embeddable":true,"href":"https:\/\/www.africa-press.net\/madagascar\/wp-json\/wp\/v2\/tags?post=24191"}],"curies":[{"name":"wp","href":"https:\/\/api.w.org\/{rel}","templated":true}]}}