{"id":24193,"date":"2024-01-20T10:45:05","date_gmt":"2024-01-20T10:45:05","guid":{"rendered":"https:\/\/www.africa-press.net\/madagascar\/politique\/legislatives-le-collectif-des-candidats-reve-de-la-majorite"},"modified":"2024-01-20T12:18:37","modified_gmt":"2024-01-20T12:18:37","slug":"legislatives-le-collectif-des-candidats-reve-de-la-majorite","status":"publish","type":"post","link":"https:\/\/www.africa-press.net\/madagascar\/politique\/legislatives-le-collectif-des-candidats-reve-de-la-majorite","title":{"rendered":"L\u00c9GISLATIVES &#8211; Le collectif des candidats r\u00eave de la majorit\u00e9"},"content":{"rendered":"<p><span style=\"color: #ff6600\"><strong>Africa-Press &#8211; Madagascar. <\/strong><\/span>A\u0300 l\u2019approche des prochaines e\u0301lections, l\u2019opposition commence les pre\u0301paratifs. Todisoa Andriamampandry annonce la couleur pour la strate\u0301gie du collectif des candidats.<\/p>\n<p>En vue des prochaines e\u0301lections le\u0301gislatives, me\u0302me si aucune date n\u2019a e\u0301te\u0301 fixe\u0301e pour le scrutin, les e\u0301tats-majors politiques commencent de\u0301ja\u0300 les pre\u0301paratifs. L\u2019intention est claire de la part du \u00ab Tiako i Madagasikara \u00bb a\u0300 en croire les dires du de\u0301pute\u0301 e\u0301lu dans le district Tana VI, Todisoa Andriamampandry, hier. Selon lui, il est temps pour les partisans de se mobiliser pour les prochaines le\u0301gislatives afin d\u2019avoir le maximum de sie\u0300ges a\u0300 l\u2019Assemble\u0301e nationale dans le but d\u2019avoir la main mise sur la proposition de Premier ministre comme la loi le stipule.<\/p>\n<p>Cette de\u0301claration confirme l\u2019intention de l\u2019opposition de prendre part aux prochaines e\u0301che\u0301ances e\u0301lectorales. Avec le collectif des candidats qui se re\u0301unit cette semaine, le de\u0301pute\u0301 d\u2019Ambohimanarina de\u0301clare que l\u2019opposition compte s\u2019unir pour les e\u0301lections dites de proximite\u0301. \u00ab On projette en ce moment de se battre a\u0300 l\u2019unisson pour toutes les e\u0301lections a\u0300 venir. Il y aura donc un seul candidat issu du collectif des candidats \u00bb, explique le sociologue.<\/p>\n<p><b>Strate\u0301gie <\/b><\/p>\n<p>Todisoa Andriamampandry de\u0301voile les plans de l\u2019opposition vis-a\u0300-vis de des e\u0301lections. Il explique que la raison est de pouvoir contrer le re\u0301gime qu\u2019il conside\u0300re comme ille\u0301gitime. \u00ab En briguant la majorite\u0301 a\u0300 l\u2019Assemble\u0301e, il sera possible de proce\u0301der a\u0300 une motion d\u2019empe\u0302chement \u00bb, a-t-il soutenu. D\u2019apre\u0300s lui, la lutte n\u2019est pas encore finie et elle ne se terminera que lorsque \u00ab l\u2019E\u0301tat de droit\u00bb sera re\u0301tabli, mais \u00abon fera tout notre possible pour que cela se termine cette anne\u0301e \u00bb, poursuit-il.<\/p>\n<p>Il n\u2019oublie pas non plus de sensibiliser les e\u0301lecteurs a\u0300 ve\u0301rifier leurs noms aupre\u0300s des autorite\u0301s concernant la liste e\u0301lectorale et invite aussi la population a\u0300 e\u0302tre vigilante au moment du scrutin et de scruter ce qui se passe dans chaque bureau de vote. Ne\u0301anmoins, le de\u0301pute\u0301 de Tana VI appelle a\u0300 des changements au niveau de la Haute Cour Constitutionnelle et de la Commission e\u0301lectorale nationale inde\u0301pendante pour avoir plus de transparence par rapport aux traitements des re\u0301sultats.<\/p>\n<p><strong>Pour plus d&rsquo;informations et d&rsquo;analyses sur la <a href=\"https:\/\/www.africa-press.net\/madagascar\">Madagascar<\/a>, suivez <a href=\"https:\/\/www.africa-press.net\/\">Africa-Press<\/a><\/strong><\/p>\n","protected":false},"excerpt":{"rendered":"<p>Africa-Press &#8211; Madagascar. A\u0300 l\u2019approche des prochaines e\u0301lections, l\u2019opposition commence les pre\u0301paratifs. Todisoa Andriamampandry annonce la couleur pour la strate\u0301gie du collectif des candidats. En vue des prochaines e\u0301lections le\u0301gislatives, me\u0302me si aucune date n\u2019a e\u0301te\u0301 fixe\u0301e pour le scrutin, les e\u0301tats-majors politiques commencent de\u0301ja\u0300 les pre\u0301paratifs. L\u2019intention est claire de la part du \u00ab [&hellip;]<\/p>\n","protected":false},"author":82,"featured_media":24192,"comment_status":"open","ping_status":"closed","sticky":false,"template":"","format":"standard","meta":{"footnotes":""},"categories":[2,20,10],"tags":[36,50,49],"class_list":["post-24193","post","type-post","status-publish","format-standard","has-post-thumbnail","hentry","category-politique","category-top-nouvelles","category-toutes-les-actualites","tag-africa-press","tag-africa-press-madagascar","tag-madagascar"],"yoast_head":"<!-- This site is optimized with the Yoast SEO Premium plugin v26.1 (Yoast SEO v27.0) - https:\/\/yoast.com\/product\/yoast-seo-premium-wordpress\/ -->\n<title>L\u00c9GISLATIVES - Le collectif des candidats r\u00eave de la majorit\u00e9 - Madagascar<\/title>\n<meta name=\"description\" content=\"A\u0300 l\u2019approche des prochaines e\u0301lections, l\u2019opposition commence les pre\u0301paratifs. Todisoa Andriamampandry annonce la coul ...\" \/>\n<meta name=\"robots\" content=\"index, follow, max-snippet:-1, max-image-preview:large, max-video-preview:-1\" \/>\n<link rel=\"canonical\" href=\"https:\/\/www.africa-press.net\/madagascar\/politique\/legislatives-le-collectif-des-candidats-reve-de-la-majorite\" \/>\n<meta property=\"og:locale\" content=\"fr_FR\" \/>\n<meta property=\"og:type\" content=\"article\" \/>\n<meta property=\"og:title\" content=\"L\u00c9GISLATIVES - Le collectif des candidats r\u00eave de la majorit\u00e9\" \/>\n<meta property=\"og:description\" content=\"A\u0300 l\u2019approche des prochaines e\u0301lections, l\u2019opposition commence les pre\u0301paratifs. Todisoa Andriamampandry annonce la coul ...\" \/>\n<meta property=\"og:url\" content=\"https:\/\/www.africa-press.net\/madagascar\/politique\/legislatives-le-collectif-des-candidats-reve-de-la-majorite\" \/>\n<meta property=\"og:site_name\" content=\"Madagascar\" \/>\n<meta property=\"article:published_time\" content=\"2024-01-20T10:45:05+00:00\" \/>\n<meta property=\"article:modified_time\" content=\"2024-01-20T12:18:37+00:00\" \/>\n<meta property=\"og:image\" content=\"https:\/\/static.africa-press.net\/madagascar\/sites\/56\/2024\/01\/sm_1705736724.170195.jpg\" \/>\n\t<meta property=\"og:image:width\" content=\"1149\" \/>\n\t<meta property=\"og:image:height\" content=\"637\" \/>\n\t<meta property=\"og:image:type\" content=\"image\/jpeg\" \/>\n<meta name=\"author\" content=\"cfeditorfr\" \/>\n<meta name=\"twitter:card\" content=\"summary_large_image\" \/>\n<meta name=\"twitter:label1\" content=\"\u00c9crit par\" \/>\n\t<meta name=\"twitter:data1\" content=\"cfeditorfr\" \/>\n\t<meta name=\"twitter:label2\" content=\"Dur\u00e9e de lecture estim\u00e9e\" \/>\n\t<meta name=\"twitter:data2\" content=\"2 minutes\" \/>\n<script type=\"application\/ld+json\" class=\"yoast-schema-graph\">{\"@context\":\"https:\/\/schema.org\",\"@graph\":[{\"@type\":\"Article\",\"@id\":\"https:\/\/www.africa-press.net\/madagascar\/politique\/legislatives-le-collectif-des-candidats-reve-de-la-majorite#article\",\"isPartOf\":{\"@id\":\"https:\/\/www.africa-press.net\/madagascar\/politique\/legislatives-le-collectif-des-candidats-reve-de-la-majorite\"},\"author\":{\"name\":\"cfeditorfr\",\"@id\":\"https:\/\/www.africa-press.net\/madagascar\/#\/schema\/person\/2b1cf3cd81a31e3cd26889ca66d677f1\"},\"headline\":\"L\u00c9GISLATIVES &#8211; Le collectif des candidats r\u00eave de la majorit\u00e9\",\"datePublished\":\"2024-01-20T10:45:05+00:00\",\"dateModified\":\"2024-01-20T12:18:37+00:00\",\"mainEntityOfPage\":{\"@id\":\"https:\/\/www.africa-press.net\/madagascar\/politique\/legislatives-le-collectif-des-candidats-reve-de-la-majorite\"},\"wordCount\":435,\"commentCount\":0,\"image\":{\"@id\":\"https:\/\/www.africa-press.net\/madagascar\/politique\/legislatives-le-collectif-des-candidats-reve-de-la-majorite#primaryimage\"},\"thumbnailUrl\":\"https:\/\/static.africa-press.net\/madagascar\/sites\/56\/2024\/01\/sm_1705736724.170195.jpg\",\"keywords\":[\"Africa Press\",\"Africa Press-Madagascar\",\"Madagascar\"],\"articleSection\":[\"Politique\",\"Top Nouvelles\",\"Toutes les actualit\u00e9s\"],\"inLanguage\":\"fr-FR\",\"potentialAction\":[{\"@type\":\"CommentAction\",\"name\":\"Comment\",\"target\":[\"https:\/\/www.africa-press.net\/madagascar\/politique\/legislatives-le-collectif-des-candidats-reve-de-la-majorite#respond\"]}]},{\"@type\":\"WebPage\",\"@id\":\"https:\/\/www.africa-press.net\/madagascar\/politique\/legislatives-le-collectif-des-candidats-reve-de-la-majorite\",\"url\":\"https:\/\/www.africa-press.net\/madagascar\/politique\/legislatives-le-collectif-des-candidats-reve-de-la-majorite\",\"name\":\"L\u00c9GISLATIVES - Le collectif des candidats r\u00eave de la majorit\u00e9 - Madagascar\",\"isPartOf\":{\"@id\":\"https:\/\/www.africa-press.net\/madagascar\/#website\"},\"primaryImageOfPage\":{\"@id\":\"https:\/\/www.africa-press.net\/madagascar\/politique\/legislatives-le-collectif-des-candidats-reve-de-la-majorite#primaryimage\"},\"image\":{\"@id\":\"https:\/\/www.africa-press.net\/madagascar\/politique\/legislatives-le-collectif-des-candidats-reve-de-la-majorite#primaryimage\"},\"thumbnailUrl\":\"https:\/\/static.africa-press.net\/madagascar\/sites\/56\/2024\/01\/sm_1705736724.170195.jpg\",\"datePublished\":\"2024-01-20T10:45:05+00:00\",\"dateModified\":\"2024-01-20T12:18:37+00:00\",\"author\":{\"@id\":\"https:\/\/www.africa-press.net\/madagascar\/#\/schema\/person\/2b1cf3cd81a31e3cd26889ca66d677f1\"},\"description\":\"A\u0300 l\u2019approche des prochaines e\u0301lections, l\u2019opposition commence les pre\u0301paratifs. Todisoa Andriamampandry annonce la coul ...\",\"breadcrumb\":{\"@id\":\"https:\/\/www.africa-press.net\/madagascar\/politique\/legislatives-le-collectif-des-candidats-reve-de-la-majorite#breadcrumb\"},\"inLanguage\":\"fr-FR\",\"potentialAction\":[{\"@type\":\"ReadAction\",\"target\":[\"https:\/\/www.africa-press.net\/madagascar\/politique\/legislatives-le-collectif-des-candidats-reve-de-la-majorite\"]}]},{\"@type\":\"ImageObject\",\"inLanguage\":\"fr-FR\",\"@id\":\"https:\/\/www.africa-press.net\/madagascar\/politique\/legislatives-le-collectif-des-candidats-reve-de-la-majorite#primaryimage\",\"url\":\"https:\/\/static.africa-press.net\/madagascar\/sites\/56\/2024\/01\/sm_1705736724.170195.jpg\",\"contentUrl\":\"https:\/\/static.africa-press.net\/madagascar\/sites\/56\/2024\/01\/sm_1705736724.170195.jpg\",\"width\":1149,\"height\":637,\"caption\":\"L\u00c9GISLATIVES - Le collectif des candidats r\u00eave de la majorit\u00e9\"},{\"@type\":\"BreadcrumbList\",\"@id\":\"https:\/\/www.africa-press.net\/madagascar\/politique\/legislatives-le-collectif-des-candidats-reve-de-la-majorite#breadcrumb\",\"itemListElement\":[{\"@type\":\"ListItem\",\"position\":1,\"name\":\"Accueil\",\"item\":\"https:\/\/www.africa-press.net\/madagascar\/\"},{\"@type\":\"ListItem\",\"position\":2,\"name\":\"L\u00c9GISLATIVES &#8211; Le collectif des candidats r\u00eave de la majorit\u00e9\"}]},{\"@type\":\"WebSite\",\"@id\":\"https:\/\/www.africa-press.net\/madagascar\/#website\",\"url\":\"https:\/\/www.africa-press.net\/madagascar\/\",\"name\":\"Madagascar\",\"description\":\"Just another Africa News Agency Sites site\",\"potentialAction\":[{\"@type\":\"SearchAction\",\"target\":{\"@type\":\"EntryPoint\",\"urlTemplate\":\"https:\/\/www.africa-press.net\/madagascar\/?s={search_term_string}\"},\"query-input\":{\"@type\":\"PropertyValueSpecification\",\"valueRequired\":true,\"valueName\":\"search_term_string\"}}],\"inLanguage\":\"fr-FR\"},{\"@type\":\"Person\",\"@id\":\"https:\/\/www.africa-press.net\/madagascar\/#\/schema\/person\/2b1cf3cd81a31e3cd26889ca66d677f1\",\"name\":\"cfeditorfr\"}]}<\/script>\n<!-- \/ Yoast SEO Premium plugin. -->","yoast_head_json":{"title":"L\u00c9GISLATIVES - Le collectif des candidats r\u00eave de la majorit\u00e9 - Madagascar","description":"A\u0300 l\u2019approche des prochaines e\u0301lections, l\u2019opposition commence les pre\u0301paratifs. Todisoa Andriamampandry annonce la coul ...","robots":{"index":"index","follow":"follow","max-snippet":"max-snippet:-1","max-image-preview":"max-image-preview:large","max-video-preview":"max-video-preview:-1"},"canonical":"https:\/\/www.africa-press.net\/madagascar\/politique\/legislatives-le-collectif-des-candidats-reve-de-la-majorite","og_locale":"fr_FR","og_type":"article","og_title":"L\u00c9GISLATIVES - Le collectif des candidats r\u00eave de la majorit\u00e9","og_description":"A\u0300 l\u2019approche des prochaines e\u0301lections, l\u2019opposition commence les pre\u0301paratifs. Todisoa Andriamampandry annonce la coul ...","og_url":"https:\/\/www.africa-press.net\/madagascar\/politique\/legislatives-le-collectif-des-candidats-reve-de-la-majorite","og_site_name":"Madagascar","article_published_time":"2024-01-20T10:45:05+00:00","article_modified_time":"2024-01-20T12:18:37+00:00","og_image":[{"width":1149,"height":637,"url":"https:\/\/static.africa-press.net\/madagascar\/sites\/56\/2024\/01\/sm_1705736724.170195.jpg","type":"image\/jpeg"}],"author":"cfeditorfr","twitter_card":"summary_large_image","twitter_misc":{"\u00c9crit par":"cfeditorfr","Dur\u00e9e de lecture estim\u00e9e":"2 minutes"},"schema":{"@context":"https:\/\/schema.org","@graph":[{"@type":"Article","@id":"https:\/\/www.africa-press.net\/madagascar\/politique\/legislatives-le-collectif-des-candidats-reve-de-la-majorite#article","isPartOf":{"@id":"https:\/\/www.africa-press.net\/madagascar\/politique\/legislatives-le-collectif-des-candidats-reve-de-la-majorite"},"author":{"name":"cfeditorfr","@id":"https:\/\/www.africa-press.net\/madagascar\/#\/schema\/person\/2b1cf3cd81a31e3cd26889ca66d677f1"},"headline":"L\u00c9GISLATIVES &#8211; Le collectif des candidats r\u00eave de la majorit\u00e9","datePublished":"2024-01-20T10:45:05+00:00","dateModified":"2024-01-20T12:18:37+00:00","mainEntityOfPage":{"@id":"https:\/\/www.africa-press.net\/madagascar\/politique\/legislatives-le-collectif-des-candidats-reve-de-la-majorite"},"wordCount":435,"commentCount":0,"image":{"@id":"https:\/\/www.africa-press.net\/madagascar\/politique\/legislatives-le-collectif-des-candidats-reve-de-la-majorite#primaryimage"},"thumbnailUrl":"https:\/\/static.africa-press.net\/madagascar\/sites\/56\/2024\/01\/sm_1705736724.170195.jpg","keywords":["Africa Press","Africa Press-Madagascar","Madagascar"],"articleSection":["Politique","Top Nouvelles","Toutes les actualit\u00e9s"],"inLanguage":"fr-FR","potentialAction":[{"@type":"CommentAction","name":"Comment","target":["https:\/\/www.africa-press.net\/madagascar\/politique\/legislatives-le-collectif-des-candidats-reve-de-la-majorite#respond"]}]},{"@type":"WebPage","@id":"https:\/\/www.africa-press.net\/madagascar\/politique\/legislatives-le-collectif-des-candidats-reve-de-la-majorite","url":"https:\/\/www.africa-press.net\/madagascar\/politique\/legislatives-le-collectif-des-candidats-reve-de-la-majorite","name":"L\u00c9GISLATIVES - Le collectif des candidats r\u00eave de la majorit\u00e9 - Madagascar","isPartOf":{"@id":"https:\/\/www.africa-press.net\/madagascar\/#website"},"primaryImageOfPage":{"@id":"https:\/\/www.africa-press.net\/madagascar\/politique\/legislatives-le-collectif-des-candidats-reve-de-la-majorite#primaryimage"},"image":{"@id":"https:\/\/www.africa-press.net\/madagascar\/politique\/legislatives-le-collectif-des-candidats-reve-de-la-majorite#primaryimage"},"thumbnailUrl":"https:\/\/static.africa-press.net\/madagascar\/sites\/56\/2024\/01\/sm_1705736724.170195.jpg","datePublished":"2024-01-20T10:45:05+00:00","dateModified":"2024-01-20T12:18:37+00:00","author":{"@id":"https:\/\/www.africa-press.net\/madagascar\/#\/schema\/person\/2b1cf3cd81a31e3cd26889ca66d677f1"},"description":"A\u0300 l\u2019approche des prochaines e\u0301lections, l\u2019opposition commence les pre\u0301paratifs. Todisoa Andriamampandry annonce la coul ...","breadcrumb":{"@id":"https:\/\/www.africa-press.net\/madagascar\/politique\/legislatives-le-collectif-des-candidats-reve-de-la-majorite#breadcrumb"},"inLanguage":"fr-FR","potentialAction":[{"@type":"ReadAction","target":["https:\/\/www.africa-press.net\/madagascar\/politique\/legislatives-le-collectif-des-candidats-reve-de-la-majorite"]}]},{"@type":"ImageObject","inLanguage":"fr-FR","@id":"https:\/\/www.africa-press.net\/madagascar\/politique\/legislatives-le-collectif-des-candidats-reve-de-la-majorite#primaryimage","url":"https:\/\/static.africa-press.net\/madagascar\/sites\/56\/2024\/01\/sm_1705736724.170195.jpg","contentUrl":"https:\/\/static.africa-press.net\/madagascar\/sites\/56\/2024\/01\/sm_1705736724.170195.jpg","width":1149,"height":637,"caption":"L\u00c9GISLATIVES - Le collectif des candidats r\u00eave de la majorit\u00e9"},{"@type":"BreadcrumbList","@id":"https:\/\/www.africa-press.net\/madagascar\/politique\/legislatives-le-collectif-des-candidats-reve-de-la-majorite#breadcrumb","itemListElement":[{"@type":"ListItem","position":1,"name":"Accueil","item":"https:\/\/www.africa-press.net\/madagascar\/"},{"@type":"ListItem","position":2,"name":"L\u00c9GISLATIVES &#8211; Le collectif des candidats r\u00eave de la majorit\u00e9"}]},{"@type":"WebSite","@id":"https:\/\/www.africa-press.net\/madagascar\/#website","url":"https:\/\/www.africa-press.net\/madagascar\/","name":"Madagascar","description":"Just another Africa News Agency Sites site","potentialAction":[{"@type":"SearchAction","target":{"@type":"EntryPoint","urlTemplate":"https:\/\/www.africa-press.net\/madagascar\/?s={search_term_string}"},"query-input":{"@type":"PropertyValueSpecification","valueRequired":true,"valueName":"search_term_string"}}],"inLanguage":"fr-FR"},{"@type":"Person","@id":"https:\/\/www.africa-press.net\/madagascar\/#\/schema\/person\/2b1cf3cd81a31e3cd26889ca66d677f1","name":"cfeditorfr"}]}},"_links":{"self":[{"href":"https:\/\/www.africa-press.net\/madagascar\/wp-json\/wp\/v2\/posts\/24193","targetHints":{"allow":["GET"]}}],"collection":[{"href":"https:\/\/www.africa-press.net\/madagascar\/wp-json\/wp\/v2\/posts"}],"about":[{"href":"https:\/\/www.africa-press.net\/madagascar\/wp-json\/wp\/v2\/types\/post"}],"author":[{"embeddable":true,"href":"https:\/\/www.africa-press.net\/madagascar\/wp-json\/wp\/v2\/users\/82"}],"replies":[{"embeddable":true,"href":"https:\/\/www.africa-press.net\/madagascar\/wp-json\/wp\/v2\/comments?post=24193"}],"version-history":[{"count":0,"href":"https:\/\/www.africa-press.net\/madagascar\/wp-json\/wp\/v2\/posts\/24193\/revisions"}],"wp:featuredmedia":[{"embeddable":true,"href":"https:\/\/www.africa-press.net\/madagascar\/wp-json\/wp\/v2\/media\/24192"}],"wp:attachment":[{"href":"https:\/\/www.africa-press.net\/madagascar\/wp-json\/wp\/v2\/media?parent=24193"}],"wp:term":[{"taxonomy":"category","embeddable":true,"href":"https:\/\/www.africa-press.net\/madagascar\/wp-json\/wp\/v2\/categories?post=24193"},{"taxonomy":"post_tag","embeddable":true,"href":"https:\/\/www.africa-press.net\/madagascar\/wp-json\/wp\/v2\/tags?post=24193"}],"curies":[{"name":"wp","href":"https:\/\/api.w.org\/{rel}","templated":true}]}}