{"id":27941,"date":"2024-06-01T12:00:00","date_gmt":"2024-06-01T12:00:00","guid":{"rendered":"https:\/\/www.africa-press.net\/madagascar\/politique\/face-a-un-risque-de-troubles-post-electoraux-les-forces-de-lordre-appellent-au-calme"},"modified":"2024-06-02T02:12:12","modified_gmt":"2024-06-02T02:12:12","slug":"face-a-un-risque-de-troubles-post-electoraux-les-forces-de-lordre-appellent-au-calme","status":"publish","type":"post","link":"https:\/\/www.africa-press.net\/madagascar\/politique\/face-a-un-risque-de-troubles-post-electoraux-les-forces-de-lordre-appellent-au-calme","title":{"rendered":"Face \u00e0 un risque de troubles post-\u00e9lectoraux, les forces de l\u2019ordre appellent au calme"},"content":{"rendered":"<p><span style=\"color: #ff6600\"><strong>Africa-Press &#8211; Madagascar. <\/strong><\/span>Quatre jours apre\u0300s la tenue des e\u0301lections le\u0301gislatives a\u0300 Madagascar, la tension monte d\u2019un cran dans certains districts du pays.<\/p>\n<p>Face a\u0300 une menace de troubles post-e\u0301lectoraux, les responsables au sein des forces de l\u2019ordre (Arme\u0301e, Gendarmerie, Police nationale) rassemble\u0301s au sein de l\u2019Etat-Major mixte ope\u0301rationnel national ou EMMONAT, ont fait une de\u0301claration ce samedi 1er juin en fin d\u2019apre\u0300s-midi.<\/p>\n<p>\u2018\u2019Nous ne tole\u0301rons aucune forme de de\u0301stabilisation, de provocation ou de diffusion de fausses nouvelles lie\u0301es aux re\u0301sultats des dernie\u0300res e\u0301lections le\u0301gislatives. Nous allons prendre nos responsabilite\u0301s face aux violations de la loi qui menacent l\u2019ordre public\u2019\u2019, a annonce\u0301 le Ge\u0301ne\u0301ral Andriatahina Jean Herbert Rakotomalala, Commandant de la Gendarmerie nationale.<\/p>\n<p>Les hauts responsables rappellent que seule la Haute Cour Constitutionnelle (HCC) est habilite\u0301e a\u0300 la publication des re\u0301sultats officiels a\u0300 l\u2019issue de ces e\u0301lections. A l\u2019approche de la Fe\u0302te nationale le 26 juin prochain, l\u2019EMMONAT appelle la population au calme en attendant la sortie des re\u0301sultats officiels.<\/p>\n<p>Avant-hier, les bureaux de la CENI (Commission e\u0301lectorale nationale inde\u0301pendante) et du district ont e\u0301te\u0301 incendie\u0301s a\u0300 Tsihombe, dans la re\u0301gion Androy (sud de Madagascar). Les contestations commencent e\u0301galement a\u0300 monter aussi bien du co\u0302te\u0301 des candidats issus du parti au pouvoir que ceux de l\u2019opposition.<\/p>\n<p>Les de\u0301nonciations aux fraudes s\u2019enchai\u0302nent sur les re\u0301seaux sociaux. Ce samedi 1er juin, un groupement de huit candidats dans le district de Vangaindrano (dans le sud-est), ont fait une de\u0301claration annonc\u0327ant le de\u0301po\u0302t d\u2019une plainte de re\u0301serve contre un candidat du re\u0301gime qu\u2019ils accusent de \u2018\u2019fraudes flagrantes\u2019\u2019. Autant de tensions annonciatrices d\u2019une multitude de litiges post-e\u0301lectoraux qui pe\u0300seront sur les e\u0301paules des juges aupre\u0300s de la HCC. Cette institution est apte a\u0300 recevoir les reque\u0302tes lie\u0301es aux contentieux e\u0301lectoraux.<\/p>\n<p>Du co\u0302te\u0301 de la CENI, l\u2019heure est au de\u0301pouillement. L\u2019annonce des re\u0301sultats provisoires est pre\u0301vu le 7 juin prochain, au plus tard. Les e\u0301lecteurs malgaches ont e\u0301te\u0301 appele\u0301s aux urnes, le mercredi 29 mai dernier, pour e\u0301lire les 163 de\u0301pute\u0301s qui vont sie\u0301ger a\u0300 l\u2019Assemble\u0301e nationale. Ces e\u0301lections le\u0301gislatives sont de\u0301terminantes car elles permettront de connai\u0302tre le parti qui aura la majorite\u0301 au Parlement.<\/p>\n<p><strong>Pour plus d&rsquo;informations et d&rsquo;analyses sur la <a href=\"https:\/\/www.africa-press.net\/madagascar\">Madagascar<\/a>, suivez <a href=\"https:\/\/www.africa-press.net\/\">Africa-Press<\/a><\/strong><\/p>\n","protected":false},"excerpt":{"rendered":"<p>Africa-Press &#8211; Madagascar. Quatre jours apre\u0300s la tenue des e\u0301lections le\u0301gislatives a\u0300 Madagascar, la tension monte d\u2019un cran dans certains districts du pays. Face a\u0300 une menace de troubles post-e\u0301lectoraux, les responsables au sein des forces de l\u2019ordre (Arme\u0301e, Gendarmerie, Police nationale) rassemble\u0301s au sein de l\u2019Etat-Major mixte ope\u0301rationnel national ou EMMONAT, ont fait une [&hellip;]<\/p>\n","protected":false},"author":82,"featured_media":27940,"comment_status":"open","ping_status":"closed","sticky":false,"template":"","format":"standard","meta":{"footnotes":""},"categories":[2,20,10],"tags":[36,50,49,1083],"class_list":["post-27941","post","type-post","status-publish","format-standard","has-post-thumbnail","hentry","category-politique","category-top-nouvelles","category-toutes-les-actualites","tag-africa-press","tag-africa-press-madagascar","tag-madagascar","tag-risque-de-troubles-post-electoraux"],"yoast_head":"<!-- This site is optimized with the Yoast SEO Premium plugin v26.1 (Yoast SEO v27.0) - https:\/\/yoast.com\/product\/yoast-seo-premium-wordpress\/ -->\n<title>Face \u00e0 un risque de troubles post-\u00e9lectoraux, les forces de l\u2019ordre appellent au calme - Madagascar<\/title>\n<meta name=\"robots\" content=\"index, follow, max-snippet:-1, max-image-preview:large, max-video-preview:-1\" \/>\n<link rel=\"canonical\" href=\"https:\/\/www.africa-press.net\/madagascar\/politique\/face-a-un-risque-de-troubles-post-electoraux-les-forces-de-lordre-appellent-au-calme\" \/>\n<meta property=\"og:locale\" content=\"fr_FR\" \/>\n<meta property=\"og:type\" content=\"article\" \/>\n<meta property=\"og:title\" content=\"Face \u00e0 un risque de troubles post-\u00e9lectoraux, les forces de l\u2019ordre appellent au calme\" \/>\n<meta property=\"og:description\" content=\"Africa-Press &#8211; Madagascar. Quatre jours apre\u0300s la tenue des e\u0301lections le\u0301gislatives a\u0300 Madagascar, la tension monte d\u2019un cran dans certains districts du pays. Face a\u0300 une menace de troubles post-e\u0301lectoraux, les responsables au sein des forces de l\u2019ordre (Arme\u0301e, Gendarmerie, Police nationale) rassemble\u0301s au sein de l\u2019Etat-Major mixte ope\u0301rationnel national ou EMMONAT, ont fait une [&hellip;]\" \/>\n<meta property=\"og:url\" content=\"https:\/\/www.africa-press.net\/madagascar\/politique\/face-a-un-risque-de-troubles-post-electoraux-les-forces-de-lordre-appellent-au-calme\" \/>\n<meta property=\"og:site_name\" content=\"Madagascar\" \/>\n<meta property=\"article:published_time\" content=\"2024-06-01T12:00:00+00:00\" \/>\n<meta property=\"article:modified_time\" content=\"2024-06-02T02:12:12+00:00\" \/>\n<meta name=\"author\" content=\"cfeditorfr\" \/>\n<meta name=\"twitter:card\" content=\"summary_large_image\" \/>\n<meta name=\"twitter:label1\" content=\"\u00c9crit par\" \/>\n\t<meta name=\"twitter:data1\" content=\"cfeditorfr\" \/>\n\t<meta name=\"twitter:label2\" content=\"Dur\u00e9e de lecture estim\u00e9e\" \/>\n\t<meta name=\"twitter:data2\" content=\"2 minutes\" \/>\n<script type=\"application\/ld+json\" class=\"yoast-schema-graph\">{\"@context\":\"https:\/\/schema.org\",\"@graph\":[{\"@type\":\"Article\",\"@id\":\"https:\/\/www.africa-press.net\/madagascar\/politique\/face-a-un-risque-de-troubles-post-electoraux-les-forces-de-lordre-appellent-au-calme#article\",\"isPartOf\":{\"@id\":\"https:\/\/www.africa-press.net\/madagascar\/politique\/face-a-un-risque-de-troubles-post-electoraux-les-forces-de-lordre-appellent-au-calme\"},\"author\":{\"name\":\"cfeditorfr\",\"@id\":\"https:\/\/www.africa-press.net\/madagascar\/#\/schema\/person\/2b1cf3cd81a31e3cd26889ca66d677f1\"},\"headline\":\"Face \u00e0 un risque de troubles post-\u00e9lectoraux, les forces de l\u2019ordre appellent au calme\",\"datePublished\":\"2024-06-01T12:00:00+00:00\",\"dateModified\":\"2024-06-02T02:12:12+00:00\",\"mainEntityOfPage\":{\"@id\":\"https:\/\/www.africa-press.net\/madagascar\/politique\/face-a-un-risque-de-troubles-post-electoraux-les-forces-de-lordre-appellent-au-calme\"},\"wordCount\":451,\"commentCount\":0,\"image\":{\"@id\":\"https:\/\/www.africa-press.net\/madagascar\/politique\/face-a-un-risque-de-troubles-post-electoraux-les-forces-de-lordre-appellent-au-calme#primaryimage\"},\"thumbnailUrl\":\"https:\/\/static.africa-press.net\/madagascar\/sites\/56\/2024\/06\/sm_1717278042.761382.jpg\",\"keywords\":[\"Africa Press\",\"Africa Press-Madagascar\",\"Madagascar\",\"risque de troubles post-\u00e9lectoraux\"],\"articleSection\":[\"Politique\",\"Top Nouvelles\",\"Toutes les actualit\u00e9s\"],\"inLanguage\":\"fr-FR\",\"potentialAction\":[{\"@type\":\"CommentAction\",\"name\":\"Comment\",\"target\":[\"https:\/\/www.africa-press.net\/madagascar\/politique\/face-a-un-risque-de-troubles-post-electoraux-les-forces-de-lordre-appellent-au-calme#respond\"]}]},{\"@type\":\"WebPage\",\"@id\":\"https:\/\/www.africa-press.net\/madagascar\/politique\/face-a-un-risque-de-troubles-post-electoraux-les-forces-de-lordre-appellent-au-calme\",\"url\":\"https:\/\/www.africa-press.net\/madagascar\/politique\/face-a-un-risque-de-troubles-post-electoraux-les-forces-de-lordre-appellent-au-calme\",\"name\":\"Face \u00e0 un risque de troubles post-\u00e9lectoraux, les forces de l\u2019ordre appellent au calme - Madagascar\",\"isPartOf\":{\"@id\":\"https:\/\/www.africa-press.net\/madagascar\/#website\"},\"primaryImageOfPage\":{\"@id\":\"https:\/\/www.africa-press.net\/madagascar\/politique\/face-a-un-risque-de-troubles-post-electoraux-les-forces-de-lordre-appellent-au-calme#primaryimage\"},\"image\":{\"@id\":\"https:\/\/www.africa-press.net\/madagascar\/politique\/face-a-un-risque-de-troubles-post-electoraux-les-forces-de-lordre-appellent-au-calme#primaryimage\"},\"thumbnailUrl\":\"https:\/\/static.africa-press.net\/madagascar\/sites\/56\/2024\/06\/sm_1717278042.761382.jpg\",\"datePublished\":\"2024-06-01T12:00:00+00:00\",\"dateModified\":\"2024-06-02T02:12:12+00:00\",\"author\":{\"@id\":\"https:\/\/www.africa-press.net\/madagascar\/#\/schema\/person\/2b1cf3cd81a31e3cd26889ca66d677f1\"},\"breadcrumb\":{\"@id\":\"https:\/\/www.africa-press.net\/madagascar\/politique\/face-a-un-risque-de-troubles-post-electoraux-les-forces-de-lordre-appellent-au-calme#breadcrumb\"},\"inLanguage\":\"fr-FR\",\"potentialAction\":[{\"@type\":\"ReadAction\",\"target\":[\"https:\/\/www.africa-press.net\/madagascar\/politique\/face-a-un-risque-de-troubles-post-electoraux-les-forces-de-lordre-appellent-au-calme\"]}]},{\"@type\":\"ImageObject\",\"inLanguage\":\"fr-FR\",\"@id\":\"https:\/\/www.africa-press.net\/madagascar\/politique\/face-a-un-risque-de-troubles-post-electoraux-les-forces-de-lordre-appellent-au-calme#primaryimage\",\"url\":\"https:\/\/static.africa-press.net\/madagascar\/sites\/56\/2024\/06\/sm_1717278042.761382.jpg\",\"contentUrl\":\"https:\/\/static.africa-press.net\/madagascar\/sites\/56\/2024\/06\/sm_1717278042.761382.jpg\",\"width\":864,\"height\":486,\"caption\":\"Face \u00e0 un risque de troubles post-\u00e9lectoraux, les forces de l\u2019ordre appellent au calme\"},{\"@type\":\"BreadcrumbList\",\"@id\":\"https:\/\/www.africa-press.net\/madagascar\/politique\/face-a-un-risque-de-troubles-post-electoraux-les-forces-de-lordre-appellent-au-calme#breadcrumb\",\"itemListElement\":[{\"@type\":\"ListItem\",\"position\":1,\"name\":\"Accueil\",\"item\":\"https:\/\/www.africa-press.net\/madagascar\/\"},{\"@type\":\"ListItem\",\"position\":2,\"name\":\"Face \u00e0 un risque de troubles post-\u00e9lectoraux, les forces de l\u2019ordre appellent au calme\"}]},{\"@type\":\"WebSite\",\"@id\":\"https:\/\/www.africa-press.net\/madagascar\/#website\",\"url\":\"https:\/\/www.africa-press.net\/madagascar\/\",\"name\":\"Madagascar\",\"description\":\"Just another Africa News Agency Sites site\",\"potentialAction\":[{\"@type\":\"SearchAction\",\"target\":{\"@type\":\"EntryPoint\",\"urlTemplate\":\"https:\/\/www.africa-press.net\/madagascar\/?s={search_term_string}\"},\"query-input\":{\"@type\":\"PropertyValueSpecification\",\"valueRequired\":true,\"valueName\":\"search_term_string\"}}],\"inLanguage\":\"fr-FR\"},{\"@type\":\"Person\",\"@id\":\"https:\/\/www.africa-press.net\/madagascar\/#\/schema\/person\/2b1cf3cd81a31e3cd26889ca66d677f1\",\"name\":\"cfeditorfr\"}]}<\/script>\n<!-- \/ Yoast SEO Premium plugin. -->","yoast_head_json":{"title":"Face \u00e0 un risque de troubles post-\u00e9lectoraux, les forces de l\u2019ordre appellent au calme - Madagascar","robots":{"index":"index","follow":"follow","max-snippet":"max-snippet:-1","max-image-preview":"max-image-preview:large","max-video-preview":"max-video-preview:-1"},"canonical":"https:\/\/www.africa-press.net\/madagascar\/politique\/face-a-un-risque-de-troubles-post-electoraux-les-forces-de-lordre-appellent-au-calme","og_locale":"fr_FR","og_type":"article","og_title":"Face \u00e0 un risque de troubles post-\u00e9lectoraux, les forces de l\u2019ordre appellent au calme","og_description":"Africa-Press &#8211; Madagascar. Quatre jours apre\u0300s la tenue des e\u0301lections le\u0301gislatives a\u0300 Madagascar, la tension monte d\u2019un cran dans certains districts du pays. Face a\u0300 une menace de troubles post-e\u0301lectoraux, les responsables au sein des forces de l\u2019ordre (Arme\u0301e, Gendarmerie, Police nationale) rassemble\u0301s au sein de l\u2019Etat-Major mixte ope\u0301rationnel national ou EMMONAT, ont fait une [&hellip;]","og_url":"https:\/\/www.africa-press.net\/madagascar\/politique\/face-a-un-risque-de-troubles-post-electoraux-les-forces-de-lordre-appellent-au-calme","og_site_name":"Madagascar","article_published_time":"2024-06-01T12:00:00+00:00","article_modified_time":"2024-06-02T02:12:12+00:00","author":"cfeditorfr","twitter_card":"summary_large_image","twitter_misc":{"\u00c9crit par":"cfeditorfr","Dur\u00e9e de lecture estim\u00e9e":"2 minutes"},"schema":{"@context":"https:\/\/schema.org","@graph":[{"@type":"Article","@id":"https:\/\/www.africa-press.net\/madagascar\/politique\/face-a-un-risque-de-troubles-post-electoraux-les-forces-de-lordre-appellent-au-calme#article","isPartOf":{"@id":"https:\/\/www.africa-press.net\/madagascar\/politique\/face-a-un-risque-de-troubles-post-electoraux-les-forces-de-lordre-appellent-au-calme"},"author":{"name":"cfeditorfr","@id":"https:\/\/www.africa-press.net\/madagascar\/#\/schema\/person\/2b1cf3cd81a31e3cd26889ca66d677f1"},"headline":"Face \u00e0 un risque de troubles post-\u00e9lectoraux, les forces de l\u2019ordre appellent au calme","datePublished":"2024-06-01T12:00:00+00:00","dateModified":"2024-06-02T02:12:12+00:00","mainEntityOfPage":{"@id":"https:\/\/www.africa-press.net\/madagascar\/politique\/face-a-un-risque-de-troubles-post-electoraux-les-forces-de-lordre-appellent-au-calme"},"wordCount":451,"commentCount":0,"image":{"@id":"https:\/\/www.africa-press.net\/madagascar\/politique\/face-a-un-risque-de-troubles-post-electoraux-les-forces-de-lordre-appellent-au-calme#primaryimage"},"thumbnailUrl":"https:\/\/static.africa-press.net\/madagascar\/sites\/56\/2024\/06\/sm_1717278042.761382.jpg","keywords":["Africa Press","Africa Press-Madagascar","Madagascar","risque de troubles post-\u00e9lectoraux"],"articleSection":["Politique","Top Nouvelles","Toutes les actualit\u00e9s"],"inLanguage":"fr-FR","potentialAction":[{"@type":"CommentAction","name":"Comment","target":["https:\/\/www.africa-press.net\/madagascar\/politique\/face-a-un-risque-de-troubles-post-electoraux-les-forces-de-lordre-appellent-au-calme#respond"]}]},{"@type":"WebPage","@id":"https:\/\/www.africa-press.net\/madagascar\/politique\/face-a-un-risque-de-troubles-post-electoraux-les-forces-de-lordre-appellent-au-calme","url":"https:\/\/www.africa-press.net\/madagascar\/politique\/face-a-un-risque-de-troubles-post-electoraux-les-forces-de-lordre-appellent-au-calme","name":"Face \u00e0 un risque de troubles post-\u00e9lectoraux, les forces de l\u2019ordre appellent au calme - Madagascar","isPartOf":{"@id":"https:\/\/www.africa-press.net\/madagascar\/#website"},"primaryImageOfPage":{"@id":"https:\/\/www.africa-press.net\/madagascar\/politique\/face-a-un-risque-de-troubles-post-electoraux-les-forces-de-lordre-appellent-au-calme#primaryimage"},"image":{"@id":"https:\/\/www.africa-press.net\/madagascar\/politique\/face-a-un-risque-de-troubles-post-electoraux-les-forces-de-lordre-appellent-au-calme#primaryimage"},"thumbnailUrl":"https:\/\/static.africa-press.net\/madagascar\/sites\/56\/2024\/06\/sm_1717278042.761382.jpg","datePublished":"2024-06-01T12:00:00+00:00","dateModified":"2024-06-02T02:12:12+00:00","author":{"@id":"https:\/\/www.africa-press.net\/madagascar\/#\/schema\/person\/2b1cf3cd81a31e3cd26889ca66d677f1"},"breadcrumb":{"@id":"https:\/\/www.africa-press.net\/madagascar\/politique\/face-a-un-risque-de-troubles-post-electoraux-les-forces-de-lordre-appellent-au-calme#breadcrumb"},"inLanguage":"fr-FR","potentialAction":[{"@type":"ReadAction","target":["https:\/\/www.africa-press.net\/madagascar\/politique\/face-a-un-risque-de-troubles-post-electoraux-les-forces-de-lordre-appellent-au-calme"]}]},{"@type":"ImageObject","inLanguage":"fr-FR","@id":"https:\/\/www.africa-press.net\/madagascar\/politique\/face-a-un-risque-de-troubles-post-electoraux-les-forces-de-lordre-appellent-au-calme#primaryimage","url":"https:\/\/static.africa-press.net\/madagascar\/sites\/56\/2024\/06\/sm_1717278042.761382.jpg","contentUrl":"https:\/\/static.africa-press.net\/madagascar\/sites\/56\/2024\/06\/sm_1717278042.761382.jpg","width":864,"height":486,"caption":"Face \u00e0 un risque de troubles post-\u00e9lectoraux, les forces de l\u2019ordre appellent au calme"},{"@type":"BreadcrumbList","@id":"https:\/\/www.africa-press.net\/madagascar\/politique\/face-a-un-risque-de-troubles-post-electoraux-les-forces-de-lordre-appellent-au-calme#breadcrumb","itemListElement":[{"@type":"ListItem","position":1,"name":"Accueil","item":"https:\/\/www.africa-press.net\/madagascar\/"},{"@type":"ListItem","position":2,"name":"Face \u00e0 un risque de troubles post-\u00e9lectoraux, les forces de l\u2019ordre appellent au calme"}]},{"@type":"WebSite","@id":"https:\/\/www.africa-press.net\/madagascar\/#website","url":"https:\/\/www.africa-press.net\/madagascar\/","name":"Madagascar","description":"Just another Africa News Agency Sites site","potentialAction":[{"@type":"SearchAction","target":{"@type":"EntryPoint","urlTemplate":"https:\/\/www.africa-press.net\/madagascar\/?s={search_term_string}"},"query-input":{"@type":"PropertyValueSpecification","valueRequired":true,"valueName":"search_term_string"}}],"inLanguage":"fr-FR"},{"@type":"Person","@id":"https:\/\/www.africa-press.net\/madagascar\/#\/schema\/person\/2b1cf3cd81a31e3cd26889ca66d677f1","name":"cfeditorfr"}]}},"_links":{"self":[{"href":"https:\/\/www.africa-press.net\/madagascar\/wp-json\/wp\/v2\/posts\/27941","targetHints":{"allow":["GET"]}}],"collection":[{"href":"https:\/\/www.africa-press.net\/madagascar\/wp-json\/wp\/v2\/posts"}],"about":[{"href":"https:\/\/www.africa-press.net\/madagascar\/wp-json\/wp\/v2\/types\/post"}],"author":[{"embeddable":true,"href":"https:\/\/www.africa-press.net\/madagascar\/wp-json\/wp\/v2\/users\/82"}],"replies":[{"embeddable":true,"href":"https:\/\/www.africa-press.net\/madagascar\/wp-json\/wp\/v2\/comments?post=27941"}],"version-history":[{"count":0,"href":"https:\/\/www.africa-press.net\/madagascar\/wp-json\/wp\/v2\/posts\/27941\/revisions"}],"wp:featuredmedia":[{"embeddable":true,"href":"https:\/\/www.africa-press.net\/madagascar\/wp-json\/wp\/v2\/media\/27940"}],"wp:attachment":[{"href":"https:\/\/www.africa-press.net\/madagascar\/wp-json\/wp\/v2\/media?parent=27941"}],"wp:term":[{"taxonomy":"category","embeddable":true,"href":"https:\/\/www.africa-press.net\/madagascar\/wp-json\/wp\/v2\/categories?post=27941"},{"taxonomy":"post_tag","embeddable":true,"href":"https:\/\/www.africa-press.net\/madagascar\/wp-json\/wp\/v2\/tags?post=27941"}],"curies":[{"name":"wp","href":"https:\/\/api.w.org\/{rel}","templated":true}]}}