{"id":27992,"date":"2024-06-04T12:00:00","date_gmt":"2024-06-04T12:00:00","guid":{"rendered":"https:\/\/www.africa-press.net\/madagascar\/politique\/celebration-de-la-fete-nationale-lancement-des-festivites-des-ce-vendredi"},"modified":"2024-06-05T01:30:10","modified_gmt":"2024-06-05T01:30:10","slug":"celebration-de-la-fete-nationale-lancement-des-festivites-des-ce-vendredi","status":"publish","type":"post","link":"https:\/\/www.africa-press.net\/madagascar\/politique\/celebration-de-la-fete-nationale-lancement-des-festivites-des-ce-vendredi","title":{"rendered":"C\u00e9l\u00e9bration de la F\u00eate Nationale : lancement des festivit\u00e9s d\u00e8s ce vendredi"},"content":{"rendered":"<p><span style=\"color: #ff6600\"><strong>Africa-Press &#8211; Madagascar. <\/strong><\/span>Le compte a\u0300 rebours est lance\u0301 pour la ce\u0301le\u0301bration du 64e\u0300me anniversaire du retour a\u0300 l\u2019inde\u0301pendance. Selon le calendrier officiel de\u0301voile\u0301 par le Comite\u0301 national d\u2019organisation, la ce\u0301le\u0301bration de\u0301butera de\u0300s ce vendredi 7 juin jusqu\u2019au 6 juillet. Plusieurs festivite\u0301s sont attendues pour comme\u0301morer cet e\u0301ve\u0300nement.<\/p>\n<p>L\u2019inauguration officielle se de\u0301roulera sur le parvis de l\u2019Ho\u0302tel de Ville a\u0300 Analakely avec une ce\u0301re\u0301monie de lever de couleurs ce vendredi. Une exposition de\u0301die\u0301e aux forces arme\u0301es est e\u0301galement pre\u0301vue pour l\u2019occasion. Plusieurs e\u0301ve\u0300nements populaires seront au programme dont une course de la fraternite\u0301, la kermesse des forces arme\u0301es, des concerts gratuites. Les cultes officiels ajouteront une dimension spirituelle a\u0300 cette ce\u0301le\u0301bration. Le 25 juin, les feux d\u2019artifices seront au rendez-vous dans tous les districts du pays.<\/p>\n<p>Le point culminant des festivite\u0301s sera le grand de\u0301file\u0301 au stade Barea Mahamasina le 26 juin prochain. Pre\u0300s de 3000 e\u0301le\u0301ments des forces arme\u0301es participeront a\u0300 la parade militaire, avec plus de 800 ve\u0301hicules et 4 he\u0301licopte\u0300res.<\/p>\n<p>Un dispositif de se\u0301curite\u0301 renforce\u0301 sera mis en place durant la ce\u0301le\u0301bration pour assurer la su\u0302rete\u0301 de tous, selon les de\u0301clarations du Colonel Beninazy de la gendarmerie nationale. Le nombre de personnes autorise\u0301es a\u0300 entrer au stade Barea sera limite\u0301 a\u0300 44.000, afin de pre\u0301server l\u2019inte\u0301grite\u0301 de l\u2019infrastructure et d\u2019assurer la se\u0301curite\u0301 du public.<\/p>\n<p><strong>Pour plus d&rsquo;informations et d&rsquo;analyses sur la <a href=\"https:\/\/www.africa-press.net\/madagascar\">Madagascar<\/a>, suivez <a href=\"https:\/\/www.africa-press.net\/\">Africa-Press<\/a><\/strong><\/p>\n","protected":false},"excerpt":{"rendered":"<p>Africa-Press &#8211; Madagascar. Le compte a\u0300 rebours est lance\u0301 pour la ce\u0301le\u0301bration du 64e\u0300me anniversaire du retour a\u0300 l\u2019inde\u0301pendance. Selon le calendrier officiel de\u0301voile\u0301 par le Comite\u0301 national d\u2019organisation, la ce\u0301le\u0301bration de\u0301butera de\u0300s ce vendredi 7 juin jusqu\u2019au 6 juillet. Plusieurs festivite\u0301s sont attendues pour comme\u0301morer cet e\u0301ve\u0300nement. L\u2019inauguration officielle se de\u0301roulera sur le parvis [&hellip;]<\/p>\n","protected":false},"author":82,"featured_media":27991,"comment_status":"open","ping_status":"closed","sticky":false,"template":"","format":"standard","meta":{"footnotes":""},"categories":[2,10],"tags":[36,50,49],"class_list":["post-27992","post","type-post","status-publish","format-standard","has-post-thumbnail","hentry","category-politique","category-toutes-les-actualites","tag-africa-press","tag-africa-press-madagascar","tag-madagascar"],"yoast_head":"<!-- This site is optimized with the Yoast SEO Premium plugin v26.1 (Yoast SEO v27.0) - https:\/\/yoast.com\/product\/yoast-seo-premium-wordpress\/ -->\n<title>C\u00e9l\u00e9bration de la F\u00eate Nationale : lancement des festivit\u00e9s d\u00e8s ce vendredi - Madagascar<\/title>\n<meta name=\"description\" content=\"Le compte a\u0300 rebours est lance\u0301 pour la ce\u0301le\u0301bration du 64e\u0300me anniversaire du retour a\u0300 l\u2019inde\u0301pendance. Selon le cale ...\" \/>\n<meta name=\"robots\" content=\"index, follow, max-snippet:-1, max-image-preview:large, max-video-preview:-1\" \/>\n<link rel=\"canonical\" href=\"https:\/\/www.africa-press.net\/madagascar\/politique\/celebration-de-la-fete-nationale-lancement-des-festivites-des-ce-vendredi\" \/>\n<meta property=\"og:locale\" content=\"fr_FR\" \/>\n<meta property=\"og:type\" content=\"article\" \/>\n<meta property=\"og:title\" content=\"C\u00e9l\u00e9bration de la F\u00eate Nationale : lancement des festivit\u00e9s d\u00e8s ce vendredi\" \/>\n<meta property=\"og:description\" content=\"Le compte a\u0300 rebours est lance\u0301 pour la ce\u0301le\u0301bration du 64e\u0300me anniversaire du retour a\u0300 l\u2019inde\u0301pendance. Selon le cale ...\" \/>\n<meta property=\"og:url\" content=\"https:\/\/www.africa-press.net\/madagascar\/politique\/celebration-de-la-fete-nationale-lancement-des-festivites-des-ce-vendredi\" \/>\n<meta property=\"og:site_name\" content=\"Madagascar\" \/>\n<meta property=\"article:published_time\" content=\"2024-06-04T12:00:00+00:00\" \/>\n<meta property=\"article:modified_time\" content=\"2024-06-05T01:30:10+00:00\" \/>\n<meta property=\"og:image\" content=\"https:\/\/static.africa-press.net\/madagascar\/sites\/56\/2024\/06\/sm_1717534649.637562.jpg\" \/>\n\t<meta property=\"og:image:width\" content=\"755\" \/>\n\t<meta property=\"og:image:height\" content=\"396\" \/>\n\t<meta property=\"og:image:type\" content=\"image\/jpeg\" \/>\n<meta name=\"author\" content=\"cfeditorfr\" \/>\n<meta name=\"twitter:card\" content=\"summary_large_image\" \/>\n<meta name=\"twitter:label1\" content=\"\u00c9crit par\" \/>\n\t<meta name=\"twitter:data1\" content=\"cfeditorfr\" \/>\n\t<meta name=\"twitter:label2\" content=\"Dur\u00e9e de lecture estim\u00e9e\" \/>\n\t<meta name=\"twitter:data2\" content=\"1 minute\" \/>\n<script type=\"application\/ld+json\" class=\"yoast-schema-graph\">{\"@context\":\"https:\/\/schema.org\",\"@graph\":[{\"@type\":\"Article\",\"@id\":\"https:\/\/www.africa-press.net\/madagascar\/politique\/celebration-de-la-fete-nationale-lancement-des-festivites-des-ce-vendredi#article\",\"isPartOf\":{\"@id\":\"https:\/\/www.africa-press.net\/madagascar\/politique\/celebration-de-la-fete-nationale-lancement-des-festivites-des-ce-vendredi\"},\"author\":{\"name\":\"cfeditorfr\",\"@id\":\"https:\/\/www.africa-press.net\/madagascar\/#\/schema\/person\/2b1cf3cd81a31e3cd26889ca66d677f1\"},\"headline\":\"C\u00e9l\u00e9bration de la F\u00eate Nationale : lancement des festivit\u00e9s d\u00e8s ce vendredi\",\"datePublished\":\"2024-06-04T12:00:00+00:00\",\"dateModified\":\"2024-06-05T01:30:10+00:00\",\"mainEntityOfPage\":{\"@id\":\"https:\/\/www.africa-press.net\/madagascar\/politique\/celebration-de-la-fete-nationale-lancement-des-festivites-des-ce-vendredi\"},\"wordCount\":292,\"commentCount\":0,\"image\":{\"@id\":\"https:\/\/www.africa-press.net\/madagascar\/politique\/celebration-de-la-fete-nationale-lancement-des-festivites-des-ce-vendredi#primaryimage\"},\"thumbnailUrl\":\"https:\/\/static.africa-press.net\/madagascar\/sites\/56\/2024\/06\/sm_1717534649.637562.jpg\",\"keywords\":[\"Africa Press\",\"Africa Press-Madagascar\",\"Madagascar\"],\"articleSection\":[\"Politique\",\"Toutes les actualit\u00e9s\"],\"inLanguage\":\"fr-FR\",\"potentialAction\":[{\"@type\":\"CommentAction\",\"name\":\"Comment\",\"target\":[\"https:\/\/www.africa-press.net\/madagascar\/politique\/celebration-de-la-fete-nationale-lancement-des-festivites-des-ce-vendredi#respond\"]}]},{\"@type\":\"WebPage\",\"@id\":\"https:\/\/www.africa-press.net\/madagascar\/politique\/celebration-de-la-fete-nationale-lancement-des-festivites-des-ce-vendredi\",\"url\":\"https:\/\/www.africa-press.net\/madagascar\/politique\/celebration-de-la-fete-nationale-lancement-des-festivites-des-ce-vendredi\",\"name\":\"C\u00e9l\u00e9bration de la F\u00eate Nationale : lancement des festivit\u00e9s d\u00e8s ce vendredi - Madagascar\",\"isPartOf\":{\"@id\":\"https:\/\/www.africa-press.net\/madagascar\/#website\"},\"primaryImageOfPage\":{\"@id\":\"https:\/\/www.africa-press.net\/madagascar\/politique\/celebration-de-la-fete-nationale-lancement-des-festivites-des-ce-vendredi#primaryimage\"},\"image\":{\"@id\":\"https:\/\/www.africa-press.net\/madagascar\/politique\/celebration-de-la-fete-nationale-lancement-des-festivites-des-ce-vendredi#primaryimage\"},\"thumbnailUrl\":\"https:\/\/static.africa-press.net\/madagascar\/sites\/56\/2024\/06\/sm_1717534649.637562.jpg\",\"datePublished\":\"2024-06-04T12:00:00+00:00\",\"dateModified\":\"2024-06-05T01:30:10+00:00\",\"author\":{\"@id\":\"https:\/\/www.africa-press.net\/madagascar\/#\/schema\/person\/2b1cf3cd81a31e3cd26889ca66d677f1\"},\"description\":\"Le compte a\u0300 rebours est lance\u0301 pour la ce\u0301le\u0301bration du 64e\u0300me anniversaire du retour a\u0300 l\u2019inde\u0301pendance. Selon le cale ...\",\"breadcrumb\":{\"@id\":\"https:\/\/www.africa-press.net\/madagascar\/politique\/celebration-de-la-fete-nationale-lancement-des-festivites-des-ce-vendredi#breadcrumb\"},\"inLanguage\":\"fr-FR\",\"potentialAction\":[{\"@type\":\"ReadAction\",\"target\":[\"https:\/\/www.africa-press.net\/madagascar\/politique\/celebration-de-la-fete-nationale-lancement-des-festivites-des-ce-vendredi\"]}]},{\"@type\":\"ImageObject\",\"inLanguage\":\"fr-FR\",\"@id\":\"https:\/\/www.africa-press.net\/madagascar\/politique\/celebration-de-la-fete-nationale-lancement-des-festivites-des-ce-vendredi#primaryimage\",\"url\":\"https:\/\/static.africa-press.net\/madagascar\/sites\/56\/2024\/06\/sm_1717534649.637562.jpg\",\"contentUrl\":\"https:\/\/static.africa-press.net\/madagascar\/sites\/56\/2024\/06\/sm_1717534649.637562.jpg\",\"width\":755,\"height\":396,\"caption\":\"C\u00e9l\u00e9bration de la F\u00eate Nationale : lancement des festivit\u00e9s d\u00e8s ce vendredi\"},{\"@type\":\"BreadcrumbList\",\"@id\":\"https:\/\/www.africa-press.net\/madagascar\/politique\/celebration-de-la-fete-nationale-lancement-des-festivites-des-ce-vendredi#breadcrumb\",\"itemListElement\":[{\"@type\":\"ListItem\",\"position\":1,\"name\":\"Accueil\",\"item\":\"https:\/\/www.africa-press.net\/madagascar\/\"},{\"@type\":\"ListItem\",\"position\":2,\"name\":\"C\u00e9l\u00e9bration de la F\u00eate Nationale : lancement des festivit\u00e9s d\u00e8s ce vendredi\"}]},{\"@type\":\"WebSite\",\"@id\":\"https:\/\/www.africa-press.net\/madagascar\/#website\",\"url\":\"https:\/\/www.africa-press.net\/madagascar\/\",\"name\":\"Madagascar\",\"description\":\"Just another Africa News Agency Sites site\",\"potentialAction\":[{\"@type\":\"SearchAction\",\"target\":{\"@type\":\"EntryPoint\",\"urlTemplate\":\"https:\/\/www.africa-press.net\/madagascar\/?s={search_term_string}\"},\"query-input\":{\"@type\":\"PropertyValueSpecification\",\"valueRequired\":true,\"valueName\":\"search_term_string\"}}],\"inLanguage\":\"fr-FR\"},{\"@type\":\"Person\",\"@id\":\"https:\/\/www.africa-press.net\/madagascar\/#\/schema\/person\/2b1cf3cd81a31e3cd26889ca66d677f1\",\"name\":\"cfeditorfr\"}]}<\/script>\n<!-- \/ Yoast SEO Premium plugin. -->","yoast_head_json":{"title":"C\u00e9l\u00e9bration de la F\u00eate Nationale : lancement des festivit\u00e9s d\u00e8s ce vendredi - Madagascar","description":"Le compte a\u0300 rebours est lance\u0301 pour la ce\u0301le\u0301bration du 64e\u0300me anniversaire du retour a\u0300 l\u2019inde\u0301pendance. Selon le cale ...","robots":{"index":"index","follow":"follow","max-snippet":"max-snippet:-1","max-image-preview":"max-image-preview:large","max-video-preview":"max-video-preview:-1"},"canonical":"https:\/\/www.africa-press.net\/madagascar\/politique\/celebration-de-la-fete-nationale-lancement-des-festivites-des-ce-vendredi","og_locale":"fr_FR","og_type":"article","og_title":"C\u00e9l\u00e9bration de la F\u00eate Nationale : lancement des festivit\u00e9s d\u00e8s ce vendredi","og_description":"Le compte a\u0300 rebours est lance\u0301 pour la ce\u0301le\u0301bration du 64e\u0300me anniversaire du retour a\u0300 l\u2019inde\u0301pendance. Selon le cale ...","og_url":"https:\/\/www.africa-press.net\/madagascar\/politique\/celebration-de-la-fete-nationale-lancement-des-festivites-des-ce-vendredi","og_site_name":"Madagascar","article_published_time":"2024-06-04T12:00:00+00:00","article_modified_time":"2024-06-05T01:30:10+00:00","og_image":[{"width":755,"height":396,"url":"https:\/\/static.africa-press.net\/madagascar\/sites\/56\/2024\/06\/sm_1717534649.637562.jpg","type":"image\/jpeg"}],"author":"cfeditorfr","twitter_card":"summary_large_image","twitter_misc":{"\u00c9crit par":"cfeditorfr","Dur\u00e9e de lecture estim\u00e9e":"1 minute"},"schema":{"@context":"https:\/\/schema.org","@graph":[{"@type":"Article","@id":"https:\/\/www.africa-press.net\/madagascar\/politique\/celebration-de-la-fete-nationale-lancement-des-festivites-des-ce-vendredi#article","isPartOf":{"@id":"https:\/\/www.africa-press.net\/madagascar\/politique\/celebration-de-la-fete-nationale-lancement-des-festivites-des-ce-vendredi"},"author":{"name":"cfeditorfr","@id":"https:\/\/www.africa-press.net\/madagascar\/#\/schema\/person\/2b1cf3cd81a31e3cd26889ca66d677f1"},"headline":"C\u00e9l\u00e9bration de la F\u00eate Nationale : lancement des festivit\u00e9s d\u00e8s ce vendredi","datePublished":"2024-06-04T12:00:00+00:00","dateModified":"2024-06-05T01:30:10+00:00","mainEntityOfPage":{"@id":"https:\/\/www.africa-press.net\/madagascar\/politique\/celebration-de-la-fete-nationale-lancement-des-festivites-des-ce-vendredi"},"wordCount":292,"commentCount":0,"image":{"@id":"https:\/\/www.africa-press.net\/madagascar\/politique\/celebration-de-la-fete-nationale-lancement-des-festivites-des-ce-vendredi#primaryimage"},"thumbnailUrl":"https:\/\/static.africa-press.net\/madagascar\/sites\/56\/2024\/06\/sm_1717534649.637562.jpg","keywords":["Africa Press","Africa Press-Madagascar","Madagascar"],"articleSection":["Politique","Toutes les actualit\u00e9s"],"inLanguage":"fr-FR","potentialAction":[{"@type":"CommentAction","name":"Comment","target":["https:\/\/www.africa-press.net\/madagascar\/politique\/celebration-de-la-fete-nationale-lancement-des-festivites-des-ce-vendredi#respond"]}]},{"@type":"WebPage","@id":"https:\/\/www.africa-press.net\/madagascar\/politique\/celebration-de-la-fete-nationale-lancement-des-festivites-des-ce-vendredi","url":"https:\/\/www.africa-press.net\/madagascar\/politique\/celebration-de-la-fete-nationale-lancement-des-festivites-des-ce-vendredi","name":"C\u00e9l\u00e9bration de la F\u00eate Nationale : lancement des festivit\u00e9s d\u00e8s ce vendredi - Madagascar","isPartOf":{"@id":"https:\/\/www.africa-press.net\/madagascar\/#website"},"primaryImageOfPage":{"@id":"https:\/\/www.africa-press.net\/madagascar\/politique\/celebration-de-la-fete-nationale-lancement-des-festivites-des-ce-vendredi#primaryimage"},"image":{"@id":"https:\/\/www.africa-press.net\/madagascar\/politique\/celebration-de-la-fete-nationale-lancement-des-festivites-des-ce-vendredi#primaryimage"},"thumbnailUrl":"https:\/\/static.africa-press.net\/madagascar\/sites\/56\/2024\/06\/sm_1717534649.637562.jpg","datePublished":"2024-06-04T12:00:00+00:00","dateModified":"2024-06-05T01:30:10+00:00","author":{"@id":"https:\/\/www.africa-press.net\/madagascar\/#\/schema\/person\/2b1cf3cd81a31e3cd26889ca66d677f1"},"description":"Le compte a\u0300 rebours est lance\u0301 pour la ce\u0301le\u0301bration du 64e\u0300me anniversaire du retour a\u0300 l\u2019inde\u0301pendance. Selon le cale ...","breadcrumb":{"@id":"https:\/\/www.africa-press.net\/madagascar\/politique\/celebration-de-la-fete-nationale-lancement-des-festivites-des-ce-vendredi#breadcrumb"},"inLanguage":"fr-FR","potentialAction":[{"@type":"ReadAction","target":["https:\/\/www.africa-press.net\/madagascar\/politique\/celebration-de-la-fete-nationale-lancement-des-festivites-des-ce-vendredi"]}]},{"@type":"ImageObject","inLanguage":"fr-FR","@id":"https:\/\/www.africa-press.net\/madagascar\/politique\/celebration-de-la-fete-nationale-lancement-des-festivites-des-ce-vendredi#primaryimage","url":"https:\/\/static.africa-press.net\/madagascar\/sites\/56\/2024\/06\/sm_1717534649.637562.jpg","contentUrl":"https:\/\/static.africa-press.net\/madagascar\/sites\/56\/2024\/06\/sm_1717534649.637562.jpg","width":755,"height":396,"caption":"C\u00e9l\u00e9bration de la F\u00eate Nationale : lancement des festivit\u00e9s d\u00e8s ce vendredi"},{"@type":"BreadcrumbList","@id":"https:\/\/www.africa-press.net\/madagascar\/politique\/celebration-de-la-fete-nationale-lancement-des-festivites-des-ce-vendredi#breadcrumb","itemListElement":[{"@type":"ListItem","position":1,"name":"Accueil","item":"https:\/\/www.africa-press.net\/madagascar\/"},{"@type":"ListItem","position":2,"name":"C\u00e9l\u00e9bration de la F\u00eate Nationale : lancement des festivit\u00e9s d\u00e8s ce vendredi"}]},{"@type":"WebSite","@id":"https:\/\/www.africa-press.net\/madagascar\/#website","url":"https:\/\/www.africa-press.net\/madagascar\/","name":"Madagascar","description":"Just another Africa News Agency Sites site","potentialAction":[{"@type":"SearchAction","target":{"@type":"EntryPoint","urlTemplate":"https:\/\/www.africa-press.net\/madagascar\/?s={search_term_string}"},"query-input":{"@type":"PropertyValueSpecification","valueRequired":true,"valueName":"search_term_string"}}],"inLanguage":"fr-FR"},{"@type":"Person","@id":"https:\/\/www.africa-press.net\/madagascar\/#\/schema\/person\/2b1cf3cd81a31e3cd26889ca66d677f1","name":"cfeditorfr"}]}},"_links":{"self":[{"href":"https:\/\/www.africa-press.net\/madagascar\/wp-json\/wp\/v2\/posts\/27992","targetHints":{"allow":["GET"]}}],"collection":[{"href":"https:\/\/www.africa-press.net\/madagascar\/wp-json\/wp\/v2\/posts"}],"about":[{"href":"https:\/\/www.africa-press.net\/madagascar\/wp-json\/wp\/v2\/types\/post"}],"author":[{"embeddable":true,"href":"https:\/\/www.africa-press.net\/madagascar\/wp-json\/wp\/v2\/users\/82"}],"replies":[{"embeddable":true,"href":"https:\/\/www.africa-press.net\/madagascar\/wp-json\/wp\/v2\/comments?post=27992"}],"version-history":[{"count":0,"href":"https:\/\/www.africa-press.net\/madagascar\/wp-json\/wp\/v2\/posts\/27992\/revisions"}],"wp:featuredmedia":[{"embeddable":true,"href":"https:\/\/www.africa-press.net\/madagascar\/wp-json\/wp\/v2\/media\/27991"}],"wp:attachment":[{"href":"https:\/\/www.africa-press.net\/madagascar\/wp-json\/wp\/v2\/media?parent=27992"}],"wp:term":[{"taxonomy":"category","embeddable":true,"href":"https:\/\/www.africa-press.net\/madagascar\/wp-json\/wp\/v2\/categories?post=27992"},{"taxonomy":"post_tag","embeddable":true,"href":"https:\/\/www.africa-press.net\/madagascar\/wp-json\/wp\/v2\/tags?post=27992"}],"curies":[{"name":"wp","href":"https:\/\/api.w.org\/{rel}","templated":true}]}}