{"id":28002,"date":"2024-06-05T12:05:00","date_gmt":"2024-06-05T12:05:00","guid":{"rendered":"https:\/\/www.africa-press.net\/madagascar\/politique\/lessor-economique-de-la-coree-pris-pour-un-modele-de-resilience-pour-madagascar"},"modified":"2024-06-06T00:44:44","modified_gmt":"2024-06-06T00:44:44","slug":"lessor-economique-de-la-coree-pris-pour-un-modele-de-resilience-pour-madagascar","status":"publish","type":"post","link":"https:\/\/www.africa-press.net\/madagascar\/politique\/lessor-economique-de-la-coree-pris-pour-un-modele-de-resilience-pour-madagascar","title":{"rendered":"L\u2019essor \u00e9conomique de la Cor\u00e9e pris pour un mod\u00e8le de r\u00e9silience pour Madagascar"},"content":{"rendered":"<p><span style=\"color: #ff6600\"><strong>Africa-Press &#8211; Madagascar. <\/strong><\/span>La participation au premier sommet Core\u0301e-Afrique en Core\u0301e du Sud apportera-t-elle une lumie\u0300re a\u0300 la de\u0301le\u0301gation malgache ? La question est de Zaza Ramandimbiarison, ancien vice-premier ministre sous le re\u0301gime de Ravalomanana et ancien directeur de cabinet de la pre\u0301sidence sous la transition de Rajoelina, l\u2019actuel pre\u0301sident malgache, qui s\u2019est rendu a\u0300 Se\u0301oul depuis le 1er juin et a participe\u0301, avec son e\u0301pouse, a\u0300 l\u2019ouverture officielle de cette re\u0301union de haut niveau, hier.<\/p>\n<p>La Core\u0301e du Sud, un pays en de\u0301veloppement dans les anne\u0301es 60, comme Madagascar, est devenu la 13e puissance mondiale. Apre\u0300s un lourd he\u0301ritage du\u0302 a\u0300 l\u2019occupation japonaise et la guerre de Core\u0301e, au cours des anne\u0301es 60, et 70, la Core\u0301e du Sud, sans ressource naturelle, avait pris des orientations strate\u0301giques en participant de fac\u0327on active avec le marche\u0301 mondial, et l\u2019orientation avait e\u0301te\u0301 prise avec un consensus ge\u0301ne\u0301ral des acteurs politiques et un soutien ge\u0301ne\u0301ral de la population core\u0301enne du sud.<\/p>\n<p>Pour Zaza Ramandimbiarison dont l\u2019opposition a\u0300 certaines pratiques politique d\u2019Andry Rajoelina, une bonne de\u0301cision d\u2019orientation strate\u0301gique, accepte\u0301e par tous, mettant en \u0153uvre une politique re\u0301elle et pragmatique d\u2019ouverture devrait marquer un vrai point de de\u0301part d\u2019une re\u0301elle relance e\u0301conomique de Madagascar. Sans cette de\u0301cision, Madagascar continuera de subir l\u2019histoire qu\u2019il vit actuellement.<\/p>\n<p>Le sommet se de\u0301roule sous le theme \u00ab L\u2019avenir que nous construisons ensemble: Croissance partage\u0301e, durabilite\u0301 et solidarite\u0301 \u00bb. Et comme pour re\u0301pondre a\u0300 la question et a\u0300 l\u2019inquie\u0301tude de son ancien directeur de cabinet le pre\u0301sident Malgache, Andry Rajoelina souligne\u0301 dans son allocution l\u2019essor e\u0301conomique de la Core\u0301e comme mode\u0300le de re\u0301silience pour Madagascar.<\/p>\n<p>\u00ab Il est temps que l\u2019Afrique se mobilise pour la ge\u0301ne\u0301ration future. Nous avons les ressources et le potentiel humain, mais il nous faut le savoir-faire et la technologie. C\u2019est pour cette raison que nous avons besoin de partenaires fiables comme la Core\u0301e \u00bb, a souligne\u0301 le Chef de l\u2019Etat. Il a alors fait part des ambitions de Madagascar afin de valoriser ses ressources terrestres et maritimes tout en prote\u0301geant sa biodiversite\u0301, aspirant a\u0300 une coope\u0301ration adapte\u0301e avec la Core\u0301e dans ce sens.<\/p>\n<p>A\u0300 l\u2019issue de la ce\u0301re\u0301monie d\u2019ouverture, le Pre\u0301sident Rajoelina a rencontre\u0301 le Pre\u0301sident Yoon Suk Yeol afin de renforcer les relations bilate\u0301rales et de discuter de la coope\u0301ration multisectorielle entre les deux pays. Ce fut une occasion pour le Chef de l\u2019Etat malagasy d\u2019exprimer son souhait pour que Madagascar be\u0301ne\u0301ficie d\u2019une partie importante de l\u2019Aide Publique au De\u0301veloppement (APD) de la Core\u0301e pour le continent africain qui atteindra 10 milliards de dollars d\u2019ici 2030.<\/p>\n<p><strong>Pour plus d&rsquo;informations et d&rsquo;analyses sur la <a href=\"https:\/\/www.africa-press.net\/madagascar\">Madagascar<\/a>, suivez <a href=\"https:\/\/www.africa-press.net\/\">Africa-Press<\/a><\/strong><\/p>\n","protected":false},"excerpt":{"rendered":"<p>Africa-Press &#8211; Madagascar. La participation au premier sommet Core\u0301e-Afrique en Core\u0301e du Sud apportera-t-elle une lumie\u0300re a\u0300 la de\u0301le\u0301gation malgache ? La question est de Zaza Ramandimbiarison, ancien vice-premier ministre sous le re\u0301gime de Ravalomanana et ancien directeur de cabinet de la pre\u0301sidence sous la transition de Rajoelina, l\u2019actuel pre\u0301sident malgache, qui s\u2019est rendu a\u0300 [&hellip;]<\/p>\n","protected":false},"author":82,"featured_media":28001,"comment_status":"open","ping_status":"closed","sticky":false,"template":"","format":"standard","meta":{"footnotes":""},"categories":[2,20,10],"tags":[36,50,49],"class_list":["post-28002","post","type-post","status-publish","format-standard","has-post-thumbnail","hentry","category-politique","category-top-nouvelles","category-toutes-les-actualites","tag-africa-press","tag-africa-press-madagascar","tag-madagascar"],"yoast_head":"<!-- This site is optimized with the Yoast SEO Premium plugin v26.1 (Yoast SEO v27.0) - https:\/\/yoast.com\/product\/yoast-seo-premium-wordpress\/ -->\n<title>L\u2019essor \u00e9conomique de la Cor\u00e9e pris pour un mod\u00e8le de r\u00e9silience pour Madagascar - Madagascar<\/title>\n<meta name=\"description\" content=\"La participation au premier sommet Core\u0301e-Afrique en Core\u0301e du Sud apportera-t-elle une lumie\u0300re a\u0300 la de\u0301le\u0301gation malg ...\" \/>\n<meta name=\"robots\" content=\"index, follow, max-snippet:-1, max-image-preview:large, max-video-preview:-1\" \/>\n<link rel=\"canonical\" href=\"https:\/\/www.africa-press.net\/madagascar\/politique\/lessor-economique-de-la-coree-pris-pour-un-modele-de-resilience-pour-madagascar\" \/>\n<meta property=\"og:locale\" content=\"fr_FR\" \/>\n<meta property=\"og:type\" content=\"article\" \/>\n<meta property=\"og:title\" content=\"L\u2019essor \u00e9conomique de la Cor\u00e9e pris pour un mod\u00e8le de r\u00e9silience pour Madagascar\" \/>\n<meta property=\"og:description\" content=\"La participation au premier sommet Core\u0301e-Afrique en Core\u0301e du Sud apportera-t-elle une lumie\u0300re a\u0300 la de\u0301le\u0301gation malg ...\" \/>\n<meta property=\"og:url\" content=\"https:\/\/www.africa-press.net\/madagascar\/politique\/lessor-economique-de-la-coree-pris-pour-un-modele-de-resilience-pour-madagascar\" \/>\n<meta property=\"og:site_name\" content=\"Madagascar\" \/>\n<meta property=\"article:published_time\" content=\"2024-06-05T12:05:00+00:00\" \/>\n<meta property=\"article:modified_time\" content=\"2024-06-06T00:44:44+00:00\" \/>\n<meta property=\"og:image\" content=\"https:\/\/static.africa-press.net\/madagascar\/sites\/56\/2024\/06\/sm_1717618359.496605.jpg\" \/>\n\t<meta property=\"og:image:width\" content=\"1210\" \/>\n\t<meta property=\"og:image:height\" content=\"634\" \/>\n\t<meta property=\"og:image:type\" content=\"image\/jpeg\" \/>\n<meta name=\"author\" content=\"cfeditorfr\" \/>\n<meta name=\"twitter:card\" content=\"summary_large_image\" \/>\n<meta name=\"twitter:label1\" content=\"\u00c9crit par\" \/>\n\t<meta name=\"twitter:data1\" content=\"cfeditorfr\" \/>\n\t<meta name=\"twitter:label2\" content=\"Dur\u00e9e de lecture estim\u00e9e\" \/>\n\t<meta name=\"twitter:data2\" content=\"3 minutes\" \/>\n<script type=\"application\/ld+json\" class=\"yoast-schema-graph\">{\"@context\":\"https:\/\/schema.org\",\"@graph\":[{\"@type\":\"Article\",\"@id\":\"https:\/\/www.africa-press.net\/madagascar\/politique\/lessor-economique-de-la-coree-pris-pour-un-modele-de-resilience-pour-madagascar#article\",\"isPartOf\":{\"@id\":\"https:\/\/www.africa-press.net\/madagascar\/politique\/lessor-economique-de-la-coree-pris-pour-un-modele-de-resilience-pour-madagascar\"},\"author\":{\"name\":\"cfeditorfr\",\"@id\":\"https:\/\/www.africa-press.net\/madagascar\/#\/schema\/person\/2b1cf3cd81a31e3cd26889ca66d677f1\"},\"headline\":\"L\u2019essor \u00e9conomique de la Cor\u00e9e pris pour un mod\u00e8le de r\u00e9silience pour Madagascar\",\"datePublished\":\"2024-06-05T12:05:00+00:00\",\"dateModified\":\"2024-06-06T00:44:44+00:00\",\"mainEntityOfPage\":{\"@id\":\"https:\/\/www.africa-press.net\/madagascar\/politique\/lessor-economique-de-la-coree-pris-pour-un-modele-de-resilience-pour-madagascar\"},\"wordCount\":528,\"commentCount\":0,\"image\":{\"@id\":\"https:\/\/www.africa-press.net\/madagascar\/politique\/lessor-economique-de-la-coree-pris-pour-un-modele-de-resilience-pour-madagascar#primaryimage\"},\"thumbnailUrl\":\"https:\/\/static.africa-press.net\/madagascar\/sites\/56\/2024\/06\/sm_1717618359.496605.jpg\",\"keywords\":[\"Africa Press\",\"Africa Press-Madagascar\",\"Madagascar\"],\"articleSection\":[\"Politique\",\"Top Nouvelles\",\"Toutes les actualit\u00e9s\"],\"inLanguage\":\"fr-FR\",\"potentialAction\":[{\"@type\":\"CommentAction\",\"name\":\"Comment\",\"target\":[\"https:\/\/www.africa-press.net\/madagascar\/politique\/lessor-economique-de-la-coree-pris-pour-un-modele-de-resilience-pour-madagascar#respond\"]}]},{\"@type\":\"WebPage\",\"@id\":\"https:\/\/www.africa-press.net\/madagascar\/politique\/lessor-economique-de-la-coree-pris-pour-un-modele-de-resilience-pour-madagascar\",\"url\":\"https:\/\/www.africa-press.net\/madagascar\/politique\/lessor-economique-de-la-coree-pris-pour-un-modele-de-resilience-pour-madagascar\",\"name\":\"L\u2019essor \u00e9conomique de la Cor\u00e9e pris pour un mod\u00e8le de r\u00e9silience pour Madagascar - Madagascar\",\"isPartOf\":{\"@id\":\"https:\/\/www.africa-press.net\/madagascar\/#website\"},\"primaryImageOfPage\":{\"@id\":\"https:\/\/www.africa-press.net\/madagascar\/politique\/lessor-economique-de-la-coree-pris-pour-un-modele-de-resilience-pour-madagascar#primaryimage\"},\"image\":{\"@id\":\"https:\/\/www.africa-press.net\/madagascar\/politique\/lessor-economique-de-la-coree-pris-pour-un-modele-de-resilience-pour-madagascar#primaryimage\"},\"thumbnailUrl\":\"https:\/\/static.africa-press.net\/madagascar\/sites\/56\/2024\/06\/sm_1717618359.496605.jpg\",\"datePublished\":\"2024-06-05T12:05:00+00:00\",\"dateModified\":\"2024-06-06T00:44:44+00:00\",\"author\":{\"@id\":\"https:\/\/www.africa-press.net\/madagascar\/#\/schema\/person\/2b1cf3cd81a31e3cd26889ca66d677f1\"},\"description\":\"La participation au premier sommet Core\u0301e-Afrique en Core\u0301e du Sud apportera-t-elle une lumie\u0300re a\u0300 la de\u0301le\u0301gation malg ...\",\"breadcrumb\":{\"@id\":\"https:\/\/www.africa-press.net\/madagascar\/politique\/lessor-economique-de-la-coree-pris-pour-un-modele-de-resilience-pour-madagascar#breadcrumb\"},\"inLanguage\":\"fr-FR\",\"potentialAction\":[{\"@type\":\"ReadAction\",\"target\":[\"https:\/\/www.africa-press.net\/madagascar\/politique\/lessor-economique-de-la-coree-pris-pour-un-modele-de-resilience-pour-madagascar\"]}]},{\"@type\":\"ImageObject\",\"inLanguage\":\"fr-FR\",\"@id\":\"https:\/\/www.africa-press.net\/madagascar\/politique\/lessor-economique-de-la-coree-pris-pour-un-modele-de-resilience-pour-madagascar#primaryimage\",\"url\":\"https:\/\/static.africa-press.net\/madagascar\/sites\/56\/2024\/06\/sm_1717618359.496605.jpg\",\"contentUrl\":\"https:\/\/static.africa-press.net\/madagascar\/sites\/56\/2024\/06\/sm_1717618359.496605.jpg\",\"width\":1210,\"height\":634,\"caption\":\"L\u2019essor \u00e9conomique de la Cor\u00e9e pris pour un mod\u00e8le de r\u00e9silience pour Madagascar\"},{\"@type\":\"BreadcrumbList\",\"@id\":\"https:\/\/www.africa-press.net\/madagascar\/politique\/lessor-economique-de-la-coree-pris-pour-un-modele-de-resilience-pour-madagascar#breadcrumb\",\"itemListElement\":[{\"@type\":\"ListItem\",\"position\":1,\"name\":\"Accueil\",\"item\":\"https:\/\/www.africa-press.net\/madagascar\/\"},{\"@type\":\"ListItem\",\"position\":2,\"name\":\"L\u2019essor \u00e9conomique de la Cor\u00e9e pris pour un mod\u00e8le de r\u00e9silience pour Madagascar\"}]},{\"@type\":\"WebSite\",\"@id\":\"https:\/\/www.africa-press.net\/madagascar\/#website\",\"url\":\"https:\/\/www.africa-press.net\/madagascar\/\",\"name\":\"Madagascar\",\"description\":\"Just another Africa News Agency Sites site\",\"potentialAction\":[{\"@type\":\"SearchAction\",\"target\":{\"@type\":\"EntryPoint\",\"urlTemplate\":\"https:\/\/www.africa-press.net\/madagascar\/?s={search_term_string}\"},\"query-input\":{\"@type\":\"PropertyValueSpecification\",\"valueRequired\":true,\"valueName\":\"search_term_string\"}}],\"inLanguage\":\"fr-FR\"},{\"@type\":\"Person\",\"@id\":\"https:\/\/www.africa-press.net\/madagascar\/#\/schema\/person\/2b1cf3cd81a31e3cd26889ca66d677f1\",\"name\":\"cfeditorfr\"}]}<\/script>\n<!-- \/ Yoast SEO Premium plugin. -->","yoast_head_json":{"title":"L\u2019essor \u00e9conomique de la Cor\u00e9e pris pour un mod\u00e8le de r\u00e9silience pour Madagascar - Madagascar","description":"La participation au premier sommet Core\u0301e-Afrique en Core\u0301e du Sud apportera-t-elle une lumie\u0300re a\u0300 la de\u0301le\u0301gation malg ...","robots":{"index":"index","follow":"follow","max-snippet":"max-snippet:-1","max-image-preview":"max-image-preview:large","max-video-preview":"max-video-preview:-1"},"canonical":"https:\/\/www.africa-press.net\/madagascar\/politique\/lessor-economique-de-la-coree-pris-pour-un-modele-de-resilience-pour-madagascar","og_locale":"fr_FR","og_type":"article","og_title":"L\u2019essor \u00e9conomique de la Cor\u00e9e pris pour un mod\u00e8le de r\u00e9silience pour Madagascar","og_description":"La participation au premier sommet Core\u0301e-Afrique en Core\u0301e du Sud apportera-t-elle une lumie\u0300re a\u0300 la de\u0301le\u0301gation malg ...","og_url":"https:\/\/www.africa-press.net\/madagascar\/politique\/lessor-economique-de-la-coree-pris-pour-un-modele-de-resilience-pour-madagascar","og_site_name":"Madagascar","article_published_time":"2024-06-05T12:05:00+00:00","article_modified_time":"2024-06-06T00:44:44+00:00","og_image":[{"width":1210,"height":634,"url":"https:\/\/static.africa-press.net\/madagascar\/sites\/56\/2024\/06\/sm_1717618359.496605.jpg","type":"image\/jpeg"}],"author":"cfeditorfr","twitter_card":"summary_large_image","twitter_misc":{"\u00c9crit par":"cfeditorfr","Dur\u00e9e de lecture estim\u00e9e":"3 minutes"},"schema":{"@context":"https:\/\/schema.org","@graph":[{"@type":"Article","@id":"https:\/\/www.africa-press.net\/madagascar\/politique\/lessor-economique-de-la-coree-pris-pour-un-modele-de-resilience-pour-madagascar#article","isPartOf":{"@id":"https:\/\/www.africa-press.net\/madagascar\/politique\/lessor-economique-de-la-coree-pris-pour-un-modele-de-resilience-pour-madagascar"},"author":{"name":"cfeditorfr","@id":"https:\/\/www.africa-press.net\/madagascar\/#\/schema\/person\/2b1cf3cd81a31e3cd26889ca66d677f1"},"headline":"L\u2019essor \u00e9conomique de la Cor\u00e9e pris pour un mod\u00e8le de r\u00e9silience pour Madagascar","datePublished":"2024-06-05T12:05:00+00:00","dateModified":"2024-06-06T00:44:44+00:00","mainEntityOfPage":{"@id":"https:\/\/www.africa-press.net\/madagascar\/politique\/lessor-economique-de-la-coree-pris-pour-un-modele-de-resilience-pour-madagascar"},"wordCount":528,"commentCount":0,"image":{"@id":"https:\/\/www.africa-press.net\/madagascar\/politique\/lessor-economique-de-la-coree-pris-pour-un-modele-de-resilience-pour-madagascar#primaryimage"},"thumbnailUrl":"https:\/\/static.africa-press.net\/madagascar\/sites\/56\/2024\/06\/sm_1717618359.496605.jpg","keywords":["Africa Press","Africa Press-Madagascar","Madagascar"],"articleSection":["Politique","Top Nouvelles","Toutes les actualit\u00e9s"],"inLanguage":"fr-FR","potentialAction":[{"@type":"CommentAction","name":"Comment","target":["https:\/\/www.africa-press.net\/madagascar\/politique\/lessor-economique-de-la-coree-pris-pour-un-modele-de-resilience-pour-madagascar#respond"]}]},{"@type":"WebPage","@id":"https:\/\/www.africa-press.net\/madagascar\/politique\/lessor-economique-de-la-coree-pris-pour-un-modele-de-resilience-pour-madagascar","url":"https:\/\/www.africa-press.net\/madagascar\/politique\/lessor-economique-de-la-coree-pris-pour-un-modele-de-resilience-pour-madagascar","name":"L\u2019essor \u00e9conomique de la Cor\u00e9e pris pour un mod\u00e8le de r\u00e9silience pour Madagascar - Madagascar","isPartOf":{"@id":"https:\/\/www.africa-press.net\/madagascar\/#website"},"primaryImageOfPage":{"@id":"https:\/\/www.africa-press.net\/madagascar\/politique\/lessor-economique-de-la-coree-pris-pour-un-modele-de-resilience-pour-madagascar#primaryimage"},"image":{"@id":"https:\/\/www.africa-press.net\/madagascar\/politique\/lessor-economique-de-la-coree-pris-pour-un-modele-de-resilience-pour-madagascar#primaryimage"},"thumbnailUrl":"https:\/\/static.africa-press.net\/madagascar\/sites\/56\/2024\/06\/sm_1717618359.496605.jpg","datePublished":"2024-06-05T12:05:00+00:00","dateModified":"2024-06-06T00:44:44+00:00","author":{"@id":"https:\/\/www.africa-press.net\/madagascar\/#\/schema\/person\/2b1cf3cd81a31e3cd26889ca66d677f1"},"description":"La participation au premier sommet Core\u0301e-Afrique en Core\u0301e du Sud apportera-t-elle une lumie\u0300re a\u0300 la de\u0301le\u0301gation malg ...","breadcrumb":{"@id":"https:\/\/www.africa-press.net\/madagascar\/politique\/lessor-economique-de-la-coree-pris-pour-un-modele-de-resilience-pour-madagascar#breadcrumb"},"inLanguage":"fr-FR","potentialAction":[{"@type":"ReadAction","target":["https:\/\/www.africa-press.net\/madagascar\/politique\/lessor-economique-de-la-coree-pris-pour-un-modele-de-resilience-pour-madagascar"]}]},{"@type":"ImageObject","inLanguage":"fr-FR","@id":"https:\/\/www.africa-press.net\/madagascar\/politique\/lessor-economique-de-la-coree-pris-pour-un-modele-de-resilience-pour-madagascar#primaryimage","url":"https:\/\/static.africa-press.net\/madagascar\/sites\/56\/2024\/06\/sm_1717618359.496605.jpg","contentUrl":"https:\/\/static.africa-press.net\/madagascar\/sites\/56\/2024\/06\/sm_1717618359.496605.jpg","width":1210,"height":634,"caption":"L\u2019essor \u00e9conomique de la Cor\u00e9e pris pour un mod\u00e8le de r\u00e9silience pour Madagascar"},{"@type":"BreadcrumbList","@id":"https:\/\/www.africa-press.net\/madagascar\/politique\/lessor-economique-de-la-coree-pris-pour-un-modele-de-resilience-pour-madagascar#breadcrumb","itemListElement":[{"@type":"ListItem","position":1,"name":"Accueil","item":"https:\/\/www.africa-press.net\/madagascar\/"},{"@type":"ListItem","position":2,"name":"L\u2019essor \u00e9conomique de la Cor\u00e9e pris pour un mod\u00e8le de r\u00e9silience pour Madagascar"}]},{"@type":"WebSite","@id":"https:\/\/www.africa-press.net\/madagascar\/#website","url":"https:\/\/www.africa-press.net\/madagascar\/","name":"Madagascar","description":"Just another Africa News Agency Sites site","potentialAction":[{"@type":"SearchAction","target":{"@type":"EntryPoint","urlTemplate":"https:\/\/www.africa-press.net\/madagascar\/?s={search_term_string}"},"query-input":{"@type":"PropertyValueSpecification","valueRequired":true,"valueName":"search_term_string"}}],"inLanguage":"fr-FR"},{"@type":"Person","@id":"https:\/\/www.africa-press.net\/madagascar\/#\/schema\/person\/2b1cf3cd81a31e3cd26889ca66d677f1","name":"cfeditorfr"}]}},"_links":{"self":[{"href":"https:\/\/www.africa-press.net\/madagascar\/wp-json\/wp\/v2\/posts\/28002","targetHints":{"allow":["GET"]}}],"collection":[{"href":"https:\/\/www.africa-press.net\/madagascar\/wp-json\/wp\/v2\/posts"}],"about":[{"href":"https:\/\/www.africa-press.net\/madagascar\/wp-json\/wp\/v2\/types\/post"}],"author":[{"embeddable":true,"href":"https:\/\/www.africa-press.net\/madagascar\/wp-json\/wp\/v2\/users\/82"}],"replies":[{"embeddable":true,"href":"https:\/\/www.africa-press.net\/madagascar\/wp-json\/wp\/v2\/comments?post=28002"}],"version-history":[{"count":0,"href":"https:\/\/www.africa-press.net\/madagascar\/wp-json\/wp\/v2\/posts\/28002\/revisions"}],"wp:featuredmedia":[{"embeddable":true,"href":"https:\/\/www.africa-press.net\/madagascar\/wp-json\/wp\/v2\/media\/28001"}],"wp:attachment":[{"href":"https:\/\/www.africa-press.net\/madagascar\/wp-json\/wp\/v2\/media?parent=28002"}],"wp:term":[{"taxonomy":"category","embeddable":true,"href":"https:\/\/www.africa-press.net\/madagascar\/wp-json\/wp\/v2\/categories?post=28002"},{"taxonomy":"post_tag","embeddable":true,"href":"https:\/\/www.africa-press.net\/madagascar\/wp-json\/wp\/v2\/tags?post=28002"}],"curies":[{"name":"wp","href":"https:\/\/api.w.org\/{rel}","templated":true}]}}