{"id":28371,"date":"2024-06-26T13:00:00","date_gmt":"2024-06-26T13:00:00","guid":{"rendered":"https:\/\/www.africa-press.net\/madagascar\/politique\/celebration-du-64eme-anniversaire-de-lindependance-sur-fond-de-tensions-electorales"},"modified":"2024-06-27T00:58:25","modified_gmt":"2024-06-27T00:58:25","slug":"celebration-du-64eme-anniversaire-de-lindependance-sur-fond-de-tensions-electorales","status":"publish","type":"post","link":"https:\/\/www.africa-press.net\/madagascar\/politique\/celebration-du-64eme-anniversaire-de-lindependance-sur-fond-de-tensions-electorales","title":{"rendered":"C\u00e9l\u00e9bration du 64\u00e8me anniversaire de l\u2019ind\u00e9pendance sur fond de tensions \u00e9lectorales"},"content":{"rendered":"<p><span style=\"color: #ff6600\"><strong>Africa-Press &#8211; Madagascar. <\/strong><\/span>Le peuple malgache ce\u0301le\u0300bre ce mercredi 26 juin le 64e\u0300me anniversaire de l\u2019inde\u0301pendance de Madagascar. Comme chaque anne\u0301e, la ce\u0301re\u0301monie officielle s\u2019est traduite par une grande parade militaire a\u0300 laquelle pre\u0300s de 3300 e\u0301le\u0301ments des forces de l\u2019ordre ont participe\u0301 au stade Barea, Mahamasina a\u0300 Antananarivo.<\/p>\n<p>La Grande I\u0302le ce\u0301le\u0300bre conjointement la 64e\u0300me anne\u0301e de cre\u0301ation de l\u2019Arme\u0301e malgache.<\/p>\n<p>Pendant un bref discours avant le coup d\u2019envoi de ce de\u0301file\u0301 militaire, le Pre\u0301sident Andry Rajoelina a e\u0301mis le souhait pour que \u00ab la ce\u0301le\u0301bration ravive le feu du patriotisme dans le c\u0153ur de tous les Malgaches et que tous soient unis pour avancer ensemble pour le de\u0301veloppement du pays \u00bb.<\/p>\n<p>Et d\u2019ajouter que \u00ab le de\u0301veloppement du pays doit se faire dans l\u2019unite\u0301. Nous n\u2019allons pas nous laisser divise\u0301s \u00bb.<\/p>\n<p>Andry Rajoelina a e\u0301galement appele\u0301 les Forces arme\u0301es a assurer leurs ro\u0302les de garant de la souverainete\u0301 nationale et de la se\u0301curite\u0301 du peuple.<\/p>\n<p>La ce\u0301re\u0301monie a vu la pre\u0301sence massive des citoyens mais e\u0301galement des chefs d\u2019institution, des membres du gouvernement, des leaders religieux ainsi que des repre\u0301sentants des corps diplomatiques.<\/p>\n<p>Comme chaque anne\u0301e, les leaders de l\u2019opposition e\u0301taient les grands absents. L\u2019ancien pre\u0301sident Marc Ravalomanana s\u2019est contente\u0301 d\u2019adresser un message de v\u0153ux a\u0300 tous les Malgaches pour la fe\u0302te nationale sur les re\u0301seaux sociaux.<\/p>\n<p>La ce\u0301le\u0301bration de la fe\u0302te nationale a\u0300 Madagascar intervient la veille de la proclamation officielle des re\u0301sultats des e\u0301lections le\u0301gislatives par la Haute Cour Constitutionnelle pre\u0301vue le jeudi 27 juin. Le scrutin qui s&rsquo;est tenu le 29 mai dernier a fait l\u2019objet de multiples reque\u0302tes pour fraudes de\u0301pose\u0301es aussi bien par les candidats de l\u2019opposition que ceux du re\u0301gime.<\/p>\n<p><strong>Pour plus d&rsquo;informations et d&rsquo;analyses sur la Madagascar, suivez Africa-Press<\/strong><\/p>\n","protected":false},"excerpt":{"rendered":"<p>Africa-Press &#8211; Madagascar. Le peuple malgache ce\u0301le\u0300bre ce mercredi 26 juin le 64e\u0300me anniversaire de l\u2019inde\u0301pendance de Madagascar. Comme chaque anne\u0301e, la ce\u0301re\u0301monie officielle s\u2019est traduite par une grande parade militaire a\u0300 laquelle pre\u0300s de 3300 e\u0301le\u0301ments des forces de l\u2019ordre ont participe\u0301 au stade Barea, Mahamasina a\u0300 Antananarivo. La Grande I\u0302le ce\u0301le\u0300bre conjointement la [&hellip;]<\/p>\n","protected":false},"author":82,"featured_media":28370,"comment_status":"open","ping_status":"closed","sticky":false,"template":"","format":"standard","meta":{"footnotes":""},"categories":[21,2,20,10],"tags":[53,1094,1096,49,1095],"class_list":["post-28371","post","type-post","status-publish","format-standard","has-post-thumbnail","hentry","category-communaute","category-politique","category-top-nouvelles","category-toutes-les-actualites","tag-andry-rajoelina","tag-fete-nationale","tag-independance","tag-madagascar","tag-tensions-electorales"],"yoast_head":"<!-- This site is optimized with the Yoast SEO Premium plugin v26.1 (Yoast SEO v27.0) - https:\/\/yoast.com\/product\/yoast-seo-premium-wordpress\/ -->\n<title>C\u00e9l\u00e9bration du 64\u00e8me anniversaire de l\u2019ind\u00e9pendance sur fond de tensions \u00e9lectorales - Madagascar<\/title>\n<meta name=\"description\" content=\"Le peuple malgache ce\u0301le\u0300bre ce mercredi 26 juin le 64e\u0300me anniversaire de l\u2019inde\u0301pendance de Madagascar. Comme chaque a ...\" \/>\n<meta name=\"robots\" content=\"index, follow, max-snippet:-1, max-image-preview:large, max-video-preview:-1\" \/>\n<link rel=\"canonical\" href=\"https:\/\/www.africa-press.net\/madagascar\/politique\/celebration-du-64eme-anniversaire-de-lindependance-sur-fond-de-tensions-electorales\" \/>\n<meta property=\"og:locale\" content=\"fr_FR\" \/>\n<meta property=\"og:type\" content=\"article\" \/>\n<meta property=\"og:title\" content=\"C\u00e9l\u00e9bration du 64\u00e8me anniversaire de l\u2019ind\u00e9pendance sur fond de tensions \u00e9lectorales\" \/>\n<meta property=\"og:description\" content=\"Le peuple malgache ce\u0301le\u0300bre ce mercredi 26 juin le 64e\u0300me anniversaire de l\u2019inde\u0301pendance de Madagascar. Comme chaque a ...\" \/>\n<meta property=\"og:url\" content=\"https:\/\/www.africa-press.net\/madagascar\/politique\/celebration-du-64eme-anniversaire-de-lindependance-sur-fond-de-tensions-electorales\" \/>\n<meta property=\"og:site_name\" content=\"Madagascar\" \/>\n<meta property=\"article:published_time\" content=\"2024-06-26T13:00:00+00:00\" \/>\n<meta property=\"article:modified_time\" content=\"2024-06-27T00:58:25+00:00\" \/>\n<meta property=\"og:image\" content=\"https:\/\/static.africa-press.net\/madagascar\/sites\/56\/2024\/06\/sm_1719433608.25776.jpg\" \/>\n\t<meta property=\"og:image:width\" content=\"1142\" \/>\n\t<meta property=\"og:image:height\" content=\"636\" \/>\n\t<meta property=\"og:image:type\" content=\"image\/jpeg\" \/>\n<meta name=\"author\" content=\"cfeditorfr\" \/>\n<meta name=\"twitter:card\" content=\"summary_large_image\" \/>\n<meta name=\"twitter:label1\" content=\"\u00c9crit par\" \/>\n\t<meta name=\"twitter:data1\" content=\"cfeditorfr\" \/>\n\t<meta name=\"twitter:label2\" content=\"Dur\u00e9e de lecture estim\u00e9e\" \/>\n\t<meta name=\"twitter:data2\" content=\"2 minutes\" \/>\n<script type=\"application\/ld+json\" class=\"yoast-schema-graph\">{\"@context\":\"https:\/\/schema.org\",\"@graph\":[{\"@type\":\"Article\",\"@id\":\"https:\/\/www.africa-press.net\/madagascar\/politique\/celebration-du-64eme-anniversaire-de-lindependance-sur-fond-de-tensions-electorales#article\",\"isPartOf\":{\"@id\":\"https:\/\/www.africa-press.net\/madagascar\/politique\/celebration-du-64eme-anniversaire-de-lindependance-sur-fond-de-tensions-electorales\"},\"author\":{\"name\":\"cfeditorfr\",\"@id\":\"https:\/\/www.africa-press.net\/madagascar\/#\/schema\/person\/2b1cf3cd81a31e3cd26889ca66d677f1\"},\"headline\":\"C\u00e9l\u00e9bration du 64\u00e8me anniversaire de l\u2019ind\u00e9pendance sur fond de tensions \u00e9lectorales\",\"datePublished\":\"2024-06-26T13:00:00+00:00\",\"dateModified\":\"2024-06-27T00:58:25+00:00\",\"mainEntityOfPage\":{\"@id\":\"https:\/\/www.africa-press.net\/madagascar\/politique\/celebration-du-64eme-anniversaire-de-lindependance-sur-fond-de-tensions-electorales\"},\"wordCount\":365,\"commentCount\":0,\"image\":{\"@id\":\"https:\/\/www.africa-press.net\/madagascar\/politique\/celebration-du-64eme-anniversaire-de-lindependance-sur-fond-de-tensions-electorales#primaryimage\"},\"thumbnailUrl\":\"https:\/\/static.africa-press.net\/madagascar\/sites\/56\/2024\/06\/sm_1719433608.25776.jpg\",\"keywords\":[\"Andry Rajoelina\",\"f\u00eate nationale\",\"Ind\u00e9pendance\",\"Madagascar\",\"Tensions \u00e9lectorales\"],\"articleSection\":[\"Communaut\u00e9\",\"Politique\",\"Top Nouvelles\",\"Toutes les actualit\u00e9s\"],\"inLanguage\":\"fr-FR\",\"potentialAction\":[{\"@type\":\"CommentAction\",\"name\":\"Comment\",\"target\":[\"https:\/\/www.africa-press.net\/madagascar\/politique\/celebration-du-64eme-anniversaire-de-lindependance-sur-fond-de-tensions-electorales#respond\"]}]},{\"@type\":\"WebPage\",\"@id\":\"https:\/\/www.africa-press.net\/madagascar\/politique\/celebration-du-64eme-anniversaire-de-lindependance-sur-fond-de-tensions-electorales\",\"url\":\"https:\/\/www.africa-press.net\/madagascar\/politique\/celebration-du-64eme-anniversaire-de-lindependance-sur-fond-de-tensions-electorales\",\"name\":\"C\u00e9l\u00e9bration du 64\u00e8me anniversaire de l\u2019ind\u00e9pendance sur fond de tensions \u00e9lectorales - Madagascar\",\"isPartOf\":{\"@id\":\"https:\/\/www.africa-press.net\/madagascar\/#website\"},\"primaryImageOfPage\":{\"@id\":\"https:\/\/www.africa-press.net\/madagascar\/politique\/celebration-du-64eme-anniversaire-de-lindependance-sur-fond-de-tensions-electorales#primaryimage\"},\"image\":{\"@id\":\"https:\/\/www.africa-press.net\/madagascar\/politique\/celebration-du-64eme-anniversaire-de-lindependance-sur-fond-de-tensions-electorales#primaryimage\"},\"thumbnailUrl\":\"https:\/\/static.africa-press.net\/madagascar\/sites\/56\/2024\/06\/sm_1719433608.25776.jpg\",\"datePublished\":\"2024-06-26T13:00:00+00:00\",\"dateModified\":\"2024-06-27T00:58:25+00:00\",\"author\":{\"@id\":\"https:\/\/www.africa-press.net\/madagascar\/#\/schema\/person\/2b1cf3cd81a31e3cd26889ca66d677f1\"},\"description\":\"Le peuple malgache ce\u0301le\u0300bre ce mercredi 26 juin le 64e\u0300me anniversaire de l\u2019inde\u0301pendance de Madagascar. Comme chaque a ...\",\"breadcrumb\":{\"@id\":\"https:\/\/www.africa-press.net\/madagascar\/politique\/celebration-du-64eme-anniversaire-de-lindependance-sur-fond-de-tensions-electorales#breadcrumb\"},\"inLanguage\":\"fr-FR\",\"potentialAction\":[{\"@type\":\"ReadAction\",\"target\":[\"https:\/\/www.africa-press.net\/madagascar\/politique\/celebration-du-64eme-anniversaire-de-lindependance-sur-fond-de-tensions-electorales\"]}]},{\"@type\":\"ImageObject\",\"inLanguage\":\"fr-FR\",\"@id\":\"https:\/\/www.africa-press.net\/madagascar\/politique\/celebration-du-64eme-anniversaire-de-lindependance-sur-fond-de-tensions-electorales#primaryimage\",\"url\":\"https:\/\/static.africa-press.net\/madagascar\/sites\/56\/2024\/06\/sm_1719433608.25776.jpg\",\"contentUrl\":\"https:\/\/static.africa-press.net\/madagascar\/sites\/56\/2024\/06\/sm_1719433608.25776.jpg\",\"width\":1142,\"height\":636,\"caption\":\"C\u00e9l\u00e9bration du 64\u00e8me anniversaire de l\u2019ind\u00e9pendance sur fond de tensions \u00e9lectorales\"},{\"@type\":\"BreadcrumbList\",\"@id\":\"https:\/\/www.africa-press.net\/madagascar\/politique\/celebration-du-64eme-anniversaire-de-lindependance-sur-fond-de-tensions-electorales#breadcrumb\",\"itemListElement\":[{\"@type\":\"ListItem\",\"position\":1,\"name\":\"Accueil\",\"item\":\"https:\/\/www.africa-press.net\/madagascar\/\"},{\"@type\":\"ListItem\",\"position\":2,\"name\":\"C\u00e9l\u00e9bration du 64\u00e8me anniversaire de l\u2019ind\u00e9pendance sur fond de tensions \u00e9lectorales\"}]},{\"@type\":\"WebSite\",\"@id\":\"https:\/\/www.africa-press.net\/madagascar\/#website\",\"url\":\"https:\/\/www.africa-press.net\/madagascar\/\",\"name\":\"Madagascar\",\"description\":\"Just another Africa News Agency Sites site\",\"potentialAction\":[{\"@type\":\"SearchAction\",\"target\":{\"@type\":\"EntryPoint\",\"urlTemplate\":\"https:\/\/www.africa-press.net\/madagascar\/?s={search_term_string}\"},\"query-input\":{\"@type\":\"PropertyValueSpecification\",\"valueRequired\":true,\"valueName\":\"search_term_string\"}}],\"inLanguage\":\"fr-FR\"},{\"@type\":\"Person\",\"@id\":\"https:\/\/www.africa-press.net\/madagascar\/#\/schema\/person\/2b1cf3cd81a31e3cd26889ca66d677f1\",\"name\":\"cfeditorfr\"}]}<\/script>\n<!-- \/ Yoast SEO Premium plugin. -->","yoast_head_json":{"title":"C\u00e9l\u00e9bration du 64\u00e8me anniversaire de l\u2019ind\u00e9pendance sur fond de tensions \u00e9lectorales - Madagascar","description":"Le peuple malgache ce\u0301le\u0300bre ce mercredi 26 juin le 64e\u0300me anniversaire de l\u2019inde\u0301pendance de Madagascar. Comme chaque a ...","robots":{"index":"index","follow":"follow","max-snippet":"max-snippet:-1","max-image-preview":"max-image-preview:large","max-video-preview":"max-video-preview:-1"},"canonical":"https:\/\/www.africa-press.net\/madagascar\/politique\/celebration-du-64eme-anniversaire-de-lindependance-sur-fond-de-tensions-electorales","og_locale":"fr_FR","og_type":"article","og_title":"C\u00e9l\u00e9bration du 64\u00e8me anniversaire de l\u2019ind\u00e9pendance sur fond de tensions \u00e9lectorales","og_description":"Le peuple malgache ce\u0301le\u0300bre ce mercredi 26 juin le 64e\u0300me anniversaire de l\u2019inde\u0301pendance de Madagascar. Comme chaque a ...","og_url":"https:\/\/www.africa-press.net\/madagascar\/politique\/celebration-du-64eme-anniversaire-de-lindependance-sur-fond-de-tensions-electorales","og_site_name":"Madagascar","article_published_time":"2024-06-26T13:00:00+00:00","article_modified_time":"2024-06-27T00:58:25+00:00","og_image":[{"width":1142,"height":636,"url":"https:\/\/static.africa-press.net\/madagascar\/sites\/56\/2024\/06\/sm_1719433608.25776.jpg","type":"image\/jpeg"}],"author":"cfeditorfr","twitter_card":"summary_large_image","twitter_misc":{"\u00c9crit par":"cfeditorfr","Dur\u00e9e de lecture estim\u00e9e":"2 minutes"},"schema":{"@context":"https:\/\/schema.org","@graph":[{"@type":"Article","@id":"https:\/\/www.africa-press.net\/madagascar\/politique\/celebration-du-64eme-anniversaire-de-lindependance-sur-fond-de-tensions-electorales#article","isPartOf":{"@id":"https:\/\/www.africa-press.net\/madagascar\/politique\/celebration-du-64eme-anniversaire-de-lindependance-sur-fond-de-tensions-electorales"},"author":{"name":"cfeditorfr","@id":"https:\/\/www.africa-press.net\/madagascar\/#\/schema\/person\/2b1cf3cd81a31e3cd26889ca66d677f1"},"headline":"C\u00e9l\u00e9bration du 64\u00e8me anniversaire de l\u2019ind\u00e9pendance sur fond de tensions \u00e9lectorales","datePublished":"2024-06-26T13:00:00+00:00","dateModified":"2024-06-27T00:58:25+00:00","mainEntityOfPage":{"@id":"https:\/\/www.africa-press.net\/madagascar\/politique\/celebration-du-64eme-anniversaire-de-lindependance-sur-fond-de-tensions-electorales"},"wordCount":365,"commentCount":0,"image":{"@id":"https:\/\/www.africa-press.net\/madagascar\/politique\/celebration-du-64eme-anniversaire-de-lindependance-sur-fond-de-tensions-electorales#primaryimage"},"thumbnailUrl":"https:\/\/static.africa-press.net\/madagascar\/sites\/56\/2024\/06\/sm_1719433608.25776.jpg","keywords":["Andry Rajoelina","f\u00eate nationale","Ind\u00e9pendance","Madagascar","Tensions \u00e9lectorales"],"articleSection":["Communaut\u00e9","Politique","Top Nouvelles","Toutes les actualit\u00e9s"],"inLanguage":"fr-FR","potentialAction":[{"@type":"CommentAction","name":"Comment","target":["https:\/\/www.africa-press.net\/madagascar\/politique\/celebration-du-64eme-anniversaire-de-lindependance-sur-fond-de-tensions-electorales#respond"]}]},{"@type":"WebPage","@id":"https:\/\/www.africa-press.net\/madagascar\/politique\/celebration-du-64eme-anniversaire-de-lindependance-sur-fond-de-tensions-electorales","url":"https:\/\/www.africa-press.net\/madagascar\/politique\/celebration-du-64eme-anniversaire-de-lindependance-sur-fond-de-tensions-electorales","name":"C\u00e9l\u00e9bration du 64\u00e8me anniversaire de l\u2019ind\u00e9pendance sur fond de tensions \u00e9lectorales - Madagascar","isPartOf":{"@id":"https:\/\/www.africa-press.net\/madagascar\/#website"},"primaryImageOfPage":{"@id":"https:\/\/www.africa-press.net\/madagascar\/politique\/celebration-du-64eme-anniversaire-de-lindependance-sur-fond-de-tensions-electorales#primaryimage"},"image":{"@id":"https:\/\/www.africa-press.net\/madagascar\/politique\/celebration-du-64eme-anniversaire-de-lindependance-sur-fond-de-tensions-electorales#primaryimage"},"thumbnailUrl":"https:\/\/static.africa-press.net\/madagascar\/sites\/56\/2024\/06\/sm_1719433608.25776.jpg","datePublished":"2024-06-26T13:00:00+00:00","dateModified":"2024-06-27T00:58:25+00:00","author":{"@id":"https:\/\/www.africa-press.net\/madagascar\/#\/schema\/person\/2b1cf3cd81a31e3cd26889ca66d677f1"},"description":"Le peuple malgache ce\u0301le\u0300bre ce mercredi 26 juin le 64e\u0300me anniversaire de l\u2019inde\u0301pendance de Madagascar. Comme chaque a ...","breadcrumb":{"@id":"https:\/\/www.africa-press.net\/madagascar\/politique\/celebration-du-64eme-anniversaire-de-lindependance-sur-fond-de-tensions-electorales#breadcrumb"},"inLanguage":"fr-FR","potentialAction":[{"@type":"ReadAction","target":["https:\/\/www.africa-press.net\/madagascar\/politique\/celebration-du-64eme-anniversaire-de-lindependance-sur-fond-de-tensions-electorales"]}]},{"@type":"ImageObject","inLanguage":"fr-FR","@id":"https:\/\/www.africa-press.net\/madagascar\/politique\/celebration-du-64eme-anniversaire-de-lindependance-sur-fond-de-tensions-electorales#primaryimage","url":"https:\/\/static.africa-press.net\/madagascar\/sites\/56\/2024\/06\/sm_1719433608.25776.jpg","contentUrl":"https:\/\/static.africa-press.net\/madagascar\/sites\/56\/2024\/06\/sm_1719433608.25776.jpg","width":1142,"height":636,"caption":"C\u00e9l\u00e9bration du 64\u00e8me anniversaire de l\u2019ind\u00e9pendance sur fond de tensions \u00e9lectorales"},{"@type":"BreadcrumbList","@id":"https:\/\/www.africa-press.net\/madagascar\/politique\/celebration-du-64eme-anniversaire-de-lindependance-sur-fond-de-tensions-electorales#breadcrumb","itemListElement":[{"@type":"ListItem","position":1,"name":"Accueil","item":"https:\/\/www.africa-press.net\/madagascar\/"},{"@type":"ListItem","position":2,"name":"C\u00e9l\u00e9bration du 64\u00e8me anniversaire de l\u2019ind\u00e9pendance sur fond de tensions \u00e9lectorales"}]},{"@type":"WebSite","@id":"https:\/\/www.africa-press.net\/madagascar\/#website","url":"https:\/\/www.africa-press.net\/madagascar\/","name":"Madagascar","description":"Just another Africa News Agency Sites site","potentialAction":[{"@type":"SearchAction","target":{"@type":"EntryPoint","urlTemplate":"https:\/\/www.africa-press.net\/madagascar\/?s={search_term_string}"},"query-input":{"@type":"PropertyValueSpecification","valueRequired":true,"valueName":"search_term_string"}}],"inLanguage":"fr-FR"},{"@type":"Person","@id":"https:\/\/www.africa-press.net\/madagascar\/#\/schema\/person\/2b1cf3cd81a31e3cd26889ca66d677f1","name":"cfeditorfr"}]}},"_links":{"self":[{"href":"https:\/\/www.africa-press.net\/madagascar\/wp-json\/wp\/v2\/posts\/28371","targetHints":{"allow":["GET"]}}],"collection":[{"href":"https:\/\/www.africa-press.net\/madagascar\/wp-json\/wp\/v2\/posts"}],"about":[{"href":"https:\/\/www.africa-press.net\/madagascar\/wp-json\/wp\/v2\/types\/post"}],"author":[{"embeddable":true,"href":"https:\/\/www.africa-press.net\/madagascar\/wp-json\/wp\/v2\/users\/82"}],"replies":[{"embeddable":true,"href":"https:\/\/www.africa-press.net\/madagascar\/wp-json\/wp\/v2\/comments?post=28371"}],"version-history":[{"count":0,"href":"https:\/\/www.africa-press.net\/madagascar\/wp-json\/wp\/v2\/posts\/28371\/revisions"}],"wp:featuredmedia":[{"embeddable":true,"href":"https:\/\/www.africa-press.net\/madagascar\/wp-json\/wp\/v2\/media\/28370"}],"wp:attachment":[{"href":"https:\/\/www.africa-press.net\/madagascar\/wp-json\/wp\/v2\/media?parent=28371"}],"wp:term":[{"taxonomy":"category","embeddable":true,"href":"https:\/\/www.africa-press.net\/madagascar\/wp-json\/wp\/v2\/categories?post=28371"},{"taxonomy":"post_tag","embeddable":true,"href":"https:\/\/www.africa-press.net\/madagascar\/wp-json\/wp\/v2\/tags?post=28371"}],"curies":[{"name":"wp","href":"https:\/\/api.w.org\/{rel}","templated":true}]}}