{"id":29105,"date":"2024-08-08T14:00:00","date_gmt":"2024-08-08T14:00:00","guid":{"rendered":"https:\/\/www.africa-press.net\/madagascar\/politique\/gaby-nestor-razakamanantsoa-designe-a-la-tete-du-bianco"},"modified":"2024-08-09T03:42:47","modified_gmt":"2024-08-09T03:42:47","slug":"gaby-nestor-razakamanantsoa-designe-a-la-tete-du-bianco","status":"publish","type":"post","link":"https:\/\/www.africa-press.net\/madagascar\/politique\/gaby-nestor-razakamanantsoa-designe-a-la-tete-du-bianco","title":{"rendered":"Gaby Nestor Razakamanantsoa d\u00e9sign\u00e9 \u00e0 la t\u00eate du Bianco"},"content":{"rendered":"<p><span style=\"color: #ff6600\"><strong>Africa-Press &#8211; Madagascar. <\/strong><\/span>Le Bureau inde\u0301pendant anti-corruption (Bianco) a son nouveau directeur ge\u0301ne\u0301ral. Gaby Nestor Razakamanantsoa a e\u0301te\u0301 nomme\u0301 hier, en conseil des ministres, a\u0300 la te\u0302te de cet organe anti-corruption. Fort de sept anne\u0301es en tant que directeur territorial du Bianco et de trois ans en tant que directeur des investigations, Razakamanantsoa prend les re\u0302nes de l\u2019institution pour un mandat de cinq ans non renouvelable, succe\u0301dant ainsi a\u0300 Laza Andrianirina.<\/p>\n<p>Ce haut responsable aupre\u0300s du Bianco a vu son nom e\u0301merger parmi les trois candidatures retenues par un comite\u0301 ad hoc de recrutement. Gaby Nestor Razakamanantsoa arrive a\u0300 un moment important ou\u0300 la confiance du public envers les institutions de l\u2019E\u0301tat doit e\u0302tre restaure\u0301e. Selon le communique\u0301 de la pre\u0301sidence de la Re\u0301publique, l\u2019une de ses principales missions de ce nouveau directeur ge\u0301ne\u0301ral sera d\u2019intensifier la lutte contre la corruption, un fle\u0301au qui e\u0301rode la cre\u0301dibilite\u0301 et le fonctionnement des services publics.<\/p>\n<p>Dans son rapport d\u2019activite\u0301s 2023 publie\u0301 re\u0301cemment, le Bianco a fait e\u0301tat de 3 147 dole\u0301ances rec\u0327ues au cours de l\u2019anne\u0301e, marquant une le\u0301ge\u0300re baisse par rapport aux 3 705 plaintes enregistre\u0301es en 2022. Parmi ces cas, 1 404 ont fait l\u2019objet d\u2019investigations, culminant avec le transfert de 556 dossiers aux autorite\u0301s judiciaires compe\u0301tentes. Ce chiffre te\u0301moigne d\u2019une dynamique notable, en hausse par rapport a\u0300 l\u2019anne\u0301e pre\u0301ce\u0301dente ou\u0300 477 dossiers avaient e\u0301te\u0301 transmis a\u0300 la justice.<\/p>\n<p>Les efforts du Bianco ont conduit a\u0300 la poursuite de 1 831 personnes. Ceci illustre l\u2019ampleur du travail entrepris pour de\u0301fendre l\u2019inte\u0301grite\u0301 des institutions. Parmi celles-ci, 588 individus ont e\u0301te\u0301 arre\u0302te\u0301s, dont 95 ont e\u0301te\u0301 place\u0301s sous mandat de de\u0301po\u0302t et 122 sous contro\u0302le judiciaire.<\/p>\n<p>Cette nomination de Razakamanantsoa s\u2019inscrit dans un contexte ou\u0300 la lutte contre la corruption est plus que jamais d\u2019actualite\u0301. Les attentes sont e\u0301leve\u0301es quant a\u0300 sa capacite\u0301 a\u0300 naviguer dans cette mission complexe et a\u0300 faire preuve de de\u0301termination pour redresser la situation et renforcer la confiance des citoyens envers leurs institutions. L\u2019avenir dira si sous sa direction, le Bianco parviendra a\u0300 re\u0301tablir une justice plus transparente et efficace, rendant ainsi un service essentiel a\u0300 la lutte contre la corruption.<\/p>\n<p><strong>Pour plus d&rsquo;informations et d&rsquo;analyses sur la Madagascar, suivez Africa-Press<\/strong><\/p>\n","protected":false},"excerpt":{"rendered":"<p>Africa-Press &#8211; Madagascar. Le Bureau inde\u0301pendant anti-corruption (Bianco) a son nouveau directeur ge\u0301ne\u0301ral. Gaby Nestor Razakamanantsoa a e\u0301te\u0301 nomme\u0301 hier, en conseil des ministres, a\u0300 la te\u0302te de cet organe anti-corruption. Fort de sept anne\u0301es en tant que directeur territorial du Bianco et de trois ans en tant que directeur des investigations, Razakamanantsoa prend les [&hellip;]<\/p>\n","protected":false},"author":82,"featured_media":29104,"comment_status":"open","ping_status":"closed","sticky":false,"template":"","format":"standard","meta":{"footnotes":""},"categories":[2,20,10],"tags":[49],"class_list":["post-29105","post","type-post","status-publish","format-standard","has-post-thumbnail","hentry","category-politique","category-top-nouvelles","category-toutes-les-actualites","tag-madagascar"],"yoast_head":"<!-- This site is optimized with the Yoast SEO Premium plugin v26.1 (Yoast SEO v27.0) - https:\/\/yoast.com\/product\/yoast-seo-premium-wordpress\/ -->\n<title>Gaby Nestor Razakamanantsoa d\u00e9sign\u00e9 \u00e0 la t\u00eate du Bianco - Madagascar<\/title>\n<meta name=\"description\" content=\"Le Bureau inde\u0301pendant anti-corruption (Bianco) a son nouveau directeur ge\u0301ne\u0301ral. Gaby Nestor Razakamanantsoa a e\u0301te\u0301 n ...\" \/>\n<meta name=\"robots\" content=\"index, follow, max-snippet:-1, max-image-preview:large, max-video-preview:-1\" \/>\n<link rel=\"canonical\" href=\"https:\/\/www.africa-press.net\/madagascar\/politique\/gaby-nestor-razakamanantsoa-designe-a-la-tete-du-bianco\" \/>\n<meta property=\"og:locale\" content=\"fr_FR\" \/>\n<meta property=\"og:type\" content=\"article\" \/>\n<meta property=\"og:title\" content=\"Gaby Nestor Razakamanantsoa d\u00e9sign\u00e9 \u00e0 la t\u00eate du Bianco\" \/>\n<meta property=\"og:description\" content=\"Le Bureau inde\u0301pendant anti-corruption (Bianco) a son nouveau directeur ge\u0301ne\u0301ral. Gaby Nestor Razakamanantsoa a e\u0301te\u0301 n ...\" \/>\n<meta property=\"og:url\" content=\"https:\/\/www.africa-press.net\/madagascar\/politique\/gaby-nestor-razakamanantsoa-designe-a-la-tete-du-bianco\" \/>\n<meta property=\"og:site_name\" content=\"Madagascar\" \/>\n<meta property=\"article:published_time\" content=\"2024-08-08T14:00:00+00:00\" \/>\n<meta property=\"article:modified_time\" content=\"2024-08-09T03:42:47+00:00\" \/>\n<meta property=\"og:image\" content=\"https:\/\/static.africa-press.net\/madagascar\/sites\/56\/2024\/08\/sm_1723158677.133779.jpg\" \/>\n\t<meta property=\"og:image:width\" content=\"1096\" \/>\n\t<meta property=\"og:image:height\" content=\"574\" \/>\n\t<meta property=\"og:image:type\" content=\"image\/jpeg\" \/>\n<meta name=\"author\" content=\"cfeditorfr\" \/>\n<meta name=\"twitter:card\" content=\"summary_large_image\" \/>\n<meta name=\"twitter:label1\" content=\"\u00c9crit par\" \/>\n\t<meta name=\"twitter:data1\" content=\"cfeditorfr\" \/>\n\t<meta name=\"twitter:label2\" content=\"Dur\u00e9e de lecture estim\u00e9e\" \/>\n\t<meta name=\"twitter:data2\" content=\"2 minutes\" \/>\n<script type=\"application\/ld+json\" class=\"yoast-schema-graph\">{\"@context\":\"https:\/\/schema.org\",\"@graph\":[{\"@type\":\"Article\",\"@id\":\"https:\/\/www.africa-press.net\/madagascar\/politique\/gaby-nestor-razakamanantsoa-designe-a-la-tete-du-bianco#article\",\"isPartOf\":{\"@id\":\"https:\/\/www.africa-press.net\/madagascar\/politique\/gaby-nestor-razakamanantsoa-designe-a-la-tete-du-bianco\"},\"author\":{\"name\":\"cfeditorfr\",\"@id\":\"https:\/\/www.africa-press.net\/madagascar\/#\/schema\/person\/2b1cf3cd81a31e3cd26889ca66d677f1\"},\"headline\":\"Gaby Nestor Razakamanantsoa d\u00e9sign\u00e9 \u00e0 la t\u00eate du Bianco\",\"datePublished\":\"2024-08-08T14:00:00+00:00\",\"dateModified\":\"2024-08-09T03:42:47+00:00\",\"mainEntityOfPage\":{\"@id\":\"https:\/\/www.africa-press.net\/madagascar\/politique\/gaby-nestor-razakamanantsoa-designe-a-la-tete-du-bianco\"},\"wordCount\":426,\"commentCount\":0,\"image\":{\"@id\":\"https:\/\/www.africa-press.net\/madagascar\/politique\/gaby-nestor-razakamanantsoa-designe-a-la-tete-du-bianco#primaryimage\"},\"thumbnailUrl\":\"https:\/\/static.africa-press.net\/madagascar\/sites\/56\/2024\/08\/sm_1723158677.133779.jpg\",\"keywords\":[\"Madagascar\"],\"articleSection\":[\"Politique\",\"Top Nouvelles\",\"Toutes les actualit\u00e9s\"],\"inLanguage\":\"fr-FR\",\"potentialAction\":[{\"@type\":\"CommentAction\",\"name\":\"Comment\",\"target\":[\"https:\/\/www.africa-press.net\/madagascar\/politique\/gaby-nestor-razakamanantsoa-designe-a-la-tete-du-bianco#respond\"]}]},{\"@type\":\"WebPage\",\"@id\":\"https:\/\/www.africa-press.net\/madagascar\/politique\/gaby-nestor-razakamanantsoa-designe-a-la-tete-du-bianco\",\"url\":\"https:\/\/www.africa-press.net\/madagascar\/politique\/gaby-nestor-razakamanantsoa-designe-a-la-tete-du-bianco\",\"name\":\"Gaby Nestor Razakamanantsoa d\u00e9sign\u00e9 \u00e0 la t\u00eate du Bianco - Madagascar\",\"isPartOf\":{\"@id\":\"https:\/\/www.africa-press.net\/madagascar\/#website\"},\"primaryImageOfPage\":{\"@id\":\"https:\/\/www.africa-press.net\/madagascar\/politique\/gaby-nestor-razakamanantsoa-designe-a-la-tete-du-bianco#primaryimage\"},\"image\":{\"@id\":\"https:\/\/www.africa-press.net\/madagascar\/politique\/gaby-nestor-razakamanantsoa-designe-a-la-tete-du-bianco#primaryimage\"},\"thumbnailUrl\":\"https:\/\/static.africa-press.net\/madagascar\/sites\/56\/2024\/08\/sm_1723158677.133779.jpg\",\"datePublished\":\"2024-08-08T14:00:00+00:00\",\"dateModified\":\"2024-08-09T03:42:47+00:00\",\"author\":{\"@id\":\"https:\/\/www.africa-press.net\/madagascar\/#\/schema\/person\/2b1cf3cd81a31e3cd26889ca66d677f1\"},\"description\":\"Le Bureau inde\u0301pendant anti-corruption (Bianco) a son nouveau directeur ge\u0301ne\u0301ral. Gaby Nestor Razakamanantsoa a e\u0301te\u0301 n ...\",\"breadcrumb\":{\"@id\":\"https:\/\/www.africa-press.net\/madagascar\/politique\/gaby-nestor-razakamanantsoa-designe-a-la-tete-du-bianco#breadcrumb\"},\"inLanguage\":\"fr-FR\",\"potentialAction\":[{\"@type\":\"ReadAction\",\"target\":[\"https:\/\/www.africa-press.net\/madagascar\/politique\/gaby-nestor-razakamanantsoa-designe-a-la-tete-du-bianco\"]}]},{\"@type\":\"ImageObject\",\"inLanguage\":\"fr-FR\",\"@id\":\"https:\/\/www.africa-press.net\/madagascar\/politique\/gaby-nestor-razakamanantsoa-designe-a-la-tete-du-bianco#primaryimage\",\"url\":\"https:\/\/static.africa-press.net\/madagascar\/sites\/56\/2024\/08\/sm_1723158677.133779.jpg\",\"contentUrl\":\"https:\/\/static.africa-press.net\/madagascar\/sites\/56\/2024\/08\/sm_1723158677.133779.jpg\",\"width\":1096,\"height\":574,\"caption\":\"Gaby Nestor Razakamanantsoa d\u00e9sign\u00e9 \u00e0 la t\u00eate du Bianco\"},{\"@type\":\"BreadcrumbList\",\"@id\":\"https:\/\/www.africa-press.net\/madagascar\/politique\/gaby-nestor-razakamanantsoa-designe-a-la-tete-du-bianco#breadcrumb\",\"itemListElement\":[{\"@type\":\"ListItem\",\"position\":1,\"name\":\"Accueil\",\"item\":\"https:\/\/www.africa-press.net\/madagascar\/\"},{\"@type\":\"ListItem\",\"position\":2,\"name\":\"Gaby Nestor Razakamanantsoa d\u00e9sign\u00e9 \u00e0 la t\u00eate du Bianco\"}]},{\"@type\":\"WebSite\",\"@id\":\"https:\/\/www.africa-press.net\/madagascar\/#website\",\"url\":\"https:\/\/www.africa-press.net\/madagascar\/\",\"name\":\"Madagascar\",\"description\":\"Just another Africa News Agency Sites site\",\"potentialAction\":[{\"@type\":\"SearchAction\",\"target\":{\"@type\":\"EntryPoint\",\"urlTemplate\":\"https:\/\/www.africa-press.net\/madagascar\/?s={search_term_string}\"},\"query-input\":{\"@type\":\"PropertyValueSpecification\",\"valueRequired\":true,\"valueName\":\"search_term_string\"}}],\"inLanguage\":\"fr-FR\"},{\"@type\":\"Person\",\"@id\":\"https:\/\/www.africa-press.net\/madagascar\/#\/schema\/person\/2b1cf3cd81a31e3cd26889ca66d677f1\",\"name\":\"cfeditorfr\"}]}<\/script>\n<!-- \/ Yoast SEO Premium plugin. -->","yoast_head_json":{"title":"Gaby Nestor Razakamanantsoa d\u00e9sign\u00e9 \u00e0 la t\u00eate du Bianco - Madagascar","description":"Le Bureau inde\u0301pendant anti-corruption (Bianco) a son nouveau directeur ge\u0301ne\u0301ral. Gaby Nestor Razakamanantsoa a e\u0301te\u0301 n ...","robots":{"index":"index","follow":"follow","max-snippet":"max-snippet:-1","max-image-preview":"max-image-preview:large","max-video-preview":"max-video-preview:-1"},"canonical":"https:\/\/www.africa-press.net\/madagascar\/politique\/gaby-nestor-razakamanantsoa-designe-a-la-tete-du-bianco","og_locale":"fr_FR","og_type":"article","og_title":"Gaby Nestor Razakamanantsoa d\u00e9sign\u00e9 \u00e0 la t\u00eate du Bianco","og_description":"Le Bureau inde\u0301pendant anti-corruption (Bianco) a son nouveau directeur ge\u0301ne\u0301ral. Gaby Nestor Razakamanantsoa a e\u0301te\u0301 n ...","og_url":"https:\/\/www.africa-press.net\/madagascar\/politique\/gaby-nestor-razakamanantsoa-designe-a-la-tete-du-bianco","og_site_name":"Madagascar","article_published_time":"2024-08-08T14:00:00+00:00","article_modified_time":"2024-08-09T03:42:47+00:00","og_image":[{"width":1096,"height":574,"url":"https:\/\/static.africa-press.net\/madagascar\/sites\/56\/2024\/08\/sm_1723158677.133779.jpg","type":"image\/jpeg"}],"author":"cfeditorfr","twitter_card":"summary_large_image","twitter_misc":{"\u00c9crit par":"cfeditorfr","Dur\u00e9e de lecture estim\u00e9e":"2 minutes"},"schema":{"@context":"https:\/\/schema.org","@graph":[{"@type":"Article","@id":"https:\/\/www.africa-press.net\/madagascar\/politique\/gaby-nestor-razakamanantsoa-designe-a-la-tete-du-bianco#article","isPartOf":{"@id":"https:\/\/www.africa-press.net\/madagascar\/politique\/gaby-nestor-razakamanantsoa-designe-a-la-tete-du-bianco"},"author":{"name":"cfeditorfr","@id":"https:\/\/www.africa-press.net\/madagascar\/#\/schema\/person\/2b1cf3cd81a31e3cd26889ca66d677f1"},"headline":"Gaby Nestor Razakamanantsoa d\u00e9sign\u00e9 \u00e0 la t\u00eate du Bianco","datePublished":"2024-08-08T14:00:00+00:00","dateModified":"2024-08-09T03:42:47+00:00","mainEntityOfPage":{"@id":"https:\/\/www.africa-press.net\/madagascar\/politique\/gaby-nestor-razakamanantsoa-designe-a-la-tete-du-bianco"},"wordCount":426,"commentCount":0,"image":{"@id":"https:\/\/www.africa-press.net\/madagascar\/politique\/gaby-nestor-razakamanantsoa-designe-a-la-tete-du-bianco#primaryimage"},"thumbnailUrl":"https:\/\/static.africa-press.net\/madagascar\/sites\/56\/2024\/08\/sm_1723158677.133779.jpg","keywords":["Madagascar"],"articleSection":["Politique","Top Nouvelles","Toutes les actualit\u00e9s"],"inLanguage":"fr-FR","potentialAction":[{"@type":"CommentAction","name":"Comment","target":["https:\/\/www.africa-press.net\/madagascar\/politique\/gaby-nestor-razakamanantsoa-designe-a-la-tete-du-bianco#respond"]}]},{"@type":"WebPage","@id":"https:\/\/www.africa-press.net\/madagascar\/politique\/gaby-nestor-razakamanantsoa-designe-a-la-tete-du-bianco","url":"https:\/\/www.africa-press.net\/madagascar\/politique\/gaby-nestor-razakamanantsoa-designe-a-la-tete-du-bianco","name":"Gaby Nestor Razakamanantsoa d\u00e9sign\u00e9 \u00e0 la t\u00eate du Bianco - Madagascar","isPartOf":{"@id":"https:\/\/www.africa-press.net\/madagascar\/#website"},"primaryImageOfPage":{"@id":"https:\/\/www.africa-press.net\/madagascar\/politique\/gaby-nestor-razakamanantsoa-designe-a-la-tete-du-bianco#primaryimage"},"image":{"@id":"https:\/\/www.africa-press.net\/madagascar\/politique\/gaby-nestor-razakamanantsoa-designe-a-la-tete-du-bianco#primaryimage"},"thumbnailUrl":"https:\/\/static.africa-press.net\/madagascar\/sites\/56\/2024\/08\/sm_1723158677.133779.jpg","datePublished":"2024-08-08T14:00:00+00:00","dateModified":"2024-08-09T03:42:47+00:00","author":{"@id":"https:\/\/www.africa-press.net\/madagascar\/#\/schema\/person\/2b1cf3cd81a31e3cd26889ca66d677f1"},"description":"Le Bureau inde\u0301pendant anti-corruption (Bianco) a son nouveau directeur ge\u0301ne\u0301ral. Gaby Nestor Razakamanantsoa a e\u0301te\u0301 n ...","breadcrumb":{"@id":"https:\/\/www.africa-press.net\/madagascar\/politique\/gaby-nestor-razakamanantsoa-designe-a-la-tete-du-bianco#breadcrumb"},"inLanguage":"fr-FR","potentialAction":[{"@type":"ReadAction","target":["https:\/\/www.africa-press.net\/madagascar\/politique\/gaby-nestor-razakamanantsoa-designe-a-la-tete-du-bianco"]}]},{"@type":"ImageObject","inLanguage":"fr-FR","@id":"https:\/\/www.africa-press.net\/madagascar\/politique\/gaby-nestor-razakamanantsoa-designe-a-la-tete-du-bianco#primaryimage","url":"https:\/\/static.africa-press.net\/madagascar\/sites\/56\/2024\/08\/sm_1723158677.133779.jpg","contentUrl":"https:\/\/static.africa-press.net\/madagascar\/sites\/56\/2024\/08\/sm_1723158677.133779.jpg","width":1096,"height":574,"caption":"Gaby Nestor Razakamanantsoa d\u00e9sign\u00e9 \u00e0 la t\u00eate du Bianco"},{"@type":"BreadcrumbList","@id":"https:\/\/www.africa-press.net\/madagascar\/politique\/gaby-nestor-razakamanantsoa-designe-a-la-tete-du-bianco#breadcrumb","itemListElement":[{"@type":"ListItem","position":1,"name":"Accueil","item":"https:\/\/www.africa-press.net\/madagascar\/"},{"@type":"ListItem","position":2,"name":"Gaby Nestor Razakamanantsoa d\u00e9sign\u00e9 \u00e0 la t\u00eate du Bianco"}]},{"@type":"WebSite","@id":"https:\/\/www.africa-press.net\/madagascar\/#website","url":"https:\/\/www.africa-press.net\/madagascar\/","name":"Madagascar","description":"Just another Africa News Agency Sites site","potentialAction":[{"@type":"SearchAction","target":{"@type":"EntryPoint","urlTemplate":"https:\/\/www.africa-press.net\/madagascar\/?s={search_term_string}"},"query-input":{"@type":"PropertyValueSpecification","valueRequired":true,"valueName":"search_term_string"}}],"inLanguage":"fr-FR"},{"@type":"Person","@id":"https:\/\/www.africa-press.net\/madagascar\/#\/schema\/person\/2b1cf3cd81a31e3cd26889ca66d677f1","name":"cfeditorfr"}]}},"_links":{"self":[{"href":"https:\/\/www.africa-press.net\/madagascar\/wp-json\/wp\/v2\/posts\/29105","targetHints":{"allow":["GET"]}}],"collection":[{"href":"https:\/\/www.africa-press.net\/madagascar\/wp-json\/wp\/v2\/posts"}],"about":[{"href":"https:\/\/www.africa-press.net\/madagascar\/wp-json\/wp\/v2\/types\/post"}],"author":[{"embeddable":true,"href":"https:\/\/www.africa-press.net\/madagascar\/wp-json\/wp\/v2\/users\/82"}],"replies":[{"embeddable":true,"href":"https:\/\/www.africa-press.net\/madagascar\/wp-json\/wp\/v2\/comments?post=29105"}],"version-history":[{"count":0,"href":"https:\/\/www.africa-press.net\/madagascar\/wp-json\/wp\/v2\/posts\/29105\/revisions"}],"wp:featuredmedia":[{"embeddable":true,"href":"https:\/\/www.africa-press.net\/madagascar\/wp-json\/wp\/v2\/media\/29104"}],"wp:attachment":[{"href":"https:\/\/www.africa-press.net\/madagascar\/wp-json\/wp\/v2\/media?parent=29105"}],"wp:term":[{"taxonomy":"category","embeddable":true,"href":"https:\/\/www.africa-press.net\/madagascar\/wp-json\/wp\/v2\/categories?post=29105"},{"taxonomy":"post_tag","embeddable":true,"href":"https:\/\/www.africa-press.net\/madagascar\/wp-json\/wp\/v2\/tags?post=29105"}],"curies":[{"name":"wp","href":"https:\/\/api.w.org\/{rel}","templated":true}]}}