{"id":32709,"date":"2025-02-13T13:30:00","date_gmt":"2025-02-13T13:30:00","guid":{"rendered":"https:\/\/www.africa-press.net\/madagascar\/politique\/le-syndicats-des-industries-appelle-a-renforcer-la-protection-des-entreprises-locales"},"modified":"2025-02-13T13:30:00","modified_gmt":"2025-02-13T13:30:00","slug":"le-syndicats-des-industries-appelle-a-renforcer-la-protection-des-entreprises-locales","status":"publish","type":"post","link":"https:\/\/www.africa-press.net\/madagascar\/economie\/le-syndicats-des-industries-appelle-a-renforcer-la-protection-des-entreprises-locales","title":{"rendered":"Le Syndicats des Industries Appelle \u00e0 Renforcer la Protection des Entreprises Locales"},"content":{"rendered":"<p><span style=\"color: #ff6600\"><strong>Africa-Press &#8211; Madagascar. <\/strong><\/span>Alors qu&rsquo;une nouvelle e\u0301valuation des politiques et pratiques commerciales a\u0300 Madagascar a de\u0301marre\u0301 mercredi, le Syndicat des Industries de Madagascar (SIM) a appele\u0301 le gouvernement a\u0300 \u00ab\u00a0intensifier les mesures de protection en faveur des entreprises locales\u00a0\u00bb face a\u0300 la concurrence e\u0301trange\u0300re.<\/p>\n<p>Le SIM \u00ab\u00a0exhorte le gouvernement a\u0300 intensifier les mesures de protection en faveur des entreprises locales, afin de mieux pre\u0301server le marche\u0301 national de la concurrence e\u0301trange\u0300re\u00a0\u00bb, a indique\u0301 mercredi le syndicat sur son site officiel.<\/p>\n<p>Et de poursuivre: \u00ab\u00a0Dans un contexte marque\u0301 par des infrastructures e\u0301nerge\u0301tiques et routie\u0300res de\u0301faillantes, les industries malgaches peinent a\u0300 faire face a\u0300 l\u2019afflux de produits importe\u0301s\u00a0\u00bb.<\/p>\n<p>Notant que \u00ab\u00a0certains accords signe\u0301s, notamment au sein de la SADC et du Comesa, permettent l\u2019entre\u0301e libre de plusieurs produits sans taxation\u00a0\u00bb, le pre\u0301sident du SIM, Tiana Rasamimanana, demande \u00ab\u00a0la mise en place d\u2019un dispositif qui prote\u0300ge\u00a0\u00bb les usines malgaches. \u00ab\u00a0De\u0300s que la production locale satisfait les besoins des consommateurs, les importations supple\u0301mentaires doivent e\u0302tre soumises a\u0300 une taxe additionnelle\u00a0\u00bb, a-t-il indique\u0301, cite\u0301 dans la publication.<\/p>\n<p>L&rsquo;Autorite\u0301 nationale charge\u0301e des mesures correctives commerciales (ANMCC) a de\u0301ja\u0300 instaure\u0301 des taxes sur certains produits, dont les couvertures, les de\u0301tergents, les farines, les laits concentre\u0301s, les pa\u0302tes alimentaires et les peintures, \u00ab\u00a0afin de limiter leur importation massive\u00a0\u00bb, rappelle le SIM. De nouvelles e\u0301tudes sont en cours pour e\u0301tendre ces mesures, informe le syndicat.<\/p>\n<p>Le SIM insiste sur l\u2019importance de ces mesures protectionnistes, \u00ab\u00a0non seulement pour pre\u0301server les industries locales, mais aussi pour garantir la stabilite\u0301 e\u0301conomique et l\u2019emploi\u00a0\u00bb.<\/p>\n<p>Pour Tiana Rasamimanana, les industries locales repre\u0301sentent des sources d\u2019emploi cruciales pour le pays. \u00ab\u00a0Les industries locales sont pourvoyeuses d\u2019emplois. Si elles ferment, ce sont des milliers d\u2019emplois directs et des millions d\u2019emplois indirects qui disparaissent\u00a0\u00bb. \u00ab\u00a0Nous espe\u0301rons que l\u2019OMC (Organisation mondiale du Commerce, NDLR) comprendra l\u2019importance de ces mesures et adoptera une position juste et loyale. D\u2019autres pays de notre re\u0301gion ont instaure\u0301 de telles taxes sans opposition de l\u2019OMC\u00a0\u00bb, a-t-il souligne\u0301.<\/p>\n<p>Pour rappel, une nouvelle e\u0301valuation des politiques commerciales a\u0300 Madagascar a de\u0301marre\u0301 mercredi 12 fe\u0301vrier, sur la Grande-i\u0302le, sous l&rsquo;e\u0301gide de l\u2019Organisation mondiale du Commerce.<\/p>\n<p><strong>Pour plus d&rsquo;informations et d&rsquo;analyses sur la <span style=\"color: #ff6600\">Madagascar<\/span>, suivez <span style=\"color: #ff6600\">Africa-Press<span style=\"color: #ff6600\"><\/span><\/strong><\/p>\n","protected":false},"excerpt":{"rendered":"<p>Africa-Press &#8211; Madagascar. Alors qu&rsquo;une nouvelle e\u0301valuation des politiques et pratiques commerciales a\u0300 Madagascar a de\u0301marre\u0301 mercredi, le Syndicat des Industries de Madagascar (SIM) a appele\u0301 le gouvernement a\u0300 \u00ab\u00a0intensifier les mesures de protection en faveur des entreprises locales\u00a0\u00bb face a\u0300 la concurrence e\u0301trange\u0300re. Le SIM \u00ab\u00a0exhorte le gouvernement a\u0300 intensifier les mesures de protection [&hellip;]<\/p>\n","protected":false},"author":82,"featured_media":32708,"comment_status":"open","ping_status":"closed","sticky":false,"template":"","format":"standard","meta":{"footnotes":""},"categories":[3,20,10],"tags":[1291,49,1292,1293],"class_list":["post-32709","post","type-post","status-publish","format-standard","has-post-thumbnail","hentry","category-economie","category-top-nouvelles","category-toutes-les-actualites","tag-industries-locales","tag-madagascar","tag-protection","tag-syndicats-des-industries"],"yoast_head":"<!-- This site is optimized with the Yoast SEO Premium plugin v26.1 (Yoast SEO v27.0) - https:\/\/yoast.com\/product\/yoast-seo-premium-wordpress\/ -->\n<title>Le Syndicats des Industries Appelle \u00e0 Renforcer la Protection des Entreprises Locales - Madagascar<\/title>\n<meta name=\"robots\" content=\"index, follow, max-snippet:-1, max-image-preview:large, max-video-preview:-1\" \/>\n<link rel=\"canonical\" href=\"https:\/\/www.africa-press.net\/madagascar\/politique\/le-syndicats-des-industries-appelle-a-renforcer-la-protection-des-entreprises-locales\" \/>\n<meta property=\"og:locale\" content=\"fr_FR\" \/>\n<meta property=\"og:type\" content=\"article\" \/>\n<meta property=\"og:title\" content=\"Le Syndicats des Industries Appelle \u00e0 Renforcer la Protection des Entreprises Locales\" \/>\n<meta property=\"og:description\" content=\"Africa-Press &#8211; Madagascar. Alors qu&rsquo;une nouvelle e\u0301valuation des politiques et pratiques commerciales a\u0300 Madagascar a de\u0301marre\u0301 mercredi, le Syndicat des Industries de Madagascar (SIM) a appele\u0301 le gouvernement a\u0300 \u00ab\u00a0intensifier les mesures de protection en faveur des entreprises locales\u00a0\u00bb face a\u0300 la concurrence e\u0301trange\u0300re. Le SIM \u00ab\u00a0exhorte le gouvernement a\u0300 intensifier les mesures de protection [&hellip;]\" \/>\n<meta property=\"og:url\" content=\"https:\/\/www.africa-press.net\/madagascar\/politique\/le-syndicats-des-industries-appelle-a-renforcer-la-protection-des-entreprises-locales\" \/>\n<meta property=\"og:site_name\" content=\"Madagascar\" \/>\n<meta property=\"article:published_time\" content=\"2025-02-13T13:30:00+00:00\" \/>\n<meta name=\"author\" content=\"cfeditorfr\" \/>\n<meta name=\"twitter:card\" content=\"summary_large_image\" \/>\n<meta name=\"twitter:label1\" content=\"\u00c9crit par\" \/>\n\t<meta name=\"twitter:data1\" content=\"cfeditorfr\" \/>\n\t<meta name=\"twitter:label2\" content=\"Dur\u00e9e de lecture estim\u00e9e\" \/>\n\t<meta name=\"twitter:data2\" content=\"2 minutes\" \/>\n<script type=\"application\/ld+json\" class=\"yoast-schema-graph\">{\"@context\":\"https:\/\/schema.org\",\"@graph\":[{\"@type\":\"Article\",\"@id\":\"https:\/\/www.africa-press.net\/madagascar\/politique\/le-syndicats-des-industries-appelle-a-renforcer-la-protection-des-entreprises-locales#article\",\"isPartOf\":{\"@id\":\"https:\/\/www.africa-press.net\/madagascar\/politique\/le-syndicats-des-industries-appelle-a-renforcer-la-protection-des-entreprises-locales\"},\"author\":{\"name\":\"cfeditorfr\",\"@id\":\"https:\/\/www.africa-press.net\/madagascar\/#\/schema\/person\/2b1cf3cd81a31e3cd26889ca66d677f1\"},\"headline\":\"Le Syndicats des Industries Appelle \u00e0 Renforcer la Protection des Entreprises Locales\",\"datePublished\":\"2025-02-13T13:30:00+00:00\",\"mainEntityOfPage\":{\"@id\":\"https:\/\/www.africa-press.net\/madagascar\/politique\/le-syndicats-des-industries-appelle-a-renforcer-la-protection-des-entreprises-locales\"},\"wordCount\":424,\"commentCount\":0,\"image\":{\"@id\":\"https:\/\/www.africa-press.net\/madagascar\/politique\/le-syndicats-des-industries-appelle-a-renforcer-la-protection-des-entreprises-locales#primaryimage\"},\"thumbnailUrl\":\"https:\/\/static.africa-press.net\/madagascar\/sites\/56\/2025\/02\/sm_1739525289.893645.jpg\",\"keywords\":[\"Industries locales\",\"Madagascar\",\"protection\",\"Syndicats des Industries\"],\"articleSection\":[\"\u00c9conomie\",\"Top Nouvelles\",\"Toutes les actualit\u00e9s\"],\"inLanguage\":\"fr-FR\",\"potentialAction\":[{\"@type\":\"CommentAction\",\"name\":\"Comment\",\"target\":[\"https:\/\/www.africa-press.net\/madagascar\/politique\/le-syndicats-des-industries-appelle-a-renforcer-la-protection-des-entreprises-locales#respond\"]}]},{\"@type\":\"WebPage\",\"@id\":\"https:\/\/www.africa-press.net\/madagascar\/politique\/le-syndicats-des-industries-appelle-a-renforcer-la-protection-des-entreprises-locales\",\"url\":\"https:\/\/www.africa-press.net\/madagascar\/politique\/le-syndicats-des-industries-appelle-a-renforcer-la-protection-des-entreprises-locales\",\"name\":\"Le Syndicats des Industries Appelle \u00e0 Renforcer la Protection des Entreprises Locales - Madagascar\",\"isPartOf\":{\"@id\":\"https:\/\/www.africa-press.net\/madagascar\/#website\"},\"primaryImageOfPage\":{\"@id\":\"https:\/\/www.africa-press.net\/madagascar\/politique\/le-syndicats-des-industries-appelle-a-renforcer-la-protection-des-entreprises-locales#primaryimage\"},\"image\":{\"@id\":\"https:\/\/www.africa-press.net\/madagascar\/politique\/le-syndicats-des-industries-appelle-a-renforcer-la-protection-des-entreprises-locales#primaryimage\"},\"thumbnailUrl\":\"https:\/\/static.africa-press.net\/madagascar\/sites\/56\/2025\/02\/sm_1739525289.893645.jpg\",\"datePublished\":\"2025-02-13T13:30:00+00:00\",\"author\":{\"@id\":\"https:\/\/www.africa-press.net\/madagascar\/#\/schema\/person\/2b1cf3cd81a31e3cd26889ca66d677f1\"},\"breadcrumb\":{\"@id\":\"https:\/\/www.africa-press.net\/madagascar\/politique\/le-syndicats-des-industries-appelle-a-renforcer-la-protection-des-entreprises-locales#breadcrumb\"},\"inLanguage\":\"fr-FR\",\"potentialAction\":[{\"@type\":\"ReadAction\",\"target\":[\"https:\/\/www.africa-press.net\/madagascar\/politique\/le-syndicats-des-industries-appelle-a-renforcer-la-protection-des-entreprises-locales\"]}]},{\"@type\":\"ImageObject\",\"inLanguage\":\"fr-FR\",\"@id\":\"https:\/\/www.africa-press.net\/madagascar\/politique\/le-syndicats-des-industries-appelle-a-renforcer-la-protection-des-entreprises-locales#primaryimage\",\"url\":\"https:\/\/static.africa-press.net\/madagascar\/sites\/56\/2025\/02\/sm_1739525289.893645.jpg\",\"contentUrl\":\"https:\/\/static.africa-press.net\/madagascar\/sites\/56\/2025\/02\/sm_1739525289.893645.jpg\",\"width\":720,\"height\":405,\"caption\":\"Le Syndicats des Industries Appelle \u00e0 Renforcer la Protection des Entreprises Locales\"},{\"@type\":\"BreadcrumbList\",\"@id\":\"https:\/\/www.africa-press.net\/madagascar\/politique\/le-syndicats-des-industries-appelle-a-renforcer-la-protection-des-entreprises-locales#breadcrumb\",\"itemListElement\":[{\"@type\":\"ListItem\",\"position\":1,\"name\":\"Accueil\",\"item\":\"https:\/\/www.africa-press.net\/madagascar\/\"},{\"@type\":\"ListItem\",\"position\":2,\"name\":\"Le Syndicats des Industries Appelle \u00e0 Renforcer la Protection des Entreprises Locales\"}]},{\"@type\":\"WebSite\",\"@id\":\"https:\/\/www.africa-press.net\/madagascar\/#website\",\"url\":\"https:\/\/www.africa-press.net\/madagascar\/\",\"name\":\"Madagascar\",\"description\":\"Just another Africa News Agency Sites site\",\"potentialAction\":[{\"@type\":\"SearchAction\",\"target\":{\"@type\":\"EntryPoint\",\"urlTemplate\":\"https:\/\/www.africa-press.net\/madagascar\/?s={search_term_string}\"},\"query-input\":{\"@type\":\"PropertyValueSpecification\",\"valueRequired\":true,\"valueName\":\"search_term_string\"}}],\"inLanguage\":\"fr-FR\"},{\"@type\":\"Person\",\"@id\":\"https:\/\/www.africa-press.net\/madagascar\/#\/schema\/person\/2b1cf3cd81a31e3cd26889ca66d677f1\",\"name\":\"cfeditorfr\"}]}<\/script>\n<!-- \/ Yoast SEO Premium plugin. -->","yoast_head_json":{"title":"Le Syndicats des Industries Appelle \u00e0 Renforcer la Protection des Entreprises Locales - Madagascar","robots":{"index":"index","follow":"follow","max-snippet":"max-snippet:-1","max-image-preview":"max-image-preview:large","max-video-preview":"max-video-preview:-1"},"canonical":"https:\/\/www.africa-press.net\/madagascar\/politique\/le-syndicats-des-industries-appelle-a-renforcer-la-protection-des-entreprises-locales","og_locale":"fr_FR","og_type":"article","og_title":"Le Syndicats des Industries Appelle \u00e0 Renforcer la Protection des Entreprises Locales","og_description":"Africa-Press &#8211; Madagascar. Alors qu&rsquo;une nouvelle e\u0301valuation des politiques et pratiques commerciales a\u0300 Madagascar a de\u0301marre\u0301 mercredi, le Syndicat des Industries de Madagascar (SIM) a appele\u0301 le gouvernement a\u0300 \u00ab\u00a0intensifier les mesures de protection en faveur des entreprises locales\u00a0\u00bb face a\u0300 la concurrence e\u0301trange\u0300re. Le SIM \u00ab\u00a0exhorte le gouvernement a\u0300 intensifier les mesures de protection [&hellip;]","og_url":"https:\/\/www.africa-press.net\/madagascar\/politique\/le-syndicats-des-industries-appelle-a-renforcer-la-protection-des-entreprises-locales","og_site_name":"Madagascar","article_published_time":"2025-02-13T13:30:00+00:00","author":"cfeditorfr","twitter_card":"summary_large_image","twitter_misc":{"\u00c9crit par":"cfeditorfr","Dur\u00e9e de lecture estim\u00e9e":"2 minutes"},"schema":{"@context":"https:\/\/schema.org","@graph":[{"@type":"Article","@id":"https:\/\/www.africa-press.net\/madagascar\/politique\/le-syndicats-des-industries-appelle-a-renforcer-la-protection-des-entreprises-locales#article","isPartOf":{"@id":"https:\/\/www.africa-press.net\/madagascar\/politique\/le-syndicats-des-industries-appelle-a-renforcer-la-protection-des-entreprises-locales"},"author":{"name":"cfeditorfr","@id":"https:\/\/www.africa-press.net\/madagascar\/#\/schema\/person\/2b1cf3cd81a31e3cd26889ca66d677f1"},"headline":"Le Syndicats des Industries Appelle \u00e0 Renforcer la Protection des Entreprises Locales","datePublished":"2025-02-13T13:30:00+00:00","mainEntityOfPage":{"@id":"https:\/\/www.africa-press.net\/madagascar\/politique\/le-syndicats-des-industries-appelle-a-renforcer-la-protection-des-entreprises-locales"},"wordCount":424,"commentCount":0,"image":{"@id":"https:\/\/www.africa-press.net\/madagascar\/politique\/le-syndicats-des-industries-appelle-a-renforcer-la-protection-des-entreprises-locales#primaryimage"},"thumbnailUrl":"https:\/\/static.africa-press.net\/madagascar\/sites\/56\/2025\/02\/sm_1739525289.893645.jpg","keywords":["Industries locales","Madagascar","protection","Syndicats des Industries"],"articleSection":["\u00c9conomie","Top Nouvelles","Toutes les actualit\u00e9s"],"inLanguage":"fr-FR","potentialAction":[{"@type":"CommentAction","name":"Comment","target":["https:\/\/www.africa-press.net\/madagascar\/politique\/le-syndicats-des-industries-appelle-a-renforcer-la-protection-des-entreprises-locales#respond"]}]},{"@type":"WebPage","@id":"https:\/\/www.africa-press.net\/madagascar\/politique\/le-syndicats-des-industries-appelle-a-renforcer-la-protection-des-entreprises-locales","url":"https:\/\/www.africa-press.net\/madagascar\/politique\/le-syndicats-des-industries-appelle-a-renforcer-la-protection-des-entreprises-locales","name":"Le Syndicats des Industries Appelle \u00e0 Renforcer la Protection des Entreprises Locales - Madagascar","isPartOf":{"@id":"https:\/\/www.africa-press.net\/madagascar\/#website"},"primaryImageOfPage":{"@id":"https:\/\/www.africa-press.net\/madagascar\/politique\/le-syndicats-des-industries-appelle-a-renforcer-la-protection-des-entreprises-locales#primaryimage"},"image":{"@id":"https:\/\/www.africa-press.net\/madagascar\/politique\/le-syndicats-des-industries-appelle-a-renforcer-la-protection-des-entreprises-locales#primaryimage"},"thumbnailUrl":"https:\/\/static.africa-press.net\/madagascar\/sites\/56\/2025\/02\/sm_1739525289.893645.jpg","datePublished":"2025-02-13T13:30:00+00:00","author":{"@id":"https:\/\/www.africa-press.net\/madagascar\/#\/schema\/person\/2b1cf3cd81a31e3cd26889ca66d677f1"},"breadcrumb":{"@id":"https:\/\/www.africa-press.net\/madagascar\/politique\/le-syndicats-des-industries-appelle-a-renforcer-la-protection-des-entreprises-locales#breadcrumb"},"inLanguage":"fr-FR","potentialAction":[{"@type":"ReadAction","target":["https:\/\/www.africa-press.net\/madagascar\/politique\/le-syndicats-des-industries-appelle-a-renforcer-la-protection-des-entreprises-locales"]}]},{"@type":"ImageObject","inLanguage":"fr-FR","@id":"https:\/\/www.africa-press.net\/madagascar\/politique\/le-syndicats-des-industries-appelle-a-renforcer-la-protection-des-entreprises-locales#primaryimage","url":"https:\/\/static.africa-press.net\/madagascar\/sites\/56\/2025\/02\/sm_1739525289.893645.jpg","contentUrl":"https:\/\/static.africa-press.net\/madagascar\/sites\/56\/2025\/02\/sm_1739525289.893645.jpg","width":720,"height":405,"caption":"Le Syndicats des Industries Appelle \u00e0 Renforcer la Protection des Entreprises Locales"},{"@type":"BreadcrumbList","@id":"https:\/\/www.africa-press.net\/madagascar\/politique\/le-syndicats-des-industries-appelle-a-renforcer-la-protection-des-entreprises-locales#breadcrumb","itemListElement":[{"@type":"ListItem","position":1,"name":"Accueil","item":"https:\/\/www.africa-press.net\/madagascar\/"},{"@type":"ListItem","position":2,"name":"Le Syndicats des Industries Appelle \u00e0 Renforcer la Protection des Entreprises Locales"}]},{"@type":"WebSite","@id":"https:\/\/www.africa-press.net\/madagascar\/#website","url":"https:\/\/www.africa-press.net\/madagascar\/","name":"Madagascar","description":"Just another Africa News Agency Sites site","potentialAction":[{"@type":"SearchAction","target":{"@type":"EntryPoint","urlTemplate":"https:\/\/www.africa-press.net\/madagascar\/?s={search_term_string}"},"query-input":{"@type":"PropertyValueSpecification","valueRequired":true,"valueName":"search_term_string"}}],"inLanguage":"fr-FR"},{"@type":"Person","@id":"https:\/\/www.africa-press.net\/madagascar\/#\/schema\/person\/2b1cf3cd81a31e3cd26889ca66d677f1","name":"cfeditorfr"}]}},"_links":{"self":[{"href":"https:\/\/www.africa-press.net\/madagascar\/wp-json\/wp\/v2\/posts\/32709","targetHints":{"allow":["GET"]}}],"collection":[{"href":"https:\/\/www.africa-press.net\/madagascar\/wp-json\/wp\/v2\/posts"}],"about":[{"href":"https:\/\/www.africa-press.net\/madagascar\/wp-json\/wp\/v2\/types\/post"}],"author":[{"embeddable":true,"href":"https:\/\/www.africa-press.net\/madagascar\/wp-json\/wp\/v2\/users\/82"}],"replies":[{"embeddable":true,"href":"https:\/\/www.africa-press.net\/madagascar\/wp-json\/wp\/v2\/comments?post=32709"}],"version-history":[{"count":0,"href":"https:\/\/www.africa-press.net\/madagascar\/wp-json\/wp\/v2\/posts\/32709\/revisions"}],"wp:featuredmedia":[{"embeddable":true,"href":"https:\/\/www.africa-press.net\/madagascar\/wp-json\/wp\/v2\/media\/32708"}],"wp:attachment":[{"href":"https:\/\/www.africa-press.net\/madagascar\/wp-json\/wp\/v2\/media?parent=32709"}],"wp:term":[{"taxonomy":"category","embeddable":true,"href":"https:\/\/www.africa-press.net\/madagascar\/wp-json\/wp\/v2\/categories?post=32709"},{"taxonomy":"post_tag","embeddable":true,"href":"https:\/\/www.africa-press.net\/madagascar\/wp-json\/wp\/v2\/tags?post=32709"}],"curies":[{"name":"wp","href":"https:\/\/api.w.org\/{rel}","templated":true}]}}