{"id":33469,"date":"2025-03-30T13:45:00","date_gmt":"2025-03-30T13:45:00","guid":{"rendered":"https:\/\/www.africa-press.net\/madagascar\/politique\/le-president-celebre-liftar-avec-les-membres-de-la-communaute-musulmane"},"modified":"2025-03-30T13:45:00","modified_gmt":"2025-03-30T13:45:00","slug":"le-president-celebre-liftar-avec-les-membres-de-la-communaute-musulmane","status":"publish","type":"post","link":"https:\/\/www.africa-press.net\/madagascar\/politique\/le-president-celebre-liftar-avec-les-membres-de-la-communaute-musulmane","title":{"rendered":"Le Pr\u00e9sident C\u00e9l\u00e8bre L\u2019Iftar avec les Membres de la Communaut\u00e9 Musulmane"},"content":{"rendered":"<p><span style=\"color: #ff6600\"><strong>Africa-Press &#8211; Madagascar. <\/strong><\/span>A l\u2019avant dernier jour de la fin du mois du Ramadan, ce samedi 29 Mars dans la soire\u0301e, le Pre\u0301sident Andry Rajoelina a re\u0301pondu a\u0300 l\u2019invitation des membres de la communaute\u0301 musulmane et pris part a\u0300 l\u2019Iftar (rupture du jeu\u0302ne) au Radisson Blu a\u0300 Ankorondrano, Antananarivo.<\/p>\n<p>Au cours d\u2019un bref discours, le Pre\u0301sident de l\u2019Association des Musulmans de Madagascar (Fikambanana Silamo Malagasy), Sheikh Abdoul Hady a, d\u2019emble\u0301e, adresse\u0301 sa reconnaissance a\u0300 l\u2019endroit du Gouvernement pour le soutien et la facilitation des actions sociales mene\u0301es par la communaute\u0301 musulmane au cours de ce mois du Ramadan.<\/p>\n<p>Des actions qui consistaient essentiellement a\u0300 la distribution de nourritures pour les plus vulne\u0301rables dans plusieurs quartiers.<\/p>\n<p>Pour sa part, le Pre\u0301sident a souligne\u0301 que \u00ab le Ramadan nous apprend a\u0300 purifier nos c\u0153urs et nous rappelle que la plus grande arme dans la vie est la foi \u00bb. Il a particulie\u0300rement salue\u0301 l\u2019engagement de la communaute\u0301 musulmane a\u0300 Madagascar, qui \u0153uvre activement dans diffe\u0301rents domaines comme l\u2019e\u0301ducation, la Sante\u0301 ainsi que d\u2019autres actions sociales.<\/p>\n<p>Un de\u0301vouement qui, selon lui, te\u0301moigne des principes de solidarite\u0301 et de ge\u0301ne\u0301rosite\u0301 pro\u0302ne\u0301 par la religion musulmane.<\/p>\n<p>\u00ab Ce soir, en partageant ce repas, nous ce\u0301le\u0301brons bien plus qu\u2019une rupture de jeu\u0302ne. Nous prouvons qu\u2019ensemble, nous avanc\u0327ons et ba\u0302tissons un avenir meilleur. Nous re\u0301affirmons notre volonte\u0301 de renforcer les liens qui nous unissent \u00bb, a ajoute\u0301 le Pre\u0301sident.<\/p>\n<p>C\u2019est la deuxie\u0300me anne\u0301e conse\u0301cutive depuis son second mandat que le Chef de l\u2019E\u0301tat ce\u0301le\u0300bre la rupture du jeu\u0302ne durant la pe\u0301riode du Ramadan. L\u2019 anne\u0301e dernie\u0300re, le Chef de l\u2019E\u0301tat a de\u0301ja\u0300 pris part a\u0300 l\u2019Iftar de la fraternite\u0301 organise\u0301 par l\u2019Association des Musulmans de Madagascar et ce, aux co\u0302te\u0301s du Nonce apostolique ainsi que du Doyen du corps diplomatique.<\/p>\n<p>D\u2019apre\u0300s les dernie\u0300res statistiques publie\u0301es en 2024, pre\u0300s de 10 a\u0300 15% de la population malgache est de confession musulmane.<\/p>\n<p><strong>Pour plus d&rsquo;informations et d&rsquo;analyses sur la <span style=\"color: #ff6600\">Madagascar<\/span>, suivez <span style=\"color: #ff6600\">Africa-Press<span style=\"color: #ff6600\"><\/span><\/strong><\/p>\n","protected":false},"excerpt":{"rendered":"<p>Africa-Press &#8211; Madagascar. A l\u2019avant dernier jour de la fin du mois du Ramadan, ce samedi 29 Mars dans la soire\u0301e, le Pre\u0301sident Andry Rajoelina a re\u0301pondu a\u0300 l\u2019invitation des membres de la communaute\u0301 musulmane et pris part a\u0300 l\u2019Iftar (rupture du jeu\u0302ne) au Radisson Blu a\u0300 Ankorondrano, Antananarivo. Au cours d\u2019un bref discours, le [&hellip;]<\/p>\n","protected":false},"author":82,"featured_media":33468,"comment_status":"open","ping_status":"closed","sticky":false,"template":"","format":"standard","meta":{"footnotes":""},"categories":[2,20,10],"tags":[53,1345,1346,49,1343,1344],"class_list":["post-33469","post","type-post","status-publish","format-standard","has-post-thumbnail","hentry","category-politique","category-top-nouvelles","category-toutes-les-actualites","tag-andry-rajoelina","tag-association-des-musulmans-de-madagascar-fikambanana-silamo-malagasy","tag-iftar","tag-madagascar","tag-ramadan","tag-sheikh-abdoul-hady"],"yoast_head":"<!-- This site is optimized with the Yoast SEO Premium plugin v26.1 (Yoast SEO v27.0) - https:\/\/yoast.com\/product\/yoast-seo-premium-wordpress\/ -->\n<title>Le Pr\u00e9sident C\u00e9l\u00e8bre L\u2019Iftar avec les Membres de la Communaut\u00e9 Musulmane - Madagascar<\/title>\n<meta name=\"robots\" content=\"index, follow, max-snippet:-1, max-image-preview:large, max-video-preview:-1\" \/>\n<link rel=\"canonical\" href=\"https:\/\/www.africa-press.net\/madagascar\/politique\/le-president-celebre-liftar-avec-les-membres-de-la-communaute-musulmane\" \/>\n<meta property=\"og:locale\" content=\"fr_FR\" \/>\n<meta property=\"og:type\" content=\"article\" \/>\n<meta property=\"og:title\" content=\"Le Pr\u00e9sident C\u00e9l\u00e8bre L\u2019Iftar avec les Membres de la Communaut\u00e9 Musulmane\" \/>\n<meta property=\"og:description\" content=\"Africa-Press &#8211; Madagascar. A l\u2019avant dernier jour de la fin du mois du Ramadan, ce samedi 29 Mars dans la soire\u0301e, le Pre\u0301sident Andry Rajoelina a re\u0301pondu a\u0300 l\u2019invitation des membres de la communaute\u0301 musulmane et pris part a\u0300 l\u2019Iftar (rupture du jeu\u0302ne) au Radisson Blu a\u0300 Ankorondrano, Antananarivo. Au cours d\u2019un bref discours, le [&hellip;]\" \/>\n<meta property=\"og:url\" content=\"https:\/\/www.africa-press.net\/madagascar\/politique\/le-president-celebre-liftar-avec-les-membres-de-la-communaute-musulmane\" \/>\n<meta property=\"og:site_name\" content=\"Madagascar\" \/>\n<meta property=\"article:published_time\" content=\"2025-03-30T13:45:00+00:00\" \/>\n<meta name=\"author\" content=\"cfeditorfr\" \/>\n<meta name=\"twitter:card\" content=\"summary_large_image\" \/>\n<meta name=\"twitter:label1\" content=\"\u00c9crit par\" \/>\n\t<meta name=\"twitter:data1\" content=\"cfeditorfr\" \/>\n\t<meta name=\"twitter:label2\" content=\"Dur\u00e9e de lecture estim\u00e9e\" \/>\n\t<meta name=\"twitter:data2\" content=\"2 minutes\" \/>\n<script type=\"application\/ld+json\" class=\"yoast-schema-graph\">{\"@context\":\"https:\/\/schema.org\",\"@graph\":[{\"@type\":\"Article\",\"@id\":\"https:\/\/www.africa-press.net\/madagascar\/politique\/le-president-celebre-liftar-avec-les-membres-de-la-communaute-musulmane#article\",\"isPartOf\":{\"@id\":\"https:\/\/www.africa-press.net\/madagascar\/politique\/le-president-celebre-liftar-avec-les-membres-de-la-communaute-musulmane\"},\"author\":{\"name\":\"cfeditorfr\",\"@id\":\"https:\/\/www.africa-press.net\/madagascar\/#\/schema\/person\/2b1cf3cd81a31e3cd26889ca66d677f1\"},\"headline\":\"Le Pr\u00e9sident C\u00e9l\u00e8bre L\u2019Iftar avec les Membres de la Communaut\u00e9 Musulmane\",\"datePublished\":\"2025-03-30T13:45:00+00:00\",\"mainEntityOfPage\":{\"@id\":\"https:\/\/www.africa-press.net\/madagascar\/politique\/le-president-celebre-liftar-avec-les-membres-de-la-communaute-musulmane\"},\"wordCount\":393,\"commentCount\":0,\"image\":{\"@id\":\"https:\/\/www.africa-press.net\/madagascar\/politique\/le-president-celebre-liftar-avec-les-membres-de-la-communaute-musulmane#primaryimage\"},\"thumbnailUrl\":\"https:\/\/static.africa-press.net\/madagascar\/sites\/56\/2025\/03\/sm_1743400385.204911.jpg\",\"keywords\":[\"Andry Rajoelina\",\"Association des Musulmans de Madagascar (Fikambanana Silamo Malagasy)\",\"Iftar\",\"Madagascar\",\"Ramadan\",\"Sheikh Abdoul Hady\"],\"articleSection\":[\"Politique\",\"Top Nouvelles\",\"Toutes les actualit\u00e9s\"],\"inLanguage\":\"fr-FR\",\"potentialAction\":[{\"@type\":\"CommentAction\",\"name\":\"Comment\",\"target\":[\"https:\/\/www.africa-press.net\/madagascar\/politique\/le-president-celebre-liftar-avec-les-membres-de-la-communaute-musulmane#respond\"]}]},{\"@type\":\"WebPage\",\"@id\":\"https:\/\/www.africa-press.net\/madagascar\/politique\/le-president-celebre-liftar-avec-les-membres-de-la-communaute-musulmane\",\"url\":\"https:\/\/www.africa-press.net\/madagascar\/politique\/le-president-celebre-liftar-avec-les-membres-de-la-communaute-musulmane\",\"name\":\"Le Pr\u00e9sident C\u00e9l\u00e8bre L\u2019Iftar avec les Membres de la Communaut\u00e9 Musulmane - Madagascar\",\"isPartOf\":{\"@id\":\"https:\/\/www.africa-press.net\/madagascar\/#website\"},\"primaryImageOfPage\":{\"@id\":\"https:\/\/www.africa-press.net\/madagascar\/politique\/le-president-celebre-liftar-avec-les-membres-de-la-communaute-musulmane#primaryimage\"},\"image\":{\"@id\":\"https:\/\/www.africa-press.net\/madagascar\/politique\/le-president-celebre-liftar-avec-les-membres-de-la-communaute-musulmane#primaryimage\"},\"thumbnailUrl\":\"https:\/\/static.africa-press.net\/madagascar\/sites\/56\/2025\/03\/sm_1743400385.204911.jpg\",\"datePublished\":\"2025-03-30T13:45:00+00:00\",\"author\":{\"@id\":\"https:\/\/www.africa-press.net\/madagascar\/#\/schema\/person\/2b1cf3cd81a31e3cd26889ca66d677f1\"},\"breadcrumb\":{\"@id\":\"https:\/\/www.africa-press.net\/madagascar\/politique\/le-president-celebre-liftar-avec-les-membres-de-la-communaute-musulmane#breadcrumb\"},\"inLanguage\":\"fr-FR\",\"potentialAction\":[{\"@type\":\"ReadAction\",\"target\":[\"https:\/\/www.africa-press.net\/madagascar\/politique\/le-president-celebre-liftar-avec-les-membres-de-la-communaute-musulmane\"]}]},{\"@type\":\"ImageObject\",\"inLanguage\":\"fr-FR\",\"@id\":\"https:\/\/www.africa-press.net\/madagascar\/politique\/le-president-celebre-liftar-avec-les-membres-de-la-communaute-musulmane#primaryimage\",\"url\":\"https:\/\/static.africa-press.net\/madagascar\/sites\/56\/2025\/03\/sm_1743400385.204911.jpg\",\"contentUrl\":\"https:\/\/static.africa-press.net\/madagascar\/sites\/56\/2025\/03\/sm_1743400385.204911.jpg\",\"width\":819,\"height\":478,\"caption\":\"Le Pr\u00e9sident C\u00e9l\u00e8bre L\u2019Iftar avec les Membres de la Communaut\u00e9 Musulmane\"},{\"@type\":\"BreadcrumbList\",\"@id\":\"https:\/\/www.africa-press.net\/madagascar\/politique\/le-president-celebre-liftar-avec-les-membres-de-la-communaute-musulmane#breadcrumb\",\"itemListElement\":[{\"@type\":\"ListItem\",\"position\":1,\"name\":\"Accueil\",\"item\":\"https:\/\/www.africa-press.net\/madagascar\/\"},{\"@type\":\"ListItem\",\"position\":2,\"name\":\"Le Pr\u00e9sident C\u00e9l\u00e8bre L\u2019Iftar avec les Membres de la Communaut\u00e9 Musulmane\"}]},{\"@type\":\"WebSite\",\"@id\":\"https:\/\/www.africa-press.net\/madagascar\/#website\",\"url\":\"https:\/\/www.africa-press.net\/madagascar\/\",\"name\":\"Madagascar\",\"description\":\"Just another Africa News Agency Sites site\",\"potentialAction\":[{\"@type\":\"SearchAction\",\"target\":{\"@type\":\"EntryPoint\",\"urlTemplate\":\"https:\/\/www.africa-press.net\/madagascar\/?s={search_term_string}\"},\"query-input\":{\"@type\":\"PropertyValueSpecification\",\"valueRequired\":true,\"valueName\":\"search_term_string\"}}],\"inLanguage\":\"fr-FR\"},{\"@type\":\"Person\",\"@id\":\"https:\/\/www.africa-press.net\/madagascar\/#\/schema\/person\/2b1cf3cd81a31e3cd26889ca66d677f1\",\"name\":\"cfeditorfr\"}]}<\/script>\n<!-- \/ Yoast SEO Premium plugin. -->","yoast_head_json":{"title":"Le Pr\u00e9sident C\u00e9l\u00e8bre L\u2019Iftar avec les Membres de la Communaut\u00e9 Musulmane - Madagascar","robots":{"index":"index","follow":"follow","max-snippet":"max-snippet:-1","max-image-preview":"max-image-preview:large","max-video-preview":"max-video-preview:-1"},"canonical":"https:\/\/www.africa-press.net\/madagascar\/politique\/le-president-celebre-liftar-avec-les-membres-de-la-communaute-musulmane","og_locale":"fr_FR","og_type":"article","og_title":"Le Pr\u00e9sident C\u00e9l\u00e8bre L\u2019Iftar avec les Membres de la Communaut\u00e9 Musulmane","og_description":"Africa-Press &#8211; Madagascar. A l\u2019avant dernier jour de la fin du mois du Ramadan, ce samedi 29 Mars dans la soire\u0301e, le Pre\u0301sident Andry Rajoelina a re\u0301pondu a\u0300 l\u2019invitation des membres de la communaute\u0301 musulmane et pris part a\u0300 l\u2019Iftar (rupture du jeu\u0302ne) au Radisson Blu a\u0300 Ankorondrano, Antananarivo. Au cours d\u2019un bref discours, le [&hellip;]","og_url":"https:\/\/www.africa-press.net\/madagascar\/politique\/le-president-celebre-liftar-avec-les-membres-de-la-communaute-musulmane","og_site_name":"Madagascar","article_published_time":"2025-03-30T13:45:00+00:00","author":"cfeditorfr","twitter_card":"summary_large_image","twitter_misc":{"\u00c9crit par":"cfeditorfr","Dur\u00e9e de lecture estim\u00e9e":"2 minutes"},"schema":{"@context":"https:\/\/schema.org","@graph":[{"@type":"Article","@id":"https:\/\/www.africa-press.net\/madagascar\/politique\/le-president-celebre-liftar-avec-les-membres-de-la-communaute-musulmane#article","isPartOf":{"@id":"https:\/\/www.africa-press.net\/madagascar\/politique\/le-president-celebre-liftar-avec-les-membres-de-la-communaute-musulmane"},"author":{"name":"cfeditorfr","@id":"https:\/\/www.africa-press.net\/madagascar\/#\/schema\/person\/2b1cf3cd81a31e3cd26889ca66d677f1"},"headline":"Le Pr\u00e9sident C\u00e9l\u00e8bre L\u2019Iftar avec les Membres de la Communaut\u00e9 Musulmane","datePublished":"2025-03-30T13:45:00+00:00","mainEntityOfPage":{"@id":"https:\/\/www.africa-press.net\/madagascar\/politique\/le-president-celebre-liftar-avec-les-membres-de-la-communaute-musulmane"},"wordCount":393,"commentCount":0,"image":{"@id":"https:\/\/www.africa-press.net\/madagascar\/politique\/le-president-celebre-liftar-avec-les-membres-de-la-communaute-musulmane#primaryimage"},"thumbnailUrl":"https:\/\/static.africa-press.net\/madagascar\/sites\/56\/2025\/03\/sm_1743400385.204911.jpg","keywords":["Andry Rajoelina","Association des Musulmans de Madagascar (Fikambanana Silamo Malagasy)","Iftar","Madagascar","Ramadan","Sheikh Abdoul Hady"],"articleSection":["Politique","Top Nouvelles","Toutes les actualit\u00e9s"],"inLanguage":"fr-FR","potentialAction":[{"@type":"CommentAction","name":"Comment","target":["https:\/\/www.africa-press.net\/madagascar\/politique\/le-president-celebre-liftar-avec-les-membres-de-la-communaute-musulmane#respond"]}]},{"@type":"WebPage","@id":"https:\/\/www.africa-press.net\/madagascar\/politique\/le-president-celebre-liftar-avec-les-membres-de-la-communaute-musulmane","url":"https:\/\/www.africa-press.net\/madagascar\/politique\/le-president-celebre-liftar-avec-les-membres-de-la-communaute-musulmane","name":"Le Pr\u00e9sident C\u00e9l\u00e8bre L\u2019Iftar avec les Membres de la Communaut\u00e9 Musulmane - Madagascar","isPartOf":{"@id":"https:\/\/www.africa-press.net\/madagascar\/#website"},"primaryImageOfPage":{"@id":"https:\/\/www.africa-press.net\/madagascar\/politique\/le-president-celebre-liftar-avec-les-membres-de-la-communaute-musulmane#primaryimage"},"image":{"@id":"https:\/\/www.africa-press.net\/madagascar\/politique\/le-president-celebre-liftar-avec-les-membres-de-la-communaute-musulmane#primaryimage"},"thumbnailUrl":"https:\/\/static.africa-press.net\/madagascar\/sites\/56\/2025\/03\/sm_1743400385.204911.jpg","datePublished":"2025-03-30T13:45:00+00:00","author":{"@id":"https:\/\/www.africa-press.net\/madagascar\/#\/schema\/person\/2b1cf3cd81a31e3cd26889ca66d677f1"},"breadcrumb":{"@id":"https:\/\/www.africa-press.net\/madagascar\/politique\/le-president-celebre-liftar-avec-les-membres-de-la-communaute-musulmane#breadcrumb"},"inLanguage":"fr-FR","potentialAction":[{"@type":"ReadAction","target":["https:\/\/www.africa-press.net\/madagascar\/politique\/le-president-celebre-liftar-avec-les-membres-de-la-communaute-musulmane"]}]},{"@type":"ImageObject","inLanguage":"fr-FR","@id":"https:\/\/www.africa-press.net\/madagascar\/politique\/le-president-celebre-liftar-avec-les-membres-de-la-communaute-musulmane#primaryimage","url":"https:\/\/static.africa-press.net\/madagascar\/sites\/56\/2025\/03\/sm_1743400385.204911.jpg","contentUrl":"https:\/\/static.africa-press.net\/madagascar\/sites\/56\/2025\/03\/sm_1743400385.204911.jpg","width":819,"height":478,"caption":"Le Pr\u00e9sident C\u00e9l\u00e8bre L\u2019Iftar avec les Membres de la Communaut\u00e9 Musulmane"},{"@type":"BreadcrumbList","@id":"https:\/\/www.africa-press.net\/madagascar\/politique\/le-president-celebre-liftar-avec-les-membres-de-la-communaute-musulmane#breadcrumb","itemListElement":[{"@type":"ListItem","position":1,"name":"Accueil","item":"https:\/\/www.africa-press.net\/madagascar\/"},{"@type":"ListItem","position":2,"name":"Le Pr\u00e9sident C\u00e9l\u00e8bre L\u2019Iftar avec les Membres de la Communaut\u00e9 Musulmane"}]},{"@type":"WebSite","@id":"https:\/\/www.africa-press.net\/madagascar\/#website","url":"https:\/\/www.africa-press.net\/madagascar\/","name":"Madagascar","description":"Just another Africa News Agency Sites site","potentialAction":[{"@type":"SearchAction","target":{"@type":"EntryPoint","urlTemplate":"https:\/\/www.africa-press.net\/madagascar\/?s={search_term_string}"},"query-input":{"@type":"PropertyValueSpecification","valueRequired":true,"valueName":"search_term_string"}}],"inLanguage":"fr-FR"},{"@type":"Person","@id":"https:\/\/www.africa-press.net\/madagascar\/#\/schema\/person\/2b1cf3cd81a31e3cd26889ca66d677f1","name":"cfeditorfr"}]}},"_links":{"self":[{"href":"https:\/\/www.africa-press.net\/madagascar\/wp-json\/wp\/v2\/posts\/33469","targetHints":{"allow":["GET"]}}],"collection":[{"href":"https:\/\/www.africa-press.net\/madagascar\/wp-json\/wp\/v2\/posts"}],"about":[{"href":"https:\/\/www.africa-press.net\/madagascar\/wp-json\/wp\/v2\/types\/post"}],"author":[{"embeddable":true,"href":"https:\/\/www.africa-press.net\/madagascar\/wp-json\/wp\/v2\/users\/82"}],"replies":[{"embeddable":true,"href":"https:\/\/www.africa-press.net\/madagascar\/wp-json\/wp\/v2\/comments?post=33469"}],"version-history":[{"count":0,"href":"https:\/\/www.africa-press.net\/madagascar\/wp-json\/wp\/v2\/posts\/33469\/revisions"}],"wp:featuredmedia":[{"embeddable":true,"href":"https:\/\/www.africa-press.net\/madagascar\/wp-json\/wp\/v2\/media\/33468"}],"wp:attachment":[{"href":"https:\/\/www.africa-press.net\/madagascar\/wp-json\/wp\/v2\/media?parent=33469"}],"wp:term":[{"taxonomy":"category","embeddable":true,"href":"https:\/\/www.africa-press.net\/madagascar\/wp-json\/wp\/v2\/categories?post=33469"},{"taxonomy":"post_tag","embeddable":true,"href":"https:\/\/www.africa-press.net\/madagascar\/wp-json\/wp\/v2\/tags?post=33469"}],"curies":[{"name":"wp","href":"https:\/\/api.w.org\/{rel}","templated":true}]}}