{"id":33471,"date":"2025-03-30T14:00:00","date_gmt":"2025-03-30T14:00:00","guid":{"rendered":"https:\/\/www.africa-press.net\/madagascar\/politique\/commemoration-du-78eme-anniversaire-de-linsurrection-du-29-mars-1947"},"modified":"2025-03-30T14:00:00","modified_gmt":"2025-03-30T14:00:00","slug":"commemoration-du-78eme-anniversaire-de-linsurrection-du-29-mars-1947","status":"publish","type":"post","link":"https:\/\/www.africa-press.net\/madagascar\/politique\/commemoration-du-78eme-anniversaire-de-linsurrection-du-29-mars-1947","title":{"rendered":"Comm\u00e9moration du 78\u00e8me Anniversaire de L\u2019Insurrection du 29 Mars 1947"},"content":{"rendered":"<p><span style=\"color: #ff6600\"><strong>Africa-Press &#8211; Madagascar. <\/strong><\/span>Madagascar comme\u0301more, ce 29 mars, le 78e\u0300me anniversaire de l\u2019insurrection des nationalistes contre la puissance coloniale de la France. Deux comme\u0301morations officielles ont e\u0301te\u0301 organise\u0301es dans le pays.<\/p>\n<p>La premie\u0300re s\u2019est tenue dans la matine\u0301e au Mausole\u0301e Avaratr\u2019Ambohitsaina, a\u0300 Antananarivo.<\/p>\n<p>Le Pre\u0301sident Andry Rajoelina a proce\u0301de\u0301 a\u0300 l\u2019habituel de\u0301po\u0302t de gerbes devant la ste\u0300le comme\u0301morative des martyrs. Le the\u0300me de la comme\u0301moration cette anne\u0301e met l\u2019accent sur le passage de flambeau a\u0300 la nouvelle ge\u0301ne\u0301ration.<\/p>\n<p>Outre la me\u0301moire des martyrs du 29 Mars 1947, les survivants nationalistes qui ont combattu pour l\u2019inde\u0301pendance de Madagascar sont e\u0301galement mis a\u0300 l\u2019honneur. D\u2019apre\u0300s la Direction des combattants nationalistes, le pays compte aujourd\u2019hui 233 survivants qui sont a\u0302ge\u0301s de 85 a\u0300 111 ans et viennent de 33 districts de Madagascar. Ils be\u0301ne\u0301ficient de pensions viage\u0300res verse\u0301es par l\u2019Etat.<\/p>\n<p>Apre\u0300s cette ce\u0301re\u0301monie du Mausole\u0301e, le Pre\u0301sident Andry Rajoelina a pris la direction de Moramanga, parmi les principaux lieux de l\u2019insurrection, pour honorer la seconde ce\u0301re\u0301monie officielle.<\/p>\n<p>Dans son discours, le Chef de l\u2019E\u0301tat a indique\u0301 que \u00ab 78 ans apre\u0300s, nous ferons en sorte que le sang verse\u0301 et le sacrifice des nationalistes ne soient pas vains \u00bb. Et d\u2019ajouter que \u00ab aujourd\u2019hui, nos ennemis sont la pauvrete\u0301 et la tentative de division. Les Malgaches forment une seule et unique Nation, nous ne ce\u0301derons pas aux man\u0153uvres ayant pour objectif de nous diviser \u00bb.<\/p>\n<p>Pour rappel, le 29 Mars 1947, les nationalistes malgaches ont voulu s\u2019opposer a\u0300 la colonisation franc\u0327aise qui a de\u0301bute\u0301 en 1896. Des mouvements de soule\u0300vement se sont forme\u0301s dans plusieurs parties du pays.<\/p>\n<p>Pour stopper le mouvement, l\u2019arme\u0301e coloniale a proce\u0301de\u0301 une re\u0301pression sanglante ayant conduit a\u0300 des dizaines de milliers de pertes en vies humaines. Cet e\u0301pisode sombre contribuera, 13 ans plus tard, a\u0300 l\u2019obtention du retour de l\u2019inde\u0301pendance de la Grande i\u0302le en 1960.<\/p>\n<p><strong>Pour plus d&rsquo;informations et d&rsquo;analyses sur la <span style=\"color: #ff6600\">Madagascar<\/span>, suivez <span style=\"color: #ff6600\">Africa-Press<span style=\"color: #ff6600\"><\/span><\/strong><\/p>\n","protected":false},"excerpt":{"rendered":"<p>Africa-Press &#8211; Madagascar. Madagascar comme\u0301more, ce 29 mars, le 78e\u0300me anniversaire de l\u2019insurrection des nationalistes contre la puissance coloniale de la France. Deux comme\u0301morations officielles ont e\u0301te\u0301 organise\u0301es dans le pays. La premie\u0300re s\u2019est tenue dans la matine\u0301e au Mausole\u0301e Avaratr\u2019Ambohitsaina, a\u0300 Antananarivo. Le Pre\u0301sident Andry Rajoelina a proce\u0301de\u0301 a\u0300 l\u2019habituel de\u0301po\u0302t de gerbes devant [&hellip;]<\/p>\n","protected":false},"author":82,"featured_media":33470,"comment_status":"open","ping_status":"closed","sticky":false,"template":"","format":"standard","meta":{"footnotes":""},"categories":[2,20,10],"tags":[1351,53,593,1349,49,1350,1347,1348],"class_list":["post-33471","post","type-post","status-publish","format-standard","has-post-thumbnail","hentry","category-politique","category-top-nouvelles","category-toutes-les-actualites","tag-78eme-anniversaire","tag-andry-rajoelina","tag-france","tag-insurrection-du-29-mars-1947","tag-madagascar","tag-mausolee-avaratrambohitsaina","tag-moramanga","tag-puissance-coloniale"],"yoast_head":"<!-- This site is optimized with the Yoast SEO Premium plugin v26.1 (Yoast SEO v27.0) - https:\/\/yoast.com\/product\/yoast-seo-premium-wordpress\/ -->\n<title>Comm\u00e9moration du 78\u00e8me Anniversaire de L\u2019Insurrection du 29 Mars 1947 - Madagascar<\/title>\n<meta name=\"robots\" content=\"index, follow, max-snippet:-1, max-image-preview:large, max-video-preview:-1\" \/>\n<link rel=\"canonical\" href=\"https:\/\/www.africa-press.net\/madagascar\/politique\/commemoration-du-78eme-anniversaire-de-linsurrection-du-29-mars-1947\" \/>\n<meta property=\"og:locale\" content=\"fr_FR\" \/>\n<meta property=\"og:type\" content=\"article\" \/>\n<meta property=\"og:title\" content=\"Comm\u00e9moration du 78\u00e8me Anniversaire de L\u2019Insurrection du 29 Mars 1947\" \/>\n<meta property=\"og:description\" content=\"Africa-Press &#8211; Madagascar. Madagascar comme\u0301more, ce 29 mars, le 78e\u0300me anniversaire de l\u2019insurrection des nationalistes contre la puissance coloniale de la France. Deux comme\u0301morations officielles ont e\u0301te\u0301 organise\u0301es dans le pays. La premie\u0300re s\u2019est tenue dans la matine\u0301e au Mausole\u0301e Avaratr\u2019Ambohitsaina, a\u0300 Antananarivo. Le Pre\u0301sident Andry Rajoelina a proce\u0301de\u0301 a\u0300 l\u2019habituel de\u0301po\u0302t de gerbes devant [&hellip;]\" \/>\n<meta property=\"og:url\" content=\"https:\/\/www.africa-press.net\/madagascar\/politique\/commemoration-du-78eme-anniversaire-de-linsurrection-du-29-mars-1947\" \/>\n<meta property=\"og:site_name\" content=\"Madagascar\" \/>\n<meta property=\"article:published_time\" content=\"2025-03-30T14:00:00+00:00\" \/>\n<meta name=\"author\" content=\"cfeditorfr\" \/>\n<meta name=\"twitter:card\" content=\"summary_large_image\" \/>\n<meta name=\"twitter:label1\" content=\"\u00c9crit par\" \/>\n\t<meta name=\"twitter:data1\" content=\"cfeditorfr\" \/>\n\t<meta name=\"twitter:label2\" content=\"Dur\u00e9e de lecture estim\u00e9e\" \/>\n\t<meta name=\"twitter:data2\" content=\"2 minutes\" \/>\n<script type=\"application\/ld+json\" class=\"yoast-schema-graph\">{\"@context\":\"https:\/\/schema.org\",\"@graph\":[{\"@type\":\"Article\",\"@id\":\"https:\/\/www.africa-press.net\/madagascar\/politique\/commemoration-du-78eme-anniversaire-de-linsurrection-du-29-mars-1947#article\",\"isPartOf\":{\"@id\":\"https:\/\/www.africa-press.net\/madagascar\/politique\/commemoration-du-78eme-anniversaire-de-linsurrection-du-29-mars-1947\"},\"author\":{\"name\":\"cfeditorfr\",\"@id\":\"https:\/\/www.africa-press.net\/madagascar\/#\/schema\/person\/2b1cf3cd81a31e3cd26889ca66d677f1\"},\"headline\":\"Comm\u00e9moration du 78\u00e8me Anniversaire de L\u2019Insurrection du 29 Mars 1947\",\"datePublished\":\"2025-03-30T14:00:00+00:00\",\"mainEntityOfPage\":{\"@id\":\"https:\/\/www.africa-press.net\/madagascar\/politique\/commemoration-du-78eme-anniversaire-de-linsurrection-du-29-mars-1947\"},\"wordCount\":381,\"commentCount\":0,\"image\":{\"@id\":\"https:\/\/www.africa-press.net\/madagascar\/politique\/commemoration-du-78eme-anniversaire-de-linsurrection-du-29-mars-1947#primaryimage\"},\"thumbnailUrl\":\"https:\/\/static.africa-press.net\/madagascar\/sites\/56\/2025\/03\/sm_1743400397.778523.jpg\",\"keywords\":[\"78\u00e8me anniversaire\",\"Andry Rajoelina\",\"France\",\"insurrection du 29 Mars 1947\",\"Madagascar\",\"Mausol\u00e9e\u00a0Avaratr\u2019Ambohitsaina\",\"Moramanga\",\"puissance coloniale\"],\"articleSection\":[\"Politique\",\"Top Nouvelles\",\"Toutes les actualit\u00e9s\"],\"inLanguage\":\"fr-FR\",\"potentialAction\":[{\"@type\":\"CommentAction\",\"name\":\"Comment\",\"target\":[\"https:\/\/www.africa-press.net\/madagascar\/politique\/commemoration-du-78eme-anniversaire-de-linsurrection-du-29-mars-1947#respond\"]}]},{\"@type\":\"WebPage\",\"@id\":\"https:\/\/www.africa-press.net\/madagascar\/politique\/commemoration-du-78eme-anniversaire-de-linsurrection-du-29-mars-1947\",\"url\":\"https:\/\/www.africa-press.net\/madagascar\/politique\/commemoration-du-78eme-anniversaire-de-linsurrection-du-29-mars-1947\",\"name\":\"Comm\u00e9moration du 78\u00e8me Anniversaire de L\u2019Insurrection du 29 Mars 1947 - Madagascar\",\"isPartOf\":{\"@id\":\"https:\/\/www.africa-press.net\/madagascar\/#website\"},\"primaryImageOfPage\":{\"@id\":\"https:\/\/www.africa-press.net\/madagascar\/politique\/commemoration-du-78eme-anniversaire-de-linsurrection-du-29-mars-1947#primaryimage\"},\"image\":{\"@id\":\"https:\/\/www.africa-press.net\/madagascar\/politique\/commemoration-du-78eme-anniversaire-de-linsurrection-du-29-mars-1947#primaryimage\"},\"thumbnailUrl\":\"https:\/\/static.africa-press.net\/madagascar\/sites\/56\/2025\/03\/sm_1743400397.778523.jpg\",\"datePublished\":\"2025-03-30T14:00:00+00:00\",\"author\":{\"@id\":\"https:\/\/www.africa-press.net\/madagascar\/#\/schema\/person\/2b1cf3cd81a31e3cd26889ca66d677f1\"},\"breadcrumb\":{\"@id\":\"https:\/\/www.africa-press.net\/madagascar\/politique\/commemoration-du-78eme-anniversaire-de-linsurrection-du-29-mars-1947#breadcrumb\"},\"inLanguage\":\"fr-FR\",\"potentialAction\":[{\"@type\":\"ReadAction\",\"target\":[\"https:\/\/www.africa-press.net\/madagascar\/politique\/commemoration-du-78eme-anniversaire-de-linsurrection-du-29-mars-1947\"]}]},{\"@type\":\"ImageObject\",\"inLanguage\":\"fr-FR\",\"@id\":\"https:\/\/www.africa-press.net\/madagascar\/politique\/commemoration-du-78eme-anniversaire-de-linsurrection-du-29-mars-1947#primaryimage\",\"url\":\"https:\/\/static.africa-press.net\/madagascar\/sites\/56\/2025\/03\/sm_1743400397.778523.jpg\",\"contentUrl\":\"https:\/\/static.africa-press.net\/madagascar\/sites\/56\/2025\/03\/sm_1743400397.778523.jpg\",\"width\":864,\"height\":523,\"caption\":\"Comm\u00e9moration du 78\u00e8me Anniversaire de L\u2019Insurrection du 29 Mars 1947\"},{\"@type\":\"BreadcrumbList\",\"@id\":\"https:\/\/www.africa-press.net\/madagascar\/politique\/commemoration-du-78eme-anniversaire-de-linsurrection-du-29-mars-1947#breadcrumb\",\"itemListElement\":[{\"@type\":\"ListItem\",\"position\":1,\"name\":\"Accueil\",\"item\":\"https:\/\/www.africa-press.net\/madagascar\/\"},{\"@type\":\"ListItem\",\"position\":2,\"name\":\"Comm\u00e9moration du 78\u00e8me Anniversaire de L\u2019Insurrection du 29 Mars 1947\"}]},{\"@type\":\"WebSite\",\"@id\":\"https:\/\/www.africa-press.net\/madagascar\/#website\",\"url\":\"https:\/\/www.africa-press.net\/madagascar\/\",\"name\":\"Madagascar\",\"description\":\"Just another Africa News Agency Sites site\",\"potentialAction\":[{\"@type\":\"SearchAction\",\"target\":{\"@type\":\"EntryPoint\",\"urlTemplate\":\"https:\/\/www.africa-press.net\/madagascar\/?s={search_term_string}\"},\"query-input\":{\"@type\":\"PropertyValueSpecification\",\"valueRequired\":true,\"valueName\":\"search_term_string\"}}],\"inLanguage\":\"fr-FR\"},{\"@type\":\"Person\",\"@id\":\"https:\/\/www.africa-press.net\/madagascar\/#\/schema\/person\/2b1cf3cd81a31e3cd26889ca66d677f1\",\"name\":\"cfeditorfr\"}]}<\/script>\n<!-- \/ Yoast SEO Premium plugin. -->","yoast_head_json":{"title":"Comm\u00e9moration du 78\u00e8me Anniversaire de L\u2019Insurrection du 29 Mars 1947 - Madagascar","robots":{"index":"index","follow":"follow","max-snippet":"max-snippet:-1","max-image-preview":"max-image-preview:large","max-video-preview":"max-video-preview:-1"},"canonical":"https:\/\/www.africa-press.net\/madagascar\/politique\/commemoration-du-78eme-anniversaire-de-linsurrection-du-29-mars-1947","og_locale":"fr_FR","og_type":"article","og_title":"Comm\u00e9moration du 78\u00e8me Anniversaire de L\u2019Insurrection du 29 Mars 1947","og_description":"Africa-Press &#8211; Madagascar. Madagascar comme\u0301more, ce 29 mars, le 78e\u0300me anniversaire de l\u2019insurrection des nationalistes contre la puissance coloniale de la France. Deux comme\u0301morations officielles ont e\u0301te\u0301 organise\u0301es dans le pays. La premie\u0300re s\u2019est tenue dans la matine\u0301e au Mausole\u0301e Avaratr\u2019Ambohitsaina, a\u0300 Antananarivo. Le Pre\u0301sident Andry Rajoelina a proce\u0301de\u0301 a\u0300 l\u2019habituel de\u0301po\u0302t de gerbes devant [&hellip;]","og_url":"https:\/\/www.africa-press.net\/madagascar\/politique\/commemoration-du-78eme-anniversaire-de-linsurrection-du-29-mars-1947","og_site_name":"Madagascar","article_published_time":"2025-03-30T14:00:00+00:00","author":"cfeditorfr","twitter_card":"summary_large_image","twitter_misc":{"\u00c9crit par":"cfeditorfr","Dur\u00e9e de lecture estim\u00e9e":"2 minutes"},"schema":{"@context":"https:\/\/schema.org","@graph":[{"@type":"Article","@id":"https:\/\/www.africa-press.net\/madagascar\/politique\/commemoration-du-78eme-anniversaire-de-linsurrection-du-29-mars-1947#article","isPartOf":{"@id":"https:\/\/www.africa-press.net\/madagascar\/politique\/commemoration-du-78eme-anniversaire-de-linsurrection-du-29-mars-1947"},"author":{"name":"cfeditorfr","@id":"https:\/\/www.africa-press.net\/madagascar\/#\/schema\/person\/2b1cf3cd81a31e3cd26889ca66d677f1"},"headline":"Comm\u00e9moration du 78\u00e8me Anniversaire de L\u2019Insurrection du 29 Mars 1947","datePublished":"2025-03-30T14:00:00+00:00","mainEntityOfPage":{"@id":"https:\/\/www.africa-press.net\/madagascar\/politique\/commemoration-du-78eme-anniversaire-de-linsurrection-du-29-mars-1947"},"wordCount":381,"commentCount":0,"image":{"@id":"https:\/\/www.africa-press.net\/madagascar\/politique\/commemoration-du-78eme-anniversaire-de-linsurrection-du-29-mars-1947#primaryimage"},"thumbnailUrl":"https:\/\/static.africa-press.net\/madagascar\/sites\/56\/2025\/03\/sm_1743400397.778523.jpg","keywords":["78\u00e8me anniversaire","Andry Rajoelina","France","insurrection du 29 Mars 1947","Madagascar","Mausol\u00e9e\u00a0Avaratr\u2019Ambohitsaina","Moramanga","puissance coloniale"],"articleSection":["Politique","Top Nouvelles","Toutes les actualit\u00e9s"],"inLanguage":"fr-FR","potentialAction":[{"@type":"CommentAction","name":"Comment","target":["https:\/\/www.africa-press.net\/madagascar\/politique\/commemoration-du-78eme-anniversaire-de-linsurrection-du-29-mars-1947#respond"]}]},{"@type":"WebPage","@id":"https:\/\/www.africa-press.net\/madagascar\/politique\/commemoration-du-78eme-anniversaire-de-linsurrection-du-29-mars-1947","url":"https:\/\/www.africa-press.net\/madagascar\/politique\/commemoration-du-78eme-anniversaire-de-linsurrection-du-29-mars-1947","name":"Comm\u00e9moration du 78\u00e8me Anniversaire de L\u2019Insurrection du 29 Mars 1947 - Madagascar","isPartOf":{"@id":"https:\/\/www.africa-press.net\/madagascar\/#website"},"primaryImageOfPage":{"@id":"https:\/\/www.africa-press.net\/madagascar\/politique\/commemoration-du-78eme-anniversaire-de-linsurrection-du-29-mars-1947#primaryimage"},"image":{"@id":"https:\/\/www.africa-press.net\/madagascar\/politique\/commemoration-du-78eme-anniversaire-de-linsurrection-du-29-mars-1947#primaryimage"},"thumbnailUrl":"https:\/\/static.africa-press.net\/madagascar\/sites\/56\/2025\/03\/sm_1743400397.778523.jpg","datePublished":"2025-03-30T14:00:00+00:00","author":{"@id":"https:\/\/www.africa-press.net\/madagascar\/#\/schema\/person\/2b1cf3cd81a31e3cd26889ca66d677f1"},"breadcrumb":{"@id":"https:\/\/www.africa-press.net\/madagascar\/politique\/commemoration-du-78eme-anniversaire-de-linsurrection-du-29-mars-1947#breadcrumb"},"inLanguage":"fr-FR","potentialAction":[{"@type":"ReadAction","target":["https:\/\/www.africa-press.net\/madagascar\/politique\/commemoration-du-78eme-anniversaire-de-linsurrection-du-29-mars-1947"]}]},{"@type":"ImageObject","inLanguage":"fr-FR","@id":"https:\/\/www.africa-press.net\/madagascar\/politique\/commemoration-du-78eme-anniversaire-de-linsurrection-du-29-mars-1947#primaryimage","url":"https:\/\/static.africa-press.net\/madagascar\/sites\/56\/2025\/03\/sm_1743400397.778523.jpg","contentUrl":"https:\/\/static.africa-press.net\/madagascar\/sites\/56\/2025\/03\/sm_1743400397.778523.jpg","width":864,"height":523,"caption":"Comm\u00e9moration du 78\u00e8me Anniversaire de L\u2019Insurrection du 29 Mars 1947"},{"@type":"BreadcrumbList","@id":"https:\/\/www.africa-press.net\/madagascar\/politique\/commemoration-du-78eme-anniversaire-de-linsurrection-du-29-mars-1947#breadcrumb","itemListElement":[{"@type":"ListItem","position":1,"name":"Accueil","item":"https:\/\/www.africa-press.net\/madagascar\/"},{"@type":"ListItem","position":2,"name":"Comm\u00e9moration du 78\u00e8me Anniversaire de L\u2019Insurrection du 29 Mars 1947"}]},{"@type":"WebSite","@id":"https:\/\/www.africa-press.net\/madagascar\/#website","url":"https:\/\/www.africa-press.net\/madagascar\/","name":"Madagascar","description":"Just another Africa News Agency Sites site","potentialAction":[{"@type":"SearchAction","target":{"@type":"EntryPoint","urlTemplate":"https:\/\/www.africa-press.net\/madagascar\/?s={search_term_string}"},"query-input":{"@type":"PropertyValueSpecification","valueRequired":true,"valueName":"search_term_string"}}],"inLanguage":"fr-FR"},{"@type":"Person","@id":"https:\/\/www.africa-press.net\/madagascar\/#\/schema\/person\/2b1cf3cd81a31e3cd26889ca66d677f1","name":"cfeditorfr"}]}},"_links":{"self":[{"href":"https:\/\/www.africa-press.net\/madagascar\/wp-json\/wp\/v2\/posts\/33471","targetHints":{"allow":["GET"]}}],"collection":[{"href":"https:\/\/www.africa-press.net\/madagascar\/wp-json\/wp\/v2\/posts"}],"about":[{"href":"https:\/\/www.africa-press.net\/madagascar\/wp-json\/wp\/v2\/types\/post"}],"author":[{"embeddable":true,"href":"https:\/\/www.africa-press.net\/madagascar\/wp-json\/wp\/v2\/users\/82"}],"replies":[{"embeddable":true,"href":"https:\/\/www.africa-press.net\/madagascar\/wp-json\/wp\/v2\/comments?post=33471"}],"version-history":[{"count":0,"href":"https:\/\/www.africa-press.net\/madagascar\/wp-json\/wp\/v2\/posts\/33471\/revisions"}],"wp:featuredmedia":[{"embeddable":true,"href":"https:\/\/www.africa-press.net\/madagascar\/wp-json\/wp\/v2\/media\/33470"}],"wp:attachment":[{"href":"https:\/\/www.africa-press.net\/madagascar\/wp-json\/wp\/v2\/media?parent=33471"}],"wp:term":[{"taxonomy":"category","embeddable":true,"href":"https:\/\/www.africa-press.net\/madagascar\/wp-json\/wp\/v2\/categories?post=33471"},{"taxonomy":"post_tag","embeddable":true,"href":"https:\/\/www.africa-press.net\/madagascar\/wp-json\/wp\/v2\/tags?post=33471"}],"curies":[{"name":"wp","href":"https:\/\/api.w.org\/{rel}","templated":true}]}}