{"id":34283,"date":"2025-05-04T14:00:00","date_gmt":"2025-05-04T14:00:00","guid":{"rendered":"https:\/\/www.africa-press.net\/madagascar\/politique\/rajoelina-previent-dune-visite-sur-les-iles-eparses"},"modified":"2025-05-05T00:15:24","modified_gmt":"2025-05-05T00:15:24","slug":"rajoelina-previent-dune-visite-sur-les-iles-eparses","status":"publish","type":"post","link":"https:\/\/www.africa-press.net\/madagascar\/politique\/rajoelina-previent-dune-visite-sur-les-iles-eparses","title":{"rendered":"Rajoelina Pr\u00e9vient D&rsquo;Une Visite sur les \u00celes \u00c9parses"},"content":{"rendered":"<p><span style=\"color: #ff6600\"><strong>Africa-Press &#8211; Madagascar. <\/strong><\/span>Le Pre\u0301sident malgache Andry Rajoelina a fait une intervention directe sur la chai\u0302ne nationale pendant cette soire\u0301e du 4 mai 2025. Il a fait le point sur plusieurs sujets importants dont la question lie\u0301e aux i\u0302les e\u0301parses qui a e\u0301te\u0301 aborde\u0301e longuement lors de la rencontre entre le chef de l\u2019Etat malgache et son homologue franc\u0327ais, Emmanuel Macron, dans le cadre d\u2019une visite d\u2019Etat effectue\u0301 par ce dernier a\u0300 Madagascar le 23 avril dernier.<\/p>\n<p>D\u2019emble\u0301e, le Pre\u0301sident de rappeler: \u00ab Je suis le premier pre\u0301sident malgache a\u0300 avoir re\u0301clame\u0301 la restitution de ces i\u0302les e\u0301parses au Palais de l\u2019Elyse\u0301e \u00bb. Par la me\u0302me occasion, le Pre\u0301sident a ouvertement fait part de son souhait de visiter les i\u0302les e\u0301parses. \u00ab Je voudrais voir par moi-me\u0302me. Je voudrais effectuer une visite sur les i\u0302les et y aller en tant que Pre\u0301sident de la Re\u0301publique malgache \u00bb, a de\u0301clare\u0301 Andry Rajoelina.<\/p>\n<p>Il a e\u0301galement lance\u0301 plusieurs interrogations concernant les rapports de force dans le cadre des ne\u0301gociations. \u00ab Va-t -on camper sur nos positions? Sommes-nous en position de force? Disposons-nous d\u2019une arme\u0301e pour re\u0301cupe\u0301rer les i\u0302les e\u0301parses \u00bb, avance-t-il avant de poursuivre que seule la voie diplomatique permettra a\u0300 Madagascar d\u2019obtenir gain de cause.<\/p>\n<p>\u00ab Nous nous sommes convenus de trouver une solution durable \u00bb, conclut-il tout en rappelant la prochaine re\u0301union de la Commission mixte franco \u2013 malgache sur les i\u0302les e\u0301parses le 30 juin, a\u0300 Paris.<\/p>\n<p>Dans une de\u0301claration a\u0300 la presse en marge de sa re\u0301cente visite d\u2019Etat a\u0300 Madagascar, le Pre\u0301sident Emmanuel Macron a insiste\u0301 sur une \u00ab gestion intelligente \u00bb de ces i\u0302les.<\/p>\n<p>Les i\u0302les Glorieuses, Europa, Bassas da India et Juan de Nova sont reste\u0301es sous la souverainete\u0301 de la France apre\u0300s l\u2019inde\u0301pendance de Madagascar en 1960. Le Gouvernement malgache a de\u0301bute\u0301 les revendications en vue de la restitution de ces i\u0302les dans les anne\u0301es 70 et a rec\u0327u le soutien des Nations unies dans une re\u0301solution en 1979. En 2019, lors d\u2019une visite sur l\u2019i\u0302le Glorieuse, le Pre\u0301sident Emmanuel Macron s\u2019est attire\u0301 la foudre des nationalistes malgaches en de\u0301clarant: \u00ab Ici c\u2019est la France \u00bb.<\/p>\n<p><strong>Pour plus d&rsquo;informations et d&rsquo;analyses sur la <span style=\"color: #ff6600\">Madagascar<\/span>, suivez <span style=\"color: #ff6600\">Africa-Press<\/span><\/strong><\/p>\n","protected":false},"excerpt":{"rendered":"<p>Africa-Press &#8211; Madagascar. Le Pre\u0301sident malgache Andry Rajoelina a fait une intervention directe sur la chai\u0302ne nationale pendant cette soire\u0301e du 4 mai 2025. Il a fait le point sur plusieurs sujets importants dont la question lie\u0301e aux i\u0302les e\u0301parses qui a e\u0301te\u0301 aborde\u0301e longuement lors de la rencontre entre le chef de l\u2019Etat malgache [&hellip;]<\/p>\n","protected":false},"author":82,"featured_media":34282,"comment_status":"open","ping_status":"closed","sticky":false,"template":"","format":"standard","meta":{"footnotes":""},"categories":[2,52,20,10],"tags":[53,1449,593,1448,49],"class_list":["post-34283","post","type-post","status-publish","format-standard","has-post-thumbnail","hentry","category-politique","category-to-homepage","category-top-nouvelles","category-toutes-les-actualites","tag-andry-rajoelina","tag-commission-mixte-franco-malgache","tag-france","tag-iles-eparses","tag-madagascar"],"yoast_head":"<!-- This site is optimized with the Yoast SEO Premium plugin v26.1 (Yoast SEO v27.0) - https:\/\/yoast.com\/product\/yoast-seo-premium-wordpress\/ -->\n<title>Rajoelina Pr\u00e9vient D&#039;Une Visite sur les \u00celes \u00c9parses - Madagascar<\/title>\n<meta name=\"description\" content=\"Le Pre\u0301sident malgache Andry Rajoelina a fait une intervention directe sur la chai\u0302ne nationale pendant cette soire\u0301e du ...\" \/>\n<meta name=\"robots\" content=\"index, follow, max-snippet:-1, max-image-preview:large, max-video-preview:-1\" \/>\n<link rel=\"canonical\" href=\"https:\/\/www.africa-press.net\/madagascar\/politique\/rajoelina-previent-dune-visite-sur-les-iles-eparses\" \/>\n<meta property=\"og:locale\" content=\"fr_FR\" \/>\n<meta property=\"og:type\" content=\"article\" \/>\n<meta property=\"og:title\" content=\"Rajoelina Pr\u00e9vient D&#039;Une Visite sur les \u00celes \u00c9parses\" \/>\n<meta property=\"og:description\" content=\"Le Pre\u0301sident malgache Andry Rajoelina a fait une intervention directe sur la chai\u0302ne nationale pendant cette soire\u0301e du ...\" \/>\n<meta property=\"og:url\" content=\"https:\/\/www.africa-press.net\/madagascar\/politique\/rajoelina-previent-dune-visite-sur-les-iles-eparses\" \/>\n<meta property=\"og:site_name\" content=\"Madagascar\" \/>\n<meta property=\"article:published_time\" content=\"2025-05-04T14:00:00+00:00\" \/>\n<meta property=\"article:modified_time\" content=\"2025-05-05T00:15:24+00:00\" \/>\n<meta property=\"og:image\" content=\"https:\/\/static.africa-press.net\/madagascar\/sites\/56\/2025\/05\/sm_1746391443.229569.jpg\" \/>\n\t<meta property=\"og:image:width\" content=\"864\" \/>\n\t<meta property=\"og:image:height\" content=\"486\" \/>\n\t<meta property=\"og:image:type\" content=\"image\/jpeg\" \/>\n<meta name=\"author\" content=\"cfeditorfr\" \/>\n<meta name=\"twitter:card\" content=\"summary_large_image\" \/>\n<meta name=\"twitter:label1\" content=\"\u00c9crit par\" \/>\n\t<meta name=\"twitter:data1\" content=\"cfeditorfr\" \/>\n\t<meta name=\"twitter:label2\" content=\"Dur\u00e9e de lecture estim\u00e9e\" \/>\n\t<meta name=\"twitter:data2\" content=\"2 minutes\" \/>\n<script type=\"application\/ld+json\" class=\"yoast-schema-graph\">{\"@context\":\"https:\/\/schema.org\",\"@graph\":[{\"@type\":\"Article\",\"@id\":\"https:\/\/www.africa-press.net\/madagascar\/politique\/rajoelina-previent-dune-visite-sur-les-iles-eparses#article\",\"isPartOf\":{\"@id\":\"https:\/\/www.africa-press.net\/madagascar\/politique\/rajoelina-previent-dune-visite-sur-les-iles-eparses\"},\"author\":{\"name\":\"cfeditorfr\",\"@id\":\"https:\/\/www.africa-press.net\/madagascar\/#\/schema\/person\/2b1cf3cd81a31e3cd26889ca66d677f1\"},\"headline\":\"Rajoelina Pr\u00e9vient D&rsquo;Une Visite sur les \u00celes \u00c9parses\",\"datePublished\":\"2025-05-04T14:00:00+00:00\",\"dateModified\":\"2025-05-05T00:15:24+00:00\",\"mainEntityOfPage\":{\"@id\":\"https:\/\/www.africa-press.net\/madagascar\/politique\/rajoelina-previent-dune-visite-sur-les-iles-eparses\"},\"wordCount\":417,\"commentCount\":0,\"image\":{\"@id\":\"https:\/\/www.africa-press.net\/madagascar\/politique\/rajoelina-previent-dune-visite-sur-les-iles-eparses#primaryimage\"},\"thumbnailUrl\":\"https:\/\/static.africa-press.net\/madagascar\/sites\/56\/2025\/05\/sm_1746391443.229569.jpg\",\"keywords\":[\"Andry Rajoelina\",\"Commission mixte franco-malgache\",\"France\",\"Iles \u00e9parses\",\"Madagascar\"],\"articleSection\":[\"Politique\",\"to-homepage\",\"Top Nouvelles\",\"Toutes les actualit\u00e9s\"],\"inLanguage\":\"fr-FR\",\"potentialAction\":[{\"@type\":\"CommentAction\",\"name\":\"Comment\",\"target\":[\"https:\/\/www.africa-press.net\/madagascar\/politique\/rajoelina-previent-dune-visite-sur-les-iles-eparses#respond\"]}]},{\"@type\":\"WebPage\",\"@id\":\"https:\/\/www.africa-press.net\/madagascar\/politique\/rajoelina-previent-dune-visite-sur-les-iles-eparses\",\"url\":\"https:\/\/www.africa-press.net\/madagascar\/politique\/rajoelina-previent-dune-visite-sur-les-iles-eparses\",\"name\":\"Rajoelina Pr\u00e9vient D'Une Visite sur les \u00celes \u00c9parses - Madagascar\",\"isPartOf\":{\"@id\":\"https:\/\/www.africa-press.net\/madagascar\/#website\"},\"primaryImageOfPage\":{\"@id\":\"https:\/\/www.africa-press.net\/madagascar\/politique\/rajoelina-previent-dune-visite-sur-les-iles-eparses#primaryimage\"},\"image\":{\"@id\":\"https:\/\/www.africa-press.net\/madagascar\/politique\/rajoelina-previent-dune-visite-sur-les-iles-eparses#primaryimage\"},\"thumbnailUrl\":\"https:\/\/static.africa-press.net\/madagascar\/sites\/56\/2025\/05\/sm_1746391443.229569.jpg\",\"datePublished\":\"2025-05-04T14:00:00+00:00\",\"dateModified\":\"2025-05-05T00:15:24+00:00\",\"author\":{\"@id\":\"https:\/\/www.africa-press.net\/madagascar\/#\/schema\/person\/2b1cf3cd81a31e3cd26889ca66d677f1\"},\"description\":\"Le Pre\u0301sident malgache Andry Rajoelina a fait une intervention directe sur la chai\u0302ne nationale pendant cette soire\u0301e du ...\",\"breadcrumb\":{\"@id\":\"https:\/\/www.africa-press.net\/madagascar\/politique\/rajoelina-previent-dune-visite-sur-les-iles-eparses#breadcrumb\"},\"inLanguage\":\"fr-FR\",\"potentialAction\":[{\"@type\":\"ReadAction\",\"target\":[\"https:\/\/www.africa-press.net\/madagascar\/politique\/rajoelina-previent-dune-visite-sur-les-iles-eparses\"]}]},{\"@type\":\"ImageObject\",\"inLanguage\":\"fr-FR\",\"@id\":\"https:\/\/www.africa-press.net\/madagascar\/politique\/rajoelina-previent-dune-visite-sur-les-iles-eparses#primaryimage\",\"url\":\"https:\/\/static.africa-press.net\/madagascar\/sites\/56\/2025\/05\/sm_1746391443.229569.jpg\",\"contentUrl\":\"https:\/\/static.africa-press.net\/madagascar\/sites\/56\/2025\/05\/sm_1746391443.229569.jpg\",\"width\":864,\"height\":486,\"caption\":\"Rajoelina Pr\u00e9vient D'Une Visite sur les \u00celes \u00c9parses\"},{\"@type\":\"BreadcrumbList\",\"@id\":\"https:\/\/www.africa-press.net\/madagascar\/politique\/rajoelina-previent-dune-visite-sur-les-iles-eparses#breadcrumb\",\"itemListElement\":[{\"@type\":\"ListItem\",\"position\":1,\"name\":\"Accueil\",\"item\":\"https:\/\/www.africa-press.net\/madagascar\/\"},{\"@type\":\"ListItem\",\"position\":2,\"name\":\"Rajoelina Pr\u00e9vient D&rsquo;Une Visite sur les \u00celes \u00c9parses\"}]},{\"@type\":\"WebSite\",\"@id\":\"https:\/\/www.africa-press.net\/madagascar\/#website\",\"url\":\"https:\/\/www.africa-press.net\/madagascar\/\",\"name\":\"Madagascar\",\"description\":\"Just another Africa News Agency Sites site\",\"potentialAction\":[{\"@type\":\"SearchAction\",\"target\":{\"@type\":\"EntryPoint\",\"urlTemplate\":\"https:\/\/www.africa-press.net\/madagascar\/?s={search_term_string}\"},\"query-input\":{\"@type\":\"PropertyValueSpecification\",\"valueRequired\":true,\"valueName\":\"search_term_string\"}}],\"inLanguage\":\"fr-FR\"},{\"@type\":\"Person\",\"@id\":\"https:\/\/www.africa-press.net\/madagascar\/#\/schema\/person\/2b1cf3cd81a31e3cd26889ca66d677f1\",\"name\":\"cfeditorfr\"}]}<\/script>\n<!-- \/ Yoast SEO Premium plugin. -->","yoast_head_json":{"title":"Rajoelina Pr\u00e9vient D'Une Visite sur les \u00celes \u00c9parses - Madagascar","description":"Le Pre\u0301sident malgache Andry Rajoelina a fait une intervention directe sur la chai\u0302ne nationale pendant cette soire\u0301e du ...","robots":{"index":"index","follow":"follow","max-snippet":"max-snippet:-1","max-image-preview":"max-image-preview:large","max-video-preview":"max-video-preview:-1"},"canonical":"https:\/\/www.africa-press.net\/madagascar\/politique\/rajoelina-previent-dune-visite-sur-les-iles-eparses","og_locale":"fr_FR","og_type":"article","og_title":"Rajoelina Pr\u00e9vient D'Une Visite sur les \u00celes \u00c9parses","og_description":"Le Pre\u0301sident malgache Andry Rajoelina a fait une intervention directe sur la chai\u0302ne nationale pendant cette soire\u0301e du ...","og_url":"https:\/\/www.africa-press.net\/madagascar\/politique\/rajoelina-previent-dune-visite-sur-les-iles-eparses","og_site_name":"Madagascar","article_published_time":"2025-05-04T14:00:00+00:00","article_modified_time":"2025-05-05T00:15:24+00:00","og_image":[{"width":864,"height":486,"url":"https:\/\/static.africa-press.net\/madagascar\/sites\/56\/2025\/05\/sm_1746391443.229569.jpg","type":"image\/jpeg"}],"author":"cfeditorfr","twitter_card":"summary_large_image","twitter_misc":{"\u00c9crit par":"cfeditorfr","Dur\u00e9e de lecture estim\u00e9e":"2 minutes"},"schema":{"@context":"https:\/\/schema.org","@graph":[{"@type":"Article","@id":"https:\/\/www.africa-press.net\/madagascar\/politique\/rajoelina-previent-dune-visite-sur-les-iles-eparses#article","isPartOf":{"@id":"https:\/\/www.africa-press.net\/madagascar\/politique\/rajoelina-previent-dune-visite-sur-les-iles-eparses"},"author":{"name":"cfeditorfr","@id":"https:\/\/www.africa-press.net\/madagascar\/#\/schema\/person\/2b1cf3cd81a31e3cd26889ca66d677f1"},"headline":"Rajoelina Pr\u00e9vient D&rsquo;Une Visite sur les \u00celes \u00c9parses","datePublished":"2025-05-04T14:00:00+00:00","dateModified":"2025-05-05T00:15:24+00:00","mainEntityOfPage":{"@id":"https:\/\/www.africa-press.net\/madagascar\/politique\/rajoelina-previent-dune-visite-sur-les-iles-eparses"},"wordCount":417,"commentCount":0,"image":{"@id":"https:\/\/www.africa-press.net\/madagascar\/politique\/rajoelina-previent-dune-visite-sur-les-iles-eparses#primaryimage"},"thumbnailUrl":"https:\/\/static.africa-press.net\/madagascar\/sites\/56\/2025\/05\/sm_1746391443.229569.jpg","keywords":["Andry Rajoelina","Commission mixte franco-malgache","France","Iles \u00e9parses","Madagascar"],"articleSection":["Politique","to-homepage","Top Nouvelles","Toutes les actualit\u00e9s"],"inLanguage":"fr-FR","potentialAction":[{"@type":"CommentAction","name":"Comment","target":["https:\/\/www.africa-press.net\/madagascar\/politique\/rajoelina-previent-dune-visite-sur-les-iles-eparses#respond"]}]},{"@type":"WebPage","@id":"https:\/\/www.africa-press.net\/madagascar\/politique\/rajoelina-previent-dune-visite-sur-les-iles-eparses","url":"https:\/\/www.africa-press.net\/madagascar\/politique\/rajoelina-previent-dune-visite-sur-les-iles-eparses","name":"Rajoelina Pr\u00e9vient D'Une Visite sur les \u00celes \u00c9parses - Madagascar","isPartOf":{"@id":"https:\/\/www.africa-press.net\/madagascar\/#website"},"primaryImageOfPage":{"@id":"https:\/\/www.africa-press.net\/madagascar\/politique\/rajoelina-previent-dune-visite-sur-les-iles-eparses#primaryimage"},"image":{"@id":"https:\/\/www.africa-press.net\/madagascar\/politique\/rajoelina-previent-dune-visite-sur-les-iles-eparses#primaryimage"},"thumbnailUrl":"https:\/\/static.africa-press.net\/madagascar\/sites\/56\/2025\/05\/sm_1746391443.229569.jpg","datePublished":"2025-05-04T14:00:00+00:00","dateModified":"2025-05-05T00:15:24+00:00","author":{"@id":"https:\/\/www.africa-press.net\/madagascar\/#\/schema\/person\/2b1cf3cd81a31e3cd26889ca66d677f1"},"description":"Le Pre\u0301sident malgache Andry Rajoelina a fait une intervention directe sur la chai\u0302ne nationale pendant cette soire\u0301e du ...","breadcrumb":{"@id":"https:\/\/www.africa-press.net\/madagascar\/politique\/rajoelina-previent-dune-visite-sur-les-iles-eparses#breadcrumb"},"inLanguage":"fr-FR","potentialAction":[{"@type":"ReadAction","target":["https:\/\/www.africa-press.net\/madagascar\/politique\/rajoelina-previent-dune-visite-sur-les-iles-eparses"]}]},{"@type":"ImageObject","inLanguage":"fr-FR","@id":"https:\/\/www.africa-press.net\/madagascar\/politique\/rajoelina-previent-dune-visite-sur-les-iles-eparses#primaryimage","url":"https:\/\/static.africa-press.net\/madagascar\/sites\/56\/2025\/05\/sm_1746391443.229569.jpg","contentUrl":"https:\/\/static.africa-press.net\/madagascar\/sites\/56\/2025\/05\/sm_1746391443.229569.jpg","width":864,"height":486,"caption":"Rajoelina Pr\u00e9vient D'Une Visite sur les \u00celes \u00c9parses"},{"@type":"BreadcrumbList","@id":"https:\/\/www.africa-press.net\/madagascar\/politique\/rajoelina-previent-dune-visite-sur-les-iles-eparses#breadcrumb","itemListElement":[{"@type":"ListItem","position":1,"name":"Accueil","item":"https:\/\/www.africa-press.net\/madagascar\/"},{"@type":"ListItem","position":2,"name":"Rajoelina Pr\u00e9vient D&rsquo;Une Visite sur les \u00celes \u00c9parses"}]},{"@type":"WebSite","@id":"https:\/\/www.africa-press.net\/madagascar\/#website","url":"https:\/\/www.africa-press.net\/madagascar\/","name":"Madagascar","description":"Just another Africa News Agency Sites site","potentialAction":[{"@type":"SearchAction","target":{"@type":"EntryPoint","urlTemplate":"https:\/\/www.africa-press.net\/madagascar\/?s={search_term_string}"},"query-input":{"@type":"PropertyValueSpecification","valueRequired":true,"valueName":"search_term_string"}}],"inLanguage":"fr-FR"},{"@type":"Person","@id":"https:\/\/www.africa-press.net\/madagascar\/#\/schema\/person\/2b1cf3cd81a31e3cd26889ca66d677f1","name":"cfeditorfr"}]}},"_links":{"self":[{"href":"https:\/\/www.africa-press.net\/madagascar\/wp-json\/wp\/v2\/posts\/34283","targetHints":{"allow":["GET"]}}],"collection":[{"href":"https:\/\/www.africa-press.net\/madagascar\/wp-json\/wp\/v2\/posts"}],"about":[{"href":"https:\/\/www.africa-press.net\/madagascar\/wp-json\/wp\/v2\/types\/post"}],"author":[{"embeddable":true,"href":"https:\/\/www.africa-press.net\/madagascar\/wp-json\/wp\/v2\/users\/82"}],"replies":[{"embeddable":true,"href":"https:\/\/www.africa-press.net\/madagascar\/wp-json\/wp\/v2\/comments?post=34283"}],"version-history":[{"count":0,"href":"https:\/\/www.africa-press.net\/madagascar\/wp-json\/wp\/v2\/posts\/34283\/revisions"}],"wp:featuredmedia":[{"embeddable":true,"href":"https:\/\/www.africa-press.net\/madagascar\/wp-json\/wp\/v2\/media\/34282"}],"wp:attachment":[{"href":"https:\/\/www.africa-press.net\/madagascar\/wp-json\/wp\/v2\/media?parent=34283"}],"wp:term":[{"taxonomy":"category","embeddable":true,"href":"https:\/\/www.africa-press.net\/madagascar\/wp-json\/wp\/v2\/categories?post=34283"},{"taxonomy":"post_tag","embeddable":true,"href":"https:\/\/www.africa-press.net\/madagascar\/wp-json\/wp\/v2\/tags?post=34283"}],"curies":[{"name":"wp","href":"https:\/\/api.w.org\/{rel}","templated":true}]}}