{"id":35799,"date":"2025-06-02T14:00:00","date_gmt":"2025-06-02T14:00:00","guid":{"rendered":"https:\/\/www.africa-press.net\/madagascar\/politique\/celebration-du-65e-anniversaire-de-lindependance"},"modified":"2025-06-02T19:44:27","modified_gmt":"2025-06-02T19:44:27","slug":"celebration-du-65e-anniversaire-de-lindependance","status":"publish","type":"post","link":"https:\/\/www.africa-press.net\/madagascar\/politique\/celebration-du-65e-anniversaire-de-lindependance","title":{"rendered":"C\u00e9l\u00e9bration du 65E Anniversaire de L&rsquo;Ind\u00e9pendance"},"content":{"rendered":"<p><span style=\"color: #ff6600\"><strong>Africa-Press &#8211; Madagascar. <\/strong><\/span>Les ce\u0301le\u0301brations dans le cadre du 65e anniversaire de l\u2019inde\u0301pendance de Madagascar ont e\u0301te\u0301 officiellement lance\u0301es au cours d\u2019une ce\u0301re\u0301monie ce lundi sur l\u2019avenue de l\u2019inde\u0301pendance, devant l\u2019ho\u0302tel de ville a\u0300 Analakely, Antananarivo. Le pays marque e\u0301galement le 65e jubile\u0301 des Forces Arme\u0301es.<\/p>\n<p>La ce\u0301re\u0301monie a vu la pre\u0301sence du Pre\u0301sident Andry Rajoelina, du Premier ministre ainsi que de plusieurs membres du gouvernement et Chefs d\u2019institutions. Au cours d\u2019une bre\u0300ve allocution, le Chef d\u2019E\u0301tat malgache a rappele\u0301 le the\u0300me de la ce\u0301le\u0301bration pour cette anne\u0301e: \u00ab le patriotisme, facteur de de\u0301veloppement \u00bb. Le Pre\u0301sident a ainsi souligne\u0301 que \u00ab le de\u0301veloppement du pays ne peut re\u0301ellement e\u0302tre effectif sans patriotisme \u00bb. Une valeur fondamentale qui, selon lui, devrait se traduire par les actes et la volonte\u0301 de chaque citoyen.<\/p>\n<p>Le Pre\u0301sident a ainsi encourage\u0301 les citoyens a\u0300 hisser le drapeau national au niveau de chaque foyer comme symbole de patriotisme. Il en est de me\u0302me pour les e\u0301tablissements scolaires, les bureaux administratifs ainsi que toutes les institutions.<\/p>\n<p>Pour sa part, le ministre des Forces Arme\u0301es, le ge\u0301ne\u0301ral Lala Sahivelo Monja Delphin, a lance\u0301 un vibrant appel pour une mobilisation nationale. \u00ab E\u0301lever le pays au plus haut niveau est a\u0300 la fois un droit et une responsabilite\u0301 de tout un chacun \u00bb, a-t-il de\u0301clare\u0301.<\/p>\n<p>La ce\u0301re\u0301monie de ce lundi a e\u0301te\u0301 marque\u0301e par un hommage au drapeau national, puis la projection d\u2019un film retrac\u0327ant l\u2019histoire de Madagascar, et enfin la pre\u0301sentation du logo pour ce 65e anniversaire du retour d\u2019inde\u0301pendance.<\/p>\n<p>La traditionnelle parade militaire pre\u0301vue au stade de Mahamasina le 26 juin, date de la fe\u0302te nationale, sera l\u2019un des e\u0301ve\u0300nements marquants de cette ce\u0301le\u0301bration.<\/p>\n<p>La Grande i\u0302le est devenue une colonie franc\u0327aise en 1897 jusqu\u2019en 1958, avant de retrouver l\u2019inde\u0301pendance de manie\u0300re effective en 1960.<\/p>\n<p><strong>Pour plus d&rsquo;informations et d&rsquo;analyses sur la <span style=\"color: #ff6600\">Madagascar<\/span>, suivez <span style=\"color: #ff6600\">Africa-Press<\/span><\/strong><\/p>\n","protected":false},"excerpt":{"rendered":"<p>Africa-Press &#8211; Madagascar. Les ce\u0301le\u0301brations dans le cadre du 65e anniversaire de l\u2019inde\u0301pendance de Madagascar ont e\u0301te\u0301 officiellement lance\u0301es au cours d\u2019une ce\u0301re\u0301monie ce lundi sur l\u2019avenue de l\u2019inde\u0301pendance, devant l\u2019ho\u0302tel de ville a\u0300 Analakely, Antananarivo. Le pays marque e\u0301galement le 65e jubile\u0301 des Forces Arme\u0301es. La ce\u0301re\u0301monie a vu la pre\u0301sence du Pre\u0301sident Andry [&hellip;]<\/p>\n","protected":false},"author":82,"featured_media":35798,"comment_status":"open","ping_status":"closed","sticky":false,"template":"","format":"standard","meta":{"footnotes":""},"categories":[2,20,10],"tags":[1489,53,1488,49,1490],"class_list":["post-35799","post","type-post","status-publish","format-standard","has-post-thumbnail","hentry","category-politique","category-top-nouvelles","category-toutes-les-actualites","tag-65e-anniversaire-de-lindependance","tag-andry-rajoelina","tag-festivites","tag-madagascar","tag-patriotisme"],"yoast_head":"<!-- This site is optimized with the Yoast SEO Premium plugin v26.1 (Yoast SEO v27.0) - https:\/\/yoast.com\/product\/yoast-seo-premium-wordpress\/ -->\n<title>C\u00e9l\u00e9bration du 65E Anniversaire de L&#039;Ind\u00e9pendance - Madagascar<\/title>\n<meta name=\"description\" content=\"Les ce\u0301le\u0301brations dans le cadre du 65e anniversaire de l\u2019inde\u0301pendance de Madagascar ont e\u0301te\u0301 officiellement lance\u0301es ...\" \/>\n<meta name=\"robots\" content=\"index, follow, max-snippet:-1, max-image-preview:large, max-video-preview:-1\" \/>\n<link rel=\"canonical\" href=\"https:\/\/www.africa-press.net\/madagascar\/politique\/celebration-du-65e-anniversaire-de-lindependance\" \/>\n<meta property=\"og:locale\" content=\"fr_FR\" \/>\n<meta property=\"og:type\" content=\"article\" \/>\n<meta property=\"og:title\" content=\"C\u00e9l\u00e9bration du 65E Anniversaire de L&#039;Ind\u00e9pendance\" \/>\n<meta property=\"og:description\" content=\"Les ce\u0301le\u0301brations dans le cadre du 65e anniversaire de l\u2019inde\u0301pendance de Madagascar ont e\u0301te\u0301 officiellement lance\u0301es ...\" \/>\n<meta property=\"og:url\" content=\"https:\/\/www.africa-press.net\/madagascar\/politique\/celebration-du-65e-anniversaire-de-lindependance\" \/>\n<meta property=\"og:site_name\" content=\"Madagascar\" \/>\n<meta property=\"article:published_time\" content=\"2025-06-02T14:00:00+00:00\" \/>\n<meta property=\"article:modified_time\" content=\"2025-06-02T19:44:27+00:00\" \/>\n<meta property=\"og:image\" content=\"https:\/\/static.africa-press.net\/madagascar\/sites\/56\/2025\/06\/sm_1748922237.766092.jpg\" \/>\n\t<meta property=\"og:image:width\" content=\"864\" \/>\n\t<meta property=\"og:image:height\" content=\"486\" \/>\n\t<meta property=\"og:image:type\" content=\"image\/jpeg\" \/>\n<meta name=\"author\" content=\"cfeditorfr\" \/>\n<meta name=\"twitter:card\" content=\"summary_large_image\" \/>\n<meta name=\"twitter:label1\" content=\"\u00c9crit par\" \/>\n\t<meta name=\"twitter:data1\" content=\"cfeditorfr\" \/>\n\t<meta name=\"twitter:label2\" content=\"Dur\u00e9e de lecture estim\u00e9e\" \/>\n\t<meta name=\"twitter:data2\" content=\"2 minutes\" \/>\n<script type=\"application\/ld+json\" class=\"yoast-schema-graph\">{\"@context\":\"https:\/\/schema.org\",\"@graph\":[{\"@type\":\"Article\",\"@id\":\"https:\/\/www.africa-press.net\/madagascar\/politique\/celebration-du-65e-anniversaire-de-lindependance#article\",\"isPartOf\":{\"@id\":\"https:\/\/www.africa-press.net\/madagascar\/politique\/celebration-du-65e-anniversaire-de-lindependance\"},\"author\":{\"name\":\"cfeditorfr\",\"@id\":\"https:\/\/www.africa-press.net\/madagascar\/#\/schema\/person\/2b1cf3cd81a31e3cd26889ca66d677f1\"},\"headline\":\"C\u00e9l\u00e9bration du 65E Anniversaire de L&rsquo;Ind\u00e9pendance\",\"datePublished\":\"2025-06-02T14:00:00+00:00\",\"dateModified\":\"2025-06-02T19:44:27+00:00\",\"mainEntityOfPage\":{\"@id\":\"https:\/\/www.africa-press.net\/madagascar\/politique\/celebration-du-65e-anniversaire-de-lindependance\"},\"wordCount\":376,\"commentCount\":0,\"image\":{\"@id\":\"https:\/\/www.africa-press.net\/madagascar\/politique\/celebration-du-65e-anniversaire-de-lindependance#primaryimage\"},\"thumbnailUrl\":\"https:\/\/static.africa-press.net\/madagascar\/sites\/56\/2025\/06\/sm_1748922237.766092.jpg\",\"keywords\":[\"65e anniversaire de l\u2019ind\u00e9pendance\",\"Andry Rajoelina\",\"festivit\u00e9s\",\"Madagascar\",\"Patriotisme\"],\"articleSection\":[\"Politique\",\"Top Nouvelles\",\"Toutes les actualit\u00e9s\"],\"inLanguage\":\"fr-FR\",\"potentialAction\":[{\"@type\":\"CommentAction\",\"name\":\"Comment\",\"target\":[\"https:\/\/www.africa-press.net\/madagascar\/politique\/celebration-du-65e-anniversaire-de-lindependance#respond\"]}]},{\"@type\":\"WebPage\",\"@id\":\"https:\/\/www.africa-press.net\/madagascar\/politique\/celebration-du-65e-anniversaire-de-lindependance\",\"url\":\"https:\/\/www.africa-press.net\/madagascar\/politique\/celebration-du-65e-anniversaire-de-lindependance\",\"name\":\"C\u00e9l\u00e9bration du 65E Anniversaire de L'Ind\u00e9pendance - Madagascar\",\"isPartOf\":{\"@id\":\"https:\/\/www.africa-press.net\/madagascar\/#website\"},\"primaryImageOfPage\":{\"@id\":\"https:\/\/www.africa-press.net\/madagascar\/politique\/celebration-du-65e-anniversaire-de-lindependance#primaryimage\"},\"image\":{\"@id\":\"https:\/\/www.africa-press.net\/madagascar\/politique\/celebration-du-65e-anniversaire-de-lindependance#primaryimage\"},\"thumbnailUrl\":\"https:\/\/static.africa-press.net\/madagascar\/sites\/56\/2025\/06\/sm_1748922237.766092.jpg\",\"datePublished\":\"2025-06-02T14:00:00+00:00\",\"dateModified\":\"2025-06-02T19:44:27+00:00\",\"author\":{\"@id\":\"https:\/\/www.africa-press.net\/madagascar\/#\/schema\/person\/2b1cf3cd81a31e3cd26889ca66d677f1\"},\"description\":\"Les ce\u0301le\u0301brations dans le cadre du 65e anniversaire de l\u2019inde\u0301pendance de Madagascar ont e\u0301te\u0301 officiellement lance\u0301es ...\",\"breadcrumb\":{\"@id\":\"https:\/\/www.africa-press.net\/madagascar\/politique\/celebration-du-65e-anniversaire-de-lindependance#breadcrumb\"},\"inLanguage\":\"fr-FR\",\"potentialAction\":[{\"@type\":\"ReadAction\",\"target\":[\"https:\/\/www.africa-press.net\/madagascar\/politique\/celebration-du-65e-anniversaire-de-lindependance\"]}]},{\"@type\":\"ImageObject\",\"inLanguage\":\"fr-FR\",\"@id\":\"https:\/\/www.africa-press.net\/madagascar\/politique\/celebration-du-65e-anniversaire-de-lindependance#primaryimage\",\"url\":\"https:\/\/static.africa-press.net\/madagascar\/sites\/56\/2025\/06\/sm_1748922237.766092.jpg\",\"contentUrl\":\"https:\/\/static.africa-press.net\/madagascar\/sites\/56\/2025\/06\/sm_1748922237.766092.jpg\",\"width\":864,\"height\":486,\"caption\":\"C\u00e9l\u00e9bration du 65E Anniversaire de L'Ind\u00e9pendance\"},{\"@type\":\"BreadcrumbList\",\"@id\":\"https:\/\/www.africa-press.net\/madagascar\/politique\/celebration-du-65e-anniversaire-de-lindependance#breadcrumb\",\"itemListElement\":[{\"@type\":\"ListItem\",\"position\":1,\"name\":\"Accueil\",\"item\":\"https:\/\/www.africa-press.net\/madagascar\/\"},{\"@type\":\"ListItem\",\"position\":2,\"name\":\"C\u00e9l\u00e9bration du 65E Anniversaire de L&rsquo;Ind\u00e9pendance\"}]},{\"@type\":\"WebSite\",\"@id\":\"https:\/\/www.africa-press.net\/madagascar\/#website\",\"url\":\"https:\/\/www.africa-press.net\/madagascar\/\",\"name\":\"Madagascar\",\"description\":\"Just another Africa News Agency Sites site\",\"potentialAction\":[{\"@type\":\"SearchAction\",\"target\":{\"@type\":\"EntryPoint\",\"urlTemplate\":\"https:\/\/www.africa-press.net\/madagascar\/?s={search_term_string}\"},\"query-input\":{\"@type\":\"PropertyValueSpecification\",\"valueRequired\":true,\"valueName\":\"search_term_string\"}}],\"inLanguage\":\"fr-FR\"},{\"@type\":\"Person\",\"@id\":\"https:\/\/www.africa-press.net\/madagascar\/#\/schema\/person\/2b1cf3cd81a31e3cd26889ca66d677f1\",\"name\":\"cfeditorfr\"}]}<\/script>\n<!-- \/ Yoast SEO Premium plugin. -->","yoast_head_json":{"title":"C\u00e9l\u00e9bration du 65E Anniversaire de L'Ind\u00e9pendance - Madagascar","description":"Les ce\u0301le\u0301brations dans le cadre du 65e anniversaire de l\u2019inde\u0301pendance de Madagascar ont e\u0301te\u0301 officiellement lance\u0301es ...","robots":{"index":"index","follow":"follow","max-snippet":"max-snippet:-1","max-image-preview":"max-image-preview:large","max-video-preview":"max-video-preview:-1"},"canonical":"https:\/\/www.africa-press.net\/madagascar\/politique\/celebration-du-65e-anniversaire-de-lindependance","og_locale":"fr_FR","og_type":"article","og_title":"C\u00e9l\u00e9bration du 65E Anniversaire de L'Ind\u00e9pendance","og_description":"Les ce\u0301le\u0301brations dans le cadre du 65e anniversaire de l\u2019inde\u0301pendance de Madagascar ont e\u0301te\u0301 officiellement lance\u0301es ...","og_url":"https:\/\/www.africa-press.net\/madagascar\/politique\/celebration-du-65e-anniversaire-de-lindependance","og_site_name":"Madagascar","article_published_time":"2025-06-02T14:00:00+00:00","article_modified_time":"2025-06-02T19:44:27+00:00","og_image":[{"width":864,"height":486,"url":"https:\/\/static.africa-press.net\/madagascar\/sites\/56\/2025\/06\/sm_1748922237.766092.jpg","type":"image\/jpeg"}],"author":"cfeditorfr","twitter_card":"summary_large_image","twitter_misc":{"\u00c9crit par":"cfeditorfr","Dur\u00e9e de lecture estim\u00e9e":"2 minutes"},"schema":{"@context":"https:\/\/schema.org","@graph":[{"@type":"Article","@id":"https:\/\/www.africa-press.net\/madagascar\/politique\/celebration-du-65e-anniversaire-de-lindependance#article","isPartOf":{"@id":"https:\/\/www.africa-press.net\/madagascar\/politique\/celebration-du-65e-anniversaire-de-lindependance"},"author":{"name":"cfeditorfr","@id":"https:\/\/www.africa-press.net\/madagascar\/#\/schema\/person\/2b1cf3cd81a31e3cd26889ca66d677f1"},"headline":"C\u00e9l\u00e9bration du 65E Anniversaire de L&rsquo;Ind\u00e9pendance","datePublished":"2025-06-02T14:00:00+00:00","dateModified":"2025-06-02T19:44:27+00:00","mainEntityOfPage":{"@id":"https:\/\/www.africa-press.net\/madagascar\/politique\/celebration-du-65e-anniversaire-de-lindependance"},"wordCount":376,"commentCount":0,"image":{"@id":"https:\/\/www.africa-press.net\/madagascar\/politique\/celebration-du-65e-anniversaire-de-lindependance#primaryimage"},"thumbnailUrl":"https:\/\/static.africa-press.net\/madagascar\/sites\/56\/2025\/06\/sm_1748922237.766092.jpg","keywords":["65e anniversaire de l\u2019ind\u00e9pendance","Andry Rajoelina","festivit\u00e9s","Madagascar","Patriotisme"],"articleSection":["Politique","Top Nouvelles","Toutes les actualit\u00e9s"],"inLanguage":"fr-FR","potentialAction":[{"@type":"CommentAction","name":"Comment","target":["https:\/\/www.africa-press.net\/madagascar\/politique\/celebration-du-65e-anniversaire-de-lindependance#respond"]}]},{"@type":"WebPage","@id":"https:\/\/www.africa-press.net\/madagascar\/politique\/celebration-du-65e-anniversaire-de-lindependance","url":"https:\/\/www.africa-press.net\/madagascar\/politique\/celebration-du-65e-anniversaire-de-lindependance","name":"C\u00e9l\u00e9bration du 65E Anniversaire de L'Ind\u00e9pendance - Madagascar","isPartOf":{"@id":"https:\/\/www.africa-press.net\/madagascar\/#website"},"primaryImageOfPage":{"@id":"https:\/\/www.africa-press.net\/madagascar\/politique\/celebration-du-65e-anniversaire-de-lindependance#primaryimage"},"image":{"@id":"https:\/\/www.africa-press.net\/madagascar\/politique\/celebration-du-65e-anniversaire-de-lindependance#primaryimage"},"thumbnailUrl":"https:\/\/static.africa-press.net\/madagascar\/sites\/56\/2025\/06\/sm_1748922237.766092.jpg","datePublished":"2025-06-02T14:00:00+00:00","dateModified":"2025-06-02T19:44:27+00:00","author":{"@id":"https:\/\/www.africa-press.net\/madagascar\/#\/schema\/person\/2b1cf3cd81a31e3cd26889ca66d677f1"},"description":"Les ce\u0301le\u0301brations dans le cadre du 65e anniversaire de l\u2019inde\u0301pendance de Madagascar ont e\u0301te\u0301 officiellement lance\u0301es ...","breadcrumb":{"@id":"https:\/\/www.africa-press.net\/madagascar\/politique\/celebration-du-65e-anniversaire-de-lindependance#breadcrumb"},"inLanguage":"fr-FR","potentialAction":[{"@type":"ReadAction","target":["https:\/\/www.africa-press.net\/madagascar\/politique\/celebration-du-65e-anniversaire-de-lindependance"]}]},{"@type":"ImageObject","inLanguage":"fr-FR","@id":"https:\/\/www.africa-press.net\/madagascar\/politique\/celebration-du-65e-anniversaire-de-lindependance#primaryimage","url":"https:\/\/static.africa-press.net\/madagascar\/sites\/56\/2025\/06\/sm_1748922237.766092.jpg","contentUrl":"https:\/\/static.africa-press.net\/madagascar\/sites\/56\/2025\/06\/sm_1748922237.766092.jpg","width":864,"height":486,"caption":"C\u00e9l\u00e9bration du 65E Anniversaire de L'Ind\u00e9pendance"},{"@type":"BreadcrumbList","@id":"https:\/\/www.africa-press.net\/madagascar\/politique\/celebration-du-65e-anniversaire-de-lindependance#breadcrumb","itemListElement":[{"@type":"ListItem","position":1,"name":"Accueil","item":"https:\/\/www.africa-press.net\/madagascar\/"},{"@type":"ListItem","position":2,"name":"C\u00e9l\u00e9bration du 65E Anniversaire de L&rsquo;Ind\u00e9pendance"}]},{"@type":"WebSite","@id":"https:\/\/www.africa-press.net\/madagascar\/#website","url":"https:\/\/www.africa-press.net\/madagascar\/","name":"Madagascar","description":"Just another Africa News Agency Sites site","potentialAction":[{"@type":"SearchAction","target":{"@type":"EntryPoint","urlTemplate":"https:\/\/www.africa-press.net\/madagascar\/?s={search_term_string}"},"query-input":{"@type":"PropertyValueSpecification","valueRequired":true,"valueName":"search_term_string"}}],"inLanguage":"fr-FR"},{"@type":"Person","@id":"https:\/\/www.africa-press.net\/madagascar\/#\/schema\/person\/2b1cf3cd81a31e3cd26889ca66d677f1","name":"cfeditorfr"}]}},"_links":{"self":[{"href":"https:\/\/www.africa-press.net\/madagascar\/wp-json\/wp\/v2\/posts\/35799","targetHints":{"allow":["GET"]}}],"collection":[{"href":"https:\/\/www.africa-press.net\/madagascar\/wp-json\/wp\/v2\/posts"}],"about":[{"href":"https:\/\/www.africa-press.net\/madagascar\/wp-json\/wp\/v2\/types\/post"}],"author":[{"embeddable":true,"href":"https:\/\/www.africa-press.net\/madagascar\/wp-json\/wp\/v2\/users\/82"}],"replies":[{"embeddable":true,"href":"https:\/\/www.africa-press.net\/madagascar\/wp-json\/wp\/v2\/comments?post=35799"}],"version-history":[{"count":0,"href":"https:\/\/www.africa-press.net\/madagascar\/wp-json\/wp\/v2\/posts\/35799\/revisions"}],"wp:featuredmedia":[{"embeddable":true,"href":"https:\/\/www.africa-press.net\/madagascar\/wp-json\/wp\/v2\/media\/35798"}],"wp:attachment":[{"href":"https:\/\/www.africa-press.net\/madagascar\/wp-json\/wp\/v2\/media?parent=35799"}],"wp:term":[{"taxonomy":"category","embeddable":true,"href":"https:\/\/www.africa-press.net\/madagascar\/wp-json\/wp\/v2\/categories?post=35799"},{"taxonomy":"post_tag","embeddable":true,"href":"https:\/\/www.africa-press.net\/madagascar\/wp-json\/wp\/v2\/tags?post=35799"}],"curies":[{"name":"wp","href":"https:\/\/api.w.org\/{rel}","templated":true}]}}