{"id":37820,"date":"2025-09-13T12:10:00","date_gmt":"2025-09-13T12:10:00","guid":{"rendered":"https:\/\/www.africa-press.net\/madagascar\/politique\/recrudescence-du-vih-sida-appel-a-une-mobilisation"},"modified":"2025-09-14T01:14:14","modified_gmt":"2025-09-14T01:14:14","slug":"recrudescence-du-vih-sida-appel-a-une-mobilisation","status":"publish","type":"post","link":"https:\/\/www.africa-press.net\/madagascar\/toutes-les-actualites\/recrudescence-du-vih-sida-appel-a-une-mobilisation","title":{"rendered":"Recrudescence du VIH\/SIDA: Appel \u00c0 une Mobilisation"},"content":{"rendered":"<p><span style=\"color: #ff6600\"><strong>Africa-Press &#8211; Madagascar. <\/strong><\/span>Le ministe\u0300re de la Sante\u0301 publique a lance\u0301 un appel a\u0300 une mobilisation commune dans la lutte contre le VIH\/SIDA. Selon le ministre Zely Randriamanantany, une e\u0301tude nationale sur les cas de VIH\/SIDA est en cours de finalisation et ses re\u0301sultats seront publie\u0301s prochainement. L\u2019objectif est de disposer de donne\u0301es actualise\u0301es afin d\u2019orienter les politiques publiques et les actions de pre\u0301vention.<\/p>\n<p>Le ministre a rappele\u0301 que les adolescents et les jeunes sont les plus expose\u0301s, souvent en raison de leur curiosite\u0301 et de leur volonte\u0301 d\u2019expe\u0301rimenter. L\u2019absence de dialogue entre parents et enfants demeure, selon lui, un frein majeur a\u0300 la re\u0301duction des infections. \u00ab Les parents doivent e\u0302tre les premiers a\u0300 e\u0301duquer leurs enfants sur la sexualite\u0301. Nous devons tous unir nos forces, dans la communaute\u0301, a\u0300 l\u2019e\u0301cole comme a\u0300 l\u2019e\u0301glise, pour sensibiliser et pre\u0301venir \u00bb, a-t-il de\u0301clare\u0301.<\/p>\n<p>Cet appel national intervient quelques jours apre\u0300s l\u2019alerte donne\u0301e par le gouverneur de Boeny sur la situation pre\u0301occupante a\u0300 Mahajanga. Rec\u0327u par les de\u0301le\u0301gations de la Sante\u0301 et de l\u2019ONUSIDA le 10 septembre, il a indique\u0301 que six nouveaux cas de SIDA sont de\u0301sormais enregistre\u0301s chaque semaine dans la ville, contre un cas tous les six mois auparavant.<\/p>\n<p>L\u2019ONUSIDA souligne que Madagascar figure, aux co\u0302te\u0301s de l\u2019Indone\u0301sie, parmi les pays les plus touche\u0301s au monde, Mahajanga affichant le taux le plus e\u0301leve\u0301 du pays. L\u2019ignorance de la population, la prostitution, certaines pratiques sexuelles et l\u2019usage de drogues injectables figurent parmi les principaux facteurs de propagation identifie\u0301s.<\/p>\n<p>Face a\u0300 cette situation, un plan national de lutte contre le SIDA a e\u0301te\u0301 e\u0301labore\u0301, pre\u0301voyant notamment de faire de Mahajanga un \u00ab site pilote \u00bb avec deux centres de sante\u0301 de base charge\u0301s du de\u0301pistage et du traitement. Ce plan inclut e\u0301galement la lutte contre la stigmatisation afin de permettre aux personnes vivant avec le VIH d\u2019acce\u0301der aux soins et de limiter la propagation du virus.<\/p>\n<p><strong>Pour plus d&rsquo;informations et d&rsquo;analyses sur la <span style=\"color: #ff6600\">Madagascar<\/span>, suivez <span style=\"color: #ff6600\">Africa-Press<\/span><\/strong><\/p>\n","protected":false},"excerpt":{"rendered":"<p>Africa-Press &#8211; Madagascar. Le ministe\u0300re de la Sante\u0301 publique a lance\u0301 un appel a\u0300 une mobilisation commune dans la lutte contre le VIH\/SIDA. Selon le ministre Zely Randriamanantany, une e\u0301tude nationale sur les cas de VIH\/SIDA est en cours de finalisation et ses re\u0301sultats seront publie\u0301s prochainement. L\u2019objectif est de disposer de donne\u0301es actualise\u0301es afin [&hellip;]<\/p>\n","protected":false},"author":82,"featured_media":37819,"comment_status":"open","ping_status":"closed","sticky":false,"template":"","format":"standard","meta":{"footnotes":""},"categories":[21,10],"tags":[49],"class_list":["post-37820","post","type-post","status-publish","format-standard","has-post-thumbnail","hentry","category-communaute","category-toutes-les-actualites","tag-madagascar"],"yoast_head":"<!-- This site is optimized with the Yoast SEO Premium plugin v26.1 (Yoast SEO v27.0) - https:\/\/yoast.com\/product\/yoast-seo-premium-wordpress\/ -->\n<title>Recrudescence du VIH\/SIDA: Appel \u00c0 une Mobilisation - Madagascar<\/title>\n<meta name=\"description\" content=\"Le ministe\u0300re de la Sante\u0301 publique a lance\u0301 un appel a\u0300 une mobilisation commune dans la lutte contre le VIH\/SIDA. Selo ...\" \/>\n<meta name=\"robots\" content=\"index, follow, max-snippet:-1, max-image-preview:large, max-video-preview:-1\" \/>\n<link rel=\"canonical\" href=\"https:\/\/www.africa-press.net\/madagascar\/toutes-les-actualites\/recrudescence-du-vih-sida-appel-a-une-mobilisation\" \/>\n<meta property=\"og:locale\" content=\"fr_FR\" \/>\n<meta property=\"og:type\" content=\"article\" \/>\n<meta property=\"og:title\" content=\"Recrudescence du VIH\/SIDA: Appel \u00c0 une Mobilisation\" \/>\n<meta property=\"og:description\" content=\"Le ministe\u0300re de la Sante\u0301 publique a lance\u0301 un appel a\u0300 une mobilisation commune dans la lutte contre le VIH\/SIDA. Selo ...\" \/>\n<meta property=\"og:url\" content=\"https:\/\/www.africa-press.net\/madagascar\/toutes-les-actualites\/recrudescence-du-vih-sida-appel-a-une-mobilisation\" \/>\n<meta property=\"og:site_name\" content=\"Madagascar\" \/>\n<meta property=\"article:published_time\" content=\"2025-09-13T12:10:00+00:00\" \/>\n<meta property=\"article:modified_time\" content=\"2025-09-14T01:14:14+00:00\" \/>\n<meta property=\"og:image\" content=\"https:\/\/static.africa-press.net\/madagascar\/sites\/56\/2025\/09\/sm_1757841170.939227.jpg\" \/>\n\t<meta property=\"og:image:width\" content=\"750\" \/>\n\t<meta property=\"og:image:height\" content=\"394\" \/>\n\t<meta property=\"og:image:type\" content=\"image\/jpeg\" \/>\n<meta name=\"author\" content=\"cfeditorfr\" \/>\n<meta name=\"twitter:card\" content=\"summary_large_image\" \/>\n<meta name=\"twitter:label1\" content=\"\u00c9crit par\" \/>\n\t<meta name=\"twitter:data1\" content=\"cfeditorfr\" \/>\n\t<meta name=\"twitter:label2\" content=\"Dur\u00e9e de lecture estim\u00e9e\" \/>\n\t<meta name=\"twitter:data2\" content=\"2 minutes\" \/>\n<script type=\"application\/ld+json\" class=\"yoast-schema-graph\">{\"@context\":\"https:\/\/schema.org\",\"@graph\":[{\"@type\":\"Article\",\"@id\":\"https:\/\/www.africa-press.net\/madagascar\/toutes-les-actualites\/recrudescence-du-vih-sida-appel-a-une-mobilisation#article\",\"isPartOf\":{\"@id\":\"https:\/\/www.africa-press.net\/madagascar\/toutes-les-actualites\/recrudescence-du-vih-sida-appel-a-une-mobilisation\"},\"author\":{\"name\":\"cfeditorfr\",\"@id\":\"https:\/\/www.africa-press.net\/madagascar\/#\/schema\/person\/2b1cf3cd81a31e3cd26889ca66d677f1\"},\"headline\":\"Recrudescence du VIH\/SIDA: Appel \u00c0 une Mobilisation\",\"datePublished\":\"2025-09-13T12:10:00+00:00\",\"dateModified\":\"2025-09-14T01:14:14+00:00\",\"mainEntityOfPage\":{\"@id\":\"https:\/\/www.africa-press.net\/madagascar\/toutes-les-actualites\/recrudescence-du-vih-sida-appel-a-une-mobilisation\"},\"wordCount\":381,\"commentCount\":1,\"image\":{\"@id\":\"https:\/\/www.africa-press.net\/madagascar\/toutes-les-actualites\/recrudescence-du-vih-sida-appel-a-une-mobilisation#primaryimage\"},\"thumbnailUrl\":\"https:\/\/static.africa-press.net\/madagascar\/sites\/56\/2025\/09\/sm_1757841170.939227.jpg\",\"keywords\":[\"Madagascar\"],\"articleSection\":[\"Communaut\u00e9\",\"Toutes les actualit\u00e9s\"],\"inLanguage\":\"fr-FR\",\"potentialAction\":[{\"@type\":\"CommentAction\",\"name\":\"Comment\",\"target\":[\"https:\/\/www.africa-press.net\/madagascar\/toutes-les-actualites\/recrudescence-du-vih-sida-appel-a-une-mobilisation#respond\"]}]},{\"@type\":\"WebPage\",\"@id\":\"https:\/\/www.africa-press.net\/madagascar\/toutes-les-actualites\/recrudescence-du-vih-sida-appel-a-une-mobilisation\",\"url\":\"https:\/\/www.africa-press.net\/madagascar\/toutes-les-actualites\/recrudescence-du-vih-sida-appel-a-une-mobilisation\",\"name\":\"Recrudescence du VIH\/SIDA: Appel \u00c0 une Mobilisation - Madagascar\",\"isPartOf\":{\"@id\":\"https:\/\/www.africa-press.net\/madagascar\/#website\"},\"primaryImageOfPage\":{\"@id\":\"https:\/\/www.africa-press.net\/madagascar\/toutes-les-actualites\/recrudescence-du-vih-sida-appel-a-une-mobilisation#primaryimage\"},\"image\":{\"@id\":\"https:\/\/www.africa-press.net\/madagascar\/toutes-les-actualites\/recrudescence-du-vih-sida-appel-a-une-mobilisation#primaryimage\"},\"thumbnailUrl\":\"https:\/\/static.africa-press.net\/madagascar\/sites\/56\/2025\/09\/sm_1757841170.939227.jpg\",\"datePublished\":\"2025-09-13T12:10:00+00:00\",\"dateModified\":\"2025-09-14T01:14:14+00:00\",\"author\":{\"@id\":\"https:\/\/www.africa-press.net\/madagascar\/#\/schema\/person\/2b1cf3cd81a31e3cd26889ca66d677f1\"},\"description\":\"Le ministe\u0300re de la Sante\u0301 publique a lance\u0301 un appel a\u0300 une mobilisation commune dans la lutte contre le VIH\/SIDA. Selo ...\",\"breadcrumb\":{\"@id\":\"https:\/\/www.africa-press.net\/madagascar\/toutes-les-actualites\/recrudescence-du-vih-sida-appel-a-une-mobilisation#breadcrumb\"},\"inLanguage\":\"fr-FR\",\"potentialAction\":[{\"@type\":\"ReadAction\",\"target\":[\"https:\/\/www.africa-press.net\/madagascar\/toutes-les-actualites\/recrudescence-du-vih-sida-appel-a-une-mobilisation\"]}]},{\"@type\":\"ImageObject\",\"inLanguage\":\"fr-FR\",\"@id\":\"https:\/\/www.africa-press.net\/madagascar\/toutes-les-actualites\/recrudescence-du-vih-sida-appel-a-une-mobilisation#primaryimage\",\"url\":\"https:\/\/static.africa-press.net\/madagascar\/sites\/56\/2025\/09\/sm_1757841170.939227.jpg\",\"contentUrl\":\"https:\/\/static.africa-press.net\/madagascar\/sites\/56\/2025\/09\/sm_1757841170.939227.jpg\",\"width\":750,\"height\":394,\"caption\":\"Recrudescence du VIH\/SIDA: Appel \u00c0 une Mobilisation\"},{\"@type\":\"BreadcrumbList\",\"@id\":\"https:\/\/www.africa-press.net\/madagascar\/toutes-les-actualites\/recrudescence-du-vih-sida-appel-a-une-mobilisation#breadcrumb\",\"itemListElement\":[{\"@type\":\"ListItem\",\"position\":1,\"name\":\"Accueil\",\"item\":\"https:\/\/www.africa-press.net\/madagascar\/\"},{\"@type\":\"ListItem\",\"position\":2,\"name\":\"Recrudescence du VIH\/SIDA: Appel \u00c0 une Mobilisation\"}]},{\"@type\":\"WebSite\",\"@id\":\"https:\/\/www.africa-press.net\/madagascar\/#website\",\"url\":\"https:\/\/www.africa-press.net\/madagascar\/\",\"name\":\"Madagascar\",\"description\":\"Just another Africa News Agency Sites site\",\"potentialAction\":[{\"@type\":\"SearchAction\",\"target\":{\"@type\":\"EntryPoint\",\"urlTemplate\":\"https:\/\/www.africa-press.net\/madagascar\/?s={search_term_string}\"},\"query-input\":{\"@type\":\"PropertyValueSpecification\",\"valueRequired\":true,\"valueName\":\"search_term_string\"}}],\"inLanguage\":\"fr-FR\"},{\"@type\":\"Person\",\"@id\":\"https:\/\/www.africa-press.net\/madagascar\/#\/schema\/person\/2b1cf3cd81a31e3cd26889ca66d677f1\",\"name\":\"cfeditorfr\"}]}<\/script>\n<!-- \/ Yoast SEO Premium plugin. -->","yoast_head_json":{"title":"Recrudescence du VIH\/SIDA: Appel \u00c0 une Mobilisation - Madagascar","description":"Le ministe\u0300re de la Sante\u0301 publique a lance\u0301 un appel a\u0300 une mobilisation commune dans la lutte contre le VIH\/SIDA. Selo ...","robots":{"index":"index","follow":"follow","max-snippet":"max-snippet:-1","max-image-preview":"max-image-preview:large","max-video-preview":"max-video-preview:-1"},"canonical":"https:\/\/www.africa-press.net\/madagascar\/toutes-les-actualites\/recrudescence-du-vih-sida-appel-a-une-mobilisation","og_locale":"fr_FR","og_type":"article","og_title":"Recrudescence du VIH\/SIDA: Appel \u00c0 une Mobilisation","og_description":"Le ministe\u0300re de la Sante\u0301 publique a lance\u0301 un appel a\u0300 une mobilisation commune dans la lutte contre le VIH\/SIDA. Selo ...","og_url":"https:\/\/www.africa-press.net\/madagascar\/toutes-les-actualites\/recrudescence-du-vih-sida-appel-a-une-mobilisation","og_site_name":"Madagascar","article_published_time":"2025-09-13T12:10:00+00:00","article_modified_time":"2025-09-14T01:14:14+00:00","og_image":[{"width":750,"height":394,"url":"https:\/\/static.africa-press.net\/madagascar\/sites\/56\/2025\/09\/sm_1757841170.939227.jpg","type":"image\/jpeg"}],"author":"cfeditorfr","twitter_card":"summary_large_image","twitter_misc":{"\u00c9crit par":"cfeditorfr","Dur\u00e9e de lecture estim\u00e9e":"2 minutes"},"schema":{"@context":"https:\/\/schema.org","@graph":[{"@type":"Article","@id":"https:\/\/www.africa-press.net\/madagascar\/toutes-les-actualites\/recrudescence-du-vih-sida-appel-a-une-mobilisation#article","isPartOf":{"@id":"https:\/\/www.africa-press.net\/madagascar\/toutes-les-actualites\/recrudescence-du-vih-sida-appel-a-une-mobilisation"},"author":{"name":"cfeditorfr","@id":"https:\/\/www.africa-press.net\/madagascar\/#\/schema\/person\/2b1cf3cd81a31e3cd26889ca66d677f1"},"headline":"Recrudescence du VIH\/SIDA: Appel \u00c0 une Mobilisation","datePublished":"2025-09-13T12:10:00+00:00","dateModified":"2025-09-14T01:14:14+00:00","mainEntityOfPage":{"@id":"https:\/\/www.africa-press.net\/madagascar\/toutes-les-actualites\/recrudescence-du-vih-sida-appel-a-une-mobilisation"},"wordCount":381,"commentCount":1,"image":{"@id":"https:\/\/www.africa-press.net\/madagascar\/toutes-les-actualites\/recrudescence-du-vih-sida-appel-a-une-mobilisation#primaryimage"},"thumbnailUrl":"https:\/\/static.africa-press.net\/madagascar\/sites\/56\/2025\/09\/sm_1757841170.939227.jpg","keywords":["Madagascar"],"articleSection":["Communaut\u00e9","Toutes les actualit\u00e9s"],"inLanguage":"fr-FR","potentialAction":[{"@type":"CommentAction","name":"Comment","target":["https:\/\/www.africa-press.net\/madagascar\/toutes-les-actualites\/recrudescence-du-vih-sida-appel-a-une-mobilisation#respond"]}]},{"@type":"WebPage","@id":"https:\/\/www.africa-press.net\/madagascar\/toutes-les-actualites\/recrudescence-du-vih-sida-appel-a-une-mobilisation","url":"https:\/\/www.africa-press.net\/madagascar\/toutes-les-actualites\/recrudescence-du-vih-sida-appel-a-une-mobilisation","name":"Recrudescence du VIH\/SIDA: Appel \u00c0 une Mobilisation - Madagascar","isPartOf":{"@id":"https:\/\/www.africa-press.net\/madagascar\/#website"},"primaryImageOfPage":{"@id":"https:\/\/www.africa-press.net\/madagascar\/toutes-les-actualites\/recrudescence-du-vih-sida-appel-a-une-mobilisation#primaryimage"},"image":{"@id":"https:\/\/www.africa-press.net\/madagascar\/toutes-les-actualites\/recrudescence-du-vih-sida-appel-a-une-mobilisation#primaryimage"},"thumbnailUrl":"https:\/\/static.africa-press.net\/madagascar\/sites\/56\/2025\/09\/sm_1757841170.939227.jpg","datePublished":"2025-09-13T12:10:00+00:00","dateModified":"2025-09-14T01:14:14+00:00","author":{"@id":"https:\/\/www.africa-press.net\/madagascar\/#\/schema\/person\/2b1cf3cd81a31e3cd26889ca66d677f1"},"description":"Le ministe\u0300re de la Sante\u0301 publique a lance\u0301 un appel a\u0300 une mobilisation commune dans la lutte contre le VIH\/SIDA. Selo ...","breadcrumb":{"@id":"https:\/\/www.africa-press.net\/madagascar\/toutes-les-actualites\/recrudescence-du-vih-sida-appel-a-une-mobilisation#breadcrumb"},"inLanguage":"fr-FR","potentialAction":[{"@type":"ReadAction","target":["https:\/\/www.africa-press.net\/madagascar\/toutes-les-actualites\/recrudescence-du-vih-sida-appel-a-une-mobilisation"]}]},{"@type":"ImageObject","inLanguage":"fr-FR","@id":"https:\/\/www.africa-press.net\/madagascar\/toutes-les-actualites\/recrudescence-du-vih-sida-appel-a-une-mobilisation#primaryimage","url":"https:\/\/static.africa-press.net\/madagascar\/sites\/56\/2025\/09\/sm_1757841170.939227.jpg","contentUrl":"https:\/\/static.africa-press.net\/madagascar\/sites\/56\/2025\/09\/sm_1757841170.939227.jpg","width":750,"height":394,"caption":"Recrudescence du VIH\/SIDA: Appel \u00c0 une Mobilisation"},{"@type":"BreadcrumbList","@id":"https:\/\/www.africa-press.net\/madagascar\/toutes-les-actualites\/recrudescence-du-vih-sida-appel-a-une-mobilisation#breadcrumb","itemListElement":[{"@type":"ListItem","position":1,"name":"Accueil","item":"https:\/\/www.africa-press.net\/madagascar\/"},{"@type":"ListItem","position":2,"name":"Recrudescence du VIH\/SIDA: Appel \u00c0 une Mobilisation"}]},{"@type":"WebSite","@id":"https:\/\/www.africa-press.net\/madagascar\/#website","url":"https:\/\/www.africa-press.net\/madagascar\/","name":"Madagascar","description":"Just another Africa News Agency Sites site","potentialAction":[{"@type":"SearchAction","target":{"@type":"EntryPoint","urlTemplate":"https:\/\/www.africa-press.net\/madagascar\/?s={search_term_string}"},"query-input":{"@type":"PropertyValueSpecification","valueRequired":true,"valueName":"search_term_string"}}],"inLanguage":"fr-FR"},{"@type":"Person","@id":"https:\/\/www.africa-press.net\/madagascar\/#\/schema\/person\/2b1cf3cd81a31e3cd26889ca66d677f1","name":"cfeditorfr"}]}},"_links":{"self":[{"href":"https:\/\/www.africa-press.net\/madagascar\/wp-json\/wp\/v2\/posts\/37820","targetHints":{"allow":["GET"]}}],"collection":[{"href":"https:\/\/www.africa-press.net\/madagascar\/wp-json\/wp\/v2\/posts"}],"about":[{"href":"https:\/\/www.africa-press.net\/madagascar\/wp-json\/wp\/v2\/types\/post"}],"author":[{"embeddable":true,"href":"https:\/\/www.africa-press.net\/madagascar\/wp-json\/wp\/v2\/users\/82"}],"replies":[{"embeddable":true,"href":"https:\/\/www.africa-press.net\/madagascar\/wp-json\/wp\/v2\/comments?post=37820"}],"version-history":[{"count":0,"href":"https:\/\/www.africa-press.net\/madagascar\/wp-json\/wp\/v2\/posts\/37820\/revisions"}],"wp:featuredmedia":[{"embeddable":true,"href":"https:\/\/www.africa-press.net\/madagascar\/wp-json\/wp\/v2\/media\/37819"}],"wp:attachment":[{"href":"https:\/\/www.africa-press.net\/madagascar\/wp-json\/wp\/v2\/media?parent=37820"}],"wp:term":[{"taxonomy":"category","embeddable":true,"href":"https:\/\/www.africa-press.net\/madagascar\/wp-json\/wp\/v2\/categories?post=37820"},{"taxonomy":"post_tag","embeddable":true,"href":"https:\/\/www.africa-press.net\/madagascar\/wp-json\/wp\/v2\/tags?post=37820"}],"curies":[{"name":"wp","href":"https:\/\/api.w.org\/{rel}","templated":true}]}}