{"id":38607,"date":"2025-10-20T14:10:00","date_gmt":"2025-10-20T14:10:00","guid":{"rendered":"https:\/\/www.africa-press.net\/madagascar\/politique\/herintsalama-rajaonarivelo-nomme-premier-ministre"},"modified":"2025-10-20T14:10:00","modified_gmt":"2025-10-20T14:10:00","slug":"herintsalama-rajaonarivelo-nomme-premier-ministre","status":"publish","type":"post","link":"https:\/\/www.africa-press.net\/madagascar\/politique\/herintsalama-rajaonarivelo-nomme-premier-ministre","title":{"rendered":"Herintsalama Rajaonarivelo Nomme\u0301 Premier Ministre"},"content":{"rendered":"<p><span style=\"color: #ff6600\"><strong>Africa-Press &#8211; Madagascar. <\/strong><\/span>Deux jours apre\u0300s sa prestation de serment devant les juges de la Haute Cour Constitutionnelle, le vendredi 17 octobre dernier, le Pre\u0301sident de la Refondation de la Re\u0301publique de Madagascar, Michae\u0308l Randrianirina a nomme\u0301 Herintsalama Rajaonarivelo comme nouveau Premier ministre ce lundi 20 octobre au cours d\u2019une ce\u0301re\u0301monie officielle au Palais d\u2019E\u0301tat d\u2019Iavoloha.<\/p>\n<p>Lors d\u2019un bref discours pendant la ce\u0301re\u0301monie de pre\u0301sentation du nouveau Chef du gouvernement, le Colonel Michae\u0308l Randrianirina a souligne\u0301 que cette nomination a e\u0301te\u0301 faite suite a\u0300 la proposition des membres de l\u2019Assemble\u0301e nationale. \u00ab Il a e\u0301te\u0301 choisi pour ses compe\u0301tences, son expe\u0301rience, sa relation avec les organisations internationales \u00bb, a indique\u0301 le Chef d\u2019Etat. Ce choix devrait ainsi re\u0301pondre aux revendications des manifestants de la Gen Z qui ont fait part de leur souhait de voir de\u0301signe\u0301, un Premier ministre, non politicien.<\/p>\n<p>Grand inconnu du monde politique, le nouveau Premier ministre a de\u0301ja\u0300 occupe\u0301 plusieurs postes a\u0300 haut responsabilite\u0301 dans le secteur prive\u0301 notamment en tant qu\u2019ancien Pre\u0301sident du Conseil d\u2019Administration (PCA) de la Banque BNI Madagascar. Diplo\u0302me\u0301 du 3e\u0300me cycle en E\u0301conomie Industrielle et E\u0301conomie d\u2019entreprise, il fut e\u0301galement consultant international aupre\u0300s de plusieurs organismes internationaux comme la Banque Mondiale, l\u2019Union Europe\u0301enne, la COMESA, la Communaute\u0301 de de\u0301veloppement de l\u2019Afrique Australe (SADC), la Commission de l\u2019Oce\u0301an Indien. Il a de\u0301ja\u0300 dirige\u0301 le groupement des patronats malgaches (FIVMPAMA) et contribue\u0301 a\u0300 l\u2019e\u0301laboration de plusieurs projets de de\u0301veloppement appuye\u0301s par les partenaires internationaux au profit du gouvernement malgache.<\/p>\n<p>Il succe\u0300de ainsi a\u0300 Zafisambo Ruphin Fortunat, nomme\u0301 par l\u2019ancien Pre\u0301sident Andry Rajoelina le 6 octobre dernier, apre\u0300s la dissolution du gouvernement le 29 septembre, au moment fort de la crise politique qui s\u2019est de\u0301clenche\u0301e le 25 septembre dernier, date de de\u0301but des manifestations de la Gen Z a\u0300 Madagascar.<\/p>\n<p><strong>Pour plus d&rsquo;informations et d&rsquo;analyses sur la <span style=\"color: #ff6600\">Madagascar<\/span>, suivez <span style=\"color: #ff6600\">Africa-Press<span style=\"color: #ff6600\"><\/span><\/strong><\/p>\n","protected":false},"excerpt":{"rendered":"<p>Africa-Press &#8211; Madagascar. Deux jours apre\u0300s sa prestation de serment devant les juges de la Haute Cour Constitutionnelle, le vendredi 17 octobre dernier, le Pre\u0301sident de la Refondation de la Re\u0301publique de Madagascar, Michae\u0308l Randrianirina a nomme\u0301 Herintsalama Rajaonarivelo comme nouveau Premier ministre ce lundi 20 octobre au cours d\u2019une ce\u0301re\u0301monie officielle au Palais d\u2019E\u0301tat [&hellip;]<\/p>\n","protected":false},"author":82,"featured_media":38606,"comment_status":"open","ping_status":"closed","sticky":false,"template":"","format":"standard","meta":{"footnotes":""},"categories":[2,52,20,10],"tags":[49],"class_list":["post-38607","post","type-post","status-publish","format-standard","has-post-thumbnail","hentry","category-politique","category-to-homepage","category-top-nouvelles","category-toutes-les-actualites","tag-madagascar"],"yoast_head":"<!-- This site is optimized with the Yoast SEO Premium plugin v26.1 (Yoast SEO v27.0) - https:\/\/yoast.com\/product\/yoast-seo-premium-wordpress\/ -->\n<title>Herintsalama Rajaonarivelo Nomme\u0301 Premier Ministre - Madagascar<\/title>\n<meta name=\"robots\" content=\"index, follow, max-snippet:-1, max-image-preview:large, max-video-preview:-1\" \/>\n<link rel=\"canonical\" href=\"https:\/\/www.africa-press.net\/madagascar\/politique\/herintsalama-rajaonarivelo-nomme-premier-ministre\" \/>\n<meta property=\"og:locale\" content=\"fr_FR\" \/>\n<meta property=\"og:type\" content=\"article\" \/>\n<meta property=\"og:title\" content=\"Herintsalama Rajaonarivelo Nomme\u0301 Premier Ministre\" \/>\n<meta property=\"og:description\" content=\"Africa-Press &#8211; Madagascar. Deux jours apre\u0300s sa prestation de serment devant les juges de la Haute Cour Constitutionnelle, le vendredi 17 octobre dernier, le Pre\u0301sident de la Refondation de la Re\u0301publique de Madagascar, Michae\u0308l Randrianirina a nomme\u0301 Herintsalama Rajaonarivelo comme nouveau Premier ministre ce lundi 20 octobre au cours d\u2019une ce\u0301re\u0301monie officielle au Palais d\u2019E\u0301tat [&hellip;]\" \/>\n<meta property=\"og:url\" content=\"https:\/\/www.africa-press.net\/madagascar\/politique\/herintsalama-rajaonarivelo-nomme-premier-ministre\" \/>\n<meta property=\"og:site_name\" content=\"Madagascar\" \/>\n<meta property=\"article:published_time\" content=\"2025-10-20T14:10:00+00:00\" \/>\n<meta name=\"author\" content=\"cfeditorfr\" \/>\n<meta name=\"twitter:card\" content=\"summary_large_image\" \/>\n<meta name=\"twitter:label1\" content=\"\u00c9crit par\" \/>\n\t<meta name=\"twitter:data1\" content=\"cfeditorfr\" \/>\n\t<meta name=\"twitter:label2\" content=\"Dur\u00e9e de lecture estim\u00e9e\" \/>\n\t<meta name=\"twitter:data2\" content=\"2 minutes\" \/>\n<script type=\"application\/ld+json\" class=\"yoast-schema-graph\">{\"@context\":\"https:\/\/schema.org\",\"@graph\":[{\"@type\":\"Article\",\"@id\":\"https:\/\/www.africa-press.net\/madagascar\/politique\/herintsalama-rajaonarivelo-nomme-premier-ministre#article\",\"isPartOf\":{\"@id\":\"https:\/\/www.africa-press.net\/madagascar\/politique\/herintsalama-rajaonarivelo-nomme-premier-ministre\"},\"author\":{\"name\":\"cfeditorfr\",\"@id\":\"https:\/\/www.africa-press.net\/madagascar\/#\/schema\/person\/2b1cf3cd81a31e3cd26889ca66d677f1\"},\"headline\":\"Herintsalama Rajaonarivelo Nomme\u0301 Premier Ministre\",\"datePublished\":\"2025-10-20T14:10:00+00:00\",\"mainEntityOfPage\":{\"@id\":\"https:\/\/www.africa-press.net\/madagascar\/politique\/herintsalama-rajaonarivelo-nomme-premier-ministre\"},\"wordCount\":360,\"commentCount\":0,\"image\":{\"@id\":\"https:\/\/www.africa-press.net\/madagascar\/politique\/herintsalama-rajaonarivelo-nomme-premier-ministre#primaryimage\"},\"thumbnailUrl\":\"https:\/\/static.africa-press.net\/madagascar\/sites\/56\/2025\/10\/sm_1761034708.482078.jpg\",\"keywords\":[\"Madagascar\"],\"articleSection\":[\"Politique\",\"to-homepage\",\"Top Nouvelles\",\"Toutes les actualit\u00e9s\"],\"inLanguage\":\"fr-FR\",\"potentialAction\":[{\"@type\":\"CommentAction\",\"name\":\"Comment\",\"target\":[\"https:\/\/www.africa-press.net\/madagascar\/politique\/herintsalama-rajaonarivelo-nomme-premier-ministre#respond\"]}]},{\"@type\":\"WebPage\",\"@id\":\"https:\/\/www.africa-press.net\/madagascar\/politique\/herintsalama-rajaonarivelo-nomme-premier-ministre\",\"url\":\"https:\/\/www.africa-press.net\/madagascar\/politique\/herintsalama-rajaonarivelo-nomme-premier-ministre\",\"name\":\"Herintsalama Rajaonarivelo Nomme\u0301 Premier Ministre - Madagascar\",\"isPartOf\":{\"@id\":\"https:\/\/www.africa-press.net\/madagascar\/#website\"},\"primaryImageOfPage\":{\"@id\":\"https:\/\/www.africa-press.net\/madagascar\/politique\/herintsalama-rajaonarivelo-nomme-premier-ministre#primaryimage\"},\"image\":{\"@id\":\"https:\/\/www.africa-press.net\/madagascar\/politique\/herintsalama-rajaonarivelo-nomme-premier-ministre#primaryimage\"},\"thumbnailUrl\":\"https:\/\/static.africa-press.net\/madagascar\/sites\/56\/2025\/10\/sm_1761034708.482078.jpg\",\"datePublished\":\"2025-10-20T14:10:00+00:00\",\"author\":{\"@id\":\"https:\/\/www.africa-press.net\/madagascar\/#\/schema\/person\/2b1cf3cd81a31e3cd26889ca66d677f1\"},\"breadcrumb\":{\"@id\":\"https:\/\/www.africa-press.net\/madagascar\/politique\/herintsalama-rajaonarivelo-nomme-premier-ministre#breadcrumb\"},\"inLanguage\":\"fr-FR\",\"potentialAction\":[{\"@type\":\"ReadAction\",\"target\":[\"https:\/\/www.africa-press.net\/madagascar\/politique\/herintsalama-rajaonarivelo-nomme-premier-ministre\"]}]},{\"@type\":\"ImageObject\",\"inLanguage\":\"fr-FR\",\"@id\":\"https:\/\/www.africa-press.net\/madagascar\/politique\/herintsalama-rajaonarivelo-nomme-premier-ministre#primaryimage\",\"url\":\"https:\/\/static.africa-press.net\/madagascar\/sites\/56\/2025\/10\/sm_1761034708.482078.jpg\",\"contentUrl\":\"https:\/\/static.africa-press.net\/madagascar\/sites\/56\/2025\/10\/sm_1761034708.482078.jpg\",\"width\":864,\"height\":486,\"caption\":\"Herintsalama Rajaonarivelo Nomme\u0301 Premier Ministre\"},{\"@type\":\"BreadcrumbList\",\"@id\":\"https:\/\/www.africa-press.net\/madagascar\/politique\/herintsalama-rajaonarivelo-nomme-premier-ministre#breadcrumb\",\"itemListElement\":[{\"@type\":\"ListItem\",\"position\":1,\"name\":\"Accueil\",\"item\":\"https:\/\/www.africa-press.net\/madagascar\/\"},{\"@type\":\"ListItem\",\"position\":2,\"name\":\"Herintsalama Rajaonarivelo Nomme\u0301 Premier Ministre\"}]},{\"@type\":\"WebSite\",\"@id\":\"https:\/\/www.africa-press.net\/madagascar\/#website\",\"url\":\"https:\/\/www.africa-press.net\/madagascar\/\",\"name\":\"Madagascar\",\"description\":\"Just another Africa News Agency Sites site\",\"potentialAction\":[{\"@type\":\"SearchAction\",\"target\":{\"@type\":\"EntryPoint\",\"urlTemplate\":\"https:\/\/www.africa-press.net\/madagascar\/?s={search_term_string}\"},\"query-input\":{\"@type\":\"PropertyValueSpecification\",\"valueRequired\":true,\"valueName\":\"search_term_string\"}}],\"inLanguage\":\"fr-FR\"},{\"@type\":\"Person\",\"@id\":\"https:\/\/www.africa-press.net\/madagascar\/#\/schema\/person\/2b1cf3cd81a31e3cd26889ca66d677f1\",\"name\":\"cfeditorfr\"}]}<\/script>\n<!-- \/ Yoast SEO Premium plugin. -->","yoast_head_json":{"title":"Herintsalama Rajaonarivelo Nomme\u0301 Premier Ministre - Madagascar","robots":{"index":"index","follow":"follow","max-snippet":"max-snippet:-1","max-image-preview":"max-image-preview:large","max-video-preview":"max-video-preview:-1"},"canonical":"https:\/\/www.africa-press.net\/madagascar\/politique\/herintsalama-rajaonarivelo-nomme-premier-ministre","og_locale":"fr_FR","og_type":"article","og_title":"Herintsalama Rajaonarivelo Nomme\u0301 Premier Ministre","og_description":"Africa-Press &#8211; Madagascar. Deux jours apre\u0300s sa prestation de serment devant les juges de la Haute Cour Constitutionnelle, le vendredi 17 octobre dernier, le Pre\u0301sident de la Refondation de la Re\u0301publique de Madagascar, Michae\u0308l Randrianirina a nomme\u0301 Herintsalama Rajaonarivelo comme nouveau Premier ministre ce lundi 20 octobre au cours d\u2019une ce\u0301re\u0301monie officielle au Palais d\u2019E\u0301tat [&hellip;]","og_url":"https:\/\/www.africa-press.net\/madagascar\/politique\/herintsalama-rajaonarivelo-nomme-premier-ministre","og_site_name":"Madagascar","article_published_time":"2025-10-20T14:10:00+00:00","author":"cfeditorfr","twitter_card":"summary_large_image","twitter_misc":{"\u00c9crit par":"cfeditorfr","Dur\u00e9e de lecture estim\u00e9e":"2 minutes"},"schema":{"@context":"https:\/\/schema.org","@graph":[{"@type":"Article","@id":"https:\/\/www.africa-press.net\/madagascar\/politique\/herintsalama-rajaonarivelo-nomme-premier-ministre#article","isPartOf":{"@id":"https:\/\/www.africa-press.net\/madagascar\/politique\/herintsalama-rajaonarivelo-nomme-premier-ministre"},"author":{"name":"cfeditorfr","@id":"https:\/\/www.africa-press.net\/madagascar\/#\/schema\/person\/2b1cf3cd81a31e3cd26889ca66d677f1"},"headline":"Herintsalama Rajaonarivelo Nomme\u0301 Premier Ministre","datePublished":"2025-10-20T14:10:00+00:00","mainEntityOfPage":{"@id":"https:\/\/www.africa-press.net\/madagascar\/politique\/herintsalama-rajaonarivelo-nomme-premier-ministre"},"wordCount":360,"commentCount":0,"image":{"@id":"https:\/\/www.africa-press.net\/madagascar\/politique\/herintsalama-rajaonarivelo-nomme-premier-ministre#primaryimage"},"thumbnailUrl":"https:\/\/static.africa-press.net\/madagascar\/sites\/56\/2025\/10\/sm_1761034708.482078.jpg","keywords":["Madagascar"],"articleSection":["Politique","to-homepage","Top Nouvelles","Toutes les actualit\u00e9s"],"inLanguage":"fr-FR","potentialAction":[{"@type":"CommentAction","name":"Comment","target":["https:\/\/www.africa-press.net\/madagascar\/politique\/herintsalama-rajaonarivelo-nomme-premier-ministre#respond"]}]},{"@type":"WebPage","@id":"https:\/\/www.africa-press.net\/madagascar\/politique\/herintsalama-rajaonarivelo-nomme-premier-ministre","url":"https:\/\/www.africa-press.net\/madagascar\/politique\/herintsalama-rajaonarivelo-nomme-premier-ministre","name":"Herintsalama Rajaonarivelo Nomme\u0301 Premier Ministre - Madagascar","isPartOf":{"@id":"https:\/\/www.africa-press.net\/madagascar\/#website"},"primaryImageOfPage":{"@id":"https:\/\/www.africa-press.net\/madagascar\/politique\/herintsalama-rajaonarivelo-nomme-premier-ministre#primaryimage"},"image":{"@id":"https:\/\/www.africa-press.net\/madagascar\/politique\/herintsalama-rajaonarivelo-nomme-premier-ministre#primaryimage"},"thumbnailUrl":"https:\/\/static.africa-press.net\/madagascar\/sites\/56\/2025\/10\/sm_1761034708.482078.jpg","datePublished":"2025-10-20T14:10:00+00:00","author":{"@id":"https:\/\/www.africa-press.net\/madagascar\/#\/schema\/person\/2b1cf3cd81a31e3cd26889ca66d677f1"},"breadcrumb":{"@id":"https:\/\/www.africa-press.net\/madagascar\/politique\/herintsalama-rajaonarivelo-nomme-premier-ministre#breadcrumb"},"inLanguage":"fr-FR","potentialAction":[{"@type":"ReadAction","target":["https:\/\/www.africa-press.net\/madagascar\/politique\/herintsalama-rajaonarivelo-nomme-premier-ministre"]}]},{"@type":"ImageObject","inLanguage":"fr-FR","@id":"https:\/\/www.africa-press.net\/madagascar\/politique\/herintsalama-rajaonarivelo-nomme-premier-ministre#primaryimage","url":"https:\/\/static.africa-press.net\/madagascar\/sites\/56\/2025\/10\/sm_1761034708.482078.jpg","contentUrl":"https:\/\/static.africa-press.net\/madagascar\/sites\/56\/2025\/10\/sm_1761034708.482078.jpg","width":864,"height":486,"caption":"Herintsalama Rajaonarivelo Nomme\u0301 Premier Ministre"},{"@type":"BreadcrumbList","@id":"https:\/\/www.africa-press.net\/madagascar\/politique\/herintsalama-rajaonarivelo-nomme-premier-ministre#breadcrumb","itemListElement":[{"@type":"ListItem","position":1,"name":"Accueil","item":"https:\/\/www.africa-press.net\/madagascar\/"},{"@type":"ListItem","position":2,"name":"Herintsalama Rajaonarivelo Nomme\u0301 Premier Ministre"}]},{"@type":"WebSite","@id":"https:\/\/www.africa-press.net\/madagascar\/#website","url":"https:\/\/www.africa-press.net\/madagascar\/","name":"Madagascar","description":"Just another Africa News Agency Sites site","potentialAction":[{"@type":"SearchAction","target":{"@type":"EntryPoint","urlTemplate":"https:\/\/www.africa-press.net\/madagascar\/?s={search_term_string}"},"query-input":{"@type":"PropertyValueSpecification","valueRequired":true,"valueName":"search_term_string"}}],"inLanguage":"fr-FR"},{"@type":"Person","@id":"https:\/\/www.africa-press.net\/madagascar\/#\/schema\/person\/2b1cf3cd81a31e3cd26889ca66d677f1","name":"cfeditorfr"}]}},"_links":{"self":[{"href":"https:\/\/www.africa-press.net\/madagascar\/wp-json\/wp\/v2\/posts\/38607","targetHints":{"allow":["GET"]}}],"collection":[{"href":"https:\/\/www.africa-press.net\/madagascar\/wp-json\/wp\/v2\/posts"}],"about":[{"href":"https:\/\/www.africa-press.net\/madagascar\/wp-json\/wp\/v2\/types\/post"}],"author":[{"embeddable":true,"href":"https:\/\/www.africa-press.net\/madagascar\/wp-json\/wp\/v2\/users\/82"}],"replies":[{"embeddable":true,"href":"https:\/\/www.africa-press.net\/madagascar\/wp-json\/wp\/v2\/comments?post=38607"}],"version-history":[{"count":0,"href":"https:\/\/www.africa-press.net\/madagascar\/wp-json\/wp\/v2\/posts\/38607\/revisions"}],"wp:featuredmedia":[{"embeddable":true,"href":"https:\/\/www.africa-press.net\/madagascar\/wp-json\/wp\/v2\/media\/38606"}],"wp:attachment":[{"href":"https:\/\/www.africa-press.net\/madagascar\/wp-json\/wp\/v2\/media?parent=38607"}],"wp:term":[{"taxonomy":"category","embeddable":true,"href":"https:\/\/www.africa-press.net\/madagascar\/wp-json\/wp\/v2\/categories?post=38607"},{"taxonomy":"post_tag","embeddable":true,"href":"https:\/\/www.africa-press.net\/madagascar\/wp-json\/wp\/v2\/tags?post=38607"}],"curies":[{"name":"wp","href":"https:\/\/api.w.org\/{rel}","templated":true}]}}