{"id":38745,"date":"2025-10-25T13:00:00","date_gmt":"2025-10-25T13:00:00","guid":{"rendered":"https:\/\/www.africa-press.net\/madagascar\/politique\/lancien-president-andry-rajoelina-perd-sa-nationalite"},"modified":"2025-10-25T23:58:43","modified_gmt":"2025-10-25T23:58:43","slug":"lancien-president-andry-rajoelina-perd-sa-nationalite","status":"publish","type":"post","link":"https:\/\/www.africa-press.net\/madagascar\/politique\/lancien-president-andry-rajoelina-perd-sa-nationalite","title":{"rendered":"L\u2019Ancien Pr\u00e9sident Andry Rajoelina Perd Sa Nationalit\u00e9"},"content":{"rendered":"<p><span style=\"color: #ff6600\"><strong>Africa-Press &#8211; Madagascar. <\/strong><\/span>La nouvelle s\u2019est re\u0301pandue comme une trai\u0302ne\u0301e de poudre sur les re\u0301seaux sociaux. Le nouveau Premier ministre, Herintsalama Rajaonarivelo, a signe\u0301 un de\u0301cret actant la perte de la nationalite\u0301 malgache de l\u2019ancien pre\u0301sident Andry Rajoelina. La de\u0301cision a e\u0301te\u0301 publie\u0301e dans le Journal officiel de Madagascar ce vendredi 24 octobre.<\/p>\n<p>Selon cette publication, la de\u0301cision du Premier ministre s\u2019appuie sur plusieurs arguments, notamment l\u2019acquisition de la nationalite\u0301 franc\u0327aise par Andry Rajoelina en 2014. A\u0300 cela s\u2019ajoute l\u2019article 42 du Code de la nationalite\u0301 malgache, qui stipule que \u00ab Perd la nationalite\u0301 malgache, le Malgache qui acquiert volontairement une nationalite\u0301 e\u0301trange\u0300re \u00bb.<\/p>\n<p>Cette de\u0301cision de de\u0301clarer la perte de la nationalite\u0301 malgache de l\u2019ancien chef de l\u2019E\u0301tat a suscite\u0301 de vives re\u0301actions parmi ses partisans. Dans une publication sur les re\u0301seaux sociaux, Marie Michelle Sahondrarimalala, ancienne ministre de l\u2019E\u0301ducation nationale et fervente de\u0301fenseure de l\u2019ex-pre\u0301sident, de\u0301nonce une violation des textes et affirme que \u00ab le Premier ministre n\u2019est pas habilite\u0301 a\u0300 signer un de\u0301cret relatif a\u0300 la nationalite\u0301, qui rele\u0300ve du ressort du pre\u0301sident de la Re\u0301publique \u00bb.<\/p>\n<p>L\u2019acquisition de la nationalite\u0301 franc\u0327aise par Andry Rajoelina en 2014 avait e\u0301te\u0301 re\u0301ve\u0301le\u0301e au grand jour avant sa candidature a\u0300 un second mandat en 2018. Plusieurs candidats de l\u2019opposition, initialement engage\u0301s dans la course pre\u0301sidentielle, avaient alors de\u0301cide\u0301 de se retirer en exigeant sa disqualification. Malgre\u0301 la pole\u0301mique, la candidature d\u2019Andry Rajoelina avait e\u0301te\u0301 valide\u0301e par la Haute Cour constitutionnelle.<\/p>\n<p>Depuis les manifestations de la \u00ab Gen Z \u00bb du 25 septembre dernier, ayant conduit a\u0300 la chute du re\u0301gime d\u2019Andry Rajoelina, la tension politique a\u0300 Madagascar ne retombe pas. L\u2019arrive\u0301e officielle au pouvoir du colonel Michae\u0308l Randrianirina, de\u0301sormais pre\u0301sident de la Refondation de la Re\u0301publique de Madagascar depuis le 17 octobre, a e\u0301te\u0301 marque\u0301e par la mise en \u0153uvre de plusieurs mesures visant les anciens tenants du pouvoir. Ces derniers jours, une se\u0301rie de perquisitions a e\u0301te\u0301 mene\u0301e au domicile de plusieurs personnalite\u0301s proches de l\u2019ancien pre\u0301sident.<\/p>\n<p><strong>Pour plus d&rsquo;informations et d&rsquo;analyses sur la <span style=\"color: #ff6600\">Madagascar<\/span>, suivez <span style=\"color: #ff6600\">Africa-Press<\/span><\/strong><\/p>\n","protected":false},"excerpt":{"rendered":"<p>Africa-Press &#8211; Madagascar. La nouvelle s\u2019est re\u0301pandue comme une trai\u0302ne\u0301e de poudre sur les re\u0301seaux sociaux. Le nouveau Premier ministre, Herintsalama Rajaonarivelo, a signe\u0301 un de\u0301cret actant la perte de la nationalite\u0301 malgache de l\u2019ancien pre\u0301sident Andry Rajoelina. La de\u0301cision a e\u0301te\u0301 publie\u0301e dans le Journal officiel de Madagascar ce vendredi 24 octobre. Selon cette [&hellip;]<\/p>\n","protected":false},"author":82,"featured_media":38744,"comment_status":"open","ping_status":"closed","sticky":false,"template":"","format":"standard","meta":{"footnotes":""},"categories":[2,20,10],"tags":[53,1529,49,1528],"class_list":["post-38745","post","type-post","status-publish","format-standard","has-post-thumbnail","hentry","category-politique","category-top-nouvelles","category-toutes-les-actualites","tag-andry-rajoelina","tag-herintsalama-rajaonarivelo","tag-madagascar","tag-nouveau-premier-ministre"],"yoast_head":"<!-- This site is optimized with the Yoast SEO Premium plugin v26.1 (Yoast SEO v27.0) - https:\/\/yoast.com\/product\/yoast-seo-premium-wordpress\/ -->\n<title>L\u2019Ancien Pr\u00e9sident Andry Rajoelina Perd Sa Nationalit\u00e9 - Madagascar<\/title>\n<meta name=\"description\" content=\"La nouvelle s\u2019est re\u0301pandue comme une trai\u0302ne\u0301e de poudre sur les re\u0301seaux sociaux. Le nouveau Premier ministre, Herints ...\" \/>\n<meta name=\"robots\" content=\"index, follow, max-snippet:-1, max-image-preview:large, max-video-preview:-1\" \/>\n<link rel=\"canonical\" href=\"https:\/\/www.africa-press.net\/madagascar\/politique\/lancien-president-andry-rajoelina-perd-sa-nationalite\" \/>\n<meta property=\"og:locale\" content=\"fr_FR\" \/>\n<meta property=\"og:type\" content=\"article\" \/>\n<meta property=\"og:title\" content=\"L\u2019Ancien Pr\u00e9sident Andry Rajoelina Perd Sa Nationalit\u00e9\" \/>\n<meta property=\"og:description\" content=\"La nouvelle s\u2019est re\u0301pandue comme une trai\u0302ne\u0301e de poudre sur les re\u0301seaux sociaux. Le nouveau Premier ministre, Herints ...\" \/>\n<meta property=\"og:url\" content=\"https:\/\/www.africa-press.net\/madagascar\/politique\/lancien-president-andry-rajoelina-perd-sa-nationalite\" \/>\n<meta property=\"og:site_name\" content=\"Madagascar\" \/>\n<meta property=\"article:published_time\" content=\"2025-10-25T13:00:00+00:00\" \/>\n<meta property=\"article:modified_time\" content=\"2025-10-25T23:58:43+00:00\" \/>\n<meta property=\"og:image\" content=\"https:\/\/static.africa-press.net\/madagascar\/sites\/56\/2025\/10\/sm_1761465476.759052.jpg\" \/>\n\t<meta property=\"og:image:width\" content=\"864\" \/>\n\t<meta property=\"og:image:height\" content=\"486\" \/>\n\t<meta property=\"og:image:type\" content=\"image\/jpeg\" \/>\n<meta name=\"author\" content=\"cfeditorfr\" \/>\n<meta name=\"twitter:card\" content=\"summary_large_image\" \/>\n<meta name=\"twitter:label1\" content=\"\u00c9crit par\" \/>\n\t<meta name=\"twitter:data1\" content=\"cfeditorfr\" \/>\n\t<meta name=\"twitter:label2\" content=\"Dur\u00e9e de lecture estim\u00e9e\" \/>\n\t<meta name=\"twitter:data2\" content=\"2 minutes\" \/>\n<script type=\"application\/ld+json\" class=\"yoast-schema-graph\">{\"@context\":\"https:\/\/schema.org\",\"@graph\":[{\"@type\":\"Article\",\"@id\":\"https:\/\/www.africa-press.net\/madagascar\/politique\/lancien-president-andry-rajoelina-perd-sa-nationalite#article\",\"isPartOf\":{\"@id\":\"https:\/\/www.africa-press.net\/madagascar\/politique\/lancien-president-andry-rajoelina-perd-sa-nationalite\"},\"author\":{\"name\":\"cfeditorfr\",\"@id\":\"https:\/\/www.africa-press.net\/madagascar\/#\/schema\/person\/2b1cf3cd81a31e3cd26889ca66d677f1\"},\"headline\":\"L\u2019Ancien Pr\u00e9sident Andry Rajoelina Perd Sa Nationalit\u00e9\",\"datePublished\":\"2025-10-25T13:00:00+00:00\",\"dateModified\":\"2025-10-25T23:58:43+00:00\",\"mainEntityOfPage\":{\"@id\":\"https:\/\/www.africa-press.net\/madagascar\/politique\/lancien-president-andry-rajoelina-perd-sa-nationalite\"},\"wordCount\":403,\"commentCount\":0,\"image\":{\"@id\":\"https:\/\/www.africa-press.net\/madagascar\/politique\/lancien-president-andry-rajoelina-perd-sa-nationalite#primaryimage\"},\"thumbnailUrl\":\"https:\/\/static.africa-press.net\/madagascar\/sites\/56\/2025\/10\/sm_1761465476.759052.jpg\",\"keywords\":[\"Andry Rajoelina\",\"Herintsalama Rajaonarivelo\",\"Madagascar\",\"Nouveau premier ministre\"],\"articleSection\":[\"Politique\",\"Top Nouvelles\",\"Toutes les actualit\u00e9s\"],\"inLanguage\":\"fr-FR\",\"potentialAction\":[{\"@type\":\"CommentAction\",\"name\":\"Comment\",\"target\":[\"https:\/\/www.africa-press.net\/madagascar\/politique\/lancien-president-andry-rajoelina-perd-sa-nationalite#respond\"]}]},{\"@type\":\"WebPage\",\"@id\":\"https:\/\/www.africa-press.net\/madagascar\/politique\/lancien-president-andry-rajoelina-perd-sa-nationalite\",\"url\":\"https:\/\/www.africa-press.net\/madagascar\/politique\/lancien-president-andry-rajoelina-perd-sa-nationalite\",\"name\":\"L\u2019Ancien Pr\u00e9sident Andry Rajoelina Perd Sa Nationalit\u00e9 - Madagascar\",\"isPartOf\":{\"@id\":\"https:\/\/www.africa-press.net\/madagascar\/#website\"},\"primaryImageOfPage\":{\"@id\":\"https:\/\/www.africa-press.net\/madagascar\/politique\/lancien-president-andry-rajoelina-perd-sa-nationalite#primaryimage\"},\"image\":{\"@id\":\"https:\/\/www.africa-press.net\/madagascar\/politique\/lancien-president-andry-rajoelina-perd-sa-nationalite#primaryimage\"},\"thumbnailUrl\":\"https:\/\/static.africa-press.net\/madagascar\/sites\/56\/2025\/10\/sm_1761465476.759052.jpg\",\"datePublished\":\"2025-10-25T13:00:00+00:00\",\"dateModified\":\"2025-10-25T23:58:43+00:00\",\"author\":{\"@id\":\"https:\/\/www.africa-press.net\/madagascar\/#\/schema\/person\/2b1cf3cd81a31e3cd26889ca66d677f1\"},\"description\":\"La nouvelle s\u2019est re\u0301pandue comme une trai\u0302ne\u0301e de poudre sur les re\u0301seaux sociaux. Le nouveau Premier ministre, Herints ...\",\"breadcrumb\":{\"@id\":\"https:\/\/www.africa-press.net\/madagascar\/politique\/lancien-president-andry-rajoelina-perd-sa-nationalite#breadcrumb\"},\"inLanguage\":\"fr-FR\",\"potentialAction\":[{\"@type\":\"ReadAction\",\"target\":[\"https:\/\/www.africa-press.net\/madagascar\/politique\/lancien-president-andry-rajoelina-perd-sa-nationalite\"]}]},{\"@type\":\"ImageObject\",\"inLanguage\":\"fr-FR\",\"@id\":\"https:\/\/www.africa-press.net\/madagascar\/politique\/lancien-president-andry-rajoelina-perd-sa-nationalite#primaryimage\",\"url\":\"https:\/\/static.africa-press.net\/madagascar\/sites\/56\/2025\/10\/sm_1761465476.759052.jpg\",\"contentUrl\":\"https:\/\/static.africa-press.net\/madagascar\/sites\/56\/2025\/10\/sm_1761465476.759052.jpg\",\"width\":864,\"height\":486,\"caption\":\"L\u2019Ancien Pr\u00e9sident Andry Rajoelina Perd Sa Nationalit\u00e9\"},{\"@type\":\"BreadcrumbList\",\"@id\":\"https:\/\/www.africa-press.net\/madagascar\/politique\/lancien-president-andry-rajoelina-perd-sa-nationalite#breadcrumb\",\"itemListElement\":[{\"@type\":\"ListItem\",\"position\":1,\"name\":\"Accueil\",\"item\":\"https:\/\/www.africa-press.net\/madagascar\/\"},{\"@type\":\"ListItem\",\"position\":2,\"name\":\"L\u2019Ancien Pr\u00e9sident Andry Rajoelina Perd Sa Nationalit\u00e9\"}]},{\"@type\":\"WebSite\",\"@id\":\"https:\/\/www.africa-press.net\/madagascar\/#website\",\"url\":\"https:\/\/www.africa-press.net\/madagascar\/\",\"name\":\"Madagascar\",\"description\":\"Just another Africa News Agency Sites site\",\"potentialAction\":[{\"@type\":\"SearchAction\",\"target\":{\"@type\":\"EntryPoint\",\"urlTemplate\":\"https:\/\/www.africa-press.net\/madagascar\/?s={search_term_string}\"},\"query-input\":{\"@type\":\"PropertyValueSpecification\",\"valueRequired\":true,\"valueName\":\"search_term_string\"}}],\"inLanguage\":\"fr-FR\"},{\"@type\":\"Person\",\"@id\":\"https:\/\/www.africa-press.net\/madagascar\/#\/schema\/person\/2b1cf3cd81a31e3cd26889ca66d677f1\",\"name\":\"cfeditorfr\"}]}<\/script>\n<!-- \/ Yoast SEO Premium plugin. -->","yoast_head_json":{"title":"L\u2019Ancien Pr\u00e9sident Andry Rajoelina Perd Sa Nationalit\u00e9 - Madagascar","description":"La nouvelle s\u2019est re\u0301pandue comme une trai\u0302ne\u0301e de poudre sur les re\u0301seaux sociaux. Le nouveau Premier ministre, Herints ...","robots":{"index":"index","follow":"follow","max-snippet":"max-snippet:-1","max-image-preview":"max-image-preview:large","max-video-preview":"max-video-preview:-1"},"canonical":"https:\/\/www.africa-press.net\/madagascar\/politique\/lancien-president-andry-rajoelina-perd-sa-nationalite","og_locale":"fr_FR","og_type":"article","og_title":"L\u2019Ancien Pr\u00e9sident Andry Rajoelina Perd Sa Nationalit\u00e9","og_description":"La nouvelle s\u2019est re\u0301pandue comme une trai\u0302ne\u0301e de poudre sur les re\u0301seaux sociaux. Le nouveau Premier ministre, Herints ...","og_url":"https:\/\/www.africa-press.net\/madagascar\/politique\/lancien-president-andry-rajoelina-perd-sa-nationalite","og_site_name":"Madagascar","article_published_time":"2025-10-25T13:00:00+00:00","article_modified_time":"2025-10-25T23:58:43+00:00","og_image":[{"width":864,"height":486,"url":"https:\/\/static.africa-press.net\/madagascar\/sites\/56\/2025\/10\/sm_1761465476.759052.jpg","type":"image\/jpeg"}],"author":"cfeditorfr","twitter_card":"summary_large_image","twitter_misc":{"\u00c9crit par":"cfeditorfr","Dur\u00e9e de lecture estim\u00e9e":"2 minutes"},"schema":{"@context":"https:\/\/schema.org","@graph":[{"@type":"Article","@id":"https:\/\/www.africa-press.net\/madagascar\/politique\/lancien-president-andry-rajoelina-perd-sa-nationalite#article","isPartOf":{"@id":"https:\/\/www.africa-press.net\/madagascar\/politique\/lancien-president-andry-rajoelina-perd-sa-nationalite"},"author":{"name":"cfeditorfr","@id":"https:\/\/www.africa-press.net\/madagascar\/#\/schema\/person\/2b1cf3cd81a31e3cd26889ca66d677f1"},"headline":"L\u2019Ancien Pr\u00e9sident Andry Rajoelina Perd Sa Nationalit\u00e9","datePublished":"2025-10-25T13:00:00+00:00","dateModified":"2025-10-25T23:58:43+00:00","mainEntityOfPage":{"@id":"https:\/\/www.africa-press.net\/madagascar\/politique\/lancien-president-andry-rajoelina-perd-sa-nationalite"},"wordCount":403,"commentCount":0,"image":{"@id":"https:\/\/www.africa-press.net\/madagascar\/politique\/lancien-president-andry-rajoelina-perd-sa-nationalite#primaryimage"},"thumbnailUrl":"https:\/\/static.africa-press.net\/madagascar\/sites\/56\/2025\/10\/sm_1761465476.759052.jpg","keywords":["Andry Rajoelina","Herintsalama Rajaonarivelo","Madagascar","Nouveau premier ministre"],"articleSection":["Politique","Top Nouvelles","Toutes les actualit\u00e9s"],"inLanguage":"fr-FR","potentialAction":[{"@type":"CommentAction","name":"Comment","target":["https:\/\/www.africa-press.net\/madagascar\/politique\/lancien-president-andry-rajoelina-perd-sa-nationalite#respond"]}]},{"@type":"WebPage","@id":"https:\/\/www.africa-press.net\/madagascar\/politique\/lancien-president-andry-rajoelina-perd-sa-nationalite","url":"https:\/\/www.africa-press.net\/madagascar\/politique\/lancien-president-andry-rajoelina-perd-sa-nationalite","name":"L\u2019Ancien Pr\u00e9sident Andry Rajoelina Perd Sa Nationalit\u00e9 - Madagascar","isPartOf":{"@id":"https:\/\/www.africa-press.net\/madagascar\/#website"},"primaryImageOfPage":{"@id":"https:\/\/www.africa-press.net\/madagascar\/politique\/lancien-president-andry-rajoelina-perd-sa-nationalite#primaryimage"},"image":{"@id":"https:\/\/www.africa-press.net\/madagascar\/politique\/lancien-president-andry-rajoelina-perd-sa-nationalite#primaryimage"},"thumbnailUrl":"https:\/\/static.africa-press.net\/madagascar\/sites\/56\/2025\/10\/sm_1761465476.759052.jpg","datePublished":"2025-10-25T13:00:00+00:00","dateModified":"2025-10-25T23:58:43+00:00","author":{"@id":"https:\/\/www.africa-press.net\/madagascar\/#\/schema\/person\/2b1cf3cd81a31e3cd26889ca66d677f1"},"description":"La nouvelle s\u2019est re\u0301pandue comme une trai\u0302ne\u0301e de poudre sur les re\u0301seaux sociaux. Le nouveau Premier ministre, Herints ...","breadcrumb":{"@id":"https:\/\/www.africa-press.net\/madagascar\/politique\/lancien-president-andry-rajoelina-perd-sa-nationalite#breadcrumb"},"inLanguage":"fr-FR","potentialAction":[{"@type":"ReadAction","target":["https:\/\/www.africa-press.net\/madagascar\/politique\/lancien-president-andry-rajoelina-perd-sa-nationalite"]}]},{"@type":"ImageObject","inLanguage":"fr-FR","@id":"https:\/\/www.africa-press.net\/madagascar\/politique\/lancien-president-andry-rajoelina-perd-sa-nationalite#primaryimage","url":"https:\/\/static.africa-press.net\/madagascar\/sites\/56\/2025\/10\/sm_1761465476.759052.jpg","contentUrl":"https:\/\/static.africa-press.net\/madagascar\/sites\/56\/2025\/10\/sm_1761465476.759052.jpg","width":864,"height":486,"caption":"L\u2019Ancien Pr\u00e9sident Andry Rajoelina Perd Sa Nationalit\u00e9"},{"@type":"BreadcrumbList","@id":"https:\/\/www.africa-press.net\/madagascar\/politique\/lancien-president-andry-rajoelina-perd-sa-nationalite#breadcrumb","itemListElement":[{"@type":"ListItem","position":1,"name":"Accueil","item":"https:\/\/www.africa-press.net\/madagascar\/"},{"@type":"ListItem","position":2,"name":"L\u2019Ancien Pr\u00e9sident Andry Rajoelina Perd Sa Nationalit\u00e9"}]},{"@type":"WebSite","@id":"https:\/\/www.africa-press.net\/madagascar\/#website","url":"https:\/\/www.africa-press.net\/madagascar\/","name":"Madagascar","description":"Just another Africa News Agency Sites site","potentialAction":[{"@type":"SearchAction","target":{"@type":"EntryPoint","urlTemplate":"https:\/\/www.africa-press.net\/madagascar\/?s={search_term_string}"},"query-input":{"@type":"PropertyValueSpecification","valueRequired":true,"valueName":"search_term_string"}}],"inLanguage":"fr-FR"},{"@type":"Person","@id":"https:\/\/www.africa-press.net\/madagascar\/#\/schema\/person\/2b1cf3cd81a31e3cd26889ca66d677f1","name":"cfeditorfr"}]}},"_links":{"self":[{"href":"https:\/\/www.africa-press.net\/madagascar\/wp-json\/wp\/v2\/posts\/38745","targetHints":{"allow":["GET"]}}],"collection":[{"href":"https:\/\/www.africa-press.net\/madagascar\/wp-json\/wp\/v2\/posts"}],"about":[{"href":"https:\/\/www.africa-press.net\/madagascar\/wp-json\/wp\/v2\/types\/post"}],"author":[{"embeddable":true,"href":"https:\/\/www.africa-press.net\/madagascar\/wp-json\/wp\/v2\/users\/82"}],"replies":[{"embeddable":true,"href":"https:\/\/www.africa-press.net\/madagascar\/wp-json\/wp\/v2\/comments?post=38745"}],"version-history":[{"count":0,"href":"https:\/\/www.africa-press.net\/madagascar\/wp-json\/wp\/v2\/posts\/38745\/revisions"}],"wp:featuredmedia":[{"embeddable":true,"href":"https:\/\/www.africa-press.net\/madagascar\/wp-json\/wp\/v2\/media\/38744"}],"wp:attachment":[{"href":"https:\/\/www.africa-press.net\/madagascar\/wp-json\/wp\/v2\/media?parent=38745"}],"wp:term":[{"taxonomy":"category","embeddable":true,"href":"https:\/\/www.africa-press.net\/madagascar\/wp-json\/wp\/v2\/categories?post=38745"},{"taxonomy":"post_tag","embeddable":true,"href":"https:\/\/www.africa-press.net\/madagascar\/wp-json\/wp\/v2\/tags?post=38745"}],"curies":[{"name":"wp","href":"https:\/\/api.w.org\/{rel}","templated":true}]}}