{"id":39888,"date":"2025-12-04T14:00:00","date_gmt":"2025-12-04T14:00:00","guid":{"rendered":"https:\/\/www.africa-press.net\/madagascar\/politique\/accord-madagascar-suisse-sur-gel-des-avoirs-illicites"},"modified":"2025-12-04T15:55:46","modified_gmt":"2025-12-04T15:55:46","slug":"accord-madagascar-suisse-sur-gel-des-avoirs-illicites","status":"publish","type":"post","link":"https:\/\/www.africa-press.net\/madagascar\/politique\/accord-madagascar-suisse-sur-gel-des-avoirs-illicites","title":{"rendered":"Accord Madagascar-Suisse sur Gel des Avoirs Illicites"},"content":{"rendered":"<p><span style=\"color: #ff6600\"><strong>Africa-Press &#8211; Madagascar. <\/strong><\/span>La ministre de la Justice de Fanirisoa Ernaivo, a rencontre\u0301 hier le ministre suisse des Affaires e\u0301trange\u0300res, e\u0301galement secre\u0301taire d\u2019E\u0301tat a\u0300 la Justice, Franz Xaver Perrez. Au terme de leurs e\u0301changes, les deux E\u0301tats ont conclu un accord mettant au premier plan une mesure sensible: le gel des avoirs de\u0301tenus en Suisse par des ressortissants malgaches implique\u0301s dans des affaires illicites. La lutte contre l\u2019enrichissement illicite ne se limite plus ainsi au territoire national, mais se poursuit la\u0300 ou\u0300 les fonds sont dissimule\u0301s.<\/p>\n<p>Cette disposition vise directement les circuits financiers lie\u0301s a\u0300 la corruption, au blanchiment et aux de\u0301tournements de fonds. En acceptant de bloquer comptes bancaires et patrimoines suspecte\u0301s d\u2019origine frauduleuse, la Suisse s\u2019engage a\u0300 empe\u0302cher que son syste\u0300me financier serve de refuge a\u0300 des capitaux issus d\u2019activite\u0301s ille\u0301gales a\u0300 Madagascar.<\/p>\n<p>La porte\u0301e de l\u2019accord est double. D\u2019une part, il instaure un me\u0301canisme de coope\u0301ration renforce\u0301e permettant l\u2019identification et le gel rapide des avoirs douteux. D\u2019autre part, il pre\u0301pare le terrain au rapatriement des fonds appartenant a\u0300 l\u2019E\u0301tat malgache. Antananarivo et Berne ont affirme\u0301 leur volonte\u0301 commune de restituer ces ressources une fois les proce\u0301dures judiciaires acheve\u0301es, avec l\u2019objectif affiche\u0301 de les re\u0301affecter a\u0300 des projets publics.<\/p>\n<p>Cette de\u0301marche s\u2019inscrit dans un contexte ou\u0300 les avoirs place\u0301s a\u0300 l\u2019e\u0301tranger sont re\u0301gulie\u0300rement pointe\u0301s du doigt dans l\u2019opinion. Le gel de\u0301cide\u0301 avec la Suisse pourrait ainsi marquer une e\u0301tape de\u0301cisive dans la re\u0301cupe\u0301ration d\u2019actifs et la cre\u0301dibilite\u0301 des politiques anticorruption malgaches. Les autorite\u0301s n\u2019ont pas communique\u0301 de chiffres, mais la mesure laisse entendre que des dossiers de\u0301ja\u0300 identifie\u0301s pourraient e\u0302tre concerne\u0301s.<\/p>\n<p><strong>Pour plus d&rsquo;informations et d&rsquo;analyses sur la <span style=\"color: #ff6600\">Madagascar<\/span>, suivez <span style=\"color: #ff6600\">Africa-Press<\/span><\/strong><\/p>\n","protected":false},"excerpt":{"rendered":"<p>Africa-Press &#8211; Madagascar. La ministre de la Justice de Fanirisoa Ernaivo, a rencontre\u0301 hier le ministre suisse des Affaires e\u0301trange\u0300res, e\u0301galement secre\u0301taire d\u2019E\u0301tat a\u0300 la Justice, Franz Xaver Perrez. Au terme de leurs e\u0301changes, les deux E\u0301tats ont conclu un accord mettant au premier plan une mesure sensible: le gel des avoirs de\u0301tenus en Suisse [&hellip;]<\/p>\n","protected":false},"author":82,"featured_media":39887,"comment_status":"open","ping_status":"closed","sticky":false,"template":"","format":"standard","meta":{"footnotes":""},"categories":[2,52,20,10],"tags":[49],"class_list":["post-39888","post","type-post","status-publish","format-standard","has-post-thumbnail","hentry","category-politique","category-to-homepage","category-top-nouvelles","category-toutes-les-actualites","tag-madagascar"],"yoast_head":"<!-- This site is optimized with the Yoast SEO Premium plugin v26.1 (Yoast SEO v27.0) - https:\/\/yoast.com\/product\/yoast-seo-premium-wordpress\/ -->\n<title>Accord Madagascar-Suisse sur Gel des Avoirs Illicites - Madagascar<\/title>\n<meta name=\"description\" content=\"La ministre de la Justice de Fanirisoa Ernaivo, a rencontre\u0301 hier le ministre suisse des Affaires e\u0301trange\u0300res, e\u0301galeme ...\" \/>\n<meta name=\"robots\" content=\"index, follow, max-snippet:-1, max-image-preview:large, max-video-preview:-1\" \/>\n<link rel=\"canonical\" href=\"https:\/\/www.africa-press.net\/madagascar\/politique\/accord-madagascar-suisse-sur-gel-des-avoirs-illicites\" \/>\n<meta property=\"og:locale\" content=\"fr_FR\" \/>\n<meta property=\"og:type\" content=\"article\" \/>\n<meta property=\"og:title\" content=\"Accord Madagascar-Suisse sur Gel des Avoirs Illicites\" \/>\n<meta property=\"og:description\" content=\"La ministre de la Justice de Fanirisoa Ernaivo, a rencontre\u0301 hier le ministre suisse des Affaires e\u0301trange\u0300res, e\u0301galeme ...\" \/>\n<meta property=\"og:url\" content=\"https:\/\/www.africa-press.net\/madagascar\/politique\/accord-madagascar-suisse-sur-gel-des-avoirs-illicites\" \/>\n<meta property=\"og:site_name\" content=\"Madagascar\" \/>\n<meta property=\"article:published_time\" content=\"2025-12-04T14:00:00+00:00\" \/>\n<meta property=\"article:modified_time\" content=\"2025-12-04T15:55:46+00:00\" \/>\n<meta property=\"og:image\" content=\"https:\/\/static.africa-press.net\/madagascar\/sites\/56\/2025\/12\/sm_1764892505.116598.jpg\" \/>\n\t<meta property=\"og:image:width\" content=\"750\" \/>\n\t<meta property=\"og:image:height\" content=\"394\" \/>\n\t<meta property=\"og:image:type\" content=\"image\/jpeg\" \/>\n<meta name=\"author\" content=\"cfeditorfr\" \/>\n<meta name=\"twitter:card\" content=\"summary_large_image\" \/>\n<meta name=\"twitter:label1\" content=\"\u00c9crit par\" \/>\n\t<meta name=\"twitter:data1\" content=\"cfeditorfr\" \/>\n\t<meta name=\"twitter:label2\" content=\"Dur\u00e9e de lecture estim\u00e9e\" \/>\n\t<meta name=\"twitter:data2\" content=\"2 minutes\" \/>\n<script type=\"application\/ld+json\" class=\"yoast-schema-graph\">{\"@context\":\"https:\/\/schema.org\",\"@graph\":[{\"@type\":\"Article\",\"@id\":\"https:\/\/www.africa-press.net\/madagascar\/politique\/accord-madagascar-suisse-sur-gel-des-avoirs-illicites#article\",\"isPartOf\":{\"@id\":\"https:\/\/www.africa-press.net\/madagascar\/politique\/accord-madagascar-suisse-sur-gel-des-avoirs-illicites\"},\"author\":{\"name\":\"cfeditorfr\",\"@id\":\"https:\/\/www.africa-press.net\/madagascar\/#\/schema\/person\/2b1cf3cd81a31e3cd26889ca66d677f1\"},\"headline\":\"Accord Madagascar-Suisse sur Gel des Avoirs Illicites\",\"datePublished\":\"2025-12-04T14:00:00+00:00\",\"dateModified\":\"2025-12-04T15:55:46+00:00\",\"mainEntityOfPage\":{\"@id\":\"https:\/\/www.africa-press.net\/madagascar\/politique\/accord-madagascar-suisse-sur-gel-des-avoirs-illicites\"},\"wordCount\":341,\"commentCount\":0,\"image\":{\"@id\":\"https:\/\/www.africa-press.net\/madagascar\/politique\/accord-madagascar-suisse-sur-gel-des-avoirs-illicites#primaryimage\"},\"thumbnailUrl\":\"https:\/\/static.africa-press.net\/madagascar\/sites\/56\/2025\/12\/sm_1764892505.116598.jpg\",\"keywords\":[\"Madagascar\"],\"articleSection\":[\"Politique\",\"to-homepage\",\"Top Nouvelles\",\"Toutes les actualit\u00e9s\"],\"inLanguage\":\"fr-FR\",\"potentialAction\":[{\"@type\":\"CommentAction\",\"name\":\"Comment\",\"target\":[\"https:\/\/www.africa-press.net\/madagascar\/politique\/accord-madagascar-suisse-sur-gel-des-avoirs-illicites#respond\"]}]},{\"@type\":\"WebPage\",\"@id\":\"https:\/\/www.africa-press.net\/madagascar\/politique\/accord-madagascar-suisse-sur-gel-des-avoirs-illicites\",\"url\":\"https:\/\/www.africa-press.net\/madagascar\/politique\/accord-madagascar-suisse-sur-gel-des-avoirs-illicites\",\"name\":\"Accord Madagascar-Suisse sur Gel des Avoirs Illicites - Madagascar\",\"isPartOf\":{\"@id\":\"https:\/\/www.africa-press.net\/madagascar\/#website\"},\"primaryImageOfPage\":{\"@id\":\"https:\/\/www.africa-press.net\/madagascar\/politique\/accord-madagascar-suisse-sur-gel-des-avoirs-illicites#primaryimage\"},\"image\":{\"@id\":\"https:\/\/www.africa-press.net\/madagascar\/politique\/accord-madagascar-suisse-sur-gel-des-avoirs-illicites#primaryimage\"},\"thumbnailUrl\":\"https:\/\/static.africa-press.net\/madagascar\/sites\/56\/2025\/12\/sm_1764892505.116598.jpg\",\"datePublished\":\"2025-12-04T14:00:00+00:00\",\"dateModified\":\"2025-12-04T15:55:46+00:00\",\"author\":{\"@id\":\"https:\/\/www.africa-press.net\/madagascar\/#\/schema\/person\/2b1cf3cd81a31e3cd26889ca66d677f1\"},\"description\":\"La ministre de la Justice de Fanirisoa Ernaivo, a rencontre\u0301 hier le ministre suisse des Affaires e\u0301trange\u0300res, e\u0301galeme ...\",\"breadcrumb\":{\"@id\":\"https:\/\/www.africa-press.net\/madagascar\/politique\/accord-madagascar-suisse-sur-gel-des-avoirs-illicites#breadcrumb\"},\"inLanguage\":\"fr-FR\",\"potentialAction\":[{\"@type\":\"ReadAction\",\"target\":[\"https:\/\/www.africa-press.net\/madagascar\/politique\/accord-madagascar-suisse-sur-gel-des-avoirs-illicites\"]}]},{\"@type\":\"ImageObject\",\"inLanguage\":\"fr-FR\",\"@id\":\"https:\/\/www.africa-press.net\/madagascar\/politique\/accord-madagascar-suisse-sur-gel-des-avoirs-illicites#primaryimage\",\"url\":\"https:\/\/static.africa-press.net\/madagascar\/sites\/56\/2025\/12\/sm_1764892505.116598.jpg\",\"contentUrl\":\"https:\/\/static.africa-press.net\/madagascar\/sites\/56\/2025\/12\/sm_1764892505.116598.jpg\",\"width\":750,\"height\":394,\"caption\":\"Accord Madagascar-Suisse sur Gel des Avoirs Illicites\"},{\"@type\":\"BreadcrumbList\",\"@id\":\"https:\/\/www.africa-press.net\/madagascar\/politique\/accord-madagascar-suisse-sur-gel-des-avoirs-illicites#breadcrumb\",\"itemListElement\":[{\"@type\":\"ListItem\",\"position\":1,\"name\":\"Accueil\",\"item\":\"https:\/\/www.africa-press.net\/madagascar\/\"},{\"@type\":\"ListItem\",\"position\":2,\"name\":\"Accord Madagascar-Suisse sur Gel des Avoirs Illicites\"}]},{\"@type\":\"WebSite\",\"@id\":\"https:\/\/www.africa-press.net\/madagascar\/#website\",\"url\":\"https:\/\/www.africa-press.net\/madagascar\/\",\"name\":\"Madagascar\",\"description\":\"Just another Africa News Agency Sites site\",\"potentialAction\":[{\"@type\":\"SearchAction\",\"target\":{\"@type\":\"EntryPoint\",\"urlTemplate\":\"https:\/\/www.africa-press.net\/madagascar\/?s={search_term_string}\"},\"query-input\":{\"@type\":\"PropertyValueSpecification\",\"valueRequired\":true,\"valueName\":\"search_term_string\"}}],\"inLanguage\":\"fr-FR\"},{\"@type\":\"Person\",\"@id\":\"https:\/\/www.africa-press.net\/madagascar\/#\/schema\/person\/2b1cf3cd81a31e3cd26889ca66d677f1\",\"name\":\"cfeditorfr\"}]}<\/script>\n<!-- \/ Yoast SEO Premium plugin. -->","yoast_head_json":{"title":"Accord Madagascar-Suisse sur Gel des Avoirs Illicites - Madagascar","description":"La ministre de la Justice de Fanirisoa Ernaivo, a rencontre\u0301 hier le ministre suisse des Affaires e\u0301trange\u0300res, e\u0301galeme ...","robots":{"index":"index","follow":"follow","max-snippet":"max-snippet:-1","max-image-preview":"max-image-preview:large","max-video-preview":"max-video-preview:-1"},"canonical":"https:\/\/www.africa-press.net\/madagascar\/politique\/accord-madagascar-suisse-sur-gel-des-avoirs-illicites","og_locale":"fr_FR","og_type":"article","og_title":"Accord Madagascar-Suisse sur Gel des Avoirs Illicites","og_description":"La ministre de la Justice de Fanirisoa Ernaivo, a rencontre\u0301 hier le ministre suisse des Affaires e\u0301trange\u0300res, e\u0301galeme ...","og_url":"https:\/\/www.africa-press.net\/madagascar\/politique\/accord-madagascar-suisse-sur-gel-des-avoirs-illicites","og_site_name":"Madagascar","article_published_time":"2025-12-04T14:00:00+00:00","article_modified_time":"2025-12-04T15:55:46+00:00","og_image":[{"width":750,"height":394,"url":"https:\/\/static.africa-press.net\/madagascar\/sites\/56\/2025\/12\/sm_1764892505.116598.jpg","type":"image\/jpeg"}],"author":"cfeditorfr","twitter_card":"summary_large_image","twitter_misc":{"\u00c9crit par":"cfeditorfr","Dur\u00e9e de lecture estim\u00e9e":"2 minutes"},"schema":{"@context":"https:\/\/schema.org","@graph":[{"@type":"Article","@id":"https:\/\/www.africa-press.net\/madagascar\/politique\/accord-madagascar-suisse-sur-gel-des-avoirs-illicites#article","isPartOf":{"@id":"https:\/\/www.africa-press.net\/madagascar\/politique\/accord-madagascar-suisse-sur-gel-des-avoirs-illicites"},"author":{"name":"cfeditorfr","@id":"https:\/\/www.africa-press.net\/madagascar\/#\/schema\/person\/2b1cf3cd81a31e3cd26889ca66d677f1"},"headline":"Accord Madagascar-Suisse sur Gel des Avoirs Illicites","datePublished":"2025-12-04T14:00:00+00:00","dateModified":"2025-12-04T15:55:46+00:00","mainEntityOfPage":{"@id":"https:\/\/www.africa-press.net\/madagascar\/politique\/accord-madagascar-suisse-sur-gel-des-avoirs-illicites"},"wordCount":341,"commentCount":0,"image":{"@id":"https:\/\/www.africa-press.net\/madagascar\/politique\/accord-madagascar-suisse-sur-gel-des-avoirs-illicites#primaryimage"},"thumbnailUrl":"https:\/\/static.africa-press.net\/madagascar\/sites\/56\/2025\/12\/sm_1764892505.116598.jpg","keywords":["Madagascar"],"articleSection":["Politique","to-homepage","Top Nouvelles","Toutes les actualit\u00e9s"],"inLanguage":"fr-FR","potentialAction":[{"@type":"CommentAction","name":"Comment","target":["https:\/\/www.africa-press.net\/madagascar\/politique\/accord-madagascar-suisse-sur-gel-des-avoirs-illicites#respond"]}]},{"@type":"WebPage","@id":"https:\/\/www.africa-press.net\/madagascar\/politique\/accord-madagascar-suisse-sur-gel-des-avoirs-illicites","url":"https:\/\/www.africa-press.net\/madagascar\/politique\/accord-madagascar-suisse-sur-gel-des-avoirs-illicites","name":"Accord Madagascar-Suisse sur Gel des Avoirs Illicites - Madagascar","isPartOf":{"@id":"https:\/\/www.africa-press.net\/madagascar\/#website"},"primaryImageOfPage":{"@id":"https:\/\/www.africa-press.net\/madagascar\/politique\/accord-madagascar-suisse-sur-gel-des-avoirs-illicites#primaryimage"},"image":{"@id":"https:\/\/www.africa-press.net\/madagascar\/politique\/accord-madagascar-suisse-sur-gel-des-avoirs-illicites#primaryimage"},"thumbnailUrl":"https:\/\/static.africa-press.net\/madagascar\/sites\/56\/2025\/12\/sm_1764892505.116598.jpg","datePublished":"2025-12-04T14:00:00+00:00","dateModified":"2025-12-04T15:55:46+00:00","author":{"@id":"https:\/\/www.africa-press.net\/madagascar\/#\/schema\/person\/2b1cf3cd81a31e3cd26889ca66d677f1"},"description":"La ministre de la Justice de Fanirisoa Ernaivo, a rencontre\u0301 hier le ministre suisse des Affaires e\u0301trange\u0300res, e\u0301galeme ...","breadcrumb":{"@id":"https:\/\/www.africa-press.net\/madagascar\/politique\/accord-madagascar-suisse-sur-gel-des-avoirs-illicites#breadcrumb"},"inLanguage":"fr-FR","potentialAction":[{"@type":"ReadAction","target":["https:\/\/www.africa-press.net\/madagascar\/politique\/accord-madagascar-suisse-sur-gel-des-avoirs-illicites"]}]},{"@type":"ImageObject","inLanguage":"fr-FR","@id":"https:\/\/www.africa-press.net\/madagascar\/politique\/accord-madagascar-suisse-sur-gel-des-avoirs-illicites#primaryimage","url":"https:\/\/static.africa-press.net\/madagascar\/sites\/56\/2025\/12\/sm_1764892505.116598.jpg","contentUrl":"https:\/\/static.africa-press.net\/madagascar\/sites\/56\/2025\/12\/sm_1764892505.116598.jpg","width":750,"height":394,"caption":"Accord Madagascar-Suisse sur Gel des Avoirs Illicites"},{"@type":"BreadcrumbList","@id":"https:\/\/www.africa-press.net\/madagascar\/politique\/accord-madagascar-suisse-sur-gel-des-avoirs-illicites#breadcrumb","itemListElement":[{"@type":"ListItem","position":1,"name":"Accueil","item":"https:\/\/www.africa-press.net\/madagascar\/"},{"@type":"ListItem","position":2,"name":"Accord Madagascar-Suisse sur Gel des Avoirs Illicites"}]},{"@type":"WebSite","@id":"https:\/\/www.africa-press.net\/madagascar\/#website","url":"https:\/\/www.africa-press.net\/madagascar\/","name":"Madagascar","description":"Just another Africa News Agency Sites site","potentialAction":[{"@type":"SearchAction","target":{"@type":"EntryPoint","urlTemplate":"https:\/\/www.africa-press.net\/madagascar\/?s={search_term_string}"},"query-input":{"@type":"PropertyValueSpecification","valueRequired":true,"valueName":"search_term_string"}}],"inLanguage":"fr-FR"},{"@type":"Person","@id":"https:\/\/www.africa-press.net\/madagascar\/#\/schema\/person\/2b1cf3cd81a31e3cd26889ca66d677f1","name":"cfeditorfr"}]}},"_links":{"self":[{"href":"https:\/\/www.africa-press.net\/madagascar\/wp-json\/wp\/v2\/posts\/39888","targetHints":{"allow":["GET"]}}],"collection":[{"href":"https:\/\/www.africa-press.net\/madagascar\/wp-json\/wp\/v2\/posts"}],"about":[{"href":"https:\/\/www.africa-press.net\/madagascar\/wp-json\/wp\/v2\/types\/post"}],"author":[{"embeddable":true,"href":"https:\/\/www.africa-press.net\/madagascar\/wp-json\/wp\/v2\/users\/82"}],"replies":[{"embeddable":true,"href":"https:\/\/www.africa-press.net\/madagascar\/wp-json\/wp\/v2\/comments?post=39888"}],"version-history":[{"count":0,"href":"https:\/\/www.africa-press.net\/madagascar\/wp-json\/wp\/v2\/posts\/39888\/revisions"}],"wp:featuredmedia":[{"embeddable":true,"href":"https:\/\/www.africa-press.net\/madagascar\/wp-json\/wp\/v2\/media\/39887"}],"wp:attachment":[{"href":"https:\/\/www.africa-press.net\/madagascar\/wp-json\/wp\/v2\/media?parent=39888"}],"wp:term":[{"taxonomy":"category","embeddable":true,"href":"https:\/\/www.africa-press.net\/madagascar\/wp-json\/wp\/v2\/categories?post=39888"},{"taxonomy":"post_tag","embeddable":true,"href":"https:\/\/www.africa-press.net\/madagascar\/wp-json\/wp\/v2\/tags?post=39888"}],"curies":[{"name":"wp","href":"https:\/\/api.w.org\/{rel}","templated":true}]}}