{"id":40048,"date":"2025-12-11T13:45:00","date_gmt":"2025-12-11T13:45:00","guid":{"rendered":"https:\/\/www.africa-press.net\/madagascar\/politique\/concertation-nationale-boycottee-a-la-ceremonie-douverture"},"modified":"2025-12-11T23:36:07","modified_gmt":"2025-12-11T23:36:07","slug":"concertation-nationale-boycottee-a-la-ceremonie-douverture","status":"publish","type":"post","link":"https:\/\/www.africa-press.net\/madagascar\/parties\/concertation-nationale-boycottee-a-la-ceremonie-douverture","title":{"rendered":"Concertation Nationale Boycott\u00e9e \u00e0 la C\u00e9r\u00e9monie D&rsquo;Ouverture"},"content":{"rendered":"<p><span style=\"color: #ff6600\"><strong>Africa-Press &#8211; Madagascar. <\/strong><\/span>Les personnes ou groupes qui ont refuse\u0301 de participer a\u0300 la ce\u0301re\u0301monie de lancement officiel de la concertation nationale ont visiblement vole\u0301 la vedette a\u0300 cet e\u0301ve\u0301nement tenu mercredi au Centre de confe\u0301rences international (CCI) Ivato. De\u0301clarations re\u0301pe\u0301te\u0301es sur les re\u0301seaux sociaux, communique\u0301s, manifestation devant le lieu de la rencontre&#8230; Leurs indignations face a\u0300 la tenue de cette ce\u0301re\u0301monie n\u2019ont pas e\u0301chappe\u0301 aux me\u0301dias nationaux et internationaux.<\/p>\n<p>Des organisations de la socie\u0301te\u0301 civile ainsi que des jeunes issus du mouvement Gen Z se sont bel et bien pre\u0301sente\u0301s sur place, munis de leurs cartons d\u2019invitation. Mais, a\u0300 la surprise ge\u0301ne\u0301rale, ils ont annonce\u0301 qu\u2019ils ne participeront pas a\u0300 la ce\u0301re\u0301monie. La raison de ce refus: l\u2019invitation par le Conseil \u0153cume\u0301nique des E\u0301glises chre\u0301tiennes de Madagascar (FFKM) \u2013 coorganisateur de la concertation avec le re\u0301gime transitoire \u2013 de l\u2019ancien pre\u0301sident Andry Rajoelina. La socie\u0301te\u0301 civile re\u0301clame de leur co\u0302te\u0301, la mise en place d\u2019une charte de la transition avant toute concertation.<\/p>\n<p>La veille de\u0301ja\u0300, le politicien Alain Andriamiseza avait de\u0301clare\u0301 qu\u2019il ne prendrait pas part a\u0300 cette ce\u0301re\u0301monie. Selon lui, inviter a\u0300 cette concertation des personnalite\u0301s ayant ruine\u0301 le pays, alors me\u0302me qu\u2019il ne s\u2019agit pas d\u2019une ve\u0301ritable re\u0301conciliation nationale, serait contraire a\u0300 la philosophie de la lutte qui a entrai\u0302ne\u0301 la chute d\u2019Andry Rajoelina et de son re\u0301gime. Elia Rabevahiny, du parti Otrikafo, a e\u0301galement affirme\u0301 que la concertation nationale ne peut e\u0302tre une plateforme destine\u0301e a\u0300 laver les crimes de ceux qui ont mis le pays a\u0300 mal.<\/p>\n<p>Le conseiller technique du Premier ministre, Patrick Raharimanana, a lui aussi quitte\u0301 la salle apre\u0300s l\u2019hymne national. \u00ab Personnellement, je ne m\u2019assoirai pas autour d\u2019une table avec des meurtriers, des voleurs, et ceux qui abusent du pouvoir \u00bb, a-t-il explique\u0301, tout en lanc\u0327ant: \u00ab De\u0301gage Rajoelina, Ravatomanga et leurs sbires \u00bb.<\/p>\n<p>L\u2019ancien pre\u0301sident Andry Rajoelina a bel et bien rec\u0327u une invitation a\u0300 cette ce\u0301re\u0301monie, a confirme\u0301 Philobert Milavonjy, de\u0301pute\u0301 d\u2019Ambovombe Androy. Entoure\u0301 de quelques de\u0301pute\u0301s \u2013 anciens ministres \u2013 e\u0301lus sous la bannie\u0300re de l\u2019IRD, comme Augustin Andriamananoro et Marie Michelle Sahondraharimalala, il a de\u0301clare\u0301 qu\u2019en tant que vice-pre\u0301sident de l\u2019opposition a\u0300 l\u2019Assemble\u0301e nationale, il n\u2019avait, lui, pas e\u0301te\u0301 invite\u0301 a\u0300 l\u2019e\u0301ve\u0301nement, mais qu\u2019il s\u2019y rendait en tant que mandataire de l\u2019ancien chef de l\u2019E\u0301tat.<\/p>\n<p>Les deux autres anciens pre\u0301sidents de la Re\u0301publique, Marc Ravalomanana et Hery Rajaonarimampianina, ont eux aussi brille\u0301 par leur absence. Il en est de me\u0302me pour l\u2019actuel pre\u0301sident de la Refondation de la Re\u0301publique, le colonel Michae\u0308l Randrianirina, qui serait actuellement en de\u0301placement en France. Le Premier ministre, Herintsalama Andriamasy Rajaonarivelo, n\u2019e\u0301tait pas non plus pre\u0301sent au rendez-vous.<\/p>\n<p><strong>Pour plus d&rsquo;informations et d&rsquo;analyses sur la <span style=\"color: #ff6600\">Madagascar<\/span>, suivez <span style=\"color: #ff6600\">Africa-Press<\/span><\/strong><\/p>\n","protected":false},"excerpt":{"rendered":"<p>Africa-Press &#8211; Madagascar. Les personnes ou groupes qui ont refuse\u0301 de participer a\u0300 la ce\u0301re\u0301monie de lancement officiel de la concertation nationale ont visiblement vole\u0301 la vedette a\u0300 cet e\u0301ve\u0301nement tenu mercredi au Centre de confe\u0301rences international (CCI) Ivato. De\u0301clarations re\u0301pe\u0301te\u0301es sur les re\u0301seaux sociaux, communique\u0301s, manifestation devant le lieu de la rencontre&#8230; Leurs indignations [&hellip;]<\/p>\n","protected":false},"author":82,"featured_media":40047,"comment_status":"open","ping_status":"closed","sticky":false,"template":"","format":"standard","meta":{"footnotes":""},"categories":[4,20,10],"tags":[49],"class_list":["post-40048","post","type-post","status-publish","format-standard","has-post-thumbnail","hentry","category-parties","category-top-nouvelles","category-toutes-les-actualites","tag-madagascar"],"yoast_head":"<!-- This site is optimized with the Yoast SEO Premium plugin v26.1 (Yoast SEO v27.0) - https:\/\/yoast.com\/product\/yoast-seo-premium-wordpress\/ -->\n<title>Concertation Nationale Boycott\u00e9e \u00e0 la C\u00e9r\u00e9monie D&#039;Ouverture - Madagascar<\/title>\n<meta name=\"description\" content=\"Les personnes ou groupes qui ont refuse\u0301 de participer a\u0300 la ce\u0301re\u0301monie de lancement officiel de la concertation nation ...\" \/>\n<meta name=\"robots\" content=\"index, follow, max-snippet:-1, max-image-preview:large, max-video-preview:-1\" \/>\n<link rel=\"canonical\" href=\"https:\/\/www.africa-press.net\/madagascar\/parties\/concertation-nationale-boycottee-a-la-ceremonie-douverture\" \/>\n<meta property=\"og:locale\" content=\"fr_FR\" \/>\n<meta property=\"og:type\" content=\"article\" \/>\n<meta property=\"og:title\" content=\"Concertation Nationale Boycott\u00e9e \u00e0 la C\u00e9r\u00e9monie D&#039;Ouverture\" \/>\n<meta property=\"og:description\" content=\"Les personnes ou groupes qui ont refuse\u0301 de participer a\u0300 la ce\u0301re\u0301monie de lancement officiel de la concertation nation ...\" \/>\n<meta property=\"og:url\" content=\"https:\/\/www.africa-press.net\/madagascar\/parties\/concertation-nationale-boycottee-a-la-ceremonie-douverture\" \/>\n<meta property=\"og:site_name\" content=\"Madagascar\" \/>\n<meta property=\"article:published_time\" content=\"2025-12-11T13:45:00+00:00\" \/>\n<meta property=\"article:modified_time\" content=\"2025-12-11T23:36:07+00:00\" \/>\n<meta property=\"og:image\" content=\"https:\/\/static.africa-press.net\/madagascar\/sites\/56\/2025\/12\/sm_1765524853.169811.jpg\" \/>\n\t<meta property=\"og:image:width\" content=\"750\" \/>\n\t<meta property=\"og:image:height\" content=\"394\" \/>\n\t<meta property=\"og:image:type\" content=\"image\/jpeg\" \/>\n<meta name=\"author\" content=\"cfeditorfr\" \/>\n<meta name=\"twitter:card\" content=\"summary_large_image\" \/>\n<meta name=\"twitter:label1\" content=\"\u00c9crit par\" \/>\n\t<meta name=\"twitter:data1\" content=\"cfeditorfr\" \/>\n\t<meta name=\"twitter:label2\" content=\"Dur\u00e9e de lecture estim\u00e9e\" \/>\n\t<meta name=\"twitter:data2\" content=\"3 minutes\" \/>\n<script type=\"application\/ld+json\" class=\"yoast-schema-graph\">{\"@context\":\"https:\/\/schema.org\",\"@graph\":[{\"@type\":\"Article\",\"@id\":\"https:\/\/www.africa-press.net\/madagascar\/parties\/concertation-nationale-boycottee-a-la-ceremonie-douverture#article\",\"isPartOf\":{\"@id\":\"https:\/\/www.africa-press.net\/madagascar\/parties\/concertation-nationale-boycottee-a-la-ceremonie-douverture\"},\"author\":{\"name\":\"cfeditorfr\",\"@id\":\"https:\/\/www.africa-press.net\/madagascar\/#\/schema\/person\/2b1cf3cd81a31e3cd26889ca66d677f1\"},\"headline\":\"Concertation Nationale Boycott\u00e9e \u00e0 la C\u00e9r\u00e9monie D&rsquo;Ouverture\",\"datePublished\":\"2025-12-11T13:45:00+00:00\",\"dateModified\":\"2025-12-11T23:36:07+00:00\",\"mainEntityOfPage\":{\"@id\":\"https:\/\/www.africa-press.net\/madagascar\/parties\/concertation-nationale-boycottee-a-la-ceremonie-douverture\"},\"wordCount\":549,\"commentCount\":0,\"image\":{\"@id\":\"https:\/\/www.africa-press.net\/madagascar\/parties\/concertation-nationale-boycottee-a-la-ceremonie-douverture#primaryimage\"},\"thumbnailUrl\":\"https:\/\/static.africa-press.net\/madagascar\/sites\/56\/2025\/12\/sm_1765524853.169811.jpg\",\"keywords\":[\"Madagascar\"],\"articleSection\":[\"Parties\",\"Top Nouvelles\",\"Toutes les actualit\u00e9s\"],\"inLanguage\":\"fr-FR\",\"potentialAction\":[{\"@type\":\"CommentAction\",\"name\":\"Comment\",\"target\":[\"https:\/\/www.africa-press.net\/madagascar\/parties\/concertation-nationale-boycottee-a-la-ceremonie-douverture#respond\"]}]},{\"@type\":\"WebPage\",\"@id\":\"https:\/\/www.africa-press.net\/madagascar\/parties\/concertation-nationale-boycottee-a-la-ceremonie-douverture\",\"url\":\"https:\/\/www.africa-press.net\/madagascar\/parties\/concertation-nationale-boycottee-a-la-ceremonie-douverture\",\"name\":\"Concertation Nationale Boycott\u00e9e \u00e0 la C\u00e9r\u00e9monie D'Ouverture - Madagascar\",\"isPartOf\":{\"@id\":\"https:\/\/www.africa-press.net\/madagascar\/#website\"},\"primaryImageOfPage\":{\"@id\":\"https:\/\/www.africa-press.net\/madagascar\/parties\/concertation-nationale-boycottee-a-la-ceremonie-douverture#primaryimage\"},\"image\":{\"@id\":\"https:\/\/www.africa-press.net\/madagascar\/parties\/concertation-nationale-boycottee-a-la-ceremonie-douverture#primaryimage\"},\"thumbnailUrl\":\"https:\/\/static.africa-press.net\/madagascar\/sites\/56\/2025\/12\/sm_1765524853.169811.jpg\",\"datePublished\":\"2025-12-11T13:45:00+00:00\",\"dateModified\":\"2025-12-11T23:36:07+00:00\",\"author\":{\"@id\":\"https:\/\/www.africa-press.net\/madagascar\/#\/schema\/person\/2b1cf3cd81a31e3cd26889ca66d677f1\"},\"description\":\"Les personnes ou groupes qui ont refuse\u0301 de participer a\u0300 la ce\u0301re\u0301monie de lancement officiel de la concertation nation ...\",\"breadcrumb\":{\"@id\":\"https:\/\/www.africa-press.net\/madagascar\/parties\/concertation-nationale-boycottee-a-la-ceremonie-douverture#breadcrumb\"},\"inLanguage\":\"fr-FR\",\"potentialAction\":[{\"@type\":\"ReadAction\",\"target\":[\"https:\/\/www.africa-press.net\/madagascar\/parties\/concertation-nationale-boycottee-a-la-ceremonie-douverture\"]}]},{\"@type\":\"ImageObject\",\"inLanguage\":\"fr-FR\",\"@id\":\"https:\/\/www.africa-press.net\/madagascar\/parties\/concertation-nationale-boycottee-a-la-ceremonie-douverture#primaryimage\",\"url\":\"https:\/\/static.africa-press.net\/madagascar\/sites\/56\/2025\/12\/sm_1765524853.169811.jpg\",\"contentUrl\":\"https:\/\/static.africa-press.net\/madagascar\/sites\/56\/2025\/12\/sm_1765524853.169811.jpg\",\"width\":750,\"height\":394,\"caption\":\"Concertation Nationale Boycott\u00e9e \u00e0 la C\u00e9r\u00e9monie D'Ouverture\"},{\"@type\":\"BreadcrumbList\",\"@id\":\"https:\/\/www.africa-press.net\/madagascar\/parties\/concertation-nationale-boycottee-a-la-ceremonie-douverture#breadcrumb\",\"itemListElement\":[{\"@type\":\"ListItem\",\"position\":1,\"name\":\"Accueil\",\"item\":\"https:\/\/www.africa-press.net\/madagascar\/\"},{\"@type\":\"ListItem\",\"position\":2,\"name\":\"Concertation Nationale Boycott\u00e9e \u00e0 la C\u00e9r\u00e9monie D&#8217;Ouverture\"}]},{\"@type\":\"WebSite\",\"@id\":\"https:\/\/www.africa-press.net\/madagascar\/#website\",\"url\":\"https:\/\/www.africa-press.net\/madagascar\/\",\"name\":\"Madagascar\",\"description\":\"Just another Africa News Agency Sites site\",\"potentialAction\":[{\"@type\":\"SearchAction\",\"target\":{\"@type\":\"EntryPoint\",\"urlTemplate\":\"https:\/\/www.africa-press.net\/madagascar\/?s={search_term_string}\"},\"query-input\":{\"@type\":\"PropertyValueSpecification\",\"valueRequired\":true,\"valueName\":\"search_term_string\"}}],\"inLanguage\":\"fr-FR\"},{\"@type\":\"Person\",\"@id\":\"https:\/\/www.africa-press.net\/madagascar\/#\/schema\/person\/2b1cf3cd81a31e3cd26889ca66d677f1\",\"name\":\"cfeditorfr\"}]}<\/script>\n<!-- \/ Yoast SEO Premium plugin. -->","yoast_head_json":{"title":"Concertation Nationale Boycott\u00e9e \u00e0 la C\u00e9r\u00e9monie D'Ouverture - Madagascar","description":"Les personnes ou groupes qui ont refuse\u0301 de participer a\u0300 la ce\u0301re\u0301monie de lancement officiel de la concertation nation ...","robots":{"index":"index","follow":"follow","max-snippet":"max-snippet:-1","max-image-preview":"max-image-preview:large","max-video-preview":"max-video-preview:-1"},"canonical":"https:\/\/www.africa-press.net\/madagascar\/parties\/concertation-nationale-boycottee-a-la-ceremonie-douverture","og_locale":"fr_FR","og_type":"article","og_title":"Concertation Nationale Boycott\u00e9e \u00e0 la C\u00e9r\u00e9monie D'Ouverture","og_description":"Les personnes ou groupes qui ont refuse\u0301 de participer a\u0300 la ce\u0301re\u0301monie de lancement officiel de la concertation nation ...","og_url":"https:\/\/www.africa-press.net\/madagascar\/parties\/concertation-nationale-boycottee-a-la-ceremonie-douverture","og_site_name":"Madagascar","article_published_time":"2025-12-11T13:45:00+00:00","article_modified_time":"2025-12-11T23:36:07+00:00","og_image":[{"width":750,"height":394,"url":"https:\/\/static.africa-press.net\/madagascar\/sites\/56\/2025\/12\/sm_1765524853.169811.jpg","type":"image\/jpeg"}],"author":"cfeditorfr","twitter_card":"summary_large_image","twitter_misc":{"\u00c9crit par":"cfeditorfr","Dur\u00e9e de lecture estim\u00e9e":"3 minutes"},"schema":{"@context":"https:\/\/schema.org","@graph":[{"@type":"Article","@id":"https:\/\/www.africa-press.net\/madagascar\/parties\/concertation-nationale-boycottee-a-la-ceremonie-douverture#article","isPartOf":{"@id":"https:\/\/www.africa-press.net\/madagascar\/parties\/concertation-nationale-boycottee-a-la-ceremonie-douverture"},"author":{"name":"cfeditorfr","@id":"https:\/\/www.africa-press.net\/madagascar\/#\/schema\/person\/2b1cf3cd81a31e3cd26889ca66d677f1"},"headline":"Concertation Nationale Boycott\u00e9e \u00e0 la C\u00e9r\u00e9monie D&rsquo;Ouverture","datePublished":"2025-12-11T13:45:00+00:00","dateModified":"2025-12-11T23:36:07+00:00","mainEntityOfPage":{"@id":"https:\/\/www.africa-press.net\/madagascar\/parties\/concertation-nationale-boycottee-a-la-ceremonie-douverture"},"wordCount":549,"commentCount":0,"image":{"@id":"https:\/\/www.africa-press.net\/madagascar\/parties\/concertation-nationale-boycottee-a-la-ceremonie-douverture#primaryimage"},"thumbnailUrl":"https:\/\/static.africa-press.net\/madagascar\/sites\/56\/2025\/12\/sm_1765524853.169811.jpg","keywords":["Madagascar"],"articleSection":["Parties","Top Nouvelles","Toutes les actualit\u00e9s"],"inLanguage":"fr-FR","potentialAction":[{"@type":"CommentAction","name":"Comment","target":["https:\/\/www.africa-press.net\/madagascar\/parties\/concertation-nationale-boycottee-a-la-ceremonie-douverture#respond"]}]},{"@type":"WebPage","@id":"https:\/\/www.africa-press.net\/madagascar\/parties\/concertation-nationale-boycottee-a-la-ceremonie-douverture","url":"https:\/\/www.africa-press.net\/madagascar\/parties\/concertation-nationale-boycottee-a-la-ceremonie-douverture","name":"Concertation Nationale Boycott\u00e9e \u00e0 la C\u00e9r\u00e9monie D'Ouverture - Madagascar","isPartOf":{"@id":"https:\/\/www.africa-press.net\/madagascar\/#website"},"primaryImageOfPage":{"@id":"https:\/\/www.africa-press.net\/madagascar\/parties\/concertation-nationale-boycottee-a-la-ceremonie-douverture#primaryimage"},"image":{"@id":"https:\/\/www.africa-press.net\/madagascar\/parties\/concertation-nationale-boycottee-a-la-ceremonie-douverture#primaryimage"},"thumbnailUrl":"https:\/\/static.africa-press.net\/madagascar\/sites\/56\/2025\/12\/sm_1765524853.169811.jpg","datePublished":"2025-12-11T13:45:00+00:00","dateModified":"2025-12-11T23:36:07+00:00","author":{"@id":"https:\/\/www.africa-press.net\/madagascar\/#\/schema\/person\/2b1cf3cd81a31e3cd26889ca66d677f1"},"description":"Les personnes ou groupes qui ont refuse\u0301 de participer a\u0300 la ce\u0301re\u0301monie de lancement officiel de la concertation nation ...","breadcrumb":{"@id":"https:\/\/www.africa-press.net\/madagascar\/parties\/concertation-nationale-boycottee-a-la-ceremonie-douverture#breadcrumb"},"inLanguage":"fr-FR","potentialAction":[{"@type":"ReadAction","target":["https:\/\/www.africa-press.net\/madagascar\/parties\/concertation-nationale-boycottee-a-la-ceremonie-douverture"]}]},{"@type":"ImageObject","inLanguage":"fr-FR","@id":"https:\/\/www.africa-press.net\/madagascar\/parties\/concertation-nationale-boycottee-a-la-ceremonie-douverture#primaryimage","url":"https:\/\/static.africa-press.net\/madagascar\/sites\/56\/2025\/12\/sm_1765524853.169811.jpg","contentUrl":"https:\/\/static.africa-press.net\/madagascar\/sites\/56\/2025\/12\/sm_1765524853.169811.jpg","width":750,"height":394,"caption":"Concertation Nationale Boycott\u00e9e \u00e0 la C\u00e9r\u00e9monie D'Ouverture"},{"@type":"BreadcrumbList","@id":"https:\/\/www.africa-press.net\/madagascar\/parties\/concertation-nationale-boycottee-a-la-ceremonie-douverture#breadcrumb","itemListElement":[{"@type":"ListItem","position":1,"name":"Accueil","item":"https:\/\/www.africa-press.net\/madagascar\/"},{"@type":"ListItem","position":2,"name":"Concertation Nationale Boycott\u00e9e \u00e0 la C\u00e9r\u00e9monie D&#8217;Ouverture"}]},{"@type":"WebSite","@id":"https:\/\/www.africa-press.net\/madagascar\/#website","url":"https:\/\/www.africa-press.net\/madagascar\/","name":"Madagascar","description":"Just another Africa News Agency Sites site","potentialAction":[{"@type":"SearchAction","target":{"@type":"EntryPoint","urlTemplate":"https:\/\/www.africa-press.net\/madagascar\/?s={search_term_string}"},"query-input":{"@type":"PropertyValueSpecification","valueRequired":true,"valueName":"search_term_string"}}],"inLanguage":"fr-FR"},{"@type":"Person","@id":"https:\/\/www.africa-press.net\/madagascar\/#\/schema\/person\/2b1cf3cd81a31e3cd26889ca66d677f1","name":"cfeditorfr"}]}},"_links":{"self":[{"href":"https:\/\/www.africa-press.net\/madagascar\/wp-json\/wp\/v2\/posts\/40048","targetHints":{"allow":["GET"]}}],"collection":[{"href":"https:\/\/www.africa-press.net\/madagascar\/wp-json\/wp\/v2\/posts"}],"about":[{"href":"https:\/\/www.africa-press.net\/madagascar\/wp-json\/wp\/v2\/types\/post"}],"author":[{"embeddable":true,"href":"https:\/\/www.africa-press.net\/madagascar\/wp-json\/wp\/v2\/users\/82"}],"replies":[{"embeddable":true,"href":"https:\/\/www.africa-press.net\/madagascar\/wp-json\/wp\/v2\/comments?post=40048"}],"version-history":[{"count":0,"href":"https:\/\/www.africa-press.net\/madagascar\/wp-json\/wp\/v2\/posts\/40048\/revisions"}],"wp:featuredmedia":[{"embeddable":true,"href":"https:\/\/www.africa-press.net\/madagascar\/wp-json\/wp\/v2\/media\/40047"}],"wp:attachment":[{"href":"https:\/\/www.africa-press.net\/madagascar\/wp-json\/wp\/v2\/media?parent=40048"}],"wp:term":[{"taxonomy":"category","embeddable":true,"href":"https:\/\/www.africa-press.net\/madagascar\/wp-json\/wp\/v2\/categories?post=40048"},{"taxonomy":"post_tag","embeddable":true,"href":"https:\/\/www.africa-press.net\/madagascar\/wp-json\/wp\/v2\/tags?post=40048"}],"curies":[{"name":"wp","href":"https:\/\/api.w.org\/{rel}","templated":true}]}}