{"id":40811,"date":"2026-01-20T14:00:00","date_gmt":"2026-01-20T14:00:00","guid":{"rendered":"https:\/\/www.africa-press.net\/madagascar\/politique\/proches-dandry-rajoelina-en-detention-provisoire"},"modified":"2026-01-20T22:49:53","modified_gmt":"2026-01-20T22:49:53","slug":"proches-dandry-rajoelina-en-detention-provisoire","status":"publish","type":"post","link":"https:\/\/www.africa-press.net\/madagascar\/politique\/proches-dandry-rajoelina-en-detention-provisoire","title":{"rendered":"Proches D&rsquo;Andry Rajoelina en D\u00e9tention Provisoire"},"content":{"rendered":"<p><span style=\"color: #ff6600\"><strong>Africa-Press &#8211; Madagascar. <\/strong><\/span>Deux parlementaires proches de l\u2019ancien Pre\u0301sident Andry Rajoelina viennent d\u2019e\u0302tre place\u0301s sous mandat de de\u0301po\u0302t selon une se\u0301rie de de\u0301cisions de justice prises ce lundi 19 janvier. Il s\u2019agit de Marie Michelle Sahondrarimalala, de\u0301pute\u0301e e\u0301lue sous l\u2019ancienne majorite\u0301 pre\u0301sidentielle (IRMAR) et non moins ex-Ministre de l\u2019Education nationale ainsi que l\u2019ancien Pre\u0301sident du Se\u0301nat, le Ge\u0301ne\u0301ral a\u0300 la retraite, Richard Ravalomanana. Ils ont e\u0301te\u0301 respectivement envoye\u0301s a\u0300 la prison d\u2019Avaradrano et a\u0300 la prison d\u2019Imerintsiatosika situe\u0301es en pe\u0301riphe\u0301rie d\u2019Antananarivo.<\/p>\n<p>D\u2019apre\u0300s les informations e\u0301manant de son avocat, la de\u0301pute\u0301e a e\u0301te\u0301 place\u0301e en garde a\u0300 vue pendant pre\u0300s d\u2019une quinzaine de jours. Le 4 janvier, son domicile a e\u0301te\u0301 perquisitionne\u0301 avant qu&rsquo;elle ne soit interpelle\u0301e pour enque\u0302te aupre\u0300s de la police e\u0301conomique, puis d\u2019e\u0302tre transfe\u0301re\u0301e a\u0300 la brigade criminelle. En tant que magistrat de premier grade, l\u2019ancienne ministre a e\u0301te\u0301 de\u0301fe\u0301re\u0301e devant le Parquet de la Cour Supre\u0302me avant d\u2019e\u0302tre place\u0301e sous mandat de de\u0301po\u0302t. Selon les dernie\u0300res informations annonce\u0301es tard dans la soire\u0301e par la Procureure de la Re\u0301publique, Narindra Rakotoniaina, 12 autres personnes ont e\u0301te\u0301 de\u0301fe\u0301re\u0301es avec l\u2019ancienne ministre en tant que \u00ab complices \u00bb et ont e\u0301te\u0301 place\u0301es sous contro\u0302le judiciaire. Ils auraient proce\u0301de\u0301 a\u0300 la distribution de sommes d\u2019argent a\u0300 des fins de de\u0301stabilisation.<\/p>\n<p>L\u2019ancien Pre\u0301sident du Se\u0301nat Richard Ravalomanana a, quant a\u0300 lui, e\u0301te\u0301 place\u0301 en re\u0301sidence surveille\u0301e depuis le 29 de\u0301cembre dernier. Il a, ensuite, e\u0301te\u0301 de\u0301fe\u0301re\u0301 devant le Parquet du tribunal d\u2019Anosy avant son placement en de\u0301tention provisoire a\u0300 Imerintsiatosika. L\u2019atteinte a\u0300 la su\u0302rete\u0301 de l\u2019E\u0301tat constitue la principale charge retenue contre ces deux personnalite\u0301s politiques proche d\u2019Andry Rajoelina. L\u2019ancien Pre\u0301sident de la Chambre haute est e\u0301galement poursuivi pour complicite\u0301 de meurtre et blessures volontaires, notamment pour son ro\u0302le pre\u0301sume\u0301 en tant que \u00ab commanditaire \u00bb dans les violences contre les manifestants de la Gen Z.<\/p>\n<p>Madagascar fait face a\u0300 une crise politique suite aux manifestations de la Gen Z depuis le 25 septembre dernier. Une crise qui a conduit a\u0300 la chute du Pre\u0301sident Andry Rajoelina ainsi qu\u2019a\u0300 son exil a\u0300 Dubai\u0308, selon les informations officieuses, et l&rsquo;ave\u0300nement au pouvoir du Colonel Michae\u0308l Randrianirina en tant que Pre\u0301sident de la Re\u0301publique de la Refondation.<\/p>\n<p><strong>Pour plus d&rsquo;informations et d&rsquo;analyses sur la <span style=\"color: #ff6600\">Madagascar<\/span>, suivez <span style=\"color: #ff6600\">Africa-Press<\/span><\/strong><\/p>\n","protected":false},"excerpt":{"rendered":"<p>Africa-Press &#8211; Madagascar. Deux parlementaires proches de l\u2019ancien Pre\u0301sident Andry Rajoelina viennent d\u2019e\u0302tre place\u0301s sous mandat de de\u0301po\u0302t selon une se\u0301rie de de\u0301cisions de justice prises ce lundi 19 janvier. Il s\u2019agit de Marie Michelle Sahondrarimalala, de\u0301pute\u0301e e\u0301lue sous l\u2019ancienne majorite\u0301 pre\u0301sidentielle (IRMAR) et non moins ex-Ministre de l\u2019Education nationale ainsi que l\u2019ancien Pre\u0301sident du [&hellip;]<\/p>\n","protected":false},"author":82,"featured_media":40810,"comment_status":"open","ping_status":"closed","sticky":false,"template":"","format":"standard","meta":{"footnotes":""},"categories":[2,52,20,10],"tags":[53,1531,49],"class_list":["post-40811","post","type-post","status-publish","format-standard","has-post-thumbnail","hentry","category-politique","category-to-homepage","category-top-nouvelles","category-toutes-les-actualites","tag-andry-rajoelina","tag-gouvernement-de-madagascar","tag-madagascar"],"yoast_head":"<!-- This site is optimized with the Yoast SEO Premium plugin v26.1 (Yoast SEO v27.0) - https:\/\/yoast.com\/product\/yoast-seo-premium-wordpress\/ -->\n<title>Proches D&#039;Andry Rajoelina en D\u00e9tention Provisoire - Madagascar<\/title>\n<meta name=\"description\" content=\"Deux parlementaires proches de l\u2019ancien Pre\u0301sident Andry Rajoelina viennent d\u2019e\u0302tre place\u0301s sous mandat de de\u0301po\u0302t selon ...\" \/>\n<meta name=\"robots\" content=\"index, follow, max-snippet:-1, max-image-preview:large, max-video-preview:-1\" \/>\n<link rel=\"canonical\" href=\"https:\/\/www.africa-press.net\/madagascar\/politique\/proches-dandry-rajoelina-en-detention-provisoire\" \/>\n<meta property=\"og:locale\" content=\"fr_FR\" \/>\n<meta property=\"og:type\" content=\"article\" \/>\n<meta property=\"og:title\" content=\"Proches D&#039;Andry Rajoelina en D\u00e9tention Provisoire\" \/>\n<meta property=\"og:description\" content=\"Deux parlementaires proches de l\u2019ancien Pre\u0301sident Andry Rajoelina viennent d\u2019e\u0302tre place\u0301s sous mandat de de\u0301po\u0302t selon ...\" \/>\n<meta property=\"og:url\" content=\"https:\/\/www.africa-press.net\/madagascar\/politique\/proches-dandry-rajoelina-en-detention-provisoire\" \/>\n<meta property=\"og:site_name\" content=\"Madagascar\" \/>\n<meta property=\"article:published_time\" content=\"2026-01-20T14:00:00+00:00\" \/>\n<meta property=\"article:modified_time\" content=\"2026-01-20T22:49:53+00:00\" \/>\n<meta property=\"og:image\" content=\"https:\/\/static.africa-press.net\/madagascar\/sites\/56\/2026\/01\/sm_1768978164.417061.jpg\" \/>\n\t<meta property=\"og:image:width\" content=\"864\" \/>\n\t<meta property=\"og:image:height\" content=\"486\" \/>\n\t<meta property=\"og:image:type\" content=\"image\/jpeg\" \/>\n<meta name=\"author\" content=\"cfeditorfr\" \/>\n<meta name=\"twitter:card\" content=\"summary_large_image\" \/>\n<meta name=\"twitter:label1\" content=\"\u00c9crit par\" \/>\n\t<meta name=\"twitter:data1\" content=\"cfeditorfr\" \/>\n\t<meta name=\"twitter:label2\" content=\"Dur\u00e9e de lecture estim\u00e9e\" \/>\n\t<meta name=\"twitter:data2\" content=\"3 minutes\" \/>\n<script type=\"application\/ld+json\" class=\"yoast-schema-graph\">{\"@context\":\"https:\/\/schema.org\",\"@graph\":[{\"@type\":\"Article\",\"@id\":\"https:\/\/www.africa-press.net\/madagascar\/politique\/proches-dandry-rajoelina-en-detention-provisoire#article\",\"isPartOf\":{\"@id\":\"https:\/\/www.africa-press.net\/madagascar\/politique\/proches-dandry-rajoelina-en-detention-provisoire\"},\"author\":{\"name\":\"cfeditorfr\",\"@id\":\"https:\/\/www.africa-press.net\/madagascar\/#\/schema\/person\/2b1cf3cd81a31e3cd26889ca66d677f1\"},\"headline\":\"Proches D&rsquo;Andry Rajoelina en D\u00e9tention Provisoire\",\"datePublished\":\"2026-01-20T14:00:00+00:00\",\"dateModified\":\"2026-01-20T22:49:53+00:00\",\"mainEntityOfPage\":{\"@id\":\"https:\/\/www.africa-press.net\/madagascar\/politique\/proches-dandry-rajoelina-en-detention-provisoire\"},\"wordCount\":478,\"commentCount\":0,\"image\":{\"@id\":\"https:\/\/www.africa-press.net\/madagascar\/politique\/proches-dandry-rajoelina-en-detention-provisoire#primaryimage\"},\"thumbnailUrl\":\"https:\/\/static.africa-press.net\/madagascar\/sites\/56\/2026\/01\/sm_1768978164.417061.jpg\",\"keywords\":[\"Andry Rajoelina\",\"gouvernement de Madagascar\",\"Madagascar\"],\"articleSection\":[\"Politique\",\"to-homepage\",\"Top Nouvelles\",\"Toutes les actualit\u00e9s\"],\"inLanguage\":\"fr-FR\",\"potentialAction\":[{\"@type\":\"CommentAction\",\"name\":\"Comment\",\"target\":[\"https:\/\/www.africa-press.net\/madagascar\/politique\/proches-dandry-rajoelina-en-detention-provisoire#respond\"]}]},{\"@type\":\"WebPage\",\"@id\":\"https:\/\/www.africa-press.net\/madagascar\/politique\/proches-dandry-rajoelina-en-detention-provisoire\",\"url\":\"https:\/\/www.africa-press.net\/madagascar\/politique\/proches-dandry-rajoelina-en-detention-provisoire\",\"name\":\"Proches D'Andry Rajoelina en D\u00e9tention Provisoire - Madagascar\",\"isPartOf\":{\"@id\":\"https:\/\/www.africa-press.net\/madagascar\/#website\"},\"primaryImageOfPage\":{\"@id\":\"https:\/\/www.africa-press.net\/madagascar\/politique\/proches-dandry-rajoelina-en-detention-provisoire#primaryimage\"},\"image\":{\"@id\":\"https:\/\/www.africa-press.net\/madagascar\/politique\/proches-dandry-rajoelina-en-detention-provisoire#primaryimage\"},\"thumbnailUrl\":\"https:\/\/static.africa-press.net\/madagascar\/sites\/56\/2026\/01\/sm_1768978164.417061.jpg\",\"datePublished\":\"2026-01-20T14:00:00+00:00\",\"dateModified\":\"2026-01-20T22:49:53+00:00\",\"author\":{\"@id\":\"https:\/\/www.africa-press.net\/madagascar\/#\/schema\/person\/2b1cf3cd81a31e3cd26889ca66d677f1\"},\"description\":\"Deux parlementaires proches de l\u2019ancien Pre\u0301sident Andry Rajoelina viennent d\u2019e\u0302tre place\u0301s sous mandat de de\u0301po\u0302t selon ...\",\"breadcrumb\":{\"@id\":\"https:\/\/www.africa-press.net\/madagascar\/politique\/proches-dandry-rajoelina-en-detention-provisoire#breadcrumb\"},\"inLanguage\":\"fr-FR\",\"potentialAction\":[{\"@type\":\"ReadAction\",\"target\":[\"https:\/\/www.africa-press.net\/madagascar\/politique\/proches-dandry-rajoelina-en-detention-provisoire\"]}]},{\"@type\":\"ImageObject\",\"inLanguage\":\"fr-FR\",\"@id\":\"https:\/\/www.africa-press.net\/madagascar\/politique\/proches-dandry-rajoelina-en-detention-provisoire#primaryimage\",\"url\":\"https:\/\/static.africa-press.net\/madagascar\/sites\/56\/2026\/01\/sm_1768978164.417061.jpg\",\"contentUrl\":\"https:\/\/static.africa-press.net\/madagascar\/sites\/56\/2026\/01\/sm_1768978164.417061.jpg\",\"width\":864,\"height\":486,\"caption\":\"Proches D'Andry Rajoelina en D\u00e9tention Provisoire\"},{\"@type\":\"BreadcrumbList\",\"@id\":\"https:\/\/www.africa-press.net\/madagascar\/politique\/proches-dandry-rajoelina-en-detention-provisoire#breadcrumb\",\"itemListElement\":[{\"@type\":\"ListItem\",\"position\":1,\"name\":\"Accueil\",\"item\":\"https:\/\/www.africa-press.net\/madagascar\/\"},{\"@type\":\"ListItem\",\"position\":2,\"name\":\"Proches D&#8217;Andry Rajoelina en D\u00e9tention Provisoire\"}]},{\"@type\":\"WebSite\",\"@id\":\"https:\/\/www.africa-press.net\/madagascar\/#website\",\"url\":\"https:\/\/www.africa-press.net\/madagascar\/\",\"name\":\"Madagascar\",\"description\":\"Just another Africa News Agency Sites site\",\"potentialAction\":[{\"@type\":\"SearchAction\",\"target\":{\"@type\":\"EntryPoint\",\"urlTemplate\":\"https:\/\/www.africa-press.net\/madagascar\/?s={search_term_string}\"},\"query-input\":{\"@type\":\"PropertyValueSpecification\",\"valueRequired\":true,\"valueName\":\"search_term_string\"}}],\"inLanguage\":\"fr-FR\"},{\"@type\":\"Person\",\"@id\":\"https:\/\/www.africa-press.net\/madagascar\/#\/schema\/person\/2b1cf3cd81a31e3cd26889ca66d677f1\",\"name\":\"cfeditorfr\"}]}<\/script>\n<!-- \/ Yoast SEO Premium plugin. -->","yoast_head_json":{"title":"Proches D'Andry Rajoelina en D\u00e9tention Provisoire - Madagascar","description":"Deux parlementaires proches de l\u2019ancien Pre\u0301sident Andry Rajoelina viennent d\u2019e\u0302tre place\u0301s sous mandat de de\u0301po\u0302t selon ...","robots":{"index":"index","follow":"follow","max-snippet":"max-snippet:-1","max-image-preview":"max-image-preview:large","max-video-preview":"max-video-preview:-1"},"canonical":"https:\/\/www.africa-press.net\/madagascar\/politique\/proches-dandry-rajoelina-en-detention-provisoire","og_locale":"fr_FR","og_type":"article","og_title":"Proches D'Andry Rajoelina en D\u00e9tention Provisoire","og_description":"Deux parlementaires proches de l\u2019ancien Pre\u0301sident Andry Rajoelina viennent d\u2019e\u0302tre place\u0301s sous mandat de de\u0301po\u0302t selon ...","og_url":"https:\/\/www.africa-press.net\/madagascar\/politique\/proches-dandry-rajoelina-en-detention-provisoire","og_site_name":"Madagascar","article_published_time":"2026-01-20T14:00:00+00:00","article_modified_time":"2026-01-20T22:49:53+00:00","og_image":[{"width":864,"height":486,"url":"https:\/\/static.africa-press.net\/madagascar\/sites\/56\/2026\/01\/sm_1768978164.417061.jpg","type":"image\/jpeg"}],"author":"cfeditorfr","twitter_card":"summary_large_image","twitter_misc":{"\u00c9crit par":"cfeditorfr","Dur\u00e9e de lecture estim\u00e9e":"3 minutes"},"schema":{"@context":"https:\/\/schema.org","@graph":[{"@type":"Article","@id":"https:\/\/www.africa-press.net\/madagascar\/politique\/proches-dandry-rajoelina-en-detention-provisoire#article","isPartOf":{"@id":"https:\/\/www.africa-press.net\/madagascar\/politique\/proches-dandry-rajoelina-en-detention-provisoire"},"author":{"name":"cfeditorfr","@id":"https:\/\/www.africa-press.net\/madagascar\/#\/schema\/person\/2b1cf3cd81a31e3cd26889ca66d677f1"},"headline":"Proches D&rsquo;Andry Rajoelina en D\u00e9tention Provisoire","datePublished":"2026-01-20T14:00:00+00:00","dateModified":"2026-01-20T22:49:53+00:00","mainEntityOfPage":{"@id":"https:\/\/www.africa-press.net\/madagascar\/politique\/proches-dandry-rajoelina-en-detention-provisoire"},"wordCount":478,"commentCount":0,"image":{"@id":"https:\/\/www.africa-press.net\/madagascar\/politique\/proches-dandry-rajoelina-en-detention-provisoire#primaryimage"},"thumbnailUrl":"https:\/\/static.africa-press.net\/madagascar\/sites\/56\/2026\/01\/sm_1768978164.417061.jpg","keywords":["Andry Rajoelina","gouvernement de Madagascar","Madagascar"],"articleSection":["Politique","to-homepage","Top Nouvelles","Toutes les actualit\u00e9s"],"inLanguage":"fr-FR","potentialAction":[{"@type":"CommentAction","name":"Comment","target":["https:\/\/www.africa-press.net\/madagascar\/politique\/proches-dandry-rajoelina-en-detention-provisoire#respond"]}]},{"@type":"WebPage","@id":"https:\/\/www.africa-press.net\/madagascar\/politique\/proches-dandry-rajoelina-en-detention-provisoire","url":"https:\/\/www.africa-press.net\/madagascar\/politique\/proches-dandry-rajoelina-en-detention-provisoire","name":"Proches D'Andry Rajoelina en D\u00e9tention Provisoire - Madagascar","isPartOf":{"@id":"https:\/\/www.africa-press.net\/madagascar\/#website"},"primaryImageOfPage":{"@id":"https:\/\/www.africa-press.net\/madagascar\/politique\/proches-dandry-rajoelina-en-detention-provisoire#primaryimage"},"image":{"@id":"https:\/\/www.africa-press.net\/madagascar\/politique\/proches-dandry-rajoelina-en-detention-provisoire#primaryimage"},"thumbnailUrl":"https:\/\/static.africa-press.net\/madagascar\/sites\/56\/2026\/01\/sm_1768978164.417061.jpg","datePublished":"2026-01-20T14:00:00+00:00","dateModified":"2026-01-20T22:49:53+00:00","author":{"@id":"https:\/\/www.africa-press.net\/madagascar\/#\/schema\/person\/2b1cf3cd81a31e3cd26889ca66d677f1"},"description":"Deux parlementaires proches de l\u2019ancien Pre\u0301sident Andry Rajoelina viennent d\u2019e\u0302tre place\u0301s sous mandat de de\u0301po\u0302t selon ...","breadcrumb":{"@id":"https:\/\/www.africa-press.net\/madagascar\/politique\/proches-dandry-rajoelina-en-detention-provisoire#breadcrumb"},"inLanguage":"fr-FR","potentialAction":[{"@type":"ReadAction","target":["https:\/\/www.africa-press.net\/madagascar\/politique\/proches-dandry-rajoelina-en-detention-provisoire"]}]},{"@type":"ImageObject","inLanguage":"fr-FR","@id":"https:\/\/www.africa-press.net\/madagascar\/politique\/proches-dandry-rajoelina-en-detention-provisoire#primaryimage","url":"https:\/\/static.africa-press.net\/madagascar\/sites\/56\/2026\/01\/sm_1768978164.417061.jpg","contentUrl":"https:\/\/static.africa-press.net\/madagascar\/sites\/56\/2026\/01\/sm_1768978164.417061.jpg","width":864,"height":486,"caption":"Proches D'Andry Rajoelina en D\u00e9tention Provisoire"},{"@type":"BreadcrumbList","@id":"https:\/\/www.africa-press.net\/madagascar\/politique\/proches-dandry-rajoelina-en-detention-provisoire#breadcrumb","itemListElement":[{"@type":"ListItem","position":1,"name":"Accueil","item":"https:\/\/www.africa-press.net\/madagascar\/"},{"@type":"ListItem","position":2,"name":"Proches D&#8217;Andry Rajoelina en D\u00e9tention Provisoire"}]},{"@type":"WebSite","@id":"https:\/\/www.africa-press.net\/madagascar\/#website","url":"https:\/\/www.africa-press.net\/madagascar\/","name":"Madagascar","description":"Just another Africa News Agency Sites site","potentialAction":[{"@type":"SearchAction","target":{"@type":"EntryPoint","urlTemplate":"https:\/\/www.africa-press.net\/madagascar\/?s={search_term_string}"},"query-input":{"@type":"PropertyValueSpecification","valueRequired":true,"valueName":"search_term_string"}}],"inLanguage":"fr-FR"},{"@type":"Person","@id":"https:\/\/www.africa-press.net\/madagascar\/#\/schema\/person\/2b1cf3cd81a31e3cd26889ca66d677f1","name":"cfeditorfr"}]}},"_links":{"self":[{"href":"https:\/\/www.africa-press.net\/madagascar\/wp-json\/wp\/v2\/posts\/40811","targetHints":{"allow":["GET"]}}],"collection":[{"href":"https:\/\/www.africa-press.net\/madagascar\/wp-json\/wp\/v2\/posts"}],"about":[{"href":"https:\/\/www.africa-press.net\/madagascar\/wp-json\/wp\/v2\/types\/post"}],"author":[{"embeddable":true,"href":"https:\/\/www.africa-press.net\/madagascar\/wp-json\/wp\/v2\/users\/82"}],"replies":[{"embeddable":true,"href":"https:\/\/www.africa-press.net\/madagascar\/wp-json\/wp\/v2\/comments?post=40811"}],"version-history":[{"count":0,"href":"https:\/\/www.africa-press.net\/madagascar\/wp-json\/wp\/v2\/posts\/40811\/revisions"}],"wp:featuredmedia":[{"embeddable":true,"href":"https:\/\/www.africa-press.net\/madagascar\/wp-json\/wp\/v2\/media\/40810"}],"wp:attachment":[{"href":"https:\/\/www.africa-press.net\/madagascar\/wp-json\/wp\/v2\/media?parent=40811"}],"wp:term":[{"taxonomy":"category","embeddable":true,"href":"https:\/\/www.africa-press.net\/madagascar\/wp-json\/wp\/v2\/categories?post=40811"},{"taxonomy":"post_tag","embeddable":true,"href":"https:\/\/www.africa-press.net\/madagascar\/wp-json\/wp\/v2\/tags?post=40811"}],"curies":[{"name":"wp","href":"https:\/\/api.w.org\/{rel}","templated":true}]}}