{"id":40871,"date":"2026-01-22T14:00:00","date_gmt":"2026-01-22T14:00:00","guid":{"rendered":"https:\/\/www.africa-press.net\/madagascar\/politique\/remaniement-institutionnel-destitution-du-president-hcc"},"modified":"2026-01-22T20:40:11","modified_gmt":"2026-01-22T20:40:11","slug":"remaniement-institutionnel-destitution-du-president-hcc","status":"publish","type":"post","link":"https:\/\/www.africa-press.net\/madagascar\/politique\/remaniement-institutionnel-destitution-du-president-hcc","title":{"rendered":"Remaniement Institutionnel: Destitution du Pr\u00e9sident HCC"},"content":{"rendered":"<p><span style=\"color: #ff6600\"><strong>Africa-Press &#8211; Madagascar. <\/strong><\/span>Une initiative de destitution viserait actuellement le pre\u0301sident de la Haute Cour constitutionnelle (HCC), Florent Rakotoarisoa. D\u2019apre\u0300s des informations recoupe\u0301es aupre\u0300s de plusieurs sources, cinq des neuf membres composant la Cour auraient de\u0301ja\u0300 exprime\u0301 leur position en faveur de cette e\u0301viction. Une configuration qui soule\u0300ve des interrogations juridiques, alors que le re\u0300glement inte\u0301rieur de la HCC pre\u0301cise que l\u2019institution peut valablement statuer de\u0300s lors que le quorum de six membres sur neuf est atteint, et qu\u2019une de\u0301cision est conside\u0301re\u0301e comme acquise lorsque la majorite\u0301 des votants s\u2019est prononce\u0301e.<\/p>\n<p>Dans la foule\u0301e de cette de\u0301marche, des sources concordantes indiquent que l\u2019e\u0301lection d\u2019un nouveau pre\u0301sident de la Haute Cour aurait e\u0301te\u0301 programme\u0301e dans la soire\u0301e du mardi. Cette initiative aurait toutefois e\u0301te\u0301 suspendue de\u0300s le lendemain. A\u0300 ce stade, aucune communication officielle n\u2019est venue confirmer les raisons de cet ajournement ni pre\u0301ciser le calendrier des prochaines e\u0301tapes.<\/p>\n<p>Selon les me\u0302mes sources, le pre\u0301sident en exercice de la HCC n\u2019aurait pas reconnu sa destitution. Une position qui place l\u2019institution face a\u0300 un vide juridique apparent, alors me\u0302me que les textes encadrent clairement les cas de vacance a\u0300 la te\u0302te de la Cour. La de\u0301libe\u0301ration portant re\u0300glement inte\u0301rieur de la HCC stipule en effet que: \u00ab En cas de vacance de la pre\u0301sidence de la Haute Cour constitutionnelle, par de\u0301mission, de\u0301ce\u0300s ou toute autre cause, la Haute Cour, conforme\u0301ment a\u0300 la proce\u0301dure susvise\u0301e, e\u0301lit un nouveau pre\u0301sident dans le mois qui suit l\u2019e\u0301ve\u0301nement intervenu. \u00bb<\/p>\n<p>De son co\u0302te\u0301, l\u2019ordonnance portant loi organique instituant la HCC e\u0301nume\u0300re les situations pouvant entrai\u0302ner la vacance d\u2019un sie\u0300ge de Haut conseiller constitutionnel, a\u0300 savoir la de\u0301mission volontaire, la de\u0301mission d\u2019office pour incompatibilite\u0301 de fonction ou de mandat, ainsi que l\u2019empe\u0302chement de\u0301finitif. De\u0300s lors, avant toute e\u0301lection destine\u0301e a\u0300 de\u0301signer un successeur a\u0300 Florent Rakotoarisoa, une formalite\u0301 pre\u0301alable semble indispensable: la constatation officielle de la vacance de son sie\u0300ge, que ce soit pour cause de de\u0301mission ou d\u2019empe\u0302chement de\u0301finitif.<\/p>\n<p>Cette crise interne s\u2019est accompagne\u0301e de mesures exceptionnelles sur le terrain. Depuis mardi soir, le portail principal de la Haute Cour constitutionnelle, a\u0300 Ambohidahy, est reste\u0301 ferme\u0301. Une de\u0301cision qui, selon des sources concordantes, devrait rester en vigueur jusqu\u2019a\u0300 ce jeudi. Hier encore, ni les Hauts conseillers constitutionnels ni les agents de l\u2019institution n\u2019ont e\u0301te\u0301 autorise\u0301s a\u0300 acce\u0301der aux locaux par \u201cmesure de se\u0301curite\u0301\u201d. Malgre\u0301 tout, aucun incident particulier n\u2019a e\u0301te\u0301 signale\u0301 sur place. Le site est reste\u0301 plonge\u0301 dans un calme inhabituel en pleine journe\u0301e de travail.<\/p>\n<p>Cette situation n\u2019est pas sans rappeler un pre\u0301ce\u0301dent re\u0301cent qui avait de\u0301ja\u0300 mis a\u0300 mal la stabilite\u0301 de la Cour. En de\u0301cembre, la question du remplacement de trois Hauts conseillers constitutionnels avait provoque\u0301 une vive pole\u0301mique. Le 21 de\u0301cembre, un de\u0301cret e\u0301manant de la pre\u0301sidence de la refondation de la Re\u0301publique avait constate\u0301 la vacance de trois sie\u0300ges relevant du quota pre\u0301sidentiel, en avanc\u0327ant l\u2019argument de leur de\u0301mission, avant de proce\u0301der a\u0300 la nomination de nouveaux membres. Les trois conseillers concerne\u0301s avaient pourtant formellement nie\u0301 avoir quitte\u0301 leurs fonctions.<\/p>\n<p>Plus largement, cette manie\u0300re de proce\u0301der s\u2019inscrit dans une se\u0301rie de pratiques de\u0301ja\u0300 observe\u0301es sous le re\u0301gime d\u2019Andry Rajoelina. L\u2019exemple le plus marquant demeure la mise a\u0300 l\u2019e\u0301cart de Herimanana Razafimahefa de la pre\u0301sidence du Se\u0301nat, apre\u0300s qu\u2019il ait e\u0301te\u0301 publiquement pre\u0301sente\u0301 comme souffrant de de\u0301mence. Son remplacement par le ge\u0301ne\u0301ral Richard Ravalomanana, nomme\u0301 se\u0301nateur par le chef de l\u2019E\u0301tat avant d\u2019acce\u0301der a\u0300 la te\u0302te de la Chambre haute, avait suscite\u0301 une vague de contestations. En l\u2019espace de quelques jours, un pre\u0301sident de Se\u0301nat critique a\u0300 l\u2019e\u0301gard du re\u0301gime avait e\u0301te\u0301 de\u0301mis de ses fonctions.<\/p>\n<p>Re\u0301cemment, sous l\u2019actuel re\u0301gime, la Commission e\u0301lectorale nationale inde\u0301pendante (CENI) a e\u0301galement connu un changement a\u0300 sa te\u0302te. Le pre\u0301sident en exercice, Arse\u0300ne Dama, a e\u0301te\u0301 remplace\u0301 par Thierry Rakotonarivo, nouveau repre\u0301sentant de l\u2019Assemble\u0301e nationale et ancien directeur de cabinet de Siteny Randrianasoloniaiko, pre\u0301sident de la Chambre basse et non moins homme fort de cette transition dirige\u0301e par Colonel Michae\u0308l Randrianirina. Contrairement a\u0300 d\u2019autres remaniements institutionnels, ce remplacement s\u2019est de\u0301roule\u0301 de manie\u0300re plus consensuelle et sans provoquer de tensions majeures.<\/p>\n<p><strong>Pour plus d&rsquo;informations et d&rsquo;analyses sur la <span style=\"color: #ff6600\">Madagascar<\/span>, suivez <span style=\"color: #ff6600\">Africa-Press<\/span><\/strong><\/p>\n","protected":false},"excerpt":{"rendered":"<p>Africa-Press &#8211; Madagascar. Une initiative de destitution viserait actuellement le pre\u0301sident de la Haute Cour constitutionnelle (HCC), Florent Rakotoarisoa. D\u2019apre\u0300s des informations recoupe\u0301es aupre\u0300s de plusieurs sources, cinq des neuf membres composant la Cour auraient de\u0301ja\u0300 exprime\u0301 leur position en faveur de cette e\u0301viction. Une configuration qui soule\u0300ve des interrogations juridiques, alors que le re\u0300glement [&hellip;]<\/p>\n","protected":false},"author":82,"featured_media":40870,"comment_status":"open","ping_status":"closed","sticky":false,"template":"","format":"standard","meta":{"footnotes":""},"categories":[2,20,10],"tags":[49],"class_list":["post-40871","post","type-post","status-publish","format-standard","has-post-thumbnail","hentry","category-politique","category-top-nouvelles","category-toutes-les-actualites","tag-madagascar"],"yoast_head":"<!-- This site is optimized with the Yoast SEO Premium plugin v26.1 (Yoast SEO v27.0) - https:\/\/yoast.com\/product\/yoast-seo-premium-wordpress\/ -->\n<title>Remaniement Institutionnel: Destitution du Pr\u00e9sident HCC - Madagascar<\/title>\n<meta name=\"description\" content=\"Une initiative de destitution viserait actuellement le pre\u0301sident de la Haute Cour constitutionnelle (HCC), Florent Rako ...\" \/>\n<meta name=\"robots\" content=\"index, follow, max-snippet:-1, max-image-preview:large, max-video-preview:-1\" \/>\n<link rel=\"canonical\" href=\"https:\/\/www.africa-press.net\/madagascar\/politique\/remaniement-institutionnel-destitution-du-president-hcc\" \/>\n<meta property=\"og:locale\" content=\"fr_FR\" \/>\n<meta property=\"og:type\" content=\"article\" \/>\n<meta property=\"og:title\" content=\"Remaniement Institutionnel: Destitution du Pr\u00e9sident HCC\" \/>\n<meta property=\"og:description\" content=\"Une initiative de destitution viserait actuellement le pre\u0301sident de la Haute Cour constitutionnelle (HCC), Florent Rako ...\" \/>\n<meta property=\"og:url\" content=\"https:\/\/www.africa-press.net\/madagascar\/politique\/remaniement-institutionnel-destitution-du-president-hcc\" \/>\n<meta property=\"og:site_name\" content=\"Madagascar\" \/>\n<meta property=\"article:published_time\" content=\"2026-01-22T14:00:00+00:00\" \/>\n<meta property=\"article:modified_time\" content=\"2026-01-22T20:40:11+00:00\" \/>\n<meta property=\"og:image\" content=\"https:\/\/static.africa-press.net\/madagascar\/sites\/56\/2026\/01\/sm_1769143120.809786.jpg\" \/>\n\t<meta property=\"og:image:width\" content=\"995\" \/>\n\t<meta property=\"og:image:height\" content=\"520\" \/>\n\t<meta property=\"og:image:type\" content=\"image\/jpeg\" \/>\n<meta name=\"author\" content=\"cfeditorfr\" \/>\n<meta name=\"twitter:card\" content=\"summary_large_image\" \/>\n<meta name=\"twitter:label1\" content=\"\u00c9crit par\" \/>\n\t<meta name=\"twitter:data1\" content=\"cfeditorfr\" \/>\n\t<meta name=\"twitter:label2\" content=\"Dur\u00e9e de lecture estim\u00e9e\" \/>\n\t<meta name=\"twitter:data2\" content=\"4 minutes\" \/>\n<script type=\"application\/ld+json\" class=\"yoast-schema-graph\">{\"@context\":\"https:\/\/schema.org\",\"@graph\":[{\"@type\":\"Article\",\"@id\":\"https:\/\/www.africa-press.net\/madagascar\/politique\/remaniement-institutionnel-destitution-du-president-hcc#article\",\"isPartOf\":{\"@id\":\"https:\/\/www.africa-press.net\/madagascar\/politique\/remaniement-institutionnel-destitution-du-president-hcc\"},\"author\":{\"name\":\"cfeditorfr\",\"@id\":\"https:\/\/www.africa-press.net\/madagascar\/#\/schema\/person\/2b1cf3cd81a31e3cd26889ca66d677f1\"},\"headline\":\"Remaniement Institutionnel: Destitution du Pr\u00e9sident HCC\",\"datePublished\":\"2026-01-22T14:00:00+00:00\",\"dateModified\":\"2026-01-22T20:40:11+00:00\",\"mainEntityOfPage\":{\"@id\":\"https:\/\/www.africa-press.net\/madagascar\/politique\/remaniement-institutionnel-destitution-du-president-hcc\"},\"wordCount\":855,\"commentCount\":0,\"image\":{\"@id\":\"https:\/\/www.africa-press.net\/madagascar\/politique\/remaniement-institutionnel-destitution-du-president-hcc#primaryimage\"},\"thumbnailUrl\":\"https:\/\/static.africa-press.net\/madagascar\/sites\/56\/2026\/01\/sm_1769143120.809786.jpg\",\"keywords\":[\"Madagascar\"],\"articleSection\":[\"Politique\",\"Top Nouvelles\",\"Toutes les actualit\u00e9s\"],\"inLanguage\":\"fr-FR\",\"potentialAction\":[{\"@type\":\"CommentAction\",\"name\":\"Comment\",\"target\":[\"https:\/\/www.africa-press.net\/madagascar\/politique\/remaniement-institutionnel-destitution-du-president-hcc#respond\"]}]},{\"@type\":\"WebPage\",\"@id\":\"https:\/\/www.africa-press.net\/madagascar\/politique\/remaniement-institutionnel-destitution-du-president-hcc\",\"url\":\"https:\/\/www.africa-press.net\/madagascar\/politique\/remaniement-institutionnel-destitution-du-president-hcc\",\"name\":\"Remaniement Institutionnel: Destitution du Pr\u00e9sident HCC - Madagascar\",\"isPartOf\":{\"@id\":\"https:\/\/www.africa-press.net\/madagascar\/#website\"},\"primaryImageOfPage\":{\"@id\":\"https:\/\/www.africa-press.net\/madagascar\/politique\/remaniement-institutionnel-destitution-du-president-hcc#primaryimage\"},\"image\":{\"@id\":\"https:\/\/www.africa-press.net\/madagascar\/politique\/remaniement-institutionnel-destitution-du-president-hcc#primaryimage\"},\"thumbnailUrl\":\"https:\/\/static.africa-press.net\/madagascar\/sites\/56\/2026\/01\/sm_1769143120.809786.jpg\",\"datePublished\":\"2026-01-22T14:00:00+00:00\",\"dateModified\":\"2026-01-22T20:40:11+00:00\",\"author\":{\"@id\":\"https:\/\/www.africa-press.net\/madagascar\/#\/schema\/person\/2b1cf3cd81a31e3cd26889ca66d677f1\"},\"description\":\"Une initiative de destitution viserait actuellement le pre\u0301sident de la Haute Cour constitutionnelle (HCC), Florent Rako ...\",\"breadcrumb\":{\"@id\":\"https:\/\/www.africa-press.net\/madagascar\/politique\/remaniement-institutionnel-destitution-du-president-hcc#breadcrumb\"},\"inLanguage\":\"fr-FR\",\"potentialAction\":[{\"@type\":\"ReadAction\",\"target\":[\"https:\/\/www.africa-press.net\/madagascar\/politique\/remaniement-institutionnel-destitution-du-president-hcc\"]}]},{\"@type\":\"ImageObject\",\"inLanguage\":\"fr-FR\",\"@id\":\"https:\/\/www.africa-press.net\/madagascar\/politique\/remaniement-institutionnel-destitution-du-president-hcc#primaryimage\",\"url\":\"https:\/\/static.africa-press.net\/madagascar\/sites\/56\/2026\/01\/sm_1769143120.809786.jpg\",\"contentUrl\":\"https:\/\/static.africa-press.net\/madagascar\/sites\/56\/2026\/01\/sm_1769143120.809786.jpg\",\"width\":995,\"height\":520,\"caption\":\"Remaniement Institutionnel: Destitution du Pr\u00e9sident HCC\"},{\"@type\":\"BreadcrumbList\",\"@id\":\"https:\/\/www.africa-press.net\/madagascar\/politique\/remaniement-institutionnel-destitution-du-president-hcc#breadcrumb\",\"itemListElement\":[{\"@type\":\"ListItem\",\"position\":1,\"name\":\"Accueil\",\"item\":\"https:\/\/www.africa-press.net\/madagascar\/\"},{\"@type\":\"ListItem\",\"position\":2,\"name\":\"Remaniement Institutionnel: Destitution du Pr\u00e9sident HCC\"}]},{\"@type\":\"WebSite\",\"@id\":\"https:\/\/www.africa-press.net\/madagascar\/#website\",\"url\":\"https:\/\/www.africa-press.net\/madagascar\/\",\"name\":\"Madagascar\",\"description\":\"Just another Africa News Agency Sites site\",\"potentialAction\":[{\"@type\":\"SearchAction\",\"target\":{\"@type\":\"EntryPoint\",\"urlTemplate\":\"https:\/\/www.africa-press.net\/madagascar\/?s={search_term_string}\"},\"query-input\":{\"@type\":\"PropertyValueSpecification\",\"valueRequired\":true,\"valueName\":\"search_term_string\"}}],\"inLanguage\":\"fr-FR\"},{\"@type\":\"Person\",\"@id\":\"https:\/\/www.africa-press.net\/madagascar\/#\/schema\/person\/2b1cf3cd81a31e3cd26889ca66d677f1\",\"name\":\"cfeditorfr\"}]}<\/script>\n<!-- \/ Yoast SEO Premium plugin. -->","yoast_head_json":{"title":"Remaniement Institutionnel: Destitution du Pr\u00e9sident HCC - Madagascar","description":"Une initiative de destitution viserait actuellement le pre\u0301sident de la Haute Cour constitutionnelle (HCC), Florent Rako ...","robots":{"index":"index","follow":"follow","max-snippet":"max-snippet:-1","max-image-preview":"max-image-preview:large","max-video-preview":"max-video-preview:-1"},"canonical":"https:\/\/www.africa-press.net\/madagascar\/politique\/remaniement-institutionnel-destitution-du-president-hcc","og_locale":"fr_FR","og_type":"article","og_title":"Remaniement Institutionnel: Destitution du Pr\u00e9sident HCC","og_description":"Une initiative de destitution viserait actuellement le pre\u0301sident de la Haute Cour constitutionnelle (HCC), Florent Rako ...","og_url":"https:\/\/www.africa-press.net\/madagascar\/politique\/remaniement-institutionnel-destitution-du-president-hcc","og_site_name":"Madagascar","article_published_time":"2026-01-22T14:00:00+00:00","article_modified_time":"2026-01-22T20:40:11+00:00","og_image":[{"width":995,"height":520,"url":"https:\/\/static.africa-press.net\/madagascar\/sites\/56\/2026\/01\/sm_1769143120.809786.jpg","type":"image\/jpeg"}],"author":"cfeditorfr","twitter_card":"summary_large_image","twitter_misc":{"\u00c9crit par":"cfeditorfr","Dur\u00e9e de lecture estim\u00e9e":"4 minutes"},"schema":{"@context":"https:\/\/schema.org","@graph":[{"@type":"Article","@id":"https:\/\/www.africa-press.net\/madagascar\/politique\/remaniement-institutionnel-destitution-du-president-hcc#article","isPartOf":{"@id":"https:\/\/www.africa-press.net\/madagascar\/politique\/remaniement-institutionnel-destitution-du-president-hcc"},"author":{"name":"cfeditorfr","@id":"https:\/\/www.africa-press.net\/madagascar\/#\/schema\/person\/2b1cf3cd81a31e3cd26889ca66d677f1"},"headline":"Remaniement Institutionnel: Destitution du Pr\u00e9sident HCC","datePublished":"2026-01-22T14:00:00+00:00","dateModified":"2026-01-22T20:40:11+00:00","mainEntityOfPage":{"@id":"https:\/\/www.africa-press.net\/madagascar\/politique\/remaniement-institutionnel-destitution-du-president-hcc"},"wordCount":855,"commentCount":0,"image":{"@id":"https:\/\/www.africa-press.net\/madagascar\/politique\/remaniement-institutionnel-destitution-du-president-hcc#primaryimage"},"thumbnailUrl":"https:\/\/static.africa-press.net\/madagascar\/sites\/56\/2026\/01\/sm_1769143120.809786.jpg","keywords":["Madagascar"],"articleSection":["Politique","Top Nouvelles","Toutes les actualit\u00e9s"],"inLanguage":"fr-FR","potentialAction":[{"@type":"CommentAction","name":"Comment","target":["https:\/\/www.africa-press.net\/madagascar\/politique\/remaniement-institutionnel-destitution-du-president-hcc#respond"]}]},{"@type":"WebPage","@id":"https:\/\/www.africa-press.net\/madagascar\/politique\/remaniement-institutionnel-destitution-du-president-hcc","url":"https:\/\/www.africa-press.net\/madagascar\/politique\/remaniement-institutionnel-destitution-du-president-hcc","name":"Remaniement Institutionnel: Destitution du Pr\u00e9sident HCC - Madagascar","isPartOf":{"@id":"https:\/\/www.africa-press.net\/madagascar\/#website"},"primaryImageOfPage":{"@id":"https:\/\/www.africa-press.net\/madagascar\/politique\/remaniement-institutionnel-destitution-du-president-hcc#primaryimage"},"image":{"@id":"https:\/\/www.africa-press.net\/madagascar\/politique\/remaniement-institutionnel-destitution-du-president-hcc#primaryimage"},"thumbnailUrl":"https:\/\/static.africa-press.net\/madagascar\/sites\/56\/2026\/01\/sm_1769143120.809786.jpg","datePublished":"2026-01-22T14:00:00+00:00","dateModified":"2026-01-22T20:40:11+00:00","author":{"@id":"https:\/\/www.africa-press.net\/madagascar\/#\/schema\/person\/2b1cf3cd81a31e3cd26889ca66d677f1"},"description":"Une initiative de destitution viserait actuellement le pre\u0301sident de la Haute Cour constitutionnelle (HCC), Florent Rako ...","breadcrumb":{"@id":"https:\/\/www.africa-press.net\/madagascar\/politique\/remaniement-institutionnel-destitution-du-president-hcc#breadcrumb"},"inLanguage":"fr-FR","potentialAction":[{"@type":"ReadAction","target":["https:\/\/www.africa-press.net\/madagascar\/politique\/remaniement-institutionnel-destitution-du-president-hcc"]}]},{"@type":"ImageObject","inLanguage":"fr-FR","@id":"https:\/\/www.africa-press.net\/madagascar\/politique\/remaniement-institutionnel-destitution-du-president-hcc#primaryimage","url":"https:\/\/static.africa-press.net\/madagascar\/sites\/56\/2026\/01\/sm_1769143120.809786.jpg","contentUrl":"https:\/\/static.africa-press.net\/madagascar\/sites\/56\/2026\/01\/sm_1769143120.809786.jpg","width":995,"height":520,"caption":"Remaniement Institutionnel: Destitution du Pr\u00e9sident HCC"},{"@type":"BreadcrumbList","@id":"https:\/\/www.africa-press.net\/madagascar\/politique\/remaniement-institutionnel-destitution-du-president-hcc#breadcrumb","itemListElement":[{"@type":"ListItem","position":1,"name":"Accueil","item":"https:\/\/www.africa-press.net\/madagascar\/"},{"@type":"ListItem","position":2,"name":"Remaniement Institutionnel: Destitution du Pr\u00e9sident HCC"}]},{"@type":"WebSite","@id":"https:\/\/www.africa-press.net\/madagascar\/#website","url":"https:\/\/www.africa-press.net\/madagascar\/","name":"Madagascar","description":"Just another Africa News Agency Sites site","potentialAction":[{"@type":"SearchAction","target":{"@type":"EntryPoint","urlTemplate":"https:\/\/www.africa-press.net\/madagascar\/?s={search_term_string}"},"query-input":{"@type":"PropertyValueSpecification","valueRequired":true,"valueName":"search_term_string"}}],"inLanguage":"fr-FR"},{"@type":"Person","@id":"https:\/\/www.africa-press.net\/madagascar\/#\/schema\/person\/2b1cf3cd81a31e3cd26889ca66d677f1","name":"cfeditorfr"}]}},"_links":{"self":[{"href":"https:\/\/www.africa-press.net\/madagascar\/wp-json\/wp\/v2\/posts\/40871","targetHints":{"allow":["GET"]}}],"collection":[{"href":"https:\/\/www.africa-press.net\/madagascar\/wp-json\/wp\/v2\/posts"}],"about":[{"href":"https:\/\/www.africa-press.net\/madagascar\/wp-json\/wp\/v2\/types\/post"}],"author":[{"embeddable":true,"href":"https:\/\/www.africa-press.net\/madagascar\/wp-json\/wp\/v2\/users\/82"}],"replies":[{"embeddable":true,"href":"https:\/\/www.africa-press.net\/madagascar\/wp-json\/wp\/v2\/comments?post=40871"}],"version-history":[{"count":0,"href":"https:\/\/www.africa-press.net\/madagascar\/wp-json\/wp\/v2\/posts\/40871\/revisions"}],"wp:featuredmedia":[{"embeddable":true,"href":"https:\/\/www.africa-press.net\/madagascar\/wp-json\/wp\/v2\/media\/40870"}],"wp:attachment":[{"href":"https:\/\/www.africa-press.net\/madagascar\/wp-json\/wp\/v2\/media?parent=40871"}],"wp:term":[{"taxonomy":"category","embeddable":true,"href":"https:\/\/www.africa-press.net\/madagascar\/wp-json\/wp\/v2\/categories?post=40871"},{"taxonomy":"post_tag","embeddable":true,"href":"https:\/\/www.africa-press.net\/madagascar\/wp-json\/wp\/v2\/tags?post=40871"}],"curies":[{"name":"wp","href":"https:\/\/api.w.org\/{rel}","templated":true}]}}