{"id":41880,"date":"2026-03-13T13:50:00","date_gmt":"2026-03-13T13:50:00","guid":{"rendered":"https:\/\/www.africa-press.net\/madagascar\/politique\/tim-demande-election-rapide-a-antananarivo"},"modified":"2026-03-13T18:58:07","modified_gmt":"2026-03-13T18:58:07","slug":"tim-demande-election-rapide-a-antananarivo","status":"publish","type":"post","link":"https:\/\/www.africa-press.net\/madagascar\/parties\/tim-demande-election-rapide-a-antananarivo","title":{"rendered":"TIM Demande \u00c9lection Rapide \u00e0 Antananarivo"},"content":{"rendered":"<p><span style=\"color: #ff6600\"><strong>Africa-Press &#8211; Madagascar. <\/strong><\/span>La situation politique actuelle suscite de vives pre\u0301occupations au sein du parti Tiako i Madagasikara (TIM). Dans une prise de position re\u0301cente, la formation dirige\u0301e par l\u2019ancien pre\u0301sident Marc Ravalomanana a insiste\u0301 sur le caracte\u0300re de\u0301finitif de la de\u0301cision rendue par le Conseil d\u2019E\u0301tat concernant l\u2019e\u0301lection du maire d\u2019Antananarivo. Selon le parti, cette de\u0301cision ne peut plus e\u0302tre remise en cause et doit de\u0301sormais e\u0302tre applique\u0301e.<\/p>\n<p>Cependant, le TIM souligne qu\u2019un vide de gouvernance persiste actuellement au niveau de la Commune urbaine d\u2019Antananarivo (CUA). L\u2019absence de responsable a\u0300 la te\u0302te de la municipalite\u0301 inquie\u0300te particulie\u0300rement les conseillers municipaux, qui e\u0301voquent une gestion de\u0301sorganise\u0301e de la commune. Ces derniers signalent notamment des mouvements suspects de marchandises observe\u0301s pendant la nuit et aux premie\u0300res heures du matin, ce qui alimente les craintes d\u2019irre\u0301gularite\u0301s dans l\u2019administration municipale.<\/p>\n<p>Face a\u0300 cette situation juge\u0301e pre\u0301occupante, le TIM appelle a\u0300 mettre un terme imme\u0301diat a\u0300 ces pratiques qu\u2019il qualifie d\u2019inacceptables. Le parti exhorte les autorite\u0301s compe\u0301tentes a\u0300 intervenir afin de re\u0301tablir l\u2019ordre et la transparence dans la gestion de la capitale.<\/p>\n<p>Pour le TIM, l\u2019enjeu de\u0301passe le cadre local. Antananarivo occupe en effet une place particulie\u0300re dans l\u2019organisation administrative du pays en raison de son statut spe\u0301cifique de capitale. \u00ab Si la capitale traverse une pe\u0301riode d\u2019instabilite\u0301, les re\u0301percussions peuvent se faire sentir a\u0300 l\u2019e\u0301chelle nationale \u00bb, avertit le parti.<\/p>\n<p>Dans cette optique, la formation politique demande que le processus e\u0301lectoral pour la mairie d\u2019Antananarivo soit relance\u0301 dans les plus brefs de\u0301lais, conforme\u0301ment a\u0300 la de\u0301cision du Conseil d\u2019E\u0301tat. Le TIM affirme e\u0302tre pre\u0302t a\u0300 prendre part a\u0300 cette e\u0301lection de\u0300s qu\u2019elle sera organise\u0301e.<\/p>\n<p>Paralle\u0300lement, la dissolution re\u0301cente du gouvernement accentue l\u2019incertitude politique. Marc Ravalomanana rappelle qu\u2019a\u0300 l\u2019heure actuelle, le pays se retrouve sans Premier ministre tandis que la capitale reste de\u0301pourvue de maire, cre\u0301ant une pe\u0301riode d\u2019attente qui suscite des inquie\u0301tudes.<\/p>\n<p>L\u2019ancien chef de l\u2019E\u0301tat estime qu\u2019il devient urgent de combler ces postes vacants afin d\u2019e\u0301viter un blocage institutionnel prolonge\u0301. Il encourage e\u0301galement les citoyens et les responsables politiques a\u0300 s\u2019exprimer lorsqu\u2019ils constatent des dysfonctionnements, tout en rappelant que l\u2019inte\u0301re\u0302t supe\u0301rieur de la nation doit primer sur les ambitions individuelles ou partisanes.<\/p>\n<p>Dans ce contexte, le TIM appelle a\u0300 acce\u0301le\u0301rer la nomination d\u2019un nouveau Premier ministre et la mise en place d\u2019un gouvernement, estimant que ces mesures sont essentielles pour restaurer la stabilite\u0301 politique et institutionnelle du pays.<\/p>\n<p><strong>Pour plus d&rsquo;informations et d&rsquo;analyses sur la <span style=\"color: #ff6600\">Madagascar<\/span>, suivez <span style=\"color: #ff6600\">Africa-Press<\/span><\/strong><\/p>\n","protected":false},"excerpt":{"rendered":"<p>Africa-Press &#8211; Madagascar. La situation politique actuelle suscite de vives pre\u0301occupations au sein du parti Tiako i Madagasikara (TIM). Dans une prise de position re\u0301cente, la formation dirige\u0301e par l\u2019ancien pre\u0301sident Marc Ravalomanana a insiste\u0301 sur le caracte\u0300re de\u0301finitif de la de\u0301cision rendue par le Conseil d\u2019E\u0301tat concernant l\u2019e\u0301lection du maire d\u2019Antananarivo. Selon le parti, [&hellip;]<\/p>\n","protected":false},"author":82,"featured_media":41879,"comment_status":"open","ping_status":"closed","sticky":false,"template":"","format":"standard","meta":{"footnotes":""},"categories":[4,20,10],"tags":[49],"class_list":["post-41880","post","type-post","status-publish","format-standard","has-post-thumbnail","hentry","category-parties","category-top-nouvelles","category-toutes-les-actualites","tag-madagascar"],"yoast_head":"<!-- This site is optimized with the Yoast SEO Premium plugin v26.1 (Yoast SEO v27.0) - https:\/\/yoast.com\/product\/yoast-seo-premium-wordpress\/ -->\n<title>TIM Demande \u00c9lection Rapide \u00e0 Antananarivo - Madagascar<\/title>\n<meta name=\"description\" content=\"La situation politique actuelle suscite de vives pre\u0301occupations au sein du parti Tiako i Madagasikara (TIM). Dans une p ...\" \/>\n<meta name=\"robots\" content=\"index, follow, max-snippet:-1, max-image-preview:large, max-video-preview:-1\" \/>\n<link rel=\"canonical\" href=\"https:\/\/www.africa-press.net\/madagascar\/parties\/tim-demande-election-rapide-a-antananarivo\" \/>\n<meta property=\"og:locale\" content=\"fr_FR\" \/>\n<meta property=\"og:type\" content=\"article\" \/>\n<meta property=\"og:title\" content=\"TIM Demande \u00c9lection Rapide \u00e0 Antananarivo\" \/>\n<meta property=\"og:description\" content=\"La situation politique actuelle suscite de vives pre\u0301occupations au sein du parti Tiako i Madagasikara (TIM). Dans une p ...\" \/>\n<meta property=\"og:url\" content=\"https:\/\/www.africa-press.net\/madagascar\/parties\/tim-demande-election-rapide-a-antananarivo\" \/>\n<meta property=\"og:site_name\" content=\"Madagascar\" \/>\n<meta property=\"article:published_time\" content=\"2026-03-13T13:50:00+00:00\" \/>\n<meta property=\"article:modified_time\" content=\"2026-03-13T18:58:07+00:00\" \/>\n<meta property=\"og:image\" content=\"https:\/\/static.africa-press.net\/madagascar\/sites\/56\/2026\/03\/sm_1773414592.143263.jpg\" \/>\n\t<meta property=\"og:image:width\" content=\"755\" \/>\n\t<meta property=\"og:image:height\" content=\"396\" \/>\n\t<meta property=\"og:image:type\" content=\"image\/jpeg\" \/>\n<meta name=\"author\" content=\"cfeditorfr\" \/>\n<meta name=\"twitter:card\" content=\"summary_large_image\" \/>\n<meta name=\"twitter:label1\" content=\"\u00c9crit par\" \/>\n\t<meta name=\"twitter:data1\" content=\"cfeditorfr\" \/>\n\t<meta name=\"twitter:label2\" content=\"Dur\u00e9e de lecture estim\u00e9e\" \/>\n\t<meta name=\"twitter:data2\" content=\"3 minutes\" \/>\n<script type=\"application\/ld+json\" class=\"yoast-schema-graph\">{\"@context\":\"https:\/\/schema.org\",\"@graph\":[{\"@type\":\"Article\",\"@id\":\"https:\/\/www.africa-press.net\/madagascar\/parties\/tim-demande-election-rapide-a-antananarivo#article\",\"isPartOf\":{\"@id\":\"https:\/\/www.africa-press.net\/madagascar\/parties\/tim-demande-election-rapide-a-antananarivo\"},\"author\":{\"name\":\"cfeditorfr\",\"@id\":\"https:\/\/www.africa-press.net\/madagascar\/#\/schema\/person\/2b1cf3cd81a31e3cd26889ca66d677f1\"},\"headline\":\"TIM Demande \u00c9lection Rapide \u00e0 Antananarivo\",\"datePublished\":\"2026-03-13T13:50:00+00:00\",\"dateModified\":\"2026-03-13T18:58:07+00:00\",\"mainEntityOfPage\":{\"@id\":\"https:\/\/www.africa-press.net\/madagascar\/parties\/tim-demande-election-rapide-a-antananarivo\"},\"wordCount\":503,\"commentCount\":0,\"image\":{\"@id\":\"https:\/\/www.africa-press.net\/madagascar\/parties\/tim-demande-election-rapide-a-antananarivo#primaryimage\"},\"thumbnailUrl\":\"https:\/\/static.africa-press.net\/madagascar\/sites\/56\/2026\/03\/sm_1773414592.143263.jpg\",\"keywords\":[\"Madagascar\"],\"articleSection\":[\"Parties\",\"Top Nouvelles\",\"Toutes les actualit\u00e9s\"],\"inLanguage\":\"fr-FR\",\"potentialAction\":[{\"@type\":\"CommentAction\",\"name\":\"Comment\",\"target\":[\"https:\/\/www.africa-press.net\/madagascar\/parties\/tim-demande-election-rapide-a-antananarivo#respond\"]}]},{\"@type\":\"WebPage\",\"@id\":\"https:\/\/www.africa-press.net\/madagascar\/parties\/tim-demande-election-rapide-a-antananarivo\",\"url\":\"https:\/\/www.africa-press.net\/madagascar\/parties\/tim-demande-election-rapide-a-antananarivo\",\"name\":\"TIM Demande \u00c9lection Rapide \u00e0 Antananarivo - Madagascar\",\"isPartOf\":{\"@id\":\"https:\/\/www.africa-press.net\/madagascar\/#website\"},\"primaryImageOfPage\":{\"@id\":\"https:\/\/www.africa-press.net\/madagascar\/parties\/tim-demande-election-rapide-a-antananarivo#primaryimage\"},\"image\":{\"@id\":\"https:\/\/www.africa-press.net\/madagascar\/parties\/tim-demande-election-rapide-a-antananarivo#primaryimage\"},\"thumbnailUrl\":\"https:\/\/static.africa-press.net\/madagascar\/sites\/56\/2026\/03\/sm_1773414592.143263.jpg\",\"datePublished\":\"2026-03-13T13:50:00+00:00\",\"dateModified\":\"2026-03-13T18:58:07+00:00\",\"author\":{\"@id\":\"https:\/\/www.africa-press.net\/madagascar\/#\/schema\/person\/2b1cf3cd81a31e3cd26889ca66d677f1\"},\"description\":\"La situation politique actuelle suscite de vives pre\u0301occupations au sein du parti Tiako i Madagasikara (TIM). Dans une p ...\",\"breadcrumb\":{\"@id\":\"https:\/\/www.africa-press.net\/madagascar\/parties\/tim-demande-election-rapide-a-antananarivo#breadcrumb\"},\"inLanguage\":\"fr-FR\",\"potentialAction\":[{\"@type\":\"ReadAction\",\"target\":[\"https:\/\/www.africa-press.net\/madagascar\/parties\/tim-demande-election-rapide-a-antananarivo\"]}]},{\"@type\":\"ImageObject\",\"inLanguage\":\"fr-FR\",\"@id\":\"https:\/\/www.africa-press.net\/madagascar\/parties\/tim-demande-election-rapide-a-antananarivo#primaryimage\",\"url\":\"https:\/\/static.africa-press.net\/madagascar\/sites\/56\/2026\/03\/sm_1773414592.143263.jpg\",\"contentUrl\":\"https:\/\/static.africa-press.net\/madagascar\/sites\/56\/2026\/03\/sm_1773414592.143263.jpg\",\"width\":755,\"height\":396,\"caption\":\"TIM Demande \u00c9lection Rapide \u00e0 Antananarivo\"},{\"@type\":\"BreadcrumbList\",\"@id\":\"https:\/\/www.africa-press.net\/madagascar\/parties\/tim-demande-election-rapide-a-antananarivo#breadcrumb\",\"itemListElement\":[{\"@type\":\"ListItem\",\"position\":1,\"name\":\"Accueil\",\"item\":\"https:\/\/www.africa-press.net\/madagascar\/\"},{\"@type\":\"ListItem\",\"position\":2,\"name\":\"TIM Demande \u00c9lection Rapide \u00e0 Antananarivo\"}]},{\"@type\":\"WebSite\",\"@id\":\"https:\/\/www.africa-press.net\/madagascar\/#website\",\"url\":\"https:\/\/www.africa-press.net\/madagascar\/\",\"name\":\"Madagascar\",\"description\":\"Just another Africa News Agency Sites site\",\"potentialAction\":[{\"@type\":\"SearchAction\",\"target\":{\"@type\":\"EntryPoint\",\"urlTemplate\":\"https:\/\/www.africa-press.net\/madagascar\/?s={search_term_string}\"},\"query-input\":{\"@type\":\"PropertyValueSpecification\",\"valueRequired\":true,\"valueName\":\"search_term_string\"}}],\"inLanguage\":\"fr-FR\"},{\"@type\":\"Person\",\"@id\":\"https:\/\/www.africa-press.net\/madagascar\/#\/schema\/person\/2b1cf3cd81a31e3cd26889ca66d677f1\",\"name\":\"cfeditorfr\"}]}<\/script>\n<!-- \/ Yoast SEO Premium plugin. -->","yoast_head_json":{"title":"TIM Demande \u00c9lection Rapide \u00e0 Antananarivo - Madagascar","description":"La situation politique actuelle suscite de vives pre\u0301occupations au sein du parti Tiako i Madagasikara (TIM). Dans une p ...","robots":{"index":"index","follow":"follow","max-snippet":"max-snippet:-1","max-image-preview":"max-image-preview:large","max-video-preview":"max-video-preview:-1"},"canonical":"https:\/\/www.africa-press.net\/madagascar\/parties\/tim-demande-election-rapide-a-antananarivo","og_locale":"fr_FR","og_type":"article","og_title":"TIM Demande \u00c9lection Rapide \u00e0 Antananarivo","og_description":"La situation politique actuelle suscite de vives pre\u0301occupations au sein du parti Tiako i Madagasikara (TIM). Dans une p ...","og_url":"https:\/\/www.africa-press.net\/madagascar\/parties\/tim-demande-election-rapide-a-antananarivo","og_site_name":"Madagascar","article_published_time":"2026-03-13T13:50:00+00:00","article_modified_time":"2026-03-13T18:58:07+00:00","og_image":[{"width":755,"height":396,"url":"https:\/\/static.africa-press.net\/madagascar\/sites\/56\/2026\/03\/sm_1773414592.143263.jpg","type":"image\/jpeg"}],"author":"cfeditorfr","twitter_card":"summary_large_image","twitter_misc":{"\u00c9crit par":"cfeditorfr","Dur\u00e9e de lecture estim\u00e9e":"3 minutes"},"schema":{"@context":"https:\/\/schema.org","@graph":[{"@type":"Article","@id":"https:\/\/www.africa-press.net\/madagascar\/parties\/tim-demande-election-rapide-a-antananarivo#article","isPartOf":{"@id":"https:\/\/www.africa-press.net\/madagascar\/parties\/tim-demande-election-rapide-a-antananarivo"},"author":{"name":"cfeditorfr","@id":"https:\/\/www.africa-press.net\/madagascar\/#\/schema\/person\/2b1cf3cd81a31e3cd26889ca66d677f1"},"headline":"TIM Demande \u00c9lection Rapide \u00e0 Antananarivo","datePublished":"2026-03-13T13:50:00+00:00","dateModified":"2026-03-13T18:58:07+00:00","mainEntityOfPage":{"@id":"https:\/\/www.africa-press.net\/madagascar\/parties\/tim-demande-election-rapide-a-antananarivo"},"wordCount":503,"commentCount":0,"image":{"@id":"https:\/\/www.africa-press.net\/madagascar\/parties\/tim-demande-election-rapide-a-antananarivo#primaryimage"},"thumbnailUrl":"https:\/\/static.africa-press.net\/madagascar\/sites\/56\/2026\/03\/sm_1773414592.143263.jpg","keywords":["Madagascar"],"articleSection":["Parties","Top Nouvelles","Toutes les actualit\u00e9s"],"inLanguage":"fr-FR","potentialAction":[{"@type":"CommentAction","name":"Comment","target":["https:\/\/www.africa-press.net\/madagascar\/parties\/tim-demande-election-rapide-a-antananarivo#respond"]}]},{"@type":"WebPage","@id":"https:\/\/www.africa-press.net\/madagascar\/parties\/tim-demande-election-rapide-a-antananarivo","url":"https:\/\/www.africa-press.net\/madagascar\/parties\/tim-demande-election-rapide-a-antananarivo","name":"TIM Demande \u00c9lection Rapide \u00e0 Antananarivo - Madagascar","isPartOf":{"@id":"https:\/\/www.africa-press.net\/madagascar\/#website"},"primaryImageOfPage":{"@id":"https:\/\/www.africa-press.net\/madagascar\/parties\/tim-demande-election-rapide-a-antananarivo#primaryimage"},"image":{"@id":"https:\/\/www.africa-press.net\/madagascar\/parties\/tim-demande-election-rapide-a-antananarivo#primaryimage"},"thumbnailUrl":"https:\/\/static.africa-press.net\/madagascar\/sites\/56\/2026\/03\/sm_1773414592.143263.jpg","datePublished":"2026-03-13T13:50:00+00:00","dateModified":"2026-03-13T18:58:07+00:00","author":{"@id":"https:\/\/www.africa-press.net\/madagascar\/#\/schema\/person\/2b1cf3cd81a31e3cd26889ca66d677f1"},"description":"La situation politique actuelle suscite de vives pre\u0301occupations au sein du parti Tiako i Madagasikara (TIM). Dans une p ...","breadcrumb":{"@id":"https:\/\/www.africa-press.net\/madagascar\/parties\/tim-demande-election-rapide-a-antananarivo#breadcrumb"},"inLanguage":"fr-FR","potentialAction":[{"@type":"ReadAction","target":["https:\/\/www.africa-press.net\/madagascar\/parties\/tim-demande-election-rapide-a-antananarivo"]}]},{"@type":"ImageObject","inLanguage":"fr-FR","@id":"https:\/\/www.africa-press.net\/madagascar\/parties\/tim-demande-election-rapide-a-antananarivo#primaryimage","url":"https:\/\/static.africa-press.net\/madagascar\/sites\/56\/2026\/03\/sm_1773414592.143263.jpg","contentUrl":"https:\/\/static.africa-press.net\/madagascar\/sites\/56\/2026\/03\/sm_1773414592.143263.jpg","width":755,"height":396,"caption":"TIM Demande \u00c9lection Rapide \u00e0 Antananarivo"},{"@type":"BreadcrumbList","@id":"https:\/\/www.africa-press.net\/madagascar\/parties\/tim-demande-election-rapide-a-antananarivo#breadcrumb","itemListElement":[{"@type":"ListItem","position":1,"name":"Accueil","item":"https:\/\/www.africa-press.net\/madagascar\/"},{"@type":"ListItem","position":2,"name":"TIM Demande \u00c9lection Rapide \u00e0 Antananarivo"}]},{"@type":"WebSite","@id":"https:\/\/www.africa-press.net\/madagascar\/#website","url":"https:\/\/www.africa-press.net\/madagascar\/","name":"Madagascar","description":"Just another Africa News Agency Sites site","potentialAction":[{"@type":"SearchAction","target":{"@type":"EntryPoint","urlTemplate":"https:\/\/www.africa-press.net\/madagascar\/?s={search_term_string}"},"query-input":{"@type":"PropertyValueSpecification","valueRequired":true,"valueName":"search_term_string"}}],"inLanguage":"fr-FR"},{"@type":"Person","@id":"https:\/\/www.africa-press.net\/madagascar\/#\/schema\/person\/2b1cf3cd81a31e3cd26889ca66d677f1","name":"cfeditorfr"}]}},"_links":{"self":[{"href":"https:\/\/www.africa-press.net\/madagascar\/wp-json\/wp\/v2\/posts\/41880","targetHints":{"allow":["GET"]}}],"collection":[{"href":"https:\/\/www.africa-press.net\/madagascar\/wp-json\/wp\/v2\/posts"}],"about":[{"href":"https:\/\/www.africa-press.net\/madagascar\/wp-json\/wp\/v2\/types\/post"}],"author":[{"embeddable":true,"href":"https:\/\/www.africa-press.net\/madagascar\/wp-json\/wp\/v2\/users\/82"}],"replies":[{"embeddable":true,"href":"https:\/\/www.africa-press.net\/madagascar\/wp-json\/wp\/v2\/comments?post=41880"}],"version-history":[{"count":0,"href":"https:\/\/www.africa-press.net\/madagascar\/wp-json\/wp\/v2\/posts\/41880\/revisions"}],"wp:featuredmedia":[{"embeddable":true,"href":"https:\/\/www.africa-press.net\/madagascar\/wp-json\/wp\/v2\/media\/41879"}],"wp:attachment":[{"href":"https:\/\/www.africa-press.net\/madagascar\/wp-json\/wp\/v2\/media?parent=41880"}],"wp:term":[{"taxonomy":"category","embeddable":true,"href":"https:\/\/www.africa-press.net\/madagascar\/wp-json\/wp\/v2\/categories?post=41880"},{"taxonomy":"post_tag","embeddable":true,"href":"https:\/\/www.africa-press.net\/madagascar\/wp-json\/wp\/v2\/tags?post=41880"}],"curies":[{"name":"wp","href":"https:\/\/api.w.org\/{rel}","templated":true}]}}