{"id":41889,"date":"2026-03-13T13:20:00","date_gmt":"2026-03-13T13:20:00","guid":{"rendered":"https:\/\/www.africa-press.net\/madagascar\/politique\/nomination-du-premier-ministre-et-course-aux-ministeres"},"modified":"2026-03-13T19:17:22","modified_gmt":"2026-03-13T19:17:22","slug":"nomination-du-premier-ministre-et-course-aux-ministeres","status":"publish","type":"post","link":"https:\/\/www.africa-press.net\/madagascar\/politique\/nomination-du-premier-ministre-et-course-aux-ministeres","title":{"rendered":"Nomination du Premier Ministre et Course aux Minist\u00e8res"},"content":{"rendered":"<p><span style=\"color: #ff6600\"><strong>Africa-Press &#8211; Madagascar. <\/strong><\/span>Plusieurs noms sont actuellement cite\u0301s pour le poste de Premier ministre: Tahina Razafinjoelina, ancien candidat a\u0300 la mairie d\u2019Antananarivo, Laza Razafiarison, ancien candidat a\u0300 l\u2019e\u0301lection pre\u0301sidentielle de 2013, Fanirisoa Ernaivo, ministre de la Justice sortante, Jose\u0301 Andrianoelison, ancien ministre de la Production agricole et de la Re\u0301forme agraire sous la pre\u0301sidence de Didier Ratsiraka, ainsi que Serge Jovial Imbeh, e\u0301conomiste et ancien candidat a\u0300 l\u2019e\u0301lection pre\u0301sidentielle de 2018. A\u0300 mesure que se rapproche l\u2019annonce officielle du chef du gouvernement, ces personnalite\u0301s figurent parmi celles dont les noms reviennent le plus souvent dans les discussions politiques.<\/p>\n<p>D\u2019autres profils sont e\u0301galement mentionne\u0301s dans les de\u0301bats, a\u0300 commencer par Hery Rajaonarimampianina, ancien pre\u0301sident de la Re\u0301publique. Les spe\u0301culations citent aussi Rivo Rakotovao, ancien pre\u0301sident du Se\u0301nat et ancien chef d\u2019E\u0301tat par inte\u0301rim, Christine Razanamahasoa, ministre des Affaires e\u0301trange\u0300res sortante, ainsi que Mamitiana Rajaonarison, actuel directeur ge\u0301ne\u0301ral du Service de renseignement financier (SAMIFIN) et ancien officier de la gendarmerie.<\/p>\n<p>Depuis la de\u0301cision mettant fin a\u0300 la mission de l\u2019ensemble du gouvernement en de\u0301but de semaine, les discussions politiques se multiplient. Entre de\u0301clarations publiques et publications sur les re\u0301seaux sociaux, diffe\u0301rents courants politiques s\u2019activent pour de\u0301fendre les profils qu\u2019ils jugent les plus aptes a\u0300 diriger le prochain exe\u0301cutif depuis le palais d\u2019E\u0301tat de Mahazoarivo.<\/p>\n<p>Le processus de se\u0301lection serait de\u0301ja\u0300 en cours. Certaines personnalite\u0301s pressenties auraient e\u0301te\u0301 rec\u0327ues pour des e\u0301changes avec le chef de l\u2019E\u0301tat afin d\u2019e\u0301valuer leur capacite\u0301 a\u0300 conduire l\u2019action gouvernementale et a\u0300 faire face aux de\u0301fis e\u0301conomiques et politiques actuels.<\/p>\n<p>Paralle\u0300lement, plusieurs te\u0301moins affirment que des groupes, des associations et des partis politiques se mobilisent actuellement pour proposer des noms en vue de la formation du futur gouvernement. Les discussions portent non seulement sur l\u2019identite\u0301 du prochain Premier ministre, mais aussi sur la composition des portefeuilles ministe\u0301riels.<\/p>\n<p><strong>Pour plus d&rsquo;informations et d&rsquo;analyses sur la <span style=\"color: #ff6600\">Madagascar<\/span>, suivez <span style=\"color: #ff6600\">Africa-Press<\/span><\/strong><\/p>\n","protected":false},"excerpt":{"rendered":"<p>Africa-Press &#8211; Madagascar. Plusieurs noms sont actuellement cite\u0301s pour le poste de Premier ministre: Tahina Razafinjoelina, ancien candidat a\u0300 la mairie d\u2019Antananarivo, Laza Razafiarison, ancien candidat a\u0300 l\u2019e\u0301lection pre\u0301sidentielle de 2013, Fanirisoa Ernaivo, ministre de la Justice sortante, Jose\u0301 Andrianoelison, ancien ministre de la Production agricole et de la Re\u0301forme agraire sous la pre\u0301sidence de [&hellip;]<\/p>\n","protected":false},"author":82,"featured_media":41888,"comment_status":"open","ping_status":"closed","sticky":false,"template":"","format":"standard","meta":{"footnotes":""},"categories":[2,20,10],"tags":[49],"class_list":["post-41889","post","type-post","status-publish","format-standard","has-post-thumbnail","hentry","category-politique","category-top-nouvelles","category-toutes-les-actualites","tag-madagascar"],"yoast_head":"<!-- This site is optimized with the Yoast SEO Premium plugin v26.1 (Yoast SEO v27.0) - https:\/\/yoast.com\/product\/yoast-seo-premium-wordpress\/ -->\n<title>Nomination du Premier Ministre et Course aux Minist\u00e8res - Madagascar<\/title>\n<meta name=\"description\" content=\"Plusieurs noms sont actuellement cite\u0301s pour le poste de Premier ministre: Tahina Razafinjoelina, ancien candidat a\u0300 la ...\" \/>\n<meta name=\"robots\" content=\"index, follow, max-snippet:-1, max-image-preview:large, max-video-preview:-1\" \/>\n<link rel=\"canonical\" href=\"https:\/\/www.africa-press.net\/madagascar\/politique\/nomination-du-premier-ministre-et-course-aux-ministeres\" \/>\n<meta property=\"og:locale\" content=\"fr_FR\" \/>\n<meta property=\"og:type\" content=\"article\" \/>\n<meta property=\"og:title\" content=\"Nomination du Premier Ministre et Course aux Minist\u00e8res\" \/>\n<meta property=\"og:description\" content=\"Plusieurs noms sont actuellement cite\u0301s pour le poste de Premier ministre: Tahina Razafinjoelina, ancien candidat a\u0300 la ...\" \/>\n<meta property=\"og:url\" content=\"https:\/\/www.africa-press.net\/madagascar\/politique\/nomination-du-premier-ministre-et-course-aux-ministeres\" \/>\n<meta property=\"og:site_name\" content=\"Madagascar\" \/>\n<meta property=\"article:published_time\" content=\"2026-03-13T13:20:00+00:00\" \/>\n<meta property=\"article:modified_time\" content=\"2026-03-13T19:17:22+00:00\" \/>\n<meta property=\"og:image\" content=\"https:\/\/static.africa-press.net\/madagascar\/sites\/56\/2026\/03\/sm_1773416808.082664.jpg\" \/>\n\t<meta property=\"og:image:width\" content=\"755\" \/>\n\t<meta property=\"og:image:height\" content=\"396\" \/>\n\t<meta property=\"og:image:type\" content=\"image\/jpeg\" \/>\n<meta name=\"author\" content=\"cfeditorfr\" \/>\n<meta name=\"twitter:card\" content=\"summary_large_image\" \/>\n<meta name=\"twitter:label1\" content=\"\u00c9crit par\" \/>\n\t<meta name=\"twitter:data1\" content=\"cfeditorfr\" \/>\n\t<meta name=\"twitter:label2\" content=\"Dur\u00e9e de lecture estim\u00e9e\" \/>\n\t<meta name=\"twitter:data2\" content=\"2 minutes\" \/>\n<script type=\"application\/ld+json\" class=\"yoast-schema-graph\">{\"@context\":\"https:\/\/schema.org\",\"@graph\":[{\"@type\":\"Article\",\"@id\":\"https:\/\/www.africa-press.net\/madagascar\/politique\/nomination-du-premier-ministre-et-course-aux-ministeres#article\",\"isPartOf\":{\"@id\":\"https:\/\/www.africa-press.net\/madagascar\/politique\/nomination-du-premier-ministre-et-course-aux-ministeres\"},\"author\":{\"name\":\"cfeditorfr\",\"@id\":\"https:\/\/www.africa-press.net\/madagascar\/#\/schema\/person\/2b1cf3cd81a31e3cd26889ca66d677f1\"},\"headline\":\"Nomination du Premier Ministre et Course aux Minist\u00e8res\",\"datePublished\":\"2026-03-13T13:20:00+00:00\",\"dateModified\":\"2026-03-13T19:17:22+00:00\",\"mainEntityOfPage\":{\"@id\":\"https:\/\/www.africa-press.net\/madagascar\/politique\/nomination-du-premier-ministre-et-course-aux-ministeres\"},\"wordCount\":376,\"commentCount\":0,\"image\":{\"@id\":\"https:\/\/www.africa-press.net\/madagascar\/politique\/nomination-du-premier-ministre-et-course-aux-ministeres#primaryimage\"},\"thumbnailUrl\":\"https:\/\/static.africa-press.net\/madagascar\/sites\/56\/2026\/03\/sm_1773416808.082664.jpg\",\"keywords\":[\"Madagascar\"],\"articleSection\":[\"Politique\",\"Top Nouvelles\",\"Toutes les actualit\u00e9s\"],\"inLanguage\":\"fr-FR\",\"potentialAction\":[{\"@type\":\"CommentAction\",\"name\":\"Comment\",\"target\":[\"https:\/\/www.africa-press.net\/madagascar\/politique\/nomination-du-premier-ministre-et-course-aux-ministeres#respond\"]}]},{\"@type\":\"WebPage\",\"@id\":\"https:\/\/www.africa-press.net\/madagascar\/politique\/nomination-du-premier-ministre-et-course-aux-ministeres\",\"url\":\"https:\/\/www.africa-press.net\/madagascar\/politique\/nomination-du-premier-ministre-et-course-aux-ministeres\",\"name\":\"Nomination du Premier Ministre et Course aux Minist\u00e8res - Madagascar\",\"isPartOf\":{\"@id\":\"https:\/\/www.africa-press.net\/madagascar\/#website\"},\"primaryImageOfPage\":{\"@id\":\"https:\/\/www.africa-press.net\/madagascar\/politique\/nomination-du-premier-ministre-et-course-aux-ministeres#primaryimage\"},\"image\":{\"@id\":\"https:\/\/www.africa-press.net\/madagascar\/politique\/nomination-du-premier-ministre-et-course-aux-ministeres#primaryimage\"},\"thumbnailUrl\":\"https:\/\/static.africa-press.net\/madagascar\/sites\/56\/2026\/03\/sm_1773416808.082664.jpg\",\"datePublished\":\"2026-03-13T13:20:00+00:00\",\"dateModified\":\"2026-03-13T19:17:22+00:00\",\"author\":{\"@id\":\"https:\/\/www.africa-press.net\/madagascar\/#\/schema\/person\/2b1cf3cd81a31e3cd26889ca66d677f1\"},\"description\":\"Plusieurs noms sont actuellement cite\u0301s pour le poste de Premier ministre: Tahina Razafinjoelina, ancien candidat a\u0300 la ...\",\"breadcrumb\":{\"@id\":\"https:\/\/www.africa-press.net\/madagascar\/politique\/nomination-du-premier-ministre-et-course-aux-ministeres#breadcrumb\"},\"inLanguage\":\"fr-FR\",\"potentialAction\":[{\"@type\":\"ReadAction\",\"target\":[\"https:\/\/www.africa-press.net\/madagascar\/politique\/nomination-du-premier-ministre-et-course-aux-ministeres\"]}]},{\"@type\":\"ImageObject\",\"inLanguage\":\"fr-FR\",\"@id\":\"https:\/\/www.africa-press.net\/madagascar\/politique\/nomination-du-premier-ministre-et-course-aux-ministeres#primaryimage\",\"url\":\"https:\/\/static.africa-press.net\/madagascar\/sites\/56\/2026\/03\/sm_1773416808.082664.jpg\",\"contentUrl\":\"https:\/\/static.africa-press.net\/madagascar\/sites\/56\/2026\/03\/sm_1773416808.082664.jpg\",\"width\":755,\"height\":396,\"caption\":\"Nomination du Premier Ministre et Course aux Minist\u00e8res\"},{\"@type\":\"BreadcrumbList\",\"@id\":\"https:\/\/www.africa-press.net\/madagascar\/politique\/nomination-du-premier-ministre-et-course-aux-ministeres#breadcrumb\",\"itemListElement\":[{\"@type\":\"ListItem\",\"position\":1,\"name\":\"Accueil\",\"item\":\"https:\/\/www.africa-press.net\/madagascar\/\"},{\"@type\":\"ListItem\",\"position\":2,\"name\":\"Nomination du Premier Ministre et Course aux Minist\u00e8res\"}]},{\"@type\":\"WebSite\",\"@id\":\"https:\/\/www.africa-press.net\/madagascar\/#website\",\"url\":\"https:\/\/www.africa-press.net\/madagascar\/\",\"name\":\"Madagascar\",\"description\":\"Just another Africa News Agency Sites site\",\"potentialAction\":[{\"@type\":\"SearchAction\",\"target\":{\"@type\":\"EntryPoint\",\"urlTemplate\":\"https:\/\/www.africa-press.net\/madagascar\/?s={search_term_string}\"},\"query-input\":{\"@type\":\"PropertyValueSpecification\",\"valueRequired\":true,\"valueName\":\"search_term_string\"}}],\"inLanguage\":\"fr-FR\"},{\"@type\":\"Person\",\"@id\":\"https:\/\/www.africa-press.net\/madagascar\/#\/schema\/person\/2b1cf3cd81a31e3cd26889ca66d677f1\",\"name\":\"cfeditorfr\"}]}<\/script>\n<!-- \/ Yoast SEO Premium plugin. -->","yoast_head_json":{"title":"Nomination du Premier Ministre et Course aux Minist\u00e8res - Madagascar","description":"Plusieurs noms sont actuellement cite\u0301s pour le poste de Premier ministre: Tahina Razafinjoelina, ancien candidat a\u0300 la ...","robots":{"index":"index","follow":"follow","max-snippet":"max-snippet:-1","max-image-preview":"max-image-preview:large","max-video-preview":"max-video-preview:-1"},"canonical":"https:\/\/www.africa-press.net\/madagascar\/politique\/nomination-du-premier-ministre-et-course-aux-ministeres","og_locale":"fr_FR","og_type":"article","og_title":"Nomination du Premier Ministre et Course aux Minist\u00e8res","og_description":"Plusieurs noms sont actuellement cite\u0301s pour le poste de Premier ministre: Tahina Razafinjoelina, ancien candidat a\u0300 la ...","og_url":"https:\/\/www.africa-press.net\/madagascar\/politique\/nomination-du-premier-ministre-et-course-aux-ministeres","og_site_name":"Madagascar","article_published_time":"2026-03-13T13:20:00+00:00","article_modified_time":"2026-03-13T19:17:22+00:00","og_image":[{"width":755,"height":396,"url":"https:\/\/static.africa-press.net\/madagascar\/sites\/56\/2026\/03\/sm_1773416808.082664.jpg","type":"image\/jpeg"}],"author":"cfeditorfr","twitter_card":"summary_large_image","twitter_misc":{"\u00c9crit par":"cfeditorfr","Dur\u00e9e de lecture estim\u00e9e":"2 minutes"},"schema":{"@context":"https:\/\/schema.org","@graph":[{"@type":"Article","@id":"https:\/\/www.africa-press.net\/madagascar\/politique\/nomination-du-premier-ministre-et-course-aux-ministeres#article","isPartOf":{"@id":"https:\/\/www.africa-press.net\/madagascar\/politique\/nomination-du-premier-ministre-et-course-aux-ministeres"},"author":{"name":"cfeditorfr","@id":"https:\/\/www.africa-press.net\/madagascar\/#\/schema\/person\/2b1cf3cd81a31e3cd26889ca66d677f1"},"headline":"Nomination du Premier Ministre et Course aux Minist\u00e8res","datePublished":"2026-03-13T13:20:00+00:00","dateModified":"2026-03-13T19:17:22+00:00","mainEntityOfPage":{"@id":"https:\/\/www.africa-press.net\/madagascar\/politique\/nomination-du-premier-ministre-et-course-aux-ministeres"},"wordCount":376,"commentCount":0,"image":{"@id":"https:\/\/www.africa-press.net\/madagascar\/politique\/nomination-du-premier-ministre-et-course-aux-ministeres#primaryimage"},"thumbnailUrl":"https:\/\/static.africa-press.net\/madagascar\/sites\/56\/2026\/03\/sm_1773416808.082664.jpg","keywords":["Madagascar"],"articleSection":["Politique","Top Nouvelles","Toutes les actualit\u00e9s"],"inLanguage":"fr-FR","potentialAction":[{"@type":"CommentAction","name":"Comment","target":["https:\/\/www.africa-press.net\/madagascar\/politique\/nomination-du-premier-ministre-et-course-aux-ministeres#respond"]}]},{"@type":"WebPage","@id":"https:\/\/www.africa-press.net\/madagascar\/politique\/nomination-du-premier-ministre-et-course-aux-ministeres","url":"https:\/\/www.africa-press.net\/madagascar\/politique\/nomination-du-premier-ministre-et-course-aux-ministeres","name":"Nomination du Premier Ministre et Course aux Minist\u00e8res - Madagascar","isPartOf":{"@id":"https:\/\/www.africa-press.net\/madagascar\/#website"},"primaryImageOfPage":{"@id":"https:\/\/www.africa-press.net\/madagascar\/politique\/nomination-du-premier-ministre-et-course-aux-ministeres#primaryimage"},"image":{"@id":"https:\/\/www.africa-press.net\/madagascar\/politique\/nomination-du-premier-ministre-et-course-aux-ministeres#primaryimage"},"thumbnailUrl":"https:\/\/static.africa-press.net\/madagascar\/sites\/56\/2026\/03\/sm_1773416808.082664.jpg","datePublished":"2026-03-13T13:20:00+00:00","dateModified":"2026-03-13T19:17:22+00:00","author":{"@id":"https:\/\/www.africa-press.net\/madagascar\/#\/schema\/person\/2b1cf3cd81a31e3cd26889ca66d677f1"},"description":"Plusieurs noms sont actuellement cite\u0301s pour le poste de Premier ministre: Tahina Razafinjoelina, ancien candidat a\u0300 la ...","breadcrumb":{"@id":"https:\/\/www.africa-press.net\/madagascar\/politique\/nomination-du-premier-ministre-et-course-aux-ministeres#breadcrumb"},"inLanguage":"fr-FR","potentialAction":[{"@type":"ReadAction","target":["https:\/\/www.africa-press.net\/madagascar\/politique\/nomination-du-premier-ministre-et-course-aux-ministeres"]}]},{"@type":"ImageObject","inLanguage":"fr-FR","@id":"https:\/\/www.africa-press.net\/madagascar\/politique\/nomination-du-premier-ministre-et-course-aux-ministeres#primaryimage","url":"https:\/\/static.africa-press.net\/madagascar\/sites\/56\/2026\/03\/sm_1773416808.082664.jpg","contentUrl":"https:\/\/static.africa-press.net\/madagascar\/sites\/56\/2026\/03\/sm_1773416808.082664.jpg","width":755,"height":396,"caption":"Nomination du Premier Ministre et Course aux Minist\u00e8res"},{"@type":"BreadcrumbList","@id":"https:\/\/www.africa-press.net\/madagascar\/politique\/nomination-du-premier-ministre-et-course-aux-ministeres#breadcrumb","itemListElement":[{"@type":"ListItem","position":1,"name":"Accueil","item":"https:\/\/www.africa-press.net\/madagascar\/"},{"@type":"ListItem","position":2,"name":"Nomination du Premier Ministre et Course aux Minist\u00e8res"}]},{"@type":"WebSite","@id":"https:\/\/www.africa-press.net\/madagascar\/#website","url":"https:\/\/www.africa-press.net\/madagascar\/","name":"Madagascar","description":"Just another Africa News Agency Sites site","potentialAction":[{"@type":"SearchAction","target":{"@type":"EntryPoint","urlTemplate":"https:\/\/www.africa-press.net\/madagascar\/?s={search_term_string}"},"query-input":{"@type":"PropertyValueSpecification","valueRequired":true,"valueName":"search_term_string"}}],"inLanguage":"fr-FR"},{"@type":"Person","@id":"https:\/\/www.africa-press.net\/madagascar\/#\/schema\/person\/2b1cf3cd81a31e3cd26889ca66d677f1","name":"cfeditorfr"}]}},"_links":{"self":[{"href":"https:\/\/www.africa-press.net\/madagascar\/wp-json\/wp\/v2\/posts\/41889","targetHints":{"allow":["GET"]}}],"collection":[{"href":"https:\/\/www.africa-press.net\/madagascar\/wp-json\/wp\/v2\/posts"}],"about":[{"href":"https:\/\/www.africa-press.net\/madagascar\/wp-json\/wp\/v2\/types\/post"}],"author":[{"embeddable":true,"href":"https:\/\/www.africa-press.net\/madagascar\/wp-json\/wp\/v2\/users\/82"}],"replies":[{"embeddable":true,"href":"https:\/\/www.africa-press.net\/madagascar\/wp-json\/wp\/v2\/comments?post=41889"}],"version-history":[{"count":0,"href":"https:\/\/www.africa-press.net\/madagascar\/wp-json\/wp\/v2\/posts\/41889\/revisions"}],"wp:featuredmedia":[{"embeddable":true,"href":"https:\/\/www.africa-press.net\/madagascar\/wp-json\/wp\/v2\/media\/41888"}],"wp:attachment":[{"href":"https:\/\/www.africa-press.net\/madagascar\/wp-json\/wp\/v2\/media?parent=41889"}],"wp:term":[{"taxonomy":"category","embeddable":true,"href":"https:\/\/www.africa-press.net\/madagascar\/wp-json\/wp\/v2\/categories?post=41889"},{"taxonomy":"post_tag","embeddable":true,"href":"https:\/\/www.africa-press.net\/madagascar\/wp-json\/wp\/v2\/tags?post=41889"}],"curies":[{"name":"wp","href":"https:\/\/api.w.org\/{rel}","templated":true}]}}