{"id":41891,"date":"2026-03-13T12:10:00","date_gmt":"2026-03-13T12:10:00","guid":{"rendered":"https:\/\/www.africa-press.net\/madagascar\/politique\/herintsalama-rajaonarivelo-accepte-la-fin-de-ses-fonctions"},"modified":"2026-03-13T19:18:11","modified_gmt":"2026-03-13T19:18:11","slug":"herintsalama-rajaonarivelo-accepte-la-fin-de-ses-fonctions","status":"publish","type":"post","link":"https:\/\/www.africa-press.net\/madagascar\/politique\/herintsalama-rajaonarivelo-accepte-la-fin-de-ses-fonctions","title":{"rendered":"Herintsalama Rajaonarivelo Accepte la Fin de Ses Fonctions"},"content":{"rendered":"<p><span style=\"color: #ff6600\"><strong>Africa-Press &#8211; Madagascar. <\/strong><\/span>L\u2019ancien Premier ministre de la Refondation, Herintsalama Rajaonarivelo, a re\u0301agi publiquement apre\u0300s la de\u0301cision mettant fin a\u0300 ses fonctions a\u0300 la te\u0302te du gouvernement.<\/p>\n<p>Dans un communique\u0301 publie\u0301 hier, l\u2019ancien chef du gouvernement affirme qu\u2019il \u00ab accepte sereinement et sans re\u0301serve \u00bb la de\u0301cision pre\u0301sidentielle. Une re\u0301action salue\u0301e par de nombreuses personnalite\u0301s et d\u2019observateurs politiques.<\/p>\n<p>La nomination d\u2019Herintsalama Rajaonarivelo au poste de Premier ministre est intervenue au mois d\u2019octobre, trois jours apre\u0300s la prestation de serment du colonel Michae\u0308l Randrianirina, pre\u0301sident de la Refondation de la Re\u0301publique. \u00ab Il a e\u0301te\u0301 choisi pour diverses raisons dont ses compe\u0301tences et expe\u0301rience, notamment en matie\u0300re de relations avec les bailleurs de fonds \u00bb, a indique\u0301 le Colonel Michae\u0308l Randrianirina lors de sa nomination.<\/p>\n<p>Mais a\u0300 peine la nomination annonce\u0301e, les premie\u0300res critiques n\u2019ont pas tarde\u0301 a\u0300 e\u0301merger. Dans plusieurs rangs politiques, on a de\u0301plore\u0301 un manque de concertation autour de la de\u0301cision pre\u0301sidentielle. Le Premier ministre Herintsalama Rajaonarivelo faisait e\u0301galement l\u2019objet de critiques de la Gen Z. On lui reproche notamment sa proximite\u0301 avec des hommes d\u2019affaires devenus figures politiques, dans un syste\u0300me ou\u0300 la frontie\u0300re entre l\u2019E\u0301tat et les inte\u0301re\u0302ts prive\u0301s n\u2019existe plus.<\/p>\n<p><strong>Pour plus d&rsquo;informations et d&rsquo;analyses sur la <span style=\"color: #ff6600\">Madagascar<\/span>, suivez <span style=\"color: #ff6600\">Africa-Press<\/span><\/strong><\/p>\n","protected":false},"excerpt":{"rendered":"<p>Africa-Press &#8211; Madagascar. L\u2019ancien Premier ministre de la Refondation, Herintsalama Rajaonarivelo, a re\u0301agi publiquement apre\u0300s la de\u0301cision mettant fin a\u0300 ses fonctions a\u0300 la te\u0302te du gouvernement. Dans un communique\u0301 publie\u0301 hier, l\u2019ancien chef du gouvernement affirme qu\u2019il \u00ab accepte sereinement et sans re\u0301serve \u00bb la de\u0301cision pre\u0301sidentielle. Une re\u0301action salue\u0301e par de nombreuses personnalite\u0301s [&hellip;]<\/p>\n","protected":false},"author":82,"featured_media":41890,"comment_status":"open","ping_status":"closed","sticky":false,"template":"","format":"standard","meta":{"footnotes":""},"categories":[2,10],"tags":[49],"class_list":["post-41891","post","type-post","status-publish","format-standard","has-post-thumbnail","hentry","category-politique","category-toutes-les-actualites","tag-madagascar"],"yoast_head":"<!-- This site is optimized with the Yoast SEO Premium plugin v26.1 (Yoast SEO v27.0) - https:\/\/yoast.com\/product\/yoast-seo-premium-wordpress\/ -->\n<title>Herintsalama Rajaonarivelo Accepte la Fin de Ses Fonctions - Madagascar<\/title>\n<meta name=\"description\" content=\"L\u2019ancien Premier ministre de la Refondation, Herintsalama Rajaonarivelo, a re\u0301agi publiquement apre\u0300s la de\u0301cision metta ...\" \/>\n<meta name=\"robots\" content=\"index, follow, max-snippet:-1, max-image-preview:large, max-video-preview:-1\" \/>\n<link rel=\"canonical\" href=\"https:\/\/www.africa-press.net\/madagascar\/politique\/herintsalama-rajaonarivelo-accepte-la-fin-de-ses-fonctions\" \/>\n<meta property=\"og:locale\" content=\"fr_FR\" \/>\n<meta property=\"og:type\" content=\"article\" \/>\n<meta property=\"og:title\" content=\"Herintsalama Rajaonarivelo Accepte la Fin de Ses Fonctions\" \/>\n<meta property=\"og:description\" content=\"L\u2019ancien Premier ministre de la Refondation, Herintsalama Rajaonarivelo, a re\u0301agi publiquement apre\u0300s la de\u0301cision metta ...\" \/>\n<meta property=\"og:url\" content=\"https:\/\/www.africa-press.net\/madagascar\/politique\/herintsalama-rajaonarivelo-accepte-la-fin-de-ses-fonctions\" \/>\n<meta property=\"og:site_name\" content=\"Madagascar\" \/>\n<meta property=\"article:published_time\" content=\"2026-03-13T12:10:00+00:00\" \/>\n<meta property=\"article:modified_time\" content=\"2026-03-13T19:18:11+00:00\" \/>\n<meta property=\"og:image\" content=\"https:\/\/static.africa-press.net\/madagascar\/sites\/56\/2026\/03\/sm_1773416822.483534.jpg\" \/>\n\t<meta property=\"og:image:width\" content=\"755\" \/>\n\t<meta property=\"og:image:height\" content=\"396\" \/>\n\t<meta property=\"og:image:type\" content=\"image\/jpeg\" \/>\n<meta name=\"author\" content=\"cfeditorfr\" \/>\n<meta name=\"twitter:card\" content=\"summary_large_image\" \/>\n<meta name=\"twitter:label1\" content=\"\u00c9crit par\" \/>\n\t<meta name=\"twitter:data1\" content=\"cfeditorfr\" \/>\n\t<meta name=\"twitter:label2\" content=\"Dur\u00e9e de lecture estim\u00e9e\" \/>\n\t<meta name=\"twitter:data2\" content=\"2 minutes\" \/>\n<script type=\"application\/ld+json\" class=\"yoast-schema-graph\">{\"@context\":\"https:\/\/schema.org\",\"@graph\":[{\"@type\":\"Article\",\"@id\":\"https:\/\/www.africa-press.net\/madagascar\/politique\/herintsalama-rajaonarivelo-accepte-la-fin-de-ses-fonctions#article\",\"isPartOf\":{\"@id\":\"https:\/\/www.africa-press.net\/madagascar\/politique\/herintsalama-rajaonarivelo-accepte-la-fin-de-ses-fonctions\"},\"author\":{\"name\":\"cfeditorfr\",\"@id\":\"https:\/\/www.africa-press.net\/madagascar\/#\/schema\/person\/2b1cf3cd81a31e3cd26889ca66d677f1\"},\"headline\":\"Herintsalama Rajaonarivelo Accepte la Fin de Ses Fonctions\",\"datePublished\":\"2026-03-13T12:10:00+00:00\",\"dateModified\":\"2026-03-13T19:18:11+00:00\",\"mainEntityOfPage\":{\"@id\":\"https:\/\/www.africa-press.net\/madagascar\/politique\/herintsalama-rajaonarivelo-accepte-la-fin-de-ses-fonctions\"},\"wordCount\":254,\"commentCount\":0,\"image\":{\"@id\":\"https:\/\/www.africa-press.net\/madagascar\/politique\/herintsalama-rajaonarivelo-accepte-la-fin-de-ses-fonctions#primaryimage\"},\"thumbnailUrl\":\"https:\/\/static.africa-press.net\/madagascar\/sites\/56\/2026\/03\/sm_1773416822.483534.jpg\",\"keywords\":[\"Madagascar\"],\"articleSection\":[\"Politique\",\"Toutes les actualit\u00e9s\"],\"inLanguage\":\"fr-FR\",\"potentialAction\":[{\"@type\":\"CommentAction\",\"name\":\"Comment\",\"target\":[\"https:\/\/www.africa-press.net\/madagascar\/politique\/herintsalama-rajaonarivelo-accepte-la-fin-de-ses-fonctions#respond\"]}]},{\"@type\":\"WebPage\",\"@id\":\"https:\/\/www.africa-press.net\/madagascar\/politique\/herintsalama-rajaonarivelo-accepte-la-fin-de-ses-fonctions\",\"url\":\"https:\/\/www.africa-press.net\/madagascar\/politique\/herintsalama-rajaonarivelo-accepte-la-fin-de-ses-fonctions\",\"name\":\"Herintsalama Rajaonarivelo Accepte la Fin de Ses Fonctions - Madagascar\",\"isPartOf\":{\"@id\":\"https:\/\/www.africa-press.net\/madagascar\/#website\"},\"primaryImageOfPage\":{\"@id\":\"https:\/\/www.africa-press.net\/madagascar\/politique\/herintsalama-rajaonarivelo-accepte-la-fin-de-ses-fonctions#primaryimage\"},\"image\":{\"@id\":\"https:\/\/www.africa-press.net\/madagascar\/politique\/herintsalama-rajaonarivelo-accepte-la-fin-de-ses-fonctions#primaryimage\"},\"thumbnailUrl\":\"https:\/\/static.africa-press.net\/madagascar\/sites\/56\/2026\/03\/sm_1773416822.483534.jpg\",\"datePublished\":\"2026-03-13T12:10:00+00:00\",\"dateModified\":\"2026-03-13T19:18:11+00:00\",\"author\":{\"@id\":\"https:\/\/www.africa-press.net\/madagascar\/#\/schema\/person\/2b1cf3cd81a31e3cd26889ca66d677f1\"},\"description\":\"L\u2019ancien Premier ministre de la Refondation, Herintsalama Rajaonarivelo, a re\u0301agi publiquement apre\u0300s la de\u0301cision metta ...\",\"breadcrumb\":{\"@id\":\"https:\/\/www.africa-press.net\/madagascar\/politique\/herintsalama-rajaonarivelo-accepte-la-fin-de-ses-fonctions#breadcrumb\"},\"inLanguage\":\"fr-FR\",\"potentialAction\":[{\"@type\":\"ReadAction\",\"target\":[\"https:\/\/www.africa-press.net\/madagascar\/politique\/herintsalama-rajaonarivelo-accepte-la-fin-de-ses-fonctions\"]}]},{\"@type\":\"ImageObject\",\"inLanguage\":\"fr-FR\",\"@id\":\"https:\/\/www.africa-press.net\/madagascar\/politique\/herintsalama-rajaonarivelo-accepte-la-fin-de-ses-fonctions#primaryimage\",\"url\":\"https:\/\/static.africa-press.net\/madagascar\/sites\/56\/2026\/03\/sm_1773416822.483534.jpg\",\"contentUrl\":\"https:\/\/static.africa-press.net\/madagascar\/sites\/56\/2026\/03\/sm_1773416822.483534.jpg\",\"width\":755,\"height\":396,\"caption\":\"Herintsalama Rajaonarivelo Accepte la Fin de Ses Fonctions\"},{\"@type\":\"BreadcrumbList\",\"@id\":\"https:\/\/www.africa-press.net\/madagascar\/politique\/herintsalama-rajaonarivelo-accepte-la-fin-de-ses-fonctions#breadcrumb\",\"itemListElement\":[{\"@type\":\"ListItem\",\"position\":1,\"name\":\"Accueil\",\"item\":\"https:\/\/www.africa-press.net\/madagascar\/\"},{\"@type\":\"ListItem\",\"position\":2,\"name\":\"Herintsalama Rajaonarivelo Accepte la Fin de Ses Fonctions\"}]},{\"@type\":\"WebSite\",\"@id\":\"https:\/\/www.africa-press.net\/madagascar\/#website\",\"url\":\"https:\/\/www.africa-press.net\/madagascar\/\",\"name\":\"Madagascar\",\"description\":\"Just another Africa News Agency Sites site\",\"potentialAction\":[{\"@type\":\"SearchAction\",\"target\":{\"@type\":\"EntryPoint\",\"urlTemplate\":\"https:\/\/www.africa-press.net\/madagascar\/?s={search_term_string}\"},\"query-input\":{\"@type\":\"PropertyValueSpecification\",\"valueRequired\":true,\"valueName\":\"search_term_string\"}}],\"inLanguage\":\"fr-FR\"},{\"@type\":\"Person\",\"@id\":\"https:\/\/www.africa-press.net\/madagascar\/#\/schema\/person\/2b1cf3cd81a31e3cd26889ca66d677f1\",\"name\":\"cfeditorfr\"}]}<\/script>\n<!-- \/ Yoast SEO Premium plugin. -->","yoast_head_json":{"title":"Herintsalama Rajaonarivelo Accepte la Fin de Ses Fonctions - Madagascar","description":"L\u2019ancien Premier ministre de la Refondation, Herintsalama Rajaonarivelo, a re\u0301agi publiquement apre\u0300s la de\u0301cision metta ...","robots":{"index":"index","follow":"follow","max-snippet":"max-snippet:-1","max-image-preview":"max-image-preview:large","max-video-preview":"max-video-preview:-1"},"canonical":"https:\/\/www.africa-press.net\/madagascar\/politique\/herintsalama-rajaonarivelo-accepte-la-fin-de-ses-fonctions","og_locale":"fr_FR","og_type":"article","og_title":"Herintsalama Rajaonarivelo Accepte la Fin de Ses Fonctions","og_description":"L\u2019ancien Premier ministre de la Refondation, Herintsalama Rajaonarivelo, a re\u0301agi publiquement apre\u0300s la de\u0301cision metta ...","og_url":"https:\/\/www.africa-press.net\/madagascar\/politique\/herintsalama-rajaonarivelo-accepte-la-fin-de-ses-fonctions","og_site_name":"Madagascar","article_published_time":"2026-03-13T12:10:00+00:00","article_modified_time":"2026-03-13T19:18:11+00:00","og_image":[{"width":755,"height":396,"url":"https:\/\/static.africa-press.net\/madagascar\/sites\/56\/2026\/03\/sm_1773416822.483534.jpg","type":"image\/jpeg"}],"author":"cfeditorfr","twitter_card":"summary_large_image","twitter_misc":{"\u00c9crit par":"cfeditorfr","Dur\u00e9e de lecture estim\u00e9e":"2 minutes"},"schema":{"@context":"https:\/\/schema.org","@graph":[{"@type":"Article","@id":"https:\/\/www.africa-press.net\/madagascar\/politique\/herintsalama-rajaonarivelo-accepte-la-fin-de-ses-fonctions#article","isPartOf":{"@id":"https:\/\/www.africa-press.net\/madagascar\/politique\/herintsalama-rajaonarivelo-accepte-la-fin-de-ses-fonctions"},"author":{"name":"cfeditorfr","@id":"https:\/\/www.africa-press.net\/madagascar\/#\/schema\/person\/2b1cf3cd81a31e3cd26889ca66d677f1"},"headline":"Herintsalama Rajaonarivelo Accepte la Fin de Ses Fonctions","datePublished":"2026-03-13T12:10:00+00:00","dateModified":"2026-03-13T19:18:11+00:00","mainEntityOfPage":{"@id":"https:\/\/www.africa-press.net\/madagascar\/politique\/herintsalama-rajaonarivelo-accepte-la-fin-de-ses-fonctions"},"wordCount":254,"commentCount":0,"image":{"@id":"https:\/\/www.africa-press.net\/madagascar\/politique\/herintsalama-rajaonarivelo-accepte-la-fin-de-ses-fonctions#primaryimage"},"thumbnailUrl":"https:\/\/static.africa-press.net\/madagascar\/sites\/56\/2026\/03\/sm_1773416822.483534.jpg","keywords":["Madagascar"],"articleSection":["Politique","Toutes les actualit\u00e9s"],"inLanguage":"fr-FR","potentialAction":[{"@type":"CommentAction","name":"Comment","target":["https:\/\/www.africa-press.net\/madagascar\/politique\/herintsalama-rajaonarivelo-accepte-la-fin-de-ses-fonctions#respond"]}]},{"@type":"WebPage","@id":"https:\/\/www.africa-press.net\/madagascar\/politique\/herintsalama-rajaonarivelo-accepte-la-fin-de-ses-fonctions","url":"https:\/\/www.africa-press.net\/madagascar\/politique\/herintsalama-rajaonarivelo-accepte-la-fin-de-ses-fonctions","name":"Herintsalama Rajaonarivelo Accepte la Fin de Ses Fonctions - Madagascar","isPartOf":{"@id":"https:\/\/www.africa-press.net\/madagascar\/#website"},"primaryImageOfPage":{"@id":"https:\/\/www.africa-press.net\/madagascar\/politique\/herintsalama-rajaonarivelo-accepte-la-fin-de-ses-fonctions#primaryimage"},"image":{"@id":"https:\/\/www.africa-press.net\/madagascar\/politique\/herintsalama-rajaonarivelo-accepte-la-fin-de-ses-fonctions#primaryimage"},"thumbnailUrl":"https:\/\/static.africa-press.net\/madagascar\/sites\/56\/2026\/03\/sm_1773416822.483534.jpg","datePublished":"2026-03-13T12:10:00+00:00","dateModified":"2026-03-13T19:18:11+00:00","author":{"@id":"https:\/\/www.africa-press.net\/madagascar\/#\/schema\/person\/2b1cf3cd81a31e3cd26889ca66d677f1"},"description":"L\u2019ancien Premier ministre de la Refondation, Herintsalama Rajaonarivelo, a re\u0301agi publiquement apre\u0300s la de\u0301cision metta ...","breadcrumb":{"@id":"https:\/\/www.africa-press.net\/madagascar\/politique\/herintsalama-rajaonarivelo-accepte-la-fin-de-ses-fonctions#breadcrumb"},"inLanguage":"fr-FR","potentialAction":[{"@type":"ReadAction","target":["https:\/\/www.africa-press.net\/madagascar\/politique\/herintsalama-rajaonarivelo-accepte-la-fin-de-ses-fonctions"]}]},{"@type":"ImageObject","inLanguage":"fr-FR","@id":"https:\/\/www.africa-press.net\/madagascar\/politique\/herintsalama-rajaonarivelo-accepte-la-fin-de-ses-fonctions#primaryimage","url":"https:\/\/static.africa-press.net\/madagascar\/sites\/56\/2026\/03\/sm_1773416822.483534.jpg","contentUrl":"https:\/\/static.africa-press.net\/madagascar\/sites\/56\/2026\/03\/sm_1773416822.483534.jpg","width":755,"height":396,"caption":"Herintsalama Rajaonarivelo Accepte la Fin de Ses Fonctions"},{"@type":"BreadcrumbList","@id":"https:\/\/www.africa-press.net\/madagascar\/politique\/herintsalama-rajaonarivelo-accepte-la-fin-de-ses-fonctions#breadcrumb","itemListElement":[{"@type":"ListItem","position":1,"name":"Accueil","item":"https:\/\/www.africa-press.net\/madagascar\/"},{"@type":"ListItem","position":2,"name":"Herintsalama Rajaonarivelo Accepte la Fin de Ses Fonctions"}]},{"@type":"WebSite","@id":"https:\/\/www.africa-press.net\/madagascar\/#website","url":"https:\/\/www.africa-press.net\/madagascar\/","name":"Madagascar","description":"Just another Africa News Agency Sites site","potentialAction":[{"@type":"SearchAction","target":{"@type":"EntryPoint","urlTemplate":"https:\/\/www.africa-press.net\/madagascar\/?s={search_term_string}"},"query-input":{"@type":"PropertyValueSpecification","valueRequired":true,"valueName":"search_term_string"}}],"inLanguage":"fr-FR"},{"@type":"Person","@id":"https:\/\/www.africa-press.net\/madagascar\/#\/schema\/person\/2b1cf3cd81a31e3cd26889ca66d677f1","name":"cfeditorfr"}]}},"_links":{"self":[{"href":"https:\/\/www.africa-press.net\/madagascar\/wp-json\/wp\/v2\/posts\/41891","targetHints":{"allow":["GET"]}}],"collection":[{"href":"https:\/\/www.africa-press.net\/madagascar\/wp-json\/wp\/v2\/posts"}],"about":[{"href":"https:\/\/www.africa-press.net\/madagascar\/wp-json\/wp\/v2\/types\/post"}],"author":[{"embeddable":true,"href":"https:\/\/www.africa-press.net\/madagascar\/wp-json\/wp\/v2\/users\/82"}],"replies":[{"embeddable":true,"href":"https:\/\/www.africa-press.net\/madagascar\/wp-json\/wp\/v2\/comments?post=41891"}],"version-history":[{"count":0,"href":"https:\/\/www.africa-press.net\/madagascar\/wp-json\/wp\/v2\/posts\/41891\/revisions"}],"wp:featuredmedia":[{"embeddable":true,"href":"https:\/\/www.africa-press.net\/madagascar\/wp-json\/wp\/v2\/media\/41890"}],"wp:attachment":[{"href":"https:\/\/www.africa-press.net\/madagascar\/wp-json\/wp\/v2\/media?parent=41891"}],"wp:term":[{"taxonomy":"category","embeddable":true,"href":"https:\/\/www.africa-press.net\/madagascar\/wp-json\/wp\/v2\/categories?post=41891"},{"taxonomy":"post_tag","embeddable":true,"href":"https:\/\/www.africa-press.net\/madagascar\/wp-json\/wp\/v2\/tags?post=41891"}],"curies":[{"name":"wp","href":"https:\/\/api.w.org\/{rel}","templated":true}]}}