{"id":41921,"date":"2026-03-14T14:00:00","date_gmt":"2026-03-14T14:00:00","guid":{"rendered":"https:\/\/www.africa-press.net\/madagascar\/politique\/conseil-de-paix-appelle-au-respect-du-calendrier"},"modified":"2026-03-15T23:18:29","modified_gmt":"2026-03-15T23:18:29","slug":"conseil-de-paix-appelle-au-respect-du-calendrier","status":"publish","type":"post","link":"https:\/\/www.africa-press.net\/madagascar\/politique\/conseil-de-paix-appelle-au-respect-du-calendrier","title":{"rendered":"Conseil de Paix Appelle au Respect du Calendrier"},"content":{"rendered":"<p><span style=\"color: #ff6600\"><strong>Africa-Press &#8211; Madagascar. <\/strong><\/span>La situation politique a\u0300 Madagascar continue de retenir l\u2019attention de l\u2019Union africaine. Re\u0301uni le 10 mars lors de sa 1335e session, le Conseil de paix et de se\u0301curite\u0301 (CPS) de l\u2019organisation continentale a examine\u0301 l\u2019e\u0301volution de la transition dans la Grande i\u0302le et formule\u0301 plusieurs recommandations aux autorite\u0301s malgaches.<\/p>\n<p>La re\u0301union, consacre\u0301e a\u0300 un point de situation sur Madagascar, e\u0301tait pre\u0301side\u0301e par l\u2019ambassadeur Almon Mahlaba Mamba d\u2019Eswatini. Plusieurs responsables africains et partenaires re\u0301gionaux ont pris part aux discussions afin d\u2019e\u0301valuer les perspectives du processus de transition engage\u0301 dans le pays.<\/p>\n<p>Au cours de la session, Bankole Adeoye, commissaire de l\u2019Union africaine charge\u0301 des Affaires politiques, de la paix et de la se\u0301curite\u0301, a insiste\u0301 sur la ne\u0301cessite\u0301 de respecter les de\u0301lais fixe\u0301s dans la feuille de route de la transition. Selon lui, le respect du calendrier constitue un e\u0301le\u0301ment de\u0301terminant pour garantir le retour a\u0300 un ordre constitutionnel stable.<\/p>\n<p>Le responsable de l\u2019Union africaine a e\u0301galement mis l\u2019accent sur la ne\u0301cessite\u0301 de conduire le processus politique dans un esprit d\u2019inclusivite\u0301, de pluralisme et de transparence. Pour l\u2019organisation continentale, ces principes doivent guider les diffe\u0301rentes e\u0301tapes de la transition afin de renforcer la cre\u0301dibilite\u0301 du processus et la confiance des citoyens.<\/p>\n<p>Dans son intervention, Bankole Adeoye a par ailleurs exprime\u0301 des pre\u0301occupations concernant les risques d\u2019auto-succession, une question sensible dans plusieurs transitions politiques sur le continent. Il a e\u0301galement appele\u0301 a\u0300 renforcer la coope\u0301ration entre l\u2019Union africaine et la Communaute\u0301 de de\u0301veloppement de l\u2019Afrique australe (SADC) afin d\u2019accompagner efficacement Madagascar dans cette phase politique de\u0301licate.<\/p>\n<p>La re\u0301union a e\u0301galement donne\u0301 la parole a\u0300 Mohamed Idriss Farah, envoye\u0301 spe\u0301cial de l\u2019Union africaine pour Madagascar. Celui-ci a pre\u0301sente\u0301 aux membres du Conseil une mise a\u0300 jour sur la situation politique et institutionnelle du pays, ainsi que sur les de\u0301fis lie\u0301s a\u0300 la transition en cours.<\/p>\n<p>Par ailleurs, le repre\u0301sentant du Malawi, qui pre\u0301side actuellement l\u2019Organe de coope\u0301ration en matie\u0300re de politique, de de\u0301fense et de se\u0301curite\u0301 de la SADC, est intervenu lors de la session. Cette participation souligne l\u2019implication des organisations re\u0301gionales dans le suivi du processus politique malgache et la volonte\u0301 de coordonner les actions en faveur d\u2019une transition re\u0301ussie.<\/p>\n<p>A\u0300 l\u2019issue de la re\u0301union, le Conseil de paix et de se\u0301curite\u0301 a encourage\u0301 les autorite\u0301s malgaches a\u0300 coope\u0301rer pleinement avec l\u2019Union africaine et la SADC. Cette collaboration est juge\u0301e essentielle pour assurer l\u2019accompagnement du processus politique et faciliter la mise en \u0153uvre des re\u0301formes pre\u0301vues dans la feuille de route de transition.<\/p>\n<p>Le CPS a e\u0301galement lance\u0301 un appel a\u0300 la libe\u0301ration sans condition de tous les de\u0301tenus politiques, estimant que cette mesure pourrait contribuer a\u0300 apaiser les tensions et favoriser un dialogue politique plus large.<\/p>\n<p>Enfin, l\u2019organisation continentale insiste sur la ne\u0301cessite\u0301 d\u2019une coordination renforce\u0301e entre l\u2019Union africaine, la SADC, la Commission de l\u2019oce\u0301an Indien (COI) et les partenaires internationaux. Cette coope\u0301ration vise a\u0300 soutenir Madagascar dans la gestion de sa transition et a\u0300 encourager le retour a\u0300 un ordre constitutionnel reconnu.<\/p>\n<p>Le Conseil de paix et de se\u0301curite\u0301 a e\u0301galement appele\u0301 a\u0300 un soutien humanitaire accru en faveur du pays, confronte\u0301 a\u0300 des de\u0301fis socio-e\u0301conomiques importants. Par cette re\u0301union, l\u2019Union africaine re\u0301affirme sa volonte\u0301 de suivre de pre\u0300s l\u2019e\u0301volution de la situation politique a\u0300 Madagascar et de contribuer, aux co\u0302te\u0301s des partenaires re\u0301gionaux, a\u0300 une transition stable et inclusive.<\/p>\n<p><strong>Pour plus d&rsquo;informations et d&rsquo;analyses sur la <span style=\"color: #ff6600\">Madagascar<\/span>, suivez <span style=\"color: #ff6600\">Africa-Press<\/span><\/strong><\/p>\n","protected":false},"excerpt":{"rendered":"<p>Africa-Press &#8211; Madagascar. La situation politique a\u0300 Madagascar continue de retenir l\u2019attention de l\u2019Union africaine. Re\u0301uni le 10 mars lors de sa 1335e session, le Conseil de paix et de se\u0301curite\u0301 (CPS) de l\u2019organisation continentale a examine\u0301 l\u2019e\u0301volution de la transition dans la Grande i\u0302le et formule\u0301 plusieurs recommandations aux autorite\u0301s malgaches. La re\u0301union, consacre\u0301e [&hellip;]<\/p>\n","protected":false},"author":82,"featured_media":41920,"comment_status":"open","ping_status":"closed","sticky":false,"template":"","format":"standard","meta":{"footnotes":""},"categories":[2,20,10],"tags":[49],"class_list":["post-41921","post","type-post","status-publish","format-standard","has-post-thumbnail","hentry","category-politique","category-top-nouvelles","category-toutes-les-actualites","tag-madagascar"],"yoast_head":"<!-- This site is optimized with the Yoast SEO Premium plugin v26.1 (Yoast SEO v27.0) - https:\/\/yoast.com\/product\/yoast-seo-premium-wordpress\/ -->\n<title>Conseil de Paix Appelle au Respect du Calendrier - Madagascar<\/title>\n<meta name=\"description\" content=\"La situation politique a\u0300 Madagascar continue de retenir l\u2019attention de l\u2019Union africaine. Re\u0301uni le 10 mars lors de sa ...\" \/>\n<meta name=\"robots\" content=\"index, follow, max-snippet:-1, max-image-preview:large, max-video-preview:-1\" \/>\n<link rel=\"canonical\" href=\"https:\/\/www.africa-press.net\/madagascar\/politique\/conseil-de-paix-appelle-au-respect-du-calendrier\" \/>\n<meta property=\"og:locale\" content=\"fr_FR\" \/>\n<meta property=\"og:type\" content=\"article\" \/>\n<meta property=\"og:title\" content=\"Conseil de Paix Appelle au Respect du Calendrier\" \/>\n<meta property=\"og:description\" content=\"La situation politique a\u0300 Madagascar continue de retenir l\u2019attention de l\u2019Union africaine. Re\u0301uni le 10 mars lors de sa ...\" \/>\n<meta property=\"og:url\" content=\"https:\/\/www.africa-press.net\/madagascar\/politique\/conseil-de-paix-appelle-au-respect-du-calendrier\" \/>\n<meta property=\"og:site_name\" content=\"Madagascar\" \/>\n<meta property=\"article:published_time\" content=\"2026-03-14T14:00:00+00:00\" \/>\n<meta property=\"article:modified_time\" content=\"2026-03-15T23:18:29+00:00\" \/>\n<meta property=\"og:image\" content=\"https:\/\/static.africa-press.net\/madagascar\/sites\/56\/2026\/03\/sm_1773519223.692404.jpg\" \/>\n\t<meta property=\"og:image:width\" content=\"1096\" \/>\n\t<meta property=\"og:image:height\" content=\"574\" \/>\n\t<meta property=\"og:image:type\" content=\"image\/jpeg\" \/>\n<meta name=\"author\" content=\"cfeditorfr\" \/>\n<meta name=\"twitter:card\" content=\"summary_large_image\" \/>\n<meta name=\"twitter:label1\" content=\"\u00c9crit par\" \/>\n\t<meta name=\"twitter:data1\" content=\"cfeditorfr\" \/>\n\t<meta name=\"twitter:label2\" content=\"Dur\u00e9e de lecture estim\u00e9e\" \/>\n\t<meta name=\"twitter:data2\" content=\"4 minutes\" \/>\n<script type=\"application\/ld+json\" class=\"yoast-schema-graph\">{\"@context\":\"https:\/\/schema.org\",\"@graph\":[{\"@type\":\"Article\",\"@id\":\"https:\/\/www.africa-press.net\/madagascar\/politique\/conseil-de-paix-appelle-au-respect-du-calendrier#article\",\"isPartOf\":{\"@id\":\"https:\/\/www.africa-press.net\/madagascar\/politique\/conseil-de-paix-appelle-au-respect-du-calendrier\"},\"author\":{\"name\":\"cfeditorfr\",\"@id\":\"https:\/\/www.africa-press.net\/madagascar\/#\/schema\/person\/2b1cf3cd81a31e3cd26889ca66d677f1\"},\"headline\":\"Conseil de Paix Appelle au Respect du Calendrier\",\"datePublished\":\"2026-03-14T14:00:00+00:00\",\"dateModified\":\"2026-03-15T23:18:29+00:00\",\"mainEntityOfPage\":{\"@id\":\"https:\/\/www.africa-press.net\/madagascar\/politique\/conseil-de-paix-appelle-au-respect-du-calendrier\"},\"wordCount\":669,\"commentCount\":0,\"image\":{\"@id\":\"https:\/\/www.africa-press.net\/madagascar\/politique\/conseil-de-paix-appelle-au-respect-du-calendrier#primaryimage\"},\"thumbnailUrl\":\"https:\/\/static.africa-press.net\/madagascar\/sites\/56\/2026\/03\/sm_1773519223.692404.jpg\",\"keywords\":[\"Madagascar\"],\"articleSection\":[\"Politique\",\"Top Nouvelles\",\"Toutes les actualit\u00e9s\"],\"inLanguage\":\"fr-FR\",\"potentialAction\":[{\"@type\":\"CommentAction\",\"name\":\"Comment\",\"target\":[\"https:\/\/www.africa-press.net\/madagascar\/politique\/conseil-de-paix-appelle-au-respect-du-calendrier#respond\"]}]},{\"@type\":\"WebPage\",\"@id\":\"https:\/\/www.africa-press.net\/madagascar\/politique\/conseil-de-paix-appelle-au-respect-du-calendrier\",\"url\":\"https:\/\/www.africa-press.net\/madagascar\/politique\/conseil-de-paix-appelle-au-respect-du-calendrier\",\"name\":\"Conseil de Paix Appelle au Respect du Calendrier - Madagascar\",\"isPartOf\":{\"@id\":\"https:\/\/www.africa-press.net\/madagascar\/#website\"},\"primaryImageOfPage\":{\"@id\":\"https:\/\/www.africa-press.net\/madagascar\/politique\/conseil-de-paix-appelle-au-respect-du-calendrier#primaryimage\"},\"image\":{\"@id\":\"https:\/\/www.africa-press.net\/madagascar\/politique\/conseil-de-paix-appelle-au-respect-du-calendrier#primaryimage\"},\"thumbnailUrl\":\"https:\/\/static.africa-press.net\/madagascar\/sites\/56\/2026\/03\/sm_1773519223.692404.jpg\",\"datePublished\":\"2026-03-14T14:00:00+00:00\",\"dateModified\":\"2026-03-15T23:18:29+00:00\",\"author\":{\"@id\":\"https:\/\/www.africa-press.net\/madagascar\/#\/schema\/person\/2b1cf3cd81a31e3cd26889ca66d677f1\"},\"description\":\"La situation politique a\u0300 Madagascar continue de retenir l\u2019attention de l\u2019Union africaine. Re\u0301uni le 10 mars lors de sa ...\",\"breadcrumb\":{\"@id\":\"https:\/\/www.africa-press.net\/madagascar\/politique\/conseil-de-paix-appelle-au-respect-du-calendrier#breadcrumb\"},\"inLanguage\":\"fr-FR\",\"potentialAction\":[{\"@type\":\"ReadAction\",\"target\":[\"https:\/\/www.africa-press.net\/madagascar\/politique\/conseil-de-paix-appelle-au-respect-du-calendrier\"]}]},{\"@type\":\"ImageObject\",\"inLanguage\":\"fr-FR\",\"@id\":\"https:\/\/www.africa-press.net\/madagascar\/politique\/conseil-de-paix-appelle-au-respect-du-calendrier#primaryimage\",\"url\":\"https:\/\/static.africa-press.net\/madagascar\/sites\/56\/2026\/03\/sm_1773519223.692404.jpg\",\"contentUrl\":\"https:\/\/static.africa-press.net\/madagascar\/sites\/56\/2026\/03\/sm_1773519223.692404.jpg\",\"width\":1096,\"height\":574,\"caption\":\"Conseil de Paix Appelle au Respect du Calendrier\"},{\"@type\":\"BreadcrumbList\",\"@id\":\"https:\/\/www.africa-press.net\/madagascar\/politique\/conseil-de-paix-appelle-au-respect-du-calendrier#breadcrumb\",\"itemListElement\":[{\"@type\":\"ListItem\",\"position\":1,\"name\":\"Accueil\",\"item\":\"https:\/\/www.africa-press.net\/madagascar\/\"},{\"@type\":\"ListItem\",\"position\":2,\"name\":\"Conseil de Paix Appelle au Respect du Calendrier\"}]},{\"@type\":\"WebSite\",\"@id\":\"https:\/\/www.africa-press.net\/madagascar\/#website\",\"url\":\"https:\/\/www.africa-press.net\/madagascar\/\",\"name\":\"Madagascar\",\"description\":\"Just another Africa News Agency Sites site\",\"potentialAction\":[{\"@type\":\"SearchAction\",\"target\":{\"@type\":\"EntryPoint\",\"urlTemplate\":\"https:\/\/www.africa-press.net\/madagascar\/?s={search_term_string}\"},\"query-input\":{\"@type\":\"PropertyValueSpecification\",\"valueRequired\":true,\"valueName\":\"search_term_string\"}}],\"inLanguage\":\"fr-FR\"},{\"@type\":\"Person\",\"@id\":\"https:\/\/www.africa-press.net\/madagascar\/#\/schema\/person\/2b1cf3cd81a31e3cd26889ca66d677f1\",\"name\":\"cfeditorfr\"}]}<\/script>\n<!-- \/ Yoast SEO Premium plugin. -->","yoast_head_json":{"title":"Conseil de Paix Appelle au Respect du Calendrier - Madagascar","description":"La situation politique a\u0300 Madagascar continue de retenir l\u2019attention de l\u2019Union africaine. Re\u0301uni le 10 mars lors de sa ...","robots":{"index":"index","follow":"follow","max-snippet":"max-snippet:-1","max-image-preview":"max-image-preview:large","max-video-preview":"max-video-preview:-1"},"canonical":"https:\/\/www.africa-press.net\/madagascar\/politique\/conseil-de-paix-appelle-au-respect-du-calendrier","og_locale":"fr_FR","og_type":"article","og_title":"Conseil de Paix Appelle au Respect du Calendrier","og_description":"La situation politique a\u0300 Madagascar continue de retenir l\u2019attention de l\u2019Union africaine. Re\u0301uni le 10 mars lors de sa ...","og_url":"https:\/\/www.africa-press.net\/madagascar\/politique\/conseil-de-paix-appelle-au-respect-du-calendrier","og_site_name":"Madagascar","article_published_time":"2026-03-14T14:00:00+00:00","article_modified_time":"2026-03-15T23:18:29+00:00","og_image":[{"width":1096,"height":574,"url":"https:\/\/static.africa-press.net\/madagascar\/sites\/56\/2026\/03\/sm_1773519223.692404.jpg","type":"image\/jpeg"}],"author":"cfeditorfr","twitter_card":"summary_large_image","twitter_misc":{"\u00c9crit par":"cfeditorfr","Dur\u00e9e de lecture estim\u00e9e":"4 minutes"},"schema":{"@context":"https:\/\/schema.org","@graph":[{"@type":"Article","@id":"https:\/\/www.africa-press.net\/madagascar\/politique\/conseil-de-paix-appelle-au-respect-du-calendrier#article","isPartOf":{"@id":"https:\/\/www.africa-press.net\/madagascar\/politique\/conseil-de-paix-appelle-au-respect-du-calendrier"},"author":{"name":"cfeditorfr","@id":"https:\/\/www.africa-press.net\/madagascar\/#\/schema\/person\/2b1cf3cd81a31e3cd26889ca66d677f1"},"headline":"Conseil de Paix Appelle au Respect du Calendrier","datePublished":"2026-03-14T14:00:00+00:00","dateModified":"2026-03-15T23:18:29+00:00","mainEntityOfPage":{"@id":"https:\/\/www.africa-press.net\/madagascar\/politique\/conseil-de-paix-appelle-au-respect-du-calendrier"},"wordCount":669,"commentCount":0,"image":{"@id":"https:\/\/www.africa-press.net\/madagascar\/politique\/conseil-de-paix-appelle-au-respect-du-calendrier#primaryimage"},"thumbnailUrl":"https:\/\/static.africa-press.net\/madagascar\/sites\/56\/2026\/03\/sm_1773519223.692404.jpg","keywords":["Madagascar"],"articleSection":["Politique","Top Nouvelles","Toutes les actualit\u00e9s"],"inLanguage":"fr-FR","potentialAction":[{"@type":"CommentAction","name":"Comment","target":["https:\/\/www.africa-press.net\/madagascar\/politique\/conseil-de-paix-appelle-au-respect-du-calendrier#respond"]}]},{"@type":"WebPage","@id":"https:\/\/www.africa-press.net\/madagascar\/politique\/conseil-de-paix-appelle-au-respect-du-calendrier","url":"https:\/\/www.africa-press.net\/madagascar\/politique\/conseil-de-paix-appelle-au-respect-du-calendrier","name":"Conseil de Paix Appelle au Respect du Calendrier - Madagascar","isPartOf":{"@id":"https:\/\/www.africa-press.net\/madagascar\/#website"},"primaryImageOfPage":{"@id":"https:\/\/www.africa-press.net\/madagascar\/politique\/conseil-de-paix-appelle-au-respect-du-calendrier#primaryimage"},"image":{"@id":"https:\/\/www.africa-press.net\/madagascar\/politique\/conseil-de-paix-appelle-au-respect-du-calendrier#primaryimage"},"thumbnailUrl":"https:\/\/static.africa-press.net\/madagascar\/sites\/56\/2026\/03\/sm_1773519223.692404.jpg","datePublished":"2026-03-14T14:00:00+00:00","dateModified":"2026-03-15T23:18:29+00:00","author":{"@id":"https:\/\/www.africa-press.net\/madagascar\/#\/schema\/person\/2b1cf3cd81a31e3cd26889ca66d677f1"},"description":"La situation politique a\u0300 Madagascar continue de retenir l\u2019attention de l\u2019Union africaine. Re\u0301uni le 10 mars lors de sa ...","breadcrumb":{"@id":"https:\/\/www.africa-press.net\/madagascar\/politique\/conseil-de-paix-appelle-au-respect-du-calendrier#breadcrumb"},"inLanguage":"fr-FR","potentialAction":[{"@type":"ReadAction","target":["https:\/\/www.africa-press.net\/madagascar\/politique\/conseil-de-paix-appelle-au-respect-du-calendrier"]}]},{"@type":"ImageObject","inLanguage":"fr-FR","@id":"https:\/\/www.africa-press.net\/madagascar\/politique\/conseil-de-paix-appelle-au-respect-du-calendrier#primaryimage","url":"https:\/\/static.africa-press.net\/madagascar\/sites\/56\/2026\/03\/sm_1773519223.692404.jpg","contentUrl":"https:\/\/static.africa-press.net\/madagascar\/sites\/56\/2026\/03\/sm_1773519223.692404.jpg","width":1096,"height":574,"caption":"Conseil de Paix Appelle au Respect du Calendrier"},{"@type":"BreadcrumbList","@id":"https:\/\/www.africa-press.net\/madagascar\/politique\/conseil-de-paix-appelle-au-respect-du-calendrier#breadcrumb","itemListElement":[{"@type":"ListItem","position":1,"name":"Accueil","item":"https:\/\/www.africa-press.net\/madagascar\/"},{"@type":"ListItem","position":2,"name":"Conseil de Paix Appelle au Respect du Calendrier"}]},{"@type":"WebSite","@id":"https:\/\/www.africa-press.net\/madagascar\/#website","url":"https:\/\/www.africa-press.net\/madagascar\/","name":"Madagascar","description":"Just another Africa News Agency Sites site","potentialAction":[{"@type":"SearchAction","target":{"@type":"EntryPoint","urlTemplate":"https:\/\/www.africa-press.net\/madagascar\/?s={search_term_string}"},"query-input":{"@type":"PropertyValueSpecification","valueRequired":true,"valueName":"search_term_string"}}],"inLanguage":"fr-FR"},{"@type":"Person","@id":"https:\/\/www.africa-press.net\/madagascar\/#\/schema\/person\/2b1cf3cd81a31e3cd26889ca66d677f1","name":"cfeditorfr"}]}},"_links":{"self":[{"href":"https:\/\/www.africa-press.net\/madagascar\/wp-json\/wp\/v2\/posts\/41921","targetHints":{"allow":["GET"]}}],"collection":[{"href":"https:\/\/www.africa-press.net\/madagascar\/wp-json\/wp\/v2\/posts"}],"about":[{"href":"https:\/\/www.africa-press.net\/madagascar\/wp-json\/wp\/v2\/types\/post"}],"author":[{"embeddable":true,"href":"https:\/\/www.africa-press.net\/madagascar\/wp-json\/wp\/v2\/users\/82"}],"replies":[{"embeddable":true,"href":"https:\/\/www.africa-press.net\/madagascar\/wp-json\/wp\/v2\/comments?post=41921"}],"version-history":[{"count":0,"href":"https:\/\/www.africa-press.net\/madagascar\/wp-json\/wp\/v2\/posts\/41921\/revisions"}],"wp:featuredmedia":[{"embeddable":true,"href":"https:\/\/www.africa-press.net\/madagascar\/wp-json\/wp\/v2\/media\/41920"}],"wp:attachment":[{"href":"https:\/\/www.africa-press.net\/madagascar\/wp-json\/wp\/v2\/media?parent=41921"}],"wp:term":[{"taxonomy":"category","embeddable":true,"href":"https:\/\/www.africa-press.net\/madagascar\/wp-json\/wp\/v2\/categories?post=41921"},{"taxonomy":"post_tag","embeddable":true,"href":"https:\/\/www.africa-press.net\/madagascar\/wp-json\/wp\/v2\/tags?post=41921"}],"curies":[{"name":"wp","href":"https:\/\/api.w.org\/{rel}","templated":true}]}}