{"id":41924,"date":"2026-03-14T13:45:00","date_gmt":"2026-03-14T13:45:00","guid":{"rendered":"https:\/\/www.africa-press.net\/madagascar\/politique\/affaire-boeing-777-verite-a-etablir-enquete-continue"},"modified":"2026-03-15T23:18:58","modified_gmt":"2026-03-15T23:18:58","slug":"affaire-boeing-777-verite-a-etablir-enquete-continue","status":"publish","type":"post","link":"https:\/\/www.africa-press.net\/madagascar\/politique\/affaire-boeing-777-verite-a-etablir-enquete-continue","title":{"rendered":"Affaire Boeing 777: V\u00e9rit\u00e9 \u00c0 \u00c9tablir, Enqu\u00eate Continue"},"content":{"rendered":"<p><span style=\"color: #ff6600\"><strong>Africa-Press &#8211; Madagascar. <\/strong><\/span>Apre\u0300s un long silence, le directeur ge\u0301ne\u0301ral de l\u2019Aviation civile de Madagascar (ACM), Alban Rakotoarisoa, s\u2019est finalement exprime\u0301 publiquement sur l\u2019affaire du Boeing 777 qui aurait e\u0301te\u0301 introduit clandestinement en Iran l\u2019anne\u0301e dernie\u0300re. Lors d\u2019une de\u0301claration devant la presse, il a affirme\u0301 que des de\u0301marches ont de\u0301ja\u0300 e\u0301te\u0301 entreprises afin de faire avancer l\u2019enque\u0302te et d\u2019obtenir davantage d\u2019e\u0301claircissements sur ce dossier qui continue de susciter de nombreuses interrogations.<\/p>\n<p>Face aux journalistes, cette figure politique issue du mouvement du 25 septembre, a\u0300 l\u2019origine de la chute du re\u0301gime d\u2019Andry Rajoelina, devenu l\u2019homme fort de l\u2019ACM apre\u0300s avoir occupe\u0301 le poste de conseiller municipal de la Commune urbaine d\u2019Antananarivo, a indique\u0301 que son institution a de\u0301ja\u0300 pris contact avec les instances charge\u0301es de l\u2019enque\u0302te, afin de recueillir des informations comple\u0301mentaires et de mieux comprendre les circonstances entourant cette affaire.<\/p>\n<p>Selon lui, une demande d\u2019explications plus de\u0301taille\u0301es devrait e\u0302tre adresse\u0301e aux structures implique\u0301es dans les investigations. Toutefois, il a reconnu que le contexte politique actuel dans le pays a ralenti certaines de\u0301marches de\u0301ja\u0300 engage\u0301es. La dissolution du gouvernement intervenue re\u0301cemment a en effet entrai\u0302ne\u0301 la suspension de plusieurs actions administratives lie\u0301es a\u0300 ce dossier.<\/p>\n<p>Malgre\u0301 cette situation, les investigations se poursuivent sur le plan national. Alban Rakotoarisoa a pre\u0301cise\u0301 que le Po\u0302le anti-corruption (PAC) et le Bureau inde\u0301pendant anti-corruption (BIANCO) continuent leurs travaux dans le cadre de cette affaire. Ces institutions sont charge\u0301es d\u2019examiner les e\u0301ventuelles irre\u0301gularite\u0301s et d\u2019identifier les responsabilite\u0301s lie\u0301es aux circonstances de cette ope\u0301ration.<\/p>\n<p>L\u2019affaire de\u0301passe toutefois le cadre national. Le directeur ge\u0301ne\u0301ral de l\u2019ACM a e\u0301galement e\u0301voque\u0301 des de\u0301marches en cours au niveau international, impliquant la coope\u0301ration entre Madagascar et plusieurs pays concerne\u0301s par ce dossier. Cette collaboration est juge\u0301e essentielle pour permettre aux enque\u0302teurs de retracer les mouvements de l\u2019appareil et de rassembler les e\u0301le\u0301ments ne\u0301cessaires a\u0300 l\u2019e\u0301tablissement des faits.<\/p>\n<p>Pour les autorite\u0301s malgaches, l\u2019objectif demeure clair: faire toute la lumie\u0300re sur cette affaire. Alban Rakotoarisoa a ainsi assure\u0301 que l\u2019ACM continuera de collaborer avec les institutions nationales et les partenaires internationaux afin de permettre la poursuite des investigations et d\u2019aboutir a\u0300 la manifestation de la ve\u0301rite\u0301.<\/p>\n<p><strong>Pour plus d&rsquo;informations et d&rsquo;analyses sur la <span style=\"color: #ff6600\">Madagascar<\/span>, suivez <span style=\"color: #ff6600\">Africa-Press<\/span><\/strong><\/p>\n","protected":false},"excerpt":{"rendered":"<p>Africa-Press &#8211; Madagascar. Apre\u0300s un long silence, le directeur ge\u0301ne\u0301ral de l\u2019Aviation civile de Madagascar (ACM), Alban Rakotoarisoa, s\u2019est finalement exprime\u0301 publiquement sur l\u2019affaire du Boeing 777 qui aurait e\u0301te\u0301 introduit clandestinement en Iran l\u2019anne\u0301e dernie\u0300re. Lors d\u2019une de\u0301claration devant la presse, il a affirme\u0301 que des de\u0301marches ont de\u0301ja\u0300 e\u0301te\u0301 entreprises afin de faire [&hellip;]<\/p>\n","protected":false},"author":82,"featured_media":41922,"comment_status":"open","ping_status":"closed","sticky":false,"template":"","format":"standard","meta":{"footnotes":""},"categories":[2,20,10],"tags":[49],"class_list":["post-41924","post","type-post","status-publish","format-standard","has-post-thumbnail","hentry","category-politique","category-top-nouvelles","category-toutes-les-actualites","tag-madagascar"],"yoast_head":"<!-- This site is optimized with the Yoast SEO Premium plugin v26.1 (Yoast SEO v27.0) - https:\/\/yoast.com\/product\/yoast-seo-premium-wordpress\/ -->\n<title>Affaire Boeing 777: V\u00e9rit\u00e9 \u00c0 \u00c9tablir, Enqu\u00eate Continue - Madagascar<\/title>\n<meta name=\"description\" content=\"Apre\u0300s un long silence, le directeur ge\u0301ne\u0301ral de l\u2019Aviation civile de Madagascar (ACM), Alban Rakotoarisoa, s\u2019est final ...\" \/>\n<meta name=\"robots\" content=\"index, follow, max-snippet:-1, max-image-preview:large, max-video-preview:-1\" \/>\n<link rel=\"canonical\" href=\"https:\/\/www.africa-press.net\/madagascar\/politique\/affaire-boeing-777-verite-a-etablir-enquete-continue\" \/>\n<meta property=\"og:locale\" content=\"fr_FR\" \/>\n<meta property=\"og:type\" content=\"article\" \/>\n<meta property=\"og:title\" content=\"Affaire Boeing 777: V\u00e9rit\u00e9 \u00c0 \u00c9tablir, Enqu\u00eate Continue\" \/>\n<meta property=\"og:description\" content=\"Apre\u0300s un long silence, le directeur ge\u0301ne\u0301ral de l\u2019Aviation civile de Madagascar (ACM), Alban Rakotoarisoa, s\u2019est final ...\" \/>\n<meta property=\"og:url\" content=\"https:\/\/www.africa-press.net\/madagascar\/politique\/affaire-boeing-777-verite-a-etablir-enquete-continue\" \/>\n<meta property=\"og:site_name\" content=\"Madagascar\" \/>\n<meta property=\"article:published_time\" content=\"2026-03-14T13:45:00+00:00\" \/>\n<meta property=\"article:modified_time\" content=\"2026-03-15T23:18:58+00:00\" \/>\n<meta property=\"og:image\" content=\"https:\/\/static.africa-press.net\/madagascar\/sites\/56\/2026\/03\/sm_1773519246.155978.jpg\" \/>\n\t<meta property=\"og:image:width\" content=\"755\" \/>\n\t<meta property=\"og:image:height\" content=\"396\" \/>\n\t<meta property=\"og:image:type\" content=\"image\/jpeg\" \/>\n<meta name=\"author\" content=\"cfeditorfr\" \/>\n<meta name=\"twitter:card\" content=\"summary_large_image\" \/>\n<meta name=\"twitter:label1\" content=\"\u00c9crit par\" \/>\n\t<meta name=\"twitter:data1\" content=\"cfeditorfr\" \/>\n\t<meta name=\"twitter:label2\" content=\"Dur\u00e9e de lecture estim\u00e9e\" \/>\n\t<meta name=\"twitter:data2\" content=\"3 minutes\" \/>\n<script type=\"application\/ld+json\" class=\"yoast-schema-graph\">{\"@context\":\"https:\/\/schema.org\",\"@graph\":[{\"@type\":\"Article\",\"@id\":\"https:\/\/www.africa-press.net\/madagascar\/politique\/affaire-boeing-777-verite-a-etablir-enquete-continue#article\",\"isPartOf\":{\"@id\":\"https:\/\/www.africa-press.net\/madagascar\/politique\/affaire-boeing-777-verite-a-etablir-enquete-continue\"},\"author\":{\"name\":\"cfeditorfr\",\"@id\":\"https:\/\/www.africa-press.net\/madagascar\/#\/schema\/person\/2b1cf3cd81a31e3cd26889ca66d677f1\"},\"headline\":\"Affaire Boeing 777: V\u00e9rit\u00e9 \u00c0 \u00c9tablir, Enqu\u00eate Continue\",\"datePublished\":\"2026-03-14T13:45:00+00:00\",\"dateModified\":\"2026-03-15T23:18:58+00:00\",\"mainEntityOfPage\":{\"@id\":\"https:\/\/www.africa-press.net\/madagascar\/politique\/affaire-boeing-777-verite-a-etablir-enquete-continue\"},\"wordCount\":450,\"commentCount\":0,\"image\":{\"@id\":\"https:\/\/www.africa-press.net\/madagascar\/politique\/affaire-boeing-777-verite-a-etablir-enquete-continue#primaryimage\"},\"thumbnailUrl\":\"https:\/\/static.africa-press.net\/madagascar\/sites\/56\/2026\/03\/sm_1773519246.155978.jpg\",\"keywords\":[\"Madagascar\"],\"articleSection\":[\"Politique\",\"Top Nouvelles\",\"Toutes les actualit\u00e9s\"],\"inLanguage\":\"fr-FR\",\"potentialAction\":[{\"@type\":\"CommentAction\",\"name\":\"Comment\",\"target\":[\"https:\/\/www.africa-press.net\/madagascar\/politique\/affaire-boeing-777-verite-a-etablir-enquete-continue#respond\"]}]},{\"@type\":\"WebPage\",\"@id\":\"https:\/\/www.africa-press.net\/madagascar\/politique\/affaire-boeing-777-verite-a-etablir-enquete-continue\",\"url\":\"https:\/\/www.africa-press.net\/madagascar\/politique\/affaire-boeing-777-verite-a-etablir-enquete-continue\",\"name\":\"Affaire Boeing 777: V\u00e9rit\u00e9 \u00c0 \u00c9tablir, Enqu\u00eate Continue - Madagascar\",\"isPartOf\":{\"@id\":\"https:\/\/www.africa-press.net\/madagascar\/#website\"},\"primaryImageOfPage\":{\"@id\":\"https:\/\/www.africa-press.net\/madagascar\/politique\/affaire-boeing-777-verite-a-etablir-enquete-continue#primaryimage\"},\"image\":{\"@id\":\"https:\/\/www.africa-press.net\/madagascar\/politique\/affaire-boeing-777-verite-a-etablir-enquete-continue#primaryimage\"},\"thumbnailUrl\":\"https:\/\/static.africa-press.net\/madagascar\/sites\/56\/2026\/03\/sm_1773519246.155978.jpg\",\"datePublished\":\"2026-03-14T13:45:00+00:00\",\"dateModified\":\"2026-03-15T23:18:58+00:00\",\"author\":{\"@id\":\"https:\/\/www.africa-press.net\/madagascar\/#\/schema\/person\/2b1cf3cd81a31e3cd26889ca66d677f1\"},\"description\":\"Apre\u0300s un long silence, le directeur ge\u0301ne\u0301ral de l\u2019Aviation civile de Madagascar (ACM), Alban Rakotoarisoa, s\u2019est final ...\",\"breadcrumb\":{\"@id\":\"https:\/\/www.africa-press.net\/madagascar\/politique\/affaire-boeing-777-verite-a-etablir-enquete-continue#breadcrumb\"},\"inLanguage\":\"fr-FR\",\"potentialAction\":[{\"@type\":\"ReadAction\",\"target\":[\"https:\/\/www.africa-press.net\/madagascar\/politique\/affaire-boeing-777-verite-a-etablir-enquete-continue\"]}]},{\"@type\":\"ImageObject\",\"inLanguage\":\"fr-FR\",\"@id\":\"https:\/\/www.africa-press.net\/madagascar\/politique\/affaire-boeing-777-verite-a-etablir-enquete-continue#primaryimage\",\"url\":\"https:\/\/static.africa-press.net\/madagascar\/sites\/56\/2026\/03\/sm_1773519246.155978.jpg\",\"contentUrl\":\"https:\/\/static.africa-press.net\/madagascar\/sites\/56\/2026\/03\/sm_1773519246.155978.jpg\",\"width\":755,\"height\":396,\"caption\":\"Affaire Boeing 777: V\u00e9rit\u00e9 \u00c0 \u00c9tablir, Enqu\u00eate Continue\"},{\"@type\":\"BreadcrumbList\",\"@id\":\"https:\/\/www.africa-press.net\/madagascar\/politique\/affaire-boeing-777-verite-a-etablir-enquete-continue#breadcrumb\",\"itemListElement\":[{\"@type\":\"ListItem\",\"position\":1,\"name\":\"Accueil\",\"item\":\"https:\/\/www.africa-press.net\/madagascar\/\"},{\"@type\":\"ListItem\",\"position\":2,\"name\":\"Affaire Boeing 777: V\u00e9rit\u00e9 \u00c0 \u00c9tablir, Enqu\u00eate Continue\"}]},{\"@type\":\"WebSite\",\"@id\":\"https:\/\/www.africa-press.net\/madagascar\/#website\",\"url\":\"https:\/\/www.africa-press.net\/madagascar\/\",\"name\":\"Madagascar\",\"description\":\"Just another Africa News Agency Sites site\",\"potentialAction\":[{\"@type\":\"SearchAction\",\"target\":{\"@type\":\"EntryPoint\",\"urlTemplate\":\"https:\/\/www.africa-press.net\/madagascar\/?s={search_term_string}\"},\"query-input\":{\"@type\":\"PropertyValueSpecification\",\"valueRequired\":true,\"valueName\":\"search_term_string\"}}],\"inLanguage\":\"fr-FR\"},{\"@type\":\"Person\",\"@id\":\"https:\/\/www.africa-press.net\/madagascar\/#\/schema\/person\/2b1cf3cd81a31e3cd26889ca66d677f1\",\"name\":\"cfeditorfr\"}]}<\/script>\n<!-- \/ Yoast SEO Premium plugin. -->","yoast_head_json":{"title":"Affaire Boeing 777: V\u00e9rit\u00e9 \u00c0 \u00c9tablir, Enqu\u00eate Continue - Madagascar","description":"Apre\u0300s un long silence, le directeur ge\u0301ne\u0301ral de l\u2019Aviation civile de Madagascar (ACM), Alban Rakotoarisoa, s\u2019est final ...","robots":{"index":"index","follow":"follow","max-snippet":"max-snippet:-1","max-image-preview":"max-image-preview:large","max-video-preview":"max-video-preview:-1"},"canonical":"https:\/\/www.africa-press.net\/madagascar\/politique\/affaire-boeing-777-verite-a-etablir-enquete-continue","og_locale":"fr_FR","og_type":"article","og_title":"Affaire Boeing 777: V\u00e9rit\u00e9 \u00c0 \u00c9tablir, Enqu\u00eate Continue","og_description":"Apre\u0300s un long silence, le directeur ge\u0301ne\u0301ral de l\u2019Aviation civile de Madagascar (ACM), Alban Rakotoarisoa, s\u2019est final ...","og_url":"https:\/\/www.africa-press.net\/madagascar\/politique\/affaire-boeing-777-verite-a-etablir-enquete-continue","og_site_name":"Madagascar","article_published_time":"2026-03-14T13:45:00+00:00","article_modified_time":"2026-03-15T23:18:58+00:00","og_image":[{"width":755,"height":396,"url":"https:\/\/static.africa-press.net\/madagascar\/sites\/56\/2026\/03\/sm_1773519246.155978.jpg","type":"image\/jpeg"}],"author":"cfeditorfr","twitter_card":"summary_large_image","twitter_misc":{"\u00c9crit par":"cfeditorfr","Dur\u00e9e de lecture estim\u00e9e":"3 minutes"},"schema":{"@context":"https:\/\/schema.org","@graph":[{"@type":"Article","@id":"https:\/\/www.africa-press.net\/madagascar\/politique\/affaire-boeing-777-verite-a-etablir-enquete-continue#article","isPartOf":{"@id":"https:\/\/www.africa-press.net\/madagascar\/politique\/affaire-boeing-777-verite-a-etablir-enquete-continue"},"author":{"name":"cfeditorfr","@id":"https:\/\/www.africa-press.net\/madagascar\/#\/schema\/person\/2b1cf3cd81a31e3cd26889ca66d677f1"},"headline":"Affaire Boeing 777: V\u00e9rit\u00e9 \u00c0 \u00c9tablir, Enqu\u00eate Continue","datePublished":"2026-03-14T13:45:00+00:00","dateModified":"2026-03-15T23:18:58+00:00","mainEntityOfPage":{"@id":"https:\/\/www.africa-press.net\/madagascar\/politique\/affaire-boeing-777-verite-a-etablir-enquete-continue"},"wordCount":450,"commentCount":0,"image":{"@id":"https:\/\/www.africa-press.net\/madagascar\/politique\/affaire-boeing-777-verite-a-etablir-enquete-continue#primaryimage"},"thumbnailUrl":"https:\/\/static.africa-press.net\/madagascar\/sites\/56\/2026\/03\/sm_1773519246.155978.jpg","keywords":["Madagascar"],"articleSection":["Politique","Top Nouvelles","Toutes les actualit\u00e9s"],"inLanguage":"fr-FR","potentialAction":[{"@type":"CommentAction","name":"Comment","target":["https:\/\/www.africa-press.net\/madagascar\/politique\/affaire-boeing-777-verite-a-etablir-enquete-continue#respond"]}]},{"@type":"WebPage","@id":"https:\/\/www.africa-press.net\/madagascar\/politique\/affaire-boeing-777-verite-a-etablir-enquete-continue","url":"https:\/\/www.africa-press.net\/madagascar\/politique\/affaire-boeing-777-verite-a-etablir-enquete-continue","name":"Affaire Boeing 777: V\u00e9rit\u00e9 \u00c0 \u00c9tablir, Enqu\u00eate Continue - Madagascar","isPartOf":{"@id":"https:\/\/www.africa-press.net\/madagascar\/#website"},"primaryImageOfPage":{"@id":"https:\/\/www.africa-press.net\/madagascar\/politique\/affaire-boeing-777-verite-a-etablir-enquete-continue#primaryimage"},"image":{"@id":"https:\/\/www.africa-press.net\/madagascar\/politique\/affaire-boeing-777-verite-a-etablir-enquete-continue#primaryimage"},"thumbnailUrl":"https:\/\/static.africa-press.net\/madagascar\/sites\/56\/2026\/03\/sm_1773519246.155978.jpg","datePublished":"2026-03-14T13:45:00+00:00","dateModified":"2026-03-15T23:18:58+00:00","author":{"@id":"https:\/\/www.africa-press.net\/madagascar\/#\/schema\/person\/2b1cf3cd81a31e3cd26889ca66d677f1"},"description":"Apre\u0300s un long silence, le directeur ge\u0301ne\u0301ral de l\u2019Aviation civile de Madagascar (ACM), Alban Rakotoarisoa, s\u2019est final ...","breadcrumb":{"@id":"https:\/\/www.africa-press.net\/madagascar\/politique\/affaire-boeing-777-verite-a-etablir-enquete-continue#breadcrumb"},"inLanguage":"fr-FR","potentialAction":[{"@type":"ReadAction","target":["https:\/\/www.africa-press.net\/madagascar\/politique\/affaire-boeing-777-verite-a-etablir-enquete-continue"]}]},{"@type":"ImageObject","inLanguage":"fr-FR","@id":"https:\/\/www.africa-press.net\/madagascar\/politique\/affaire-boeing-777-verite-a-etablir-enquete-continue#primaryimage","url":"https:\/\/static.africa-press.net\/madagascar\/sites\/56\/2026\/03\/sm_1773519246.155978.jpg","contentUrl":"https:\/\/static.africa-press.net\/madagascar\/sites\/56\/2026\/03\/sm_1773519246.155978.jpg","width":755,"height":396,"caption":"Affaire Boeing 777: V\u00e9rit\u00e9 \u00c0 \u00c9tablir, Enqu\u00eate Continue"},{"@type":"BreadcrumbList","@id":"https:\/\/www.africa-press.net\/madagascar\/politique\/affaire-boeing-777-verite-a-etablir-enquete-continue#breadcrumb","itemListElement":[{"@type":"ListItem","position":1,"name":"Accueil","item":"https:\/\/www.africa-press.net\/madagascar\/"},{"@type":"ListItem","position":2,"name":"Affaire Boeing 777: V\u00e9rit\u00e9 \u00c0 \u00c9tablir, Enqu\u00eate Continue"}]},{"@type":"WebSite","@id":"https:\/\/www.africa-press.net\/madagascar\/#website","url":"https:\/\/www.africa-press.net\/madagascar\/","name":"Madagascar","description":"Just another Africa News Agency Sites site","potentialAction":[{"@type":"SearchAction","target":{"@type":"EntryPoint","urlTemplate":"https:\/\/www.africa-press.net\/madagascar\/?s={search_term_string}"},"query-input":{"@type":"PropertyValueSpecification","valueRequired":true,"valueName":"search_term_string"}}],"inLanguage":"fr-FR"},{"@type":"Person","@id":"https:\/\/www.africa-press.net\/madagascar\/#\/schema\/person\/2b1cf3cd81a31e3cd26889ca66d677f1","name":"cfeditorfr"}]}},"_links":{"self":[{"href":"https:\/\/www.africa-press.net\/madagascar\/wp-json\/wp\/v2\/posts\/41924","targetHints":{"allow":["GET"]}}],"collection":[{"href":"https:\/\/www.africa-press.net\/madagascar\/wp-json\/wp\/v2\/posts"}],"about":[{"href":"https:\/\/www.africa-press.net\/madagascar\/wp-json\/wp\/v2\/types\/post"}],"author":[{"embeddable":true,"href":"https:\/\/www.africa-press.net\/madagascar\/wp-json\/wp\/v2\/users\/82"}],"replies":[{"embeddable":true,"href":"https:\/\/www.africa-press.net\/madagascar\/wp-json\/wp\/v2\/comments?post=41924"}],"version-history":[{"count":0,"href":"https:\/\/www.africa-press.net\/madagascar\/wp-json\/wp\/v2\/posts\/41924\/revisions"}],"wp:featuredmedia":[{"embeddable":true,"href":"https:\/\/www.africa-press.net\/madagascar\/wp-json\/wp\/v2\/media\/41922"}],"wp:attachment":[{"href":"https:\/\/www.africa-press.net\/madagascar\/wp-json\/wp\/v2\/media?parent=41924"}],"wp:term":[{"taxonomy":"category","embeddable":true,"href":"https:\/\/www.africa-press.net\/madagascar\/wp-json\/wp\/v2\/categories?post=41924"},{"taxonomy":"post_tag","embeddable":true,"href":"https:\/\/www.africa-press.net\/madagascar\/wp-json\/wp\/v2\/tags?post=41924"}],"curies":[{"name":"wp","href":"https:\/\/api.w.org\/{rel}","templated":true}]}}