{"id":41950,"date":"2026-03-15T12:10:00","date_gmt":"2026-03-15T12:10:00","guid":{"rendered":"https:\/\/www.africa-press.net\/madagascar\/politique\/coupe-de-la-caf-voici-le-programme-du-jour"},"modified":"2026-03-18T22:51:28","modified_gmt":"2026-03-18T22:51:28","slug":"coupe-de-la-caf-voici-le-programme-du-jour","status":"publish","type":"post","link":"https:\/\/www.africa-press.net\/madagascar\/sports\/coupe-de-la-caf-voici-le-programme-du-jour","title":{"rendered":"Coupe de la CAF: Voici le Programme du Jour !"},"content":{"rendered":"<p><span style=\"color: #ff6600\"><strong>Africa-Press &#8211; Madagascar. <\/strong><\/span>Le spectacle continental reprend ses droits ce dimanche avec les quarts de finale aller de la Coupe de la Confe\u0301de\u0301ration de la CAF. A\u0300 Lubumbashi, l\u2019AS Maniema Union s\u2019appre\u0302te a\u0300 vivre un moment historique en accueillant les Alge\u0301riens de l\u2019USM Alger au stade TP Mazembe a\u0300 13h00\u2019 GMT. Pour le club de Kindu, cette premie\u0300re participation a\u0300 la phase finale est un de\u0301fi de taille face aux \u00ab Usmistes \u00bb, qui comptent sur l\u2019expe\u0301rience de joueurs comme Glody Likonza pour prendre une option de\u0300s ce premier acte en terre congolaise.<\/p>\n<p>En soire\u0301e, l\u2019attention se tournera vers le Maroc pour un duel fratricide qui promet une ambiance e\u0301lectrique au stade El Massira. L\u2019Olympique de Safi rec\u0327oit le ge\u0301ant casablancais, le Wydad AC, a\u0300 23h00 dans une confrontation 100% marocaine. Si le Wydad, habitue\u0301 des sommets de la Ligue des Champions, part avec les faveurs des pronostics, les Safiots ont prouve\u0301 leur solidite\u0301 durant la phase de poules et comptent bien faire de\u0301jouer les plans des \u00ab Rouges \u00bb devant leur public passionne\u0301 avant le match retour.<\/p>\n<p>Ces deux rencontres s\u2019inscrivent dans un tableau final particulie\u0300rement releve\u0301 cette saison, ou\u0300 chaque de\u0301tail comptera pour espe\u0301rer atteindre le dernier carre\u0301. Alors que les matchs du samedi ont de\u0301ja\u0300 lance\u0301 les hostilite\u0301s, les re\u0301sultats de ce dimanche seront de\u0301terminants pour e\u0301tablir la hie\u0301rarchie avant les manches retour pre\u0301vues le week-end prochain. Les supporteurs africains attendent avec impatience de voir si la hie\u0301rarchie sera respecte\u0301e ou si les outsiders parviendront a\u0300 cre\u0301er la surprise sur la route de la finale de mai.<\/p>\n<p><strong>Pour plus d&rsquo;informations et d&rsquo;analyses sur la <span style=\"color: #ff6600\">Madagascar<\/span>, suivez <span style=\"color: #ff6600\">Africa-Press<\/span><\/strong><\/p>\n","protected":false},"excerpt":{"rendered":"<p>Africa-Press &#8211; Madagascar. Le spectacle continental reprend ses droits ce dimanche avec les quarts de finale aller de la Coupe de la Confe\u0301de\u0301ration de la CAF. A\u0300 Lubumbashi, l\u2019AS Maniema Union s\u2019appre\u0302te a\u0300 vivre un moment historique en accueillant les Alge\u0301riens de l\u2019USM Alger au stade TP Mazembe a\u0300 13h00\u2019 GMT. Pour le club de [&hellip;]<\/p>\n","protected":false},"author":82,"featured_media":41949,"comment_status":"open","ping_status":"closed","sticky":false,"template":"","format":"standard","meta":{"footnotes":""},"categories":[6,10],"tags":[49],"class_list":["post-41950","post","type-post","status-publish","format-standard","has-post-thumbnail","hentry","category-sports","category-toutes-les-actualites","tag-madagascar"],"yoast_head":"<!-- This site is optimized with the Yoast SEO Premium plugin v26.1 (Yoast SEO v27.0) - https:\/\/yoast.com\/product\/yoast-seo-premium-wordpress\/ -->\n<title>Coupe de la CAF: Voici le Programme du Jour ! - Madagascar<\/title>\n<meta name=\"description\" content=\"Le spectacle continental reprend ses droits ce dimanche avec les quarts de finale aller de la Coupe de la Confe\u0301de\u0301ratio ...\" \/>\n<meta name=\"robots\" content=\"index, follow, max-snippet:-1, max-image-preview:large, max-video-preview:-1\" \/>\n<link rel=\"canonical\" href=\"https:\/\/www.africa-press.net\/madagascar\/sports\/coupe-de-la-caf-voici-le-programme-du-jour\" \/>\n<meta property=\"og:locale\" content=\"fr_FR\" \/>\n<meta property=\"og:type\" content=\"article\" \/>\n<meta property=\"og:title\" content=\"Coupe de la CAF: Voici le Programme du Jour !\" \/>\n<meta property=\"og:description\" content=\"Le spectacle continental reprend ses droits ce dimanche avec les quarts de finale aller de la Coupe de la Confe\u0301de\u0301ratio ...\" \/>\n<meta property=\"og:url\" content=\"https:\/\/www.africa-press.net\/madagascar\/sports\/coupe-de-la-caf-voici-le-programme-du-jour\" \/>\n<meta property=\"og:site_name\" content=\"Madagascar\" \/>\n<meta property=\"article:published_time\" content=\"2026-03-15T12:10:00+00:00\" \/>\n<meta property=\"article:modified_time\" content=\"2026-03-18T22:51:28+00:00\" \/>\n<meta property=\"og:image\" content=\"https:\/\/static.africa-press.net\/madagascar\/sites\/56\/2026\/03\/sm_1773607628.964669.jpg\" \/>\n\t<meta property=\"og:image:width\" content=\"1280\" \/>\n\t<meta property=\"og:image:height\" content=\"720\" \/>\n\t<meta property=\"og:image:type\" content=\"image\/jpeg\" \/>\n<meta name=\"author\" content=\"cfeditorfr\" \/>\n<meta name=\"twitter:card\" content=\"summary_large_image\" \/>\n<meta name=\"twitter:label1\" content=\"\u00c9crit par\" \/>\n\t<meta name=\"twitter:data1\" content=\"cfeditorfr\" \/>\n\t<meta name=\"twitter:label2\" content=\"Dur\u00e9e de lecture estim\u00e9e\" \/>\n\t<meta name=\"twitter:data2\" content=\"2 minutes\" \/>\n<script type=\"application\/ld+json\" class=\"yoast-schema-graph\">{\"@context\":\"https:\/\/schema.org\",\"@graph\":[{\"@type\":\"Article\",\"@id\":\"https:\/\/www.africa-press.net\/madagascar\/sports\/coupe-de-la-caf-voici-le-programme-du-jour#article\",\"isPartOf\":{\"@id\":\"https:\/\/www.africa-press.net\/madagascar\/sports\/coupe-de-la-caf-voici-le-programme-du-jour\"},\"author\":{\"name\":\"cfeditorfr\",\"@id\":\"https:\/\/www.africa-press.net\/madagascar\/#\/schema\/person\/2b1cf3cd81a31e3cd26889ca66d677f1\"},\"headline\":\"Coupe de la CAF: Voici le Programme du Jour !\",\"datePublished\":\"2026-03-15T12:10:00+00:00\",\"dateModified\":\"2026-03-18T22:51:28+00:00\",\"mainEntityOfPage\":{\"@id\":\"https:\/\/www.africa-press.net\/madagascar\/sports\/coupe-de-la-caf-voici-le-programme-du-jour\"},\"wordCount\":309,\"commentCount\":0,\"image\":{\"@id\":\"https:\/\/www.africa-press.net\/madagascar\/sports\/coupe-de-la-caf-voici-le-programme-du-jour#primaryimage\"},\"thumbnailUrl\":\"https:\/\/static.africa-press.net\/madagascar\/sites\/56\/2026\/03\/sm_1773607628.964669.jpg\",\"keywords\":[\"Madagascar\"],\"articleSection\":[\"Sports\",\"Toutes les actualit\u00e9s\"],\"inLanguage\":\"fr-FR\",\"potentialAction\":[{\"@type\":\"CommentAction\",\"name\":\"Comment\",\"target\":[\"https:\/\/www.africa-press.net\/madagascar\/sports\/coupe-de-la-caf-voici-le-programme-du-jour#respond\"]}]},{\"@type\":\"WebPage\",\"@id\":\"https:\/\/www.africa-press.net\/madagascar\/sports\/coupe-de-la-caf-voici-le-programme-du-jour\",\"url\":\"https:\/\/www.africa-press.net\/madagascar\/sports\/coupe-de-la-caf-voici-le-programme-du-jour\",\"name\":\"Coupe de la CAF: Voici le Programme du Jour ! - Madagascar\",\"isPartOf\":{\"@id\":\"https:\/\/www.africa-press.net\/madagascar\/#website\"},\"primaryImageOfPage\":{\"@id\":\"https:\/\/www.africa-press.net\/madagascar\/sports\/coupe-de-la-caf-voici-le-programme-du-jour#primaryimage\"},\"image\":{\"@id\":\"https:\/\/www.africa-press.net\/madagascar\/sports\/coupe-de-la-caf-voici-le-programme-du-jour#primaryimage\"},\"thumbnailUrl\":\"https:\/\/static.africa-press.net\/madagascar\/sites\/56\/2026\/03\/sm_1773607628.964669.jpg\",\"datePublished\":\"2026-03-15T12:10:00+00:00\",\"dateModified\":\"2026-03-18T22:51:28+00:00\",\"author\":{\"@id\":\"https:\/\/www.africa-press.net\/madagascar\/#\/schema\/person\/2b1cf3cd81a31e3cd26889ca66d677f1\"},\"description\":\"Le spectacle continental reprend ses droits ce dimanche avec les quarts de finale aller de la Coupe de la Confe\u0301de\u0301ratio ...\",\"breadcrumb\":{\"@id\":\"https:\/\/www.africa-press.net\/madagascar\/sports\/coupe-de-la-caf-voici-le-programme-du-jour#breadcrumb\"},\"inLanguage\":\"fr-FR\",\"potentialAction\":[{\"@type\":\"ReadAction\",\"target\":[\"https:\/\/www.africa-press.net\/madagascar\/sports\/coupe-de-la-caf-voici-le-programme-du-jour\"]}]},{\"@type\":\"ImageObject\",\"inLanguage\":\"fr-FR\",\"@id\":\"https:\/\/www.africa-press.net\/madagascar\/sports\/coupe-de-la-caf-voici-le-programme-du-jour#primaryimage\",\"url\":\"https:\/\/static.africa-press.net\/madagascar\/sites\/56\/2026\/03\/sm_1773607628.964669.jpg\",\"contentUrl\":\"https:\/\/static.africa-press.net\/madagascar\/sites\/56\/2026\/03\/sm_1773607628.964669.jpg\",\"width\":1280,\"height\":720,\"caption\":\"Coupe de la CAF: Voici le Programme du Jour !\"},{\"@type\":\"BreadcrumbList\",\"@id\":\"https:\/\/www.africa-press.net\/madagascar\/sports\/coupe-de-la-caf-voici-le-programme-du-jour#breadcrumb\",\"itemListElement\":[{\"@type\":\"ListItem\",\"position\":1,\"name\":\"Accueil\",\"item\":\"https:\/\/www.africa-press.net\/madagascar\/\"},{\"@type\":\"ListItem\",\"position\":2,\"name\":\"Coupe de la CAF: Voici le Programme du Jour !\"}]},{\"@type\":\"WebSite\",\"@id\":\"https:\/\/www.africa-press.net\/madagascar\/#website\",\"url\":\"https:\/\/www.africa-press.net\/madagascar\/\",\"name\":\"Madagascar\",\"description\":\"Just another Africa News Agency Sites site\",\"potentialAction\":[{\"@type\":\"SearchAction\",\"target\":{\"@type\":\"EntryPoint\",\"urlTemplate\":\"https:\/\/www.africa-press.net\/madagascar\/?s={search_term_string}\"},\"query-input\":{\"@type\":\"PropertyValueSpecification\",\"valueRequired\":true,\"valueName\":\"search_term_string\"}}],\"inLanguage\":\"fr-FR\"},{\"@type\":\"Person\",\"@id\":\"https:\/\/www.africa-press.net\/madagascar\/#\/schema\/person\/2b1cf3cd81a31e3cd26889ca66d677f1\",\"name\":\"cfeditorfr\"}]}<\/script>\n<!-- \/ Yoast SEO Premium plugin. -->","yoast_head_json":{"title":"Coupe de la CAF: Voici le Programme du Jour ! - Madagascar","description":"Le spectacle continental reprend ses droits ce dimanche avec les quarts de finale aller de la Coupe de la Confe\u0301de\u0301ratio ...","robots":{"index":"index","follow":"follow","max-snippet":"max-snippet:-1","max-image-preview":"max-image-preview:large","max-video-preview":"max-video-preview:-1"},"canonical":"https:\/\/www.africa-press.net\/madagascar\/sports\/coupe-de-la-caf-voici-le-programme-du-jour","og_locale":"fr_FR","og_type":"article","og_title":"Coupe de la CAF: Voici le Programme du Jour !","og_description":"Le spectacle continental reprend ses droits ce dimanche avec les quarts de finale aller de la Coupe de la Confe\u0301de\u0301ratio ...","og_url":"https:\/\/www.africa-press.net\/madagascar\/sports\/coupe-de-la-caf-voici-le-programme-du-jour","og_site_name":"Madagascar","article_published_time":"2026-03-15T12:10:00+00:00","article_modified_time":"2026-03-18T22:51:28+00:00","og_image":[{"width":1280,"height":720,"url":"https:\/\/static.africa-press.net\/madagascar\/sites\/56\/2026\/03\/sm_1773607628.964669.jpg","type":"image\/jpeg"}],"author":"cfeditorfr","twitter_card":"summary_large_image","twitter_misc":{"\u00c9crit par":"cfeditorfr","Dur\u00e9e de lecture estim\u00e9e":"2 minutes"},"schema":{"@context":"https:\/\/schema.org","@graph":[{"@type":"Article","@id":"https:\/\/www.africa-press.net\/madagascar\/sports\/coupe-de-la-caf-voici-le-programme-du-jour#article","isPartOf":{"@id":"https:\/\/www.africa-press.net\/madagascar\/sports\/coupe-de-la-caf-voici-le-programme-du-jour"},"author":{"name":"cfeditorfr","@id":"https:\/\/www.africa-press.net\/madagascar\/#\/schema\/person\/2b1cf3cd81a31e3cd26889ca66d677f1"},"headline":"Coupe de la CAF: Voici le Programme du Jour !","datePublished":"2026-03-15T12:10:00+00:00","dateModified":"2026-03-18T22:51:28+00:00","mainEntityOfPage":{"@id":"https:\/\/www.africa-press.net\/madagascar\/sports\/coupe-de-la-caf-voici-le-programme-du-jour"},"wordCount":309,"commentCount":0,"image":{"@id":"https:\/\/www.africa-press.net\/madagascar\/sports\/coupe-de-la-caf-voici-le-programme-du-jour#primaryimage"},"thumbnailUrl":"https:\/\/static.africa-press.net\/madagascar\/sites\/56\/2026\/03\/sm_1773607628.964669.jpg","keywords":["Madagascar"],"articleSection":["Sports","Toutes les actualit\u00e9s"],"inLanguage":"fr-FR","potentialAction":[{"@type":"CommentAction","name":"Comment","target":["https:\/\/www.africa-press.net\/madagascar\/sports\/coupe-de-la-caf-voici-le-programme-du-jour#respond"]}]},{"@type":"WebPage","@id":"https:\/\/www.africa-press.net\/madagascar\/sports\/coupe-de-la-caf-voici-le-programme-du-jour","url":"https:\/\/www.africa-press.net\/madagascar\/sports\/coupe-de-la-caf-voici-le-programme-du-jour","name":"Coupe de la CAF: Voici le Programme du Jour ! - Madagascar","isPartOf":{"@id":"https:\/\/www.africa-press.net\/madagascar\/#website"},"primaryImageOfPage":{"@id":"https:\/\/www.africa-press.net\/madagascar\/sports\/coupe-de-la-caf-voici-le-programme-du-jour#primaryimage"},"image":{"@id":"https:\/\/www.africa-press.net\/madagascar\/sports\/coupe-de-la-caf-voici-le-programme-du-jour#primaryimage"},"thumbnailUrl":"https:\/\/static.africa-press.net\/madagascar\/sites\/56\/2026\/03\/sm_1773607628.964669.jpg","datePublished":"2026-03-15T12:10:00+00:00","dateModified":"2026-03-18T22:51:28+00:00","author":{"@id":"https:\/\/www.africa-press.net\/madagascar\/#\/schema\/person\/2b1cf3cd81a31e3cd26889ca66d677f1"},"description":"Le spectacle continental reprend ses droits ce dimanche avec les quarts de finale aller de la Coupe de la Confe\u0301de\u0301ratio ...","breadcrumb":{"@id":"https:\/\/www.africa-press.net\/madagascar\/sports\/coupe-de-la-caf-voici-le-programme-du-jour#breadcrumb"},"inLanguage":"fr-FR","potentialAction":[{"@type":"ReadAction","target":["https:\/\/www.africa-press.net\/madagascar\/sports\/coupe-de-la-caf-voici-le-programme-du-jour"]}]},{"@type":"ImageObject","inLanguage":"fr-FR","@id":"https:\/\/www.africa-press.net\/madagascar\/sports\/coupe-de-la-caf-voici-le-programme-du-jour#primaryimage","url":"https:\/\/static.africa-press.net\/madagascar\/sites\/56\/2026\/03\/sm_1773607628.964669.jpg","contentUrl":"https:\/\/static.africa-press.net\/madagascar\/sites\/56\/2026\/03\/sm_1773607628.964669.jpg","width":1280,"height":720,"caption":"Coupe de la CAF: Voici le Programme du Jour !"},{"@type":"BreadcrumbList","@id":"https:\/\/www.africa-press.net\/madagascar\/sports\/coupe-de-la-caf-voici-le-programme-du-jour#breadcrumb","itemListElement":[{"@type":"ListItem","position":1,"name":"Accueil","item":"https:\/\/www.africa-press.net\/madagascar\/"},{"@type":"ListItem","position":2,"name":"Coupe de la CAF: Voici le Programme du Jour !"}]},{"@type":"WebSite","@id":"https:\/\/www.africa-press.net\/madagascar\/#website","url":"https:\/\/www.africa-press.net\/madagascar\/","name":"Madagascar","description":"Just another Africa News Agency Sites site","potentialAction":[{"@type":"SearchAction","target":{"@type":"EntryPoint","urlTemplate":"https:\/\/www.africa-press.net\/madagascar\/?s={search_term_string}"},"query-input":{"@type":"PropertyValueSpecification","valueRequired":true,"valueName":"search_term_string"}}],"inLanguage":"fr-FR"},{"@type":"Person","@id":"https:\/\/www.africa-press.net\/madagascar\/#\/schema\/person\/2b1cf3cd81a31e3cd26889ca66d677f1","name":"cfeditorfr"}]}},"_links":{"self":[{"href":"https:\/\/www.africa-press.net\/madagascar\/wp-json\/wp\/v2\/posts\/41950","targetHints":{"allow":["GET"]}}],"collection":[{"href":"https:\/\/www.africa-press.net\/madagascar\/wp-json\/wp\/v2\/posts"}],"about":[{"href":"https:\/\/www.africa-press.net\/madagascar\/wp-json\/wp\/v2\/types\/post"}],"author":[{"embeddable":true,"href":"https:\/\/www.africa-press.net\/madagascar\/wp-json\/wp\/v2\/users\/82"}],"replies":[{"embeddable":true,"href":"https:\/\/www.africa-press.net\/madagascar\/wp-json\/wp\/v2\/comments?post=41950"}],"version-history":[{"count":0,"href":"https:\/\/www.africa-press.net\/madagascar\/wp-json\/wp\/v2\/posts\/41950\/revisions"}],"wp:featuredmedia":[{"embeddable":true,"href":"https:\/\/www.africa-press.net\/madagascar\/wp-json\/wp\/v2\/media\/41949"}],"wp:attachment":[{"href":"https:\/\/www.africa-press.net\/madagascar\/wp-json\/wp\/v2\/media?parent=41950"}],"wp:term":[{"taxonomy":"category","embeddable":true,"href":"https:\/\/www.africa-press.net\/madagascar\/wp-json\/wp\/v2\/categories?post=41950"},{"taxonomy":"post_tag","embeddable":true,"href":"https:\/\/www.africa-press.net\/madagascar\/wp-json\/wp\/v2\/tags?post=41950"}],"curies":[{"name":"wp","href":"https:\/\/api.w.org\/{rel}","templated":true}]}}