{"id":41987,"date":"2026-03-18T13:00:00","date_gmt":"2026-03-18T13:00:00","guid":{"rendered":"https:\/\/www.africa-press.net\/madagascar\/politique\/ceni-la-societe-civile-ne-choisira-pas-de-representant"},"modified":"2026-03-19T00:08:02","modified_gmt":"2026-03-19T00:08:02","slug":"ceni-la-societe-civile-ne-choisira-pas-de-representant","status":"publish","type":"post","link":"https:\/\/www.africa-press.net\/madagascar\/politique\/ceni-la-societe-civile-ne-choisira-pas-de-representant","title":{"rendered":"Ceni: la Soci\u00e9t\u00e9 Civile ne Choisira pas de Repr\u00e9sentant"},"content":{"rendered":"<p><span style=\"color: #ff6600\"><strong>Africa-Press &#8211; Madagascar. <\/strong><\/span>Les organisations de la socie\u0301te\u0301 civile ne prendront pas part au remplacement des membres de la Commission E\u0301lectorale Nationale Inde\u0301pendante (CENI). Elles ont clairement exprime\u0301 leur position dans une de\u0301claration ferme, affirmant leur volonte\u0301 de concentrer leurs efforts sur une re\u0301forme en profondeur du syste\u0300me e\u0301lectoral pluto\u0302t que sur un simple changement de personnes. Elles refusent ainsi d\u2019e\u0301lire leur repre\u0301sentant au sein de cette entite\u0301 e\u0301lectorale.<\/p>\n<p>Pour la socie\u0301te\u0301 civile, la CENI, dans sa configuration actuelle, ne be\u0301ne\u0301ficie plus de la confiance ne\u0301cessaire pour conduire ces transformations. Investir dans le remplacement des membres actuels de la CENI constituerait une de\u0301pense inutile dans un contexte e\u0301conomique de\u0301ja\u0300 fragile, soutient-elle. La socie\u0301te\u0301 civile choisit de placer au c\u0153ur de ses priorite\u0301s la refonte du cadre le\u0301gal, du syste\u0300me e\u0301lectoral et de l\u2019organisation des e\u0301lections.<\/p>\n<p>La de\u0301mission, juge\u0301e tardive, des huit commissaires du bureau de la CENI est ne\u0301anmoins salue\u0301e. Elle est interpre\u0301te\u0301e comme une reconnaissance de leur manque de cre\u0301dibilite\u0301 a\u0300 piloter les re\u0301formes attendues. Toutefois, les organisations signataires mettent en garde contre toute tentative de remplacement pur et simple des membres, estimant qu\u2019une telle de\u0301marche reproduirait les me\u0302mes dysfonctionnements.<\/p>\n<p>La nomination d\u2019un nouveau pre\u0301sident a\u0300 la te\u0302te de l\u2019institution, en la personne de Thierry Rakotonarivo ne rassure pas davantage. Son passe\u0301 au sein de la pre\u0301ce\u0301dente CENI, combine\u0301 a\u0300 une de\u0301signation par l\u2019Assemble\u0301e nationale suivie d\u2019une installation rapide, soule\u0300ve des interrogations quant a\u0300 son inde\u0301pendance et a\u0300 sa capacite\u0301 a\u0300 garantir l\u2019impartialite\u0301 du processus e\u0301lectoral.<\/p>\n<p>Dans ce contexte, la socie\u0301te\u0301 civile appelle le Pre\u0301sident de la Refondation a\u0300 ne pas conside\u0301rer le renouvellement des commissaires comme une priorite\u0301. Elle propose pluto\u0302t la suppression du bureau permanent de la CENI et la mise en place, a\u0300 terme, d\u2019une nouvelle structure inde\u0301pendante issue d\u2019un processus de concertation nationale.<\/p>\n<p>En attendant cette refondation, elle sugge\u0300re que l\u2019Exe\u0301cutif assure la gestion des affaires courantes. Paralle\u0300lement, les organisations se disent pre\u0302tes a\u0300 collaborer avec les autorite\u0301s, notamment le ministe\u0300re charge\u0301 de la Re\u0301forme, pour organiser un dialogue inclusif impliquant partis politiques et autres parties prenantes.<\/p>\n<p>Les membres du Bureau permanent du CENI sont de\u0301signe\u0301s par diffe\u0301rentes entite\u0301s dont la socie\u0301te\u0301 civile.<\/p>\n<p><strong>Pour plus d&rsquo;informations et d&rsquo;analyses sur la <span style=\"color: #ff6600\">Madagascar<\/span>, suivez <span style=\"color: #ff6600\">Africa-Press<\/span><\/strong><\/p>\n","protected":false},"excerpt":{"rendered":"<p>Africa-Press &#8211; Madagascar. Les organisations de la socie\u0301te\u0301 civile ne prendront pas part au remplacement des membres de la Commission E\u0301lectorale Nationale Inde\u0301pendante (CENI). Elles ont clairement exprime\u0301 leur position dans une de\u0301claration ferme, affirmant leur volonte\u0301 de concentrer leurs efforts sur une re\u0301forme en profondeur du syste\u0300me e\u0301lectoral pluto\u0302t que sur un simple changement [&hellip;]<\/p>\n","protected":false},"author":82,"featured_media":41986,"comment_status":"open","ping_status":"closed","sticky":false,"template":"","format":"standard","meta":{"footnotes":""},"categories":[2,20,10],"tags":[49],"class_list":["post-41987","post","type-post","status-publish","format-standard","has-post-thumbnail","hentry","category-politique","category-top-nouvelles","category-toutes-les-actualites","tag-madagascar"],"yoast_head":"<!-- This site is optimized with the Yoast SEO Premium plugin v26.1 (Yoast SEO v27.0) - https:\/\/yoast.com\/product\/yoast-seo-premium-wordpress\/ -->\n<title>Ceni: la Soci\u00e9t\u00e9 Civile ne Choisira pas de Repr\u00e9sentant - Madagascar<\/title>\n<meta name=\"description\" content=\"Les organisations de la socie\u0301te\u0301 civile ne prendront pas part au remplacement des membres de la Commission E\u0301lectorale ...\" \/>\n<meta name=\"robots\" content=\"index, follow, max-snippet:-1, max-image-preview:large, max-video-preview:-1\" \/>\n<link rel=\"canonical\" href=\"https:\/\/www.africa-press.net\/madagascar\/politique\/ceni-la-societe-civile-ne-choisira-pas-de-representant\" \/>\n<meta property=\"og:locale\" content=\"fr_FR\" \/>\n<meta property=\"og:type\" content=\"article\" \/>\n<meta property=\"og:title\" content=\"Ceni: la Soci\u00e9t\u00e9 Civile ne Choisira pas de Repr\u00e9sentant\" \/>\n<meta property=\"og:description\" content=\"Les organisations de la socie\u0301te\u0301 civile ne prendront pas part au remplacement des membres de la Commission E\u0301lectorale ...\" \/>\n<meta property=\"og:url\" content=\"https:\/\/www.africa-press.net\/madagascar\/politique\/ceni-la-societe-civile-ne-choisira-pas-de-representant\" \/>\n<meta property=\"og:site_name\" content=\"Madagascar\" \/>\n<meta property=\"article:published_time\" content=\"2026-03-18T13:00:00+00:00\" \/>\n<meta property=\"article:modified_time\" content=\"2026-03-19T00:08:02+00:00\" \/>\n<meta property=\"og:image\" content=\"https:\/\/static.africa-press.net\/madagascar\/sites\/56\/2026\/03\/sm_1773866241.190269.jpg\" \/>\n\t<meta property=\"og:image:width\" content=\"755\" \/>\n\t<meta property=\"og:image:height\" content=\"396\" \/>\n\t<meta property=\"og:image:type\" content=\"image\/jpeg\" \/>\n<meta name=\"author\" content=\"cfeditorfr\" \/>\n<meta name=\"twitter:card\" content=\"summary_large_image\" \/>\n<meta name=\"twitter:label1\" content=\"\u00c9crit par\" \/>\n\t<meta name=\"twitter:data1\" content=\"cfeditorfr\" \/>\n\t<meta name=\"twitter:label2\" content=\"Dur\u00e9e de lecture estim\u00e9e\" \/>\n\t<meta name=\"twitter:data2\" content=\"3 minutes\" \/>\n<script type=\"application\/ld+json\" class=\"yoast-schema-graph\">{\"@context\":\"https:\/\/schema.org\",\"@graph\":[{\"@type\":\"Article\",\"@id\":\"https:\/\/www.africa-press.net\/madagascar\/politique\/ceni-la-societe-civile-ne-choisira-pas-de-representant#article\",\"isPartOf\":{\"@id\":\"https:\/\/www.africa-press.net\/madagascar\/politique\/ceni-la-societe-civile-ne-choisira-pas-de-representant\"},\"author\":{\"name\":\"cfeditorfr\",\"@id\":\"https:\/\/www.africa-press.net\/madagascar\/#\/schema\/person\/2b1cf3cd81a31e3cd26889ca66d677f1\"},\"headline\":\"Ceni: la Soci\u00e9t\u00e9 Civile ne Choisira pas de Repr\u00e9sentant\",\"datePublished\":\"2026-03-18T13:00:00+00:00\",\"dateModified\":\"2026-03-19T00:08:02+00:00\",\"mainEntityOfPage\":{\"@id\":\"https:\/\/www.africa-press.net\/madagascar\/politique\/ceni-la-societe-civile-ne-choisira-pas-de-representant\"},\"wordCount\":453,\"commentCount\":0,\"image\":{\"@id\":\"https:\/\/www.africa-press.net\/madagascar\/politique\/ceni-la-societe-civile-ne-choisira-pas-de-representant#primaryimage\"},\"thumbnailUrl\":\"https:\/\/static.africa-press.net\/madagascar\/sites\/56\/2026\/03\/sm_1773866241.190269.jpg\",\"keywords\":[\"Madagascar\"],\"articleSection\":[\"Politique\",\"Top Nouvelles\",\"Toutes les actualit\u00e9s\"],\"inLanguage\":\"fr-FR\",\"potentialAction\":[{\"@type\":\"CommentAction\",\"name\":\"Comment\",\"target\":[\"https:\/\/www.africa-press.net\/madagascar\/politique\/ceni-la-societe-civile-ne-choisira-pas-de-representant#respond\"]}]},{\"@type\":\"WebPage\",\"@id\":\"https:\/\/www.africa-press.net\/madagascar\/politique\/ceni-la-societe-civile-ne-choisira-pas-de-representant\",\"url\":\"https:\/\/www.africa-press.net\/madagascar\/politique\/ceni-la-societe-civile-ne-choisira-pas-de-representant\",\"name\":\"Ceni: la Soci\u00e9t\u00e9 Civile ne Choisira pas de Repr\u00e9sentant - Madagascar\",\"isPartOf\":{\"@id\":\"https:\/\/www.africa-press.net\/madagascar\/#website\"},\"primaryImageOfPage\":{\"@id\":\"https:\/\/www.africa-press.net\/madagascar\/politique\/ceni-la-societe-civile-ne-choisira-pas-de-representant#primaryimage\"},\"image\":{\"@id\":\"https:\/\/www.africa-press.net\/madagascar\/politique\/ceni-la-societe-civile-ne-choisira-pas-de-representant#primaryimage\"},\"thumbnailUrl\":\"https:\/\/static.africa-press.net\/madagascar\/sites\/56\/2026\/03\/sm_1773866241.190269.jpg\",\"datePublished\":\"2026-03-18T13:00:00+00:00\",\"dateModified\":\"2026-03-19T00:08:02+00:00\",\"author\":{\"@id\":\"https:\/\/www.africa-press.net\/madagascar\/#\/schema\/person\/2b1cf3cd81a31e3cd26889ca66d677f1\"},\"description\":\"Les organisations de la socie\u0301te\u0301 civile ne prendront pas part au remplacement des membres de la Commission E\u0301lectorale ...\",\"breadcrumb\":{\"@id\":\"https:\/\/www.africa-press.net\/madagascar\/politique\/ceni-la-societe-civile-ne-choisira-pas-de-representant#breadcrumb\"},\"inLanguage\":\"fr-FR\",\"potentialAction\":[{\"@type\":\"ReadAction\",\"target\":[\"https:\/\/www.africa-press.net\/madagascar\/politique\/ceni-la-societe-civile-ne-choisira-pas-de-representant\"]}]},{\"@type\":\"ImageObject\",\"inLanguage\":\"fr-FR\",\"@id\":\"https:\/\/www.africa-press.net\/madagascar\/politique\/ceni-la-societe-civile-ne-choisira-pas-de-representant#primaryimage\",\"url\":\"https:\/\/static.africa-press.net\/madagascar\/sites\/56\/2026\/03\/sm_1773866241.190269.jpg\",\"contentUrl\":\"https:\/\/static.africa-press.net\/madagascar\/sites\/56\/2026\/03\/sm_1773866241.190269.jpg\",\"width\":755,\"height\":396,\"caption\":\"Ceni: la Soci\u00e9t\u00e9 Civile ne Choisira pas de Repr\u00e9sentant\"},{\"@type\":\"BreadcrumbList\",\"@id\":\"https:\/\/www.africa-press.net\/madagascar\/politique\/ceni-la-societe-civile-ne-choisira-pas-de-representant#breadcrumb\",\"itemListElement\":[{\"@type\":\"ListItem\",\"position\":1,\"name\":\"Accueil\",\"item\":\"https:\/\/www.africa-press.net\/madagascar\/\"},{\"@type\":\"ListItem\",\"position\":2,\"name\":\"Ceni: la Soci\u00e9t\u00e9 Civile ne Choisira pas de Repr\u00e9sentant\"}]},{\"@type\":\"WebSite\",\"@id\":\"https:\/\/www.africa-press.net\/madagascar\/#website\",\"url\":\"https:\/\/www.africa-press.net\/madagascar\/\",\"name\":\"Madagascar\",\"description\":\"Just another Africa News Agency Sites site\",\"potentialAction\":[{\"@type\":\"SearchAction\",\"target\":{\"@type\":\"EntryPoint\",\"urlTemplate\":\"https:\/\/www.africa-press.net\/madagascar\/?s={search_term_string}\"},\"query-input\":{\"@type\":\"PropertyValueSpecification\",\"valueRequired\":true,\"valueName\":\"search_term_string\"}}],\"inLanguage\":\"fr-FR\"},{\"@type\":\"Person\",\"@id\":\"https:\/\/www.africa-press.net\/madagascar\/#\/schema\/person\/2b1cf3cd81a31e3cd26889ca66d677f1\",\"name\":\"cfeditorfr\"}]}<\/script>\n<!-- \/ Yoast SEO Premium plugin. -->","yoast_head_json":{"title":"Ceni: la Soci\u00e9t\u00e9 Civile ne Choisira pas de Repr\u00e9sentant - Madagascar","description":"Les organisations de la socie\u0301te\u0301 civile ne prendront pas part au remplacement des membres de la Commission E\u0301lectorale ...","robots":{"index":"index","follow":"follow","max-snippet":"max-snippet:-1","max-image-preview":"max-image-preview:large","max-video-preview":"max-video-preview:-1"},"canonical":"https:\/\/www.africa-press.net\/madagascar\/politique\/ceni-la-societe-civile-ne-choisira-pas-de-representant","og_locale":"fr_FR","og_type":"article","og_title":"Ceni: la Soci\u00e9t\u00e9 Civile ne Choisira pas de Repr\u00e9sentant","og_description":"Les organisations de la socie\u0301te\u0301 civile ne prendront pas part au remplacement des membres de la Commission E\u0301lectorale ...","og_url":"https:\/\/www.africa-press.net\/madagascar\/politique\/ceni-la-societe-civile-ne-choisira-pas-de-representant","og_site_name":"Madagascar","article_published_time":"2026-03-18T13:00:00+00:00","article_modified_time":"2026-03-19T00:08:02+00:00","og_image":[{"width":755,"height":396,"url":"https:\/\/static.africa-press.net\/madagascar\/sites\/56\/2026\/03\/sm_1773866241.190269.jpg","type":"image\/jpeg"}],"author":"cfeditorfr","twitter_card":"summary_large_image","twitter_misc":{"\u00c9crit par":"cfeditorfr","Dur\u00e9e de lecture estim\u00e9e":"3 minutes"},"schema":{"@context":"https:\/\/schema.org","@graph":[{"@type":"Article","@id":"https:\/\/www.africa-press.net\/madagascar\/politique\/ceni-la-societe-civile-ne-choisira-pas-de-representant#article","isPartOf":{"@id":"https:\/\/www.africa-press.net\/madagascar\/politique\/ceni-la-societe-civile-ne-choisira-pas-de-representant"},"author":{"name":"cfeditorfr","@id":"https:\/\/www.africa-press.net\/madagascar\/#\/schema\/person\/2b1cf3cd81a31e3cd26889ca66d677f1"},"headline":"Ceni: la Soci\u00e9t\u00e9 Civile ne Choisira pas de Repr\u00e9sentant","datePublished":"2026-03-18T13:00:00+00:00","dateModified":"2026-03-19T00:08:02+00:00","mainEntityOfPage":{"@id":"https:\/\/www.africa-press.net\/madagascar\/politique\/ceni-la-societe-civile-ne-choisira-pas-de-representant"},"wordCount":453,"commentCount":0,"image":{"@id":"https:\/\/www.africa-press.net\/madagascar\/politique\/ceni-la-societe-civile-ne-choisira-pas-de-representant#primaryimage"},"thumbnailUrl":"https:\/\/static.africa-press.net\/madagascar\/sites\/56\/2026\/03\/sm_1773866241.190269.jpg","keywords":["Madagascar"],"articleSection":["Politique","Top Nouvelles","Toutes les actualit\u00e9s"],"inLanguage":"fr-FR","potentialAction":[{"@type":"CommentAction","name":"Comment","target":["https:\/\/www.africa-press.net\/madagascar\/politique\/ceni-la-societe-civile-ne-choisira-pas-de-representant#respond"]}]},{"@type":"WebPage","@id":"https:\/\/www.africa-press.net\/madagascar\/politique\/ceni-la-societe-civile-ne-choisira-pas-de-representant","url":"https:\/\/www.africa-press.net\/madagascar\/politique\/ceni-la-societe-civile-ne-choisira-pas-de-representant","name":"Ceni: la Soci\u00e9t\u00e9 Civile ne Choisira pas de Repr\u00e9sentant - Madagascar","isPartOf":{"@id":"https:\/\/www.africa-press.net\/madagascar\/#website"},"primaryImageOfPage":{"@id":"https:\/\/www.africa-press.net\/madagascar\/politique\/ceni-la-societe-civile-ne-choisira-pas-de-representant#primaryimage"},"image":{"@id":"https:\/\/www.africa-press.net\/madagascar\/politique\/ceni-la-societe-civile-ne-choisira-pas-de-representant#primaryimage"},"thumbnailUrl":"https:\/\/static.africa-press.net\/madagascar\/sites\/56\/2026\/03\/sm_1773866241.190269.jpg","datePublished":"2026-03-18T13:00:00+00:00","dateModified":"2026-03-19T00:08:02+00:00","author":{"@id":"https:\/\/www.africa-press.net\/madagascar\/#\/schema\/person\/2b1cf3cd81a31e3cd26889ca66d677f1"},"description":"Les organisations de la socie\u0301te\u0301 civile ne prendront pas part au remplacement des membres de la Commission E\u0301lectorale ...","breadcrumb":{"@id":"https:\/\/www.africa-press.net\/madagascar\/politique\/ceni-la-societe-civile-ne-choisira-pas-de-representant#breadcrumb"},"inLanguage":"fr-FR","potentialAction":[{"@type":"ReadAction","target":["https:\/\/www.africa-press.net\/madagascar\/politique\/ceni-la-societe-civile-ne-choisira-pas-de-representant"]}]},{"@type":"ImageObject","inLanguage":"fr-FR","@id":"https:\/\/www.africa-press.net\/madagascar\/politique\/ceni-la-societe-civile-ne-choisira-pas-de-representant#primaryimage","url":"https:\/\/static.africa-press.net\/madagascar\/sites\/56\/2026\/03\/sm_1773866241.190269.jpg","contentUrl":"https:\/\/static.africa-press.net\/madagascar\/sites\/56\/2026\/03\/sm_1773866241.190269.jpg","width":755,"height":396,"caption":"Ceni: la Soci\u00e9t\u00e9 Civile ne Choisira pas de Repr\u00e9sentant"},{"@type":"BreadcrumbList","@id":"https:\/\/www.africa-press.net\/madagascar\/politique\/ceni-la-societe-civile-ne-choisira-pas-de-representant#breadcrumb","itemListElement":[{"@type":"ListItem","position":1,"name":"Accueil","item":"https:\/\/www.africa-press.net\/madagascar\/"},{"@type":"ListItem","position":2,"name":"Ceni: la Soci\u00e9t\u00e9 Civile ne Choisira pas de Repr\u00e9sentant"}]},{"@type":"WebSite","@id":"https:\/\/www.africa-press.net\/madagascar\/#website","url":"https:\/\/www.africa-press.net\/madagascar\/","name":"Madagascar","description":"Just another Africa News Agency Sites site","potentialAction":[{"@type":"SearchAction","target":{"@type":"EntryPoint","urlTemplate":"https:\/\/www.africa-press.net\/madagascar\/?s={search_term_string}"},"query-input":{"@type":"PropertyValueSpecification","valueRequired":true,"valueName":"search_term_string"}}],"inLanguage":"fr-FR"},{"@type":"Person","@id":"https:\/\/www.africa-press.net\/madagascar\/#\/schema\/person\/2b1cf3cd81a31e3cd26889ca66d677f1","name":"cfeditorfr"}]}},"_links":{"self":[{"href":"https:\/\/www.africa-press.net\/madagascar\/wp-json\/wp\/v2\/posts\/41987","targetHints":{"allow":["GET"]}}],"collection":[{"href":"https:\/\/www.africa-press.net\/madagascar\/wp-json\/wp\/v2\/posts"}],"about":[{"href":"https:\/\/www.africa-press.net\/madagascar\/wp-json\/wp\/v2\/types\/post"}],"author":[{"embeddable":true,"href":"https:\/\/www.africa-press.net\/madagascar\/wp-json\/wp\/v2\/users\/82"}],"replies":[{"embeddable":true,"href":"https:\/\/www.africa-press.net\/madagascar\/wp-json\/wp\/v2\/comments?post=41987"}],"version-history":[{"count":0,"href":"https:\/\/www.africa-press.net\/madagascar\/wp-json\/wp\/v2\/posts\/41987\/revisions"}],"wp:featuredmedia":[{"embeddable":true,"href":"https:\/\/www.africa-press.net\/madagascar\/wp-json\/wp\/v2\/media\/41986"}],"wp:attachment":[{"href":"https:\/\/www.africa-press.net\/madagascar\/wp-json\/wp\/v2\/media?parent=41987"}],"wp:term":[{"taxonomy":"category","embeddable":true,"href":"https:\/\/www.africa-press.net\/madagascar\/wp-json\/wp\/v2\/categories?post=41987"},{"taxonomy":"post_tag","embeddable":true,"href":"https:\/\/www.africa-press.net\/madagascar\/wp-json\/wp\/v2\/tags?post=41987"}],"curies":[{"name":"wp","href":"https:\/\/api.w.org\/{rel}","templated":true}]}}