{"id":41992,"date":"2026-03-18T13:10:00","date_gmt":"2026-03-18T13:10:00","guid":{"rendered":"https:\/\/www.africa-press.net\/madagascar\/politique\/mamitiana-rajaonarison-nomme-premier-ministre"},"modified":"2026-03-19T00:08:44","modified_gmt":"2026-03-19T00:08:44","slug":"mamitiana-rajaonarison-nomme-premier-ministre","status":"publish","type":"post","link":"https:\/\/www.africa-press.net\/madagascar\/politique\/mamitiana-rajaonarison-nomme-premier-ministre","title":{"rendered":"Mamitiana Rajaonarison Nomm\u00e9 Premier Ministre"},"content":{"rendered":"<p><span style=\"color: #ff6600\"><strong>Africa-Press &#8211; Madagascar. <\/strong><\/span>Une semaine apre\u0300s la dissolution du gouvernement de Herintsalama Rajaonarivelo, Madagascar connai\u0302t de\u0301sormais le nom de son nouveau chef du gouvernement. Hier soir, lors d\u2019une bre\u0300ve ce\u0301re\u0301monie tenue au palais d\u2019E\u0301tat d\u2019Iavoloha, le pre\u0301sident de la Refondation de la Re\u0301publique, le colonel Michae\u0308l Randrianirina, a officiellement nomme\u0301 Mamitiana Rajaonarison, jusqu\u2019ici directeur ge\u0301ne\u0301ral du Service de renseignement financier (SAMIFIN), au poste de Premier ministre.<\/p>\n<p>Le nom de Mamitiana Rajaonarison figurait de\u0301ja\u0300 parmi les profils pressentis pour diriger le gouvernement de\u0300s le limogeage de son pre\u0301de\u0301cesseur. Il e\u0301tait toutefois en concurrence avec d\u2019autres figures de l\u2019are\u0300ne politique. Apre\u0300s plusieurs jours de re\u0301flexion, le chef de l\u2019E\u0301tat a finalement choisi de faire confiance a\u0300 l\u2019un de ses anciens camarades de promotion, privile\u0301giant un profil issu de l\u2019appareil administratif et des institutions de se\u0301curite\u0301.<\/p>\n<p>Ancien e\u0301le\u0300ve du Sekoly miaramilam-pirenena (SEMIPI), Mamitiana Rajaonarison a poursuivi sa formation a\u0300 l\u2019Acade\u0301mie militaire d\u2019Antsirabe au sein de la 23e promotion, la me\u0302me que celle du colonel Randrianirina. Tandis que ce dernier a poursuivi sa carrie\u0300re au sein des Forces arme\u0301es, le nouveau Premier ministre s\u2019est oriente\u0301 vers la gendarmerie nationale, avant de comple\u0301ter sa formation a\u0300 l\u2019E\u0301cole des officiers de la gendarmerie nationale de Melun, en France, aujourd\u2019hui Acade\u0301mie militaire de la gendarmerie nationale.<\/p>\n<p>Diplo\u0302me\u0301 e\u0301galement de l\u2019E\u0301cole nationale d\u2019administration (ENA) en France, ou\u0300 il s\u2019est distingue\u0301 parmi les meilleurs de sa promotion, il a inte\u0301gre\u0301 le corps des administrateurs civils. Une grande partie de sa carrie\u0300re s\u2019est ensuite de\u0301roule\u0301e au Bureau inde\u0301pendant anti-corruption (Bianco), ou\u0300 il a notamment occupe\u0301 le poste de directeur territorial pour la province de Toliara, avant d\u2019e\u0302tre nomme\u0301 a\u0300 la te\u0302te du SAMIFIN.<\/p>\n<p>Lors de la ce\u0301re\u0301monie, le chef de l\u2019E\u0301tat a de\u0301clare\u0301 que la droiture du nouveau Premier ministre a e\u0301te\u0301 de\u0301terminante dans son choix. Il a notamment rappele\u0301 un e\u0301pisode survenu durant la pe\u0301riode de transition entre 2009 et 2013, lorsque Mamitiana Rajaonarison, alors officier de gendarmerie, avait choisi de de\u0301missionner afin de pre\u0301server l\u2019inde\u0301pendance de ses enque\u0302tes face a\u0300 une tentative d\u2019inge\u0301rence hie\u0301rarchique. Pour le pre\u0301sident Randrianirina, cette de\u0301cision te\u0301moigne d\u2019une inte\u0301grite\u0301 ne\u0301cessaire pour conduire les affaires de l\u2019E\u0301tat dans un contexte de refondation.<\/p>\n<p>A\u0300 l\u2019issue de la ce\u0301re\u0301monie, Mamitiana Rajaonarison a indique\u0301 que la formation du nouveau gouvernement ne devrait pas tarder, laissant entendre que les consultations sont de\u0301ja\u0300 engage\u0301es. Il a e\u0301galement annonce\u0301 que la passation de pouvoir avec son pre\u0301de\u0301cesseur devrait se tenir ce lundi, marquant ainsi la transition officielle a\u0300 la te\u0302te du gouvernement. Fort de son expe\u0301rience dans la lutte contre la corruption et les flux financiers illicites, le nouveau locataire de Mahazoarivo sera particulie\u0300rement attendu sur les re\u0301formes institutionnelles et la lutte contre l\u2019impunite\u0301.<\/p>\n<p><strong>Pour plus d&rsquo;informations et d&rsquo;analyses sur la <span style=\"color: #ff6600\">Madagascar<\/span>, suivez <span style=\"color: #ff6600\">Africa-Press<\/span><\/strong><\/p>\n","protected":false},"excerpt":{"rendered":"<p>Africa-Press &#8211; Madagascar. Une semaine apre\u0300s la dissolution du gouvernement de Herintsalama Rajaonarivelo, Madagascar connai\u0302t de\u0301sormais le nom de son nouveau chef du gouvernement. Hier soir, lors d\u2019une bre\u0300ve ce\u0301re\u0301monie tenue au palais d\u2019E\u0301tat d\u2019Iavoloha, le pre\u0301sident de la Refondation de la Re\u0301publique, le colonel Michae\u0308l Randrianirina, a officiellement nomme\u0301 Mamitiana Rajaonarison, jusqu\u2019ici directeur ge\u0301ne\u0301ral [&hellip;]<\/p>\n","protected":false},"author":82,"featured_media":41991,"comment_status":"open","ping_status":"closed","sticky":false,"template":"","format":"standard","meta":{"footnotes":""},"categories":[2,20,10],"tags":[49],"class_list":["post-41992","post","type-post","status-publish","format-standard","has-post-thumbnail","hentry","category-politique","category-top-nouvelles","category-toutes-les-actualites","tag-madagascar"],"yoast_head":"<!-- This site is optimized with the Yoast SEO Premium plugin v26.1 (Yoast SEO v27.0) - https:\/\/yoast.com\/product\/yoast-seo-premium-wordpress\/ -->\n<title>Mamitiana Rajaonarison Nomm\u00e9 Premier Ministre - Madagascar<\/title>\n<meta name=\"description\" content=\"Une semaine apre\u0300s la dissolution du gouvernement de Herintsalama Rajaonarivelo, Madagascar connai\u0302t de\u0301sormais le nom d ...\" \/>\n<meta name=\"robots\" content=\"index, follow, max-snippet:-1, max-image-preview:large, max-video-preview:-1\" \/>\n<link rel=\"canonical\" href=\"https:\/\/www.africa-press.net\/madagascar\/politique\/mamitiana-rajaonarison-nomme-premier-ministre\" \/>\n<meta property=\"og:locale\" content=\"fr_FR\" \/>\n<meta property=\"og:type\" content=\"article\" \/>\n<meta property=\"og:title\" content=\"Mamitiana Rajaonarison Nomm\u00e9 Premier Ministre\" \/>\n<meta property=\"og:description\" content=\"Une semaine apre\u0300s la dissolution du gouvernement de Herintsalama Rajaonarivelo, Madagascar connai\u0302t de\u0301sormais le nom d ...\" \/>\n<meta property=\"og:url\" content=\"https:\/\/www.africa-press.net\/madagascar\/politique\/mamitiana-rajaonarison-nomme-premier-ministre\" \/>\n<meta property=\"og:site_name\" content=\"Madagascar\" \/>\n<meta property=\"article:published_time\" content=\"2026-03-18T13:10:00+00:00\" \/>\n<meta property=\"article:modified_time\" content=\"2026-03-19T00:08:44+00:00\" \/>\n<meta property=\"og:image\" content=\"https:\/\/static.africa-press.net\/madagascar\/sites\/56\/2026\/03\/sm_1773866278.717851.jpg\" \/>\n\t<meta property=\"og:image:width\" content=\"755\" \/>\n\t<meta property=\"og:image:height\" content=\"396\" \/>\n\t<meta property=\"og:image:type\" content=\"image\/jpeg\" \/>\n<meta name=\"author\" content=\"cfeditorfr\" \/>\n<meta name=\"twitter:card\" content=\"summary_large_image\" \/>\n<meta name=\"twitter:label1\" content=\"\u00c9crit par\" \/>\n\t<meta name=\"twitter:data1\" content=\"cfeditorfr\" \/>\n\t<meta name=\"twitter:label2\" content=\"Dur\u00e9e de lecture estim\u00e9e\" \/>\n\t<meta name=\"twitter:data2\" content=\"3 minutes\" \/>\n<script type=\"application\/ld+json\" class=\"yoast-schema-graph\">{\"@context\":\"https:\/\/schema.org\",\"@graph\":[{\"@type\":\"Article\",\"@id\":\"https:\/\/www.africa-press.net\/madagascar\/politique\/mamitiana-rajaonarison-nomme-premier-ministre#article\",\"isPartOf\":{\"@id\":\"https:\/\/www.africa-press.net\/madagascar\/politique\/mamitiana-rajaonarison-nomme-premier-ministre\"},\"author\":{\"name\":\"cfeditorfr\",\"@id\":\"https:\/\/www.africa-press.net\/madagascar\/#\/schema\/person\/2b1cf3cd81a31e3cd26889ca66d677f1\"},\"headline\":\"Mamitiana Rajaonarison Nomm\u00e9 Premier Ministre\",\"datePublished\":\"2026-03-18T13:10:00+00:00\",\"dateModified\":\"2026-03-19T00:08:44+00:00\",\"mainEntityOfPage\":{\"@id\":\"https:\/\/www.africa-press.net\/madagascar\/politique\/mamitiana-rajaonarison-nomme-premier-ministre\"},\"wordCount\":557,\"commentCount\":0,\"image\":{\"@id\":\"https:\/\/www.africa-press.net\/madagascar\/politique\/mamitiana-rajaonarison-nomme-premier-ministre#primaryimage\"},\"thumbnailUrl\":\"https:\/\/static.africa-press.net\/madagascar\/sites\/56\/2026\/03\/sm_1773866278.717851.jpg\",\"keywords\":[\"Madagascar\"],\"articleSection\":[\"Politique\",\"Top Nouvelles\",\"Toutes les actualit\u00e9s\"],\"inLanguage\":\"fr-FR\",\"potentialAction\":[{\"@type\":\"CommentAction\",\"name\":\"Comment\",\"target\":[\"https:\/\/www.africa-press.net\/madagascar\/politique\/mamitiana-rajaonarison-nomme-premier-ministre#respond\"]}]},{\"@type\":\"WebPage\",\"@id\":\"https:\/\/www.africa-press.net\/madagascar\/politique\/mamitiana-rajaonarison-nomme-premier-ministre\",\"url\":\"https:\/\/www.africa-press.net\/madagascar\/politique\/mamitiana-rajaonarison-nomme-premier-ministre\",\"name\":\"Mamitiana Rajaonarison Nomm\u00e9 Premier Ministre - Madagascar\",\"isPartOf\":{\"@id\":\"https:\/\/www.africa-press.net\/madagascar\/#website\"},\"primaryImageOfPage\":{\"@id\":\"https:\/\/www.africa-press.net\/madagascar\/politique\/mamitiana-rajaonarison-nomme-premier-ministre#primaryimage\"},\"image\":{\"@id\":\"https:\/\/www.africa-press.net\/madagascar\/politique\/mamitiana-rajaonarison-nomme-premier-ministre#primaryimage\"},\"thumbnailUrl\":\"https:\/\/static.africa-press.net\/madagascar\/sites\/56\/2026\/03\/sm_1773866278.717851.jpg\",\"datePublished\":\"2026-03-18T13:10:00+00:00\",\"dateModified\":\"2026-03-19T00:08:44+00:00\",\"author\":{\"@id\":\"https:\/\/www.africa-press.net\/madagascar\/#\/schema\/person\/2b1cf3cd81a31e3cd26889ca66d677f1\"},\"description\":\"Une semaine apre\u0300s la dissolution du gouvernement de Herintsalama Rajaonarivelo, Madagascar connai\u0302t de\u0301sormais le nom d ...\",\"breadcrumb\":{\"@id\":\"https:\/\/www.africa-press.net\/madagascar\/politique\/mamitiana-rajaonarison-nomme-premier-ministre#breadcrumb\"},\"inLanguage\":\"fr-FR\",\"potentialAction\":[{\"@type\":\"ReadAction\",\"target\":[\"https:\/\/www.africa-press.net\/madagascar\/politique\/mamitiana-rajaonarison-nomme-premier-ministre\"]}]},{\"@type\":\"ImageObject\",\"inLanguage\":\"fr-FR\",\"@id\":\"https:\/\/www.africa-press.net\/madagascar\/politique\/mamitiana-rajaonarison-nomme-premier-ministre#primaryimage\",\"url\":\"https:\/\/static.africa-press.net\/madagascar\/sites\/56\/2026\/03\/sm_1773866278.717851.jpg\",\"contentUrl\":\"https:\/\/static.africa-press.net\/madagascar\/sites\/56\/2026\/03\/sm_1773866278.717851.jpg\",\"width\":755,\"height\":396,\"caption\":\"Mamitiana Rajaonarison Nomm\u00e9 Premier Ministre\"},{\"@type\":\"BreadcrumbList\",\"@id\":\"https:\/\/www.africa-press.net\/madagascar\/politique\/mamitiana-rajaonarison-nomme-premier-ministre#breadcrumb\",\"itemListElement\":[{\"@type\":\"ListItem\",\"position\":1,\"name\":\"Accueil\",\"item\":\"https:\/\/www.africa-press.net\/madagascar\/\"},{\"@type\":\"ListItem\",\"position\":2,\"name\":\"Mamitiana Rajaonarison Nomm\u00e9 Premier Ministre\"}]},{\"@type\":\"WebSite\",\"@id\":\"https:\/\/www.africa-press.net\/madagascar\/#website\",\"url\":\"https:\/\/www.africa-press.net\/madagascar\/\",\"name\":\"Madagascar\",\"description\":\"Just another Africa News Agency Sites site\",\"potentialAction\":[{\"@type\":\"SearchAction\",\"target\":{\"@type\":\"EntryPoint\",\"urlTemplate\":\"https:\/\/www.africa-press.net\/madagascar\/?s={search_term_string}\"},\"query-input\":{\"@type\":\"PropertyValueSpecification\",\"valueRequired\":true,\"valueName\":\"search_term_string\"}}],\"inLanguage\":\"fr-FR\"},{\"@type\":\"Person\",\"@id\":\"https:\/\/www.africa-press.net\/madagascar\/#\/schema\/person\/2b1cf3cd81a31e3cd26889ca66d677f1\",\"name\":\"cfeditorfr\"}]}<\/script>\n<!-- \/ Yoast SEO Premium plugin. -->","yoast_head_json":{"title":"Mamitiana Rajaonarison Nomm\u00e9 Premier Ministre - Madagascar","description":"Une semaine apre\u0300s la dissolution du gouvernement de Herintsalama Rajaonarivelo, Madagascar connai\u0302t de\u0301sormais le nom d ...","robots":{"index":"index","follow":"follow","max-snippet":"max-snippet:-1","max-image-preview":"max-image-preview:large","max-video-preview":"max-video-preview:-1"},"canonical":"https:\/\/www.africa-press.net\/madagascar\/politique\/mamitiana-rajaonarison-nomme-premier-ministre","og_locale":"fr_FR","og_type":"article","og_title":"Mamitiana Rajaonarison Nomm\u00e9 Premier Ministre","og_description":"Une semaine apre\u0300s la dissolution du gouvernement de Herintsalama Rajaonarivelo, Madagascar connai\u0302t de\u0301sormais le nom d ...","og_url":"https:\/\/www.africa-press.net\/madagascar\/politique\/mamitiana-rajaonarison-nomme-premier-ministre","og_site_name":"Madagascar","article_published_time":"2026-03-18T13:10:00+00:00","article_modified_time":"2026-03-19T00:08:44+00:00","og_image":[{"width":755,"height":396,"url":"https:\/\/static.africa-press.net\/madagascar\/sites\/56\/2026\/03\/sm_1773866278.717851.jpg","type":"image\/jpeg"}],"author":"cfeditorfr","twitter_card":"summary_large_image","twitter_misc":{"\u00c9crit par":"cfeditorfr","Dur\u00e9e de lecture estim\u00e9e":"3 minutes"},"schema":{"@context":"https:\/\/schema.org","@graph":[{"@type":"Article","@id":"https:\/\/www.africa-press.net\/madagascar\/politique\/mamitiana-rajaonarison-nomme-premier-ministre#article","isPartOf":{"@id":"https:\/\/www.africa-press.net\/madagascar\/politique\/mamitiana-rajaonarison-nomme-premier-ministre"},"author":{"name":"cfeditorfr","@id":"https:\/\/www.africa-press.net\/madagascar\/#\/schema\/person\/2b1cf3cd81a31e3cd26889ca66d677f1"},"headline":"Mamitiana Rajaonarison Nomm\u00e9 Premier Ministre","datePublished":"2026-03-18T13:10:00+00:00","dateModified":"2026-03-19T00:08:44+00:00","mainEntityOfPage":{"@id":"https:\/\/www.africa-press.net\/madagascar\/politique\/mamitiana-rajaonarison-nomme-premier-ministre"},"wordCount":557,"commentCount":0,"image":{"@id":"https:\/\/www.africa-press.net\/madagascar\/politique\/mamitiana-rajaonarison-nomme-premier-ministre#primaryimage"},"thumbnailUrl":"https:\/\/static.africa-press.net\/madagascar\/sites\/56\/2026\/03\/sm_1773866278.717851.jpg","keywords":["Madagascar"],"articleSection":["Politique","Top Nouvelles","Toutes les actualit\u00e9s"],"inLanguage":"fr-FR","potentialAction":[{"@type":"CommentAction","name":"Comment","target":["https:\/\/www.africa-press.net\/madagascar\/politique\/mamitiana-rajaonarison-nomme-premier-ministre#respond"]}]},{"@type":"WebPage","@id":"https:\/\/www.africa-press.net\/madagascar\/politique\/mamitiana-rajaonarison-nomme-premier-ministre","url":"https:\/\/www.africa-press.net\/madagascar\/politique\/mamitiana-rajaonarison-nomme-premier-ministre","name":"Mamitiana Rajaonarison Nomm\u00e9 Premier Ministre - Madagascar","isPartOf":{"@id":"https:\/\/www.africa-press.net\/madagascar\/#website"},"primaryImageOfPage":{"@id":"https:\/\/www.africa-press.net\/madagascar\/politique\/mamitiana-rajaonarison-nomme-premier-ministre#primaryimage"},"image":{"@id":"https:\/\/www.africa-press.net\/madagascar\/politique\/mamitiana-rajaonarison-nomme-premier-ministre#primaryimage"},"thumbnailUrl":"https:\/\/static.africa-press.net\/madagascar\/sites\/56\/2026\/03\/sm_1773866278.717851.jpg","datePublished":"2026-03-18T13:10:00+00:00","dateModified":"2026-03-19T00:08:44+00:00","author":{"@id":"https:\/\/www.africa-press.net\/madagascar\/#\/schema\/person\/2b1cf3cd81a31e3cd26889ca66d677f1"},"description":"Une semaine apre\u0300s la dissolution du gouvernement de Herintsalama Rajaonarivelo, Madagascar connai\u0302t de\u0301sormais le nom d ...","breadcrumb":{"@id":"https:\/\/www.africa-press.net\/madagascar\/politique\/mamitiana-rajaonarison-nomme-premier-ministre#breadcrumb"},"inLanguage":"fr-FR","potentialAction":[{"@type":"ReadAction","target":["https:\/\/www.africa-press.net\/madagascar\/politique\/mamitiana-rajaonarison-nomme-premier-ministre"]}]},{"@type":"ImageObject","inLanguage":"fr-FR","@id":"https:\/\/www.africa-press.net\/madagascar\/politique\/mamitiana-rajaonarison-nomme-premier-ministre#primaryimage","url":"https:\/\/static.africa-press.net\/madagascar\/sites\/56\/2026\/03\/sm_1773866278.717851.jpg","contentUrl":"https:\/\/static.africa-press.net\/madagascar\/sites\/56\/2026\/03\/sm_1773866278.717851.jpg","width":755,"height":396,"caption":"Mamitiana Rajaonarison Nomm\u00e9 Premier Ministre"},{"@type":"BreadcrumbList","@id":"https:\/\/www.africa-press.net\/madagascar\/politique\/mamitiana-rajaonarison-nomme-premier-ministre#breadcrumb","itemListElement":[{"@type":"ListItem","position":1,"name":"Accueil","item":"https:\/\/www.africa-press.net\/madagascar\/"},{"@type":"ListItem","position":2,"name":"Mamitiana Rajaonarison Nomm\u00e9 Premier Ministre"}]},{"@type":"WebSite","@id":"https:\/\/www.africa-press.net\/madagascar\/#website","url":"https:\/\/www.africa-press.net\/madagascar\/","name":"Madagascar","description":"Just another Africa News Agency Sites site","potentialAction":[{"@type":"SearchAction","target":{"@type":"EntryPoint","urlTemplate":"https:\/\/www.africa-press.net\/madagascar\/?s={search_term_string}"},"query-input":{"@type":"PropertyValueSpecification","valueRequired":true,"valueName":"search_term_string"}}],"inLanguage":"fr-FR"},{"@type":"Person","@id":"https:\/\/www.africa-press.net\/madagascar\/#\/schema\/person\/2b1cf3cd81a31e3cd26889ca66d677f1","name":"cfeditorfr"}]}},"_links":{"self":[{"href":"https:\/\/www.africa-press.net\/madagascar\/wp-json\/wp\/v2\/posts\/41992","targetHints":{"allow":["GET"]}}],"collection":[{"href":"https:\/\/www.africa-press.net\/madagascar\/wp-json\/wp\/v2\/posts"}],"about":[{"href":"https:\/\/www.africa-press.net\/madagascar\/wp-json\/wp\/v2\/types\/post"}],"author":[{"embeddable":true,"href":"https:\/\/www.africa-press.net\/madagascar\/wp-json\/wp\/v2\/users\/82"}],"replies":[{"embeddable":true,"href":"https:\/\/www.africa-press.net\/madagascar\/wp-json\/wp\/v2\/comments?post=41992"}],"version-history":[{"count":0,"href":"https:\/\/www.africa-press.net\/madagascar\/wp-json\/wp\/v2\/posts\/41992\/revisions"}],"wp:featuredmedia":[{"embeddable":true,"href":"https:\/\/www.africa-press.net\/madagascar\/wp-json\/wp\/v2\/media\/41991"}],"wp:attachment":[{"href":"https:\/\/www.africa-press.net\/madagascar\/wp-json\/wp\/v2\/media?parent=41992"}],"wp:term":[{"taxonomy":"category","embeddable":true,"href":"https:\/\/www.africa-press.net\/madagascar\/wp-json\/wp\/v2\/categories?post=41992"},{"taxonomy":"post_tag","embeddable":true,"href":"https:\/\/www.africa-press.net\/madagascar\/wp-json\/wp\/v2\/tags?post=41992"}],"curies":[{"name":"wp","href":"https:\/\/api.w.org\/{rel}","templated":true}]}}