{"id":42442,"date":"2026-04-29T21:55:18","date_gmt":"2026-04-29T21:55:18","guid":{"rendered":"https:\/\/www.africa-press.net\/madagascar\/politique\/france-proteste-contre-la-declaration-de-persona-non-grata"},"modified":"2026-04-29T23:04:31","modified_gmt":"2026-04-29T23:04:31","slug":"france-proteste-contre-la-declaration-de-persona-non-grata","status":"publish","type":"post","link":"https:\/\/www.africa-press.net\/madagascar\/politique\/france-proteste-contre-la-declaration-de-persona-non-grata","title":{"rendered":"France Proteste Contre la D\u00e9claration de Persona non Grata"},"content":{"rendered":"<div class=\"ap-summary\" dir=\"ltr\" lang=\"fr\">\n<h4>CE Qu\u2019Il Faut Savoir<\/h4>\n<p>Les tensions diplomatiques entre Madagascar et la France se sont intensifi\u00e9es suite \u00e0 la d\u00e9claration de persona non grata d&rsquo;un agent de l&rsquo;ambassade fran\u00e7aise \u00e0 Antananarivo. En r\u00e9ponse, la France a convoqu\u00e9 le charg\u00e9 d&rsquo;affaires malgache \u00e0 Paris pour exprimer son m\u00e9contentement et a rejet\u00e9 les accusations de d\u00e9stabilisation. Les enqu\u00eates sur cette affaire se poursuivent, avec plusieurs arrestations<\/p>\n<\/div>\n<p><span class=\"ap-article-header-tag\"> <strong>Africa-Press &#8211; Madagascar. <\/strong> <\/span>L\u2019affaire de de\u0301stabilisation qui secoue Madagascar continue de raviver les tensions diplomatiques entre Antananarivo et Paris.<\/p>\n<p>Suite a\u0300 la de\u0301cision du gouvernement malgache de de\u0301clarer \u00ab persona non grata \u00bb un des agents de l\u2019Ambassade de France a\u0300 Antananarivo, la re\u0301ponse de la partie franc\u0327aise ne s\u2019est pas faite attendre.<\/p>\n<p>D\u2019apre\u0300s une communication faite par l\u2019Ambassade ce mercredi 29 avril, le Ministe\u0300re de l\u2019Europe et des Affaires e\u0301trange\u0300res a \u00ab convoque\u0301 mardi 28 avril le charge\u0301 d\u2019affaires de l\u2019ambassade de Madagascar a\u0300 Paris pour protester vigoureusement contre la de\u0301claration comme \u00ab persona non grata \u00bb d\u2019un agent diplomatique de l\u2019ambassade de France a\u0300 Antananarivo \u00bb.<\/p>\n<p>Le diplomate malgache a e\u0301te\u0301 signifie\u0301 que \u00ab la France rejetait cate\u0301goriquement toute accusation de de\u0301stabilisation du re\u0301gime de la Refondation de la Re\u0301publique de Madagascar \u00bb.<\/p>\n<p>Sur cette lance\u0301e, le gouvernement franc\u0327ais qualifie les accusations d\u2019 \u00ab infonde\u0301es \u00bb, mais e\u0301galement d\u2019 \u00ab incompre\u0301hensibles compte tenu du soutien constant et concret apporte\u0301 par la France, en lien avec ses partenaires internationaux depuis octobre 2025 au processus de la Refondation, en tant qu\u2019il s\u2019efforce de re\u0301pondre aux aspirations le\u0301gitimes exprime\u0301es par le peuple de Madagascar et notamment sa jeunesse \u00bb, selon les pre\u0301cisions.<\/p>\n<p>Enfin, la France \u00ab appelle les autorite\u0301s de Madagascar a\u0300 maintenir un dialogue constructif, a\u0300 la hauteur de la relation bilate\u0301rale et dans l\u2019inte\u0301re\u0302t de nos deux pays \u00bb.<\/p>\n<p>Ces nouvelles tensions avec Paris pourraient expliquer la nomination d\u2019un nouvel ambassadeur en France parmi les cinq nominations faites au cours du conseil des ministres tenu dans la soire\u0301e du mardi 28 avril. Ce poste reste\u0301 vacant depuis pre\u0300s d\u2019un an est de\u0301sormais occupe\u0301 par Rabemahefa Michel.<\/p>\n<p>Du co\u0302te\u0301 des autorite\u0301s malgaches, les enque\u0302tes dans le cadre de l\u2019affaire de de\u0301stabilisation a\u0300 Madagascar se poursuivent. Tre\u0300s tard dans la soire\u0301e du 28 avril, le Ministe\u0300re de la justice a annonce\u0301 la de\u0301tention pre\u0301ventive d\u2019un ressortissant franc\u0327ais de\u0301nomme\u0301 Guy Barret. Douze autres suspects malgaches, dont un colonel de l\u2019Arme\u0301e, ont de\u0301ja\u0300 e\u0301te\u0301 incarce\u0301re\u0301s dans le cadre de cette affaire.<\/p>\n<p>Les relations entre Madagascar et la France ont toujours e\u0301te\u0301 complexes, marque\u0301es par des pe\u0301riodes de coope\u0301ration et de tensions. Depuis l&rsquo;inde\u0301pendance de Madagascar en 1960, la France a conserve\u0301 une influence significative sur l&rsquo;i\u0302le, notamment a\u0300 travers des liens e\u0301conomiques et culturels. Cependant, des incidents diplomatiques, comme la re\u0301cente de\u0301claration de persona non grata, rappellent les de\u0301fis persistants dans cette relation bilate\u0301rale, exacerbe\u0301s par des accusations de de\u0301stabilisation et des tensions politiques internes.<\/p>\n<p class=\"ap-article-footer-note\">Retrouvez plus d\u2019actualit\u00e9s et d\u2019analyses sur <span class=\"ap-highlight-country\">Madagascar<\/span> sur le site <span class=\"ap-highlight-brand\">Africa Press<\/span><\/p>\n","protected":false},"excerpt":{"rendered":"<p>CE Qu\u2019Il Faut Savoir Les tensions diplomatiques entre Madagascar et la France se sont intensifi\u00e9es suite \u00e0 la d\u00e9claration de persona non grata d&rsquo;un agent de l&rsquo;ambassade fran\u00e7aise \u00e0 Antananarivo. En r\u00e9ponse, la France a convoqu\u00e9 le charg\u00e9 d&rsquo;affaires malgache \u00e0 Paris pour exprimer son m\u00e9contentement et a rejet\u00e9 les accusations de d\u00e9stabilisation. Les enqu\u00eates [&hellip;]<\/p>\n","protected":false},"author":82,"featured_media":42441,"comment_status":"open","ping_status":"closed","sticky":false,"template":"","format":"standard","meta":{"footnotes":""},"categories":[2,20,10],"tags":[1667,768,593,49,1668],"class_list":["post-42442","post","type-post","status-publish","format-standard","has-post-thumbnail","hentry","category-politique","category-top-nouvelles","category-toutes-les-actualites","tag-ambassade","tag-diplomatie","tag-france","tag-madagascar","tag-tensions"],"yoast_head":"<!-- This site is optimized with the Yoast SEO Premium plugin v26.1 (Yoast SEO v27.0) - https:\/\/yoast.com\/product\/yoast-seo-premium-wordpress\/ -->\n<title>France Proteste Contre la D\u00e9claration de Persona non Grata - Madagascar<\/title>\n<meta name=\"description\" content=\"La France proteste contre la d\u00e9cision de Madagascar de d\u00e9clarer un diplomate persona non grata, exacerbant les tensions.\" \/>\n<meta name=\"robots\" content=\"index, follow, max-snippet:-1, max-image-preview:large, max-video-preview:-1\" \/>\n<link rel=\"canonical\" href=\"https:\/\/www.africa-press.net\/madagascar\/politique\/france-proteste-contre-la-declaration-de-persona-non-grata\" \/>\n<meta property=\"og:locale\" content=\"fr_FR\" \/>\n<meta property=\"og:type\" content=\"article\" \/>\n<meta property=\"og:title\" content=\"France Proteste Contre la D\u00e9claration de Persona non Grata\" \/>\n<meta property=\"og:description\" content=\"La France proteste contre la d\u00e9cision de Madagascar de d\u00e9clarer un diplomate persona non grata, exacerbant les tensions.\" \/>\n<meta property=\"og:url\" content=\"https:\/\/www.africa-press.net\/madagascar\/politique\/france-proteste-contre-la-declaration-de-persona-non-grata\" \/>\n<meta property=\"og:site_name\" content=\"Madagascar\" \/>\n<meta property=\"article:published_time\" content=\"2026-04-29T21:55:18+00:00\" \/>\n<meta property=\"article:modified_time\" content=\"2026-04-29T23:04:31+00:00\" \/>\n<meta property=\"og:image\" content=\"https:\/\/static.africa-press.net\/madagascar\/sites\/56\/2026\/04\/sm_1777503773.732233.jpg\" \/>\n\t<meta property=\"og:image:width\" content=\"864\" \/>\n\t<meta property=\"og:image:height\" content=\"486\" \/>\n\t<meta property=\"og:image:type\" content=\"image\/jpeg\" \/>\n<meta name=\"author\" content=\"cfeditorfr\" \/>\n<meta name=\"twitter:card\" content=\"summary_large_image\" \/>\n<meta name=\"twitter:label1\" content=\"\u00c9crit par\" \/>\n\t<meta name=\"twitter:data1\" content=\"cfeditorfr\" \/>\n\t<meta name=\"twitter:label2\" content=\"Dur\u00e9e de lecture estim\u00e9e\" \/>\n\t<meta name=\"twitter:data2\" content=\"3 minutes\" \/>\n<script type=\"application\/ld+json\" class=\"yoast-schema-graph\">{\"@context\":\"https:\/\/schema.org\",\"@graph\":[{\"@type\":\"Article\",\"@id\":\"https:\/\/www.africa-press.net\/madagascar\/politique\/france-proteste-contre-la-declaration-de-persona-non-grata#article\",\"isPartOf\":{\"@id\":\"https:\/\/www.africa-press.net\/madagascar\/politique\/france-proteste-contre-la-declaration-de-persona-non-grata\"},\"author\":{\"name\":\"cfeditorfr\",\"@id\":\"https:\/\/www.africa-press.net\/madagascar\/#\/schema\/person\/2b1cf3cd81a31e3cd26889ca66d677f1\"},\"headline\":\"France Proteste Contre la D\u00e9claration de Persona non Grata\",\"datePublished\":\"2026-04-29T21:55:18+00:00\",\"dateModified\":\"2026-04-29T23:04:31+00:00\",\"mainEntityOfPage\":{\"@id\":\"https:\/\/www.africa-press.net\/madagascar\/politique\/france-proteste-contre-la-declaration-de-persona-non-grata\"},\"wordCount\":568,\"commentCount\":0,\"image\":{\"@id\":\"https:\/\/www.africa-press.net\/madagascar\/politique\/france-proteste-contre-la-declaration-de-persona-non-grata#primaryimage\"},\"thumbnailUrl\":\"https:\/\/static.africa-press.net\/madagascar\/sites\/56\/2026\/04\/sm_1777503773.732233.jpg\",\"keywords\":[\"ambassade\",\"Diplomatie\",\"France\",\"Madagascar\",\"tensions\"],\"articleSection\":[\"Politique\",\"Top Nouvelles\",\"Toutes les actualit\u00e9s\"],\"inLanguage\":\"fr-FR\",\"potentialAction\":[{\"@type\":\"CommentAction\",\"name\":\"Comment\",\"target\":[\"https:\/\/www.africa-press.net\/madagascar\/politique\/france-proteste-contre-la-declaration-de-persona-non-grata#respond\"]}]},{\"@type\":\"WebPage\",\"@id\":\"https:\/\/www.africa-press.net\/madagascar\/politique\/france-proteste-contre-la-declaration-de-persona-non-grata\",\"url\":\"https:\/\/www.africa-press.net\/madagascar\/politique\/france-proteste-contre-la-declaration-de-persona-non-grata\",\"name\":\"France Proteste Contre la D\u00e9claration de Persona non Grata - Madagascar\",\"isPartOf\":{\"@id\":\"https:\/\/www.africa-press.net\/madagascar\/#website\"},\"primaryImageOfPage\":{\"@id\":\"https:\/\/www.africa-press.net\/madagascar\/politique\/france-proteste-contre-la-declaration-de-persona-non-grata#primaryimage\"},\"image\":{\"@id\":\"https:\/\/www.africa-press.net\/madagascar\/politique\/france-proteste-contre-la-declaration-de-persona-non-grata#primaryimage\"},\"thumbnailUrl\":\"https:\/\/static.africa-press.net\/madagascar\/sites\/56\/2026\/04\/sm_1777503773.732233.jpg\",\"datePublished\":\"2026-04-29T21:55:18+00:00\",\"dateModified\":\"2026-04-29T23:04:31+00:00\",\"author\":{\"@id\":\"https:\/\/www.africa-press.net\/madagascar\/#\/schema\/person\/2b1cf3cd81a31e3cd26889ca66d677f1\"},\"description\":\"La France proteste contre la d\u00e9cision de Madagascar de d\u00e9clarer un diplomate persona non grata, exacerbant les tensions.\",\"breadcrumb\":{\"@id\":\"https:\/\/www.africa-press.net\/madagascar\/politique\/france-proteste-contre-la-declaration-de-persona-non-grata#breadcrumb\"},\"inLanguage\":\"fr-FR\",\"potentialAction\":[{\"@type\":\"ReadAction\",\"target\":[\"https:\/\/www.africa-press.net\/madagascar\/politique\/france-proteste-contre-la-declaration-de-persona-non-grata\"]}]},{\"@type\":\"ImageObject\",\"inLanguage\":\"fr-FR\",\"@id\":\"https:\/\/www.africa-press.net\/madagascar\/politique\/france-proteste-contre-la-declaration-de-persona-non-grata#primaryimage\",\"url\":\"https:\/\/static.africa-press.net\/madagascar\/sites\/56\/2026\/04\/sm_1777503773.732233.jpg\",\"contentUrl\":\"https:\/\/static.africa-press.net\/madagascar\/sites\/56\/2026\/04\/sm_1777503773.732233.jpg\",\"width\":864,\"height\":486,\"caption\":\"France Proteste Contre la D\u00e9claration de Persona non Grata\"},{\"@type\":\"BreadcrumbList\",\"@id\":\"https:\/\/www.africa-press.net\/madagascar\/politique\/france-proteste-contre-la-declaration-de-persona-non-grata#breadcrumb\",\"itemListElement\":[{\"@type\":\"ListItem\",\"position\":1,\"name\":\"Accueil\",\"item\":\"https:\/\/www.africa-press.net\/madagascar\/\"},{\"@type\":\"ListItem\",\"position\":2,\"name\":\"France Proteste Contre la D\u00e9claration de Persona non Grata\"}]},{\"@type\":\"WebSite\",\"@id\":\"https:\/\/www.africa-press.net\/madagascar\/#website\",\"url\":\"https:\/\/www.africa-press.net\/madagascar\/\",\"name\":\"Madagascar\",\"description\":\"Just another Africa News Agency Sites site\",\"potentialAction\":[{\"@type\":\"SearchAction\",\"target\":{\"@type\":\"EntryPoint\",\"urlTemplate\":\"https:\/\/www.africa-press.net\/madagascar\/?s={search_term_string}\"},\"query-input\":{\"@type\":\"PropertyValueSpecification\",\"valueRequired\":true,\"valueName\":\"search_term_string\"}}],\"inLanguage\":\"fr-FR\"},{\"@type\":\"Person\",\"@id\":\"https:\/\/www.africa-press.net\/madagascar\/#\/schema\/person\/2b1cf3cd81a31e3cd26889ca66d677f1\",\"name\":\"cfeditorfr\"}]}<\/script>\n<!-- \/ Yoast SEO Premium plugin. -->","yoast_head_json":{"title":"France Proteste Contre la D\u00e9claration de Persona non Grata - Madagascar","description":"La France proteste contre la d\u00e9cision de Madagascar de d\u00e9clarer un diplomate persona non grata, exacerbant les tensions.","robots":{"index":"index","follow":"follow","max-snippet":"max-snippet:-1","max-image-preview":"max-image-preview:large","max-video-preview":"max-video-preview:-1"},"canonical":"https:\/\/www.africa-press.net\/madagascar\/politique\/france-proteste-contre-la-declaration-de-persona-non-grata","og_locale":"fr_FR","og_type":"article","og_title":"France Proteste Contre la D\u00e9claration de Persona non Grata","og_description":"La France proteste contre la d\u00e9cision de Madagascar de d\u00e9clarer un diplomate persona non grata, exacerbant les tensions.","og_url":"https:\/\/www.africa-press.net\/madagascar\/politique\/france-proteste-contre-la-declaration-de-persona-non-grata","og_site_name":"Madagascar","article_published_time":"2026-04-29T21:55:18+00:00","article_modified_time":"2026-04-29T23:04:31+00:00","og_image":[{"width":864,"height":486,"url":"https:\/\/static.africa-press.net\/madagascar\/sites\/56\/2026\/04\/sm_1777503773.732233.jpg","type":"image\/jpeg"}],"author":"cfeditorfr","twitter_card":"summary_large_image","twitter_misc":{"\u00c9crit par":"cfeditorfr","Dur\u00e9e de lecture estim\u00e9e":"3 minutes"},"schema":{"@context":"https:\/\/schema.org","@graph":[{"@type":"Article","@id":"https:\/\/www.africa-press.net\/madagascar\/politique\/france-proteste-contre-la-declaration-de-persona-non-grata#article","isPartOf":{"@id":"https:\/\/www.africa-press.net\/madagascar\/politique\/france-proteste-contre-la-declaration-de-persona-non-grata"},"author":{"name":"cfeditorfr","@id":"https:\/\/www.africa-press.net\/madagascar\/#\/schema\/person\/2b1cf3cd81a31e3cd26889ca66d677f1"},"headline":"France Proteste Contre la D\u00e9claration de Persona non Grata","datePublished":"2026-04-29T21:55:18+00:00","dateModified":"2026-04-29T23:04:31+00:00","mainEntityOfPage":{"@id":"https:\/\/www.africa-press.net\/madagascar\/politique\/france-proteste-contre-la-declaration-de-persona-non-grata"},"wordCount":568,"commentCount":0,"image":{"@id":"https:\/\/www.africa-press.net\/madagascar\/politique\/france-proteste-contre-la-declaration-de-persona-non-grata#primaryimage"},"thumbnailUrl":"https:\/\/static.africa-press.net\/madagascar\/sites\/56\/2026\/04\/sm_1777503773.732233.jpg","keywords":["ambassade","Diplomatie","France","Madagascar","tensions"],"articleSection":["Politique","Top Nouvelles","Toutes les actualit\u00e9s"],"inLanguage":"fr-FR","potentialAction":[{"@type":"CommentAction","name":"Comment","target":["https:\/\/www.africa-press.net\/madagascar\/politique\/france-proteste-contre-la-declaration-de-persona-non-grata#respond"]}]},{"@type":"WebPage","@id":"https:\/\/www.africa-press.net\/madagascar\/politique\/france-proteste-contre-la-declaration-de-persona-non-grata","url":"https:\/\/www.africa-press.net\/madagascar\/politique\/france-proteste-contre-la-declaration-de-persona-non-grata","name":"France Proteste Contre la D\u00e9claration de Persona non Grata - Madagascar","isPartOf":{"@id":"https:\/\/www.africa-press.net\/madagascar\/#website"},"primaryImageOfPage":{"@id":"https:\/\/www.africa-press.net\/madagascar\/politique\/france-proteste-contre-la-declaration-de-persona-non-grata#primaryimage"},"image":{"@id":"https:\/\/www.africa-press.net\/madagascar\/politique\/france-proteste-contre-la-declaration-de-persona-non-grata#primaryimage"},"thumbnailUrl":"https:\/\/static.africa-press.net\/madagascar\/sites\/56\/2026\/04\/sm_1777503773.732233.jpg","datePublished":"2026-04-29T21:55:18+00:00","dateModified":"2026-04-29T23:04:31+00:00","author":{"@id":"https:\/\/www.africa-press.net\/madagascar\/#\/schema\/person\/2b1cf3cd81a31e3cd26889ca66d677f1"},"description":"La France proteste contre la d\u00e9cision de Madagascar de d\u00e9clarer un diplomate persona non grata, exacerbant les tensions.","breadcrumb":{"@id":"https:\/\/www.africa-press.net\/madagascar\/politique\/france-proteste-contre-la-declaration-de-persona-non-grata#breadcrumb"},"inLanguage":"fr-FR","potentialAction":[{"@type":"ReadAction","target":["https:\/\/www.africa-press.net\/madagascar\/politique\/france-proteste-contre-la-declaration-de-persona-non-grata"]}]},{"@type":"ImageObject","inLanguage":"fr-FR","@id":"https:\/\/www.africa-press.net\/madagascar\/politique\/france-proteste-contre-la-declaration-de-persona-non-grata#primaryimage","url":"https:\/\/static.africa-press.net\/madagascar\/sites\/56\/2026\/04\/sm_1777503773.732233.jpg","contentUrl":"https:\/\/static.africa-press.net\/madagascar\/sites\/56\/2026\/04\/sm_1777503773.732233.jpg","width":864,"height":486,"caption":"France Proteste Contre la D\u00e9claration de Persona non Grata"},{"@type":"BreadcrumbList","@id":"https:\/\/www.africa-press.net\/madagascar\/politique\/france-proteste-contre-la-declaration-de-persona-non-grata#breadcrumb","itemListElement":[{"@type":"ListItem","position":1,"name":"Accueil","item":"https:\/\/www.africa-press.net\/madagascar\/"},{"@type":"ListItem","position":2,"name":"France Proteste Contre la D\u00e9claration de Persona non Grata"}]},{"@type":"WebSite","@id":"https:\/\/www.africa-press.net\/madagascar\/#website","url":"https:\/\/www.africa-press.net\/madagascar\/","name":"Madagascar","description":"Just another Africa News Agency Sites site","potentialAction":[{"@type":"SearchAction","target":{"@type":"EntryPoint","urlTemplate":"https:\/\/www.africa-press.net\/madagascar\/?s={search_term_string}"},"query-input":{"@type":"PropertyValueSpecification","valueRequired":true,"valueName":"search_term_string"}}],"inLanguage":"fr-FR"},{"@type":"Person","@id":"https:\/\/www.africa-press.net\/madagascar\/#\/schema\/person\/2b1cf3cd81a31e3cd26889ca66d677f1","name":"cfeditorfr"}]}},"_links":{"self":[{"href":"https:\/\/www.africa-press.net\/madagascar\/wp-json\/wp\/v2\/posts\/42442","targetHints":{"allow":["GET"]}}],"collection":[{"href":"https:\/\/www.africa-press.net\/madagascar\/wp-json\/wp\/v2\/posts"}],"about":[{"href":"https:\/\/www.africa-press.net\/madagascar\/wp-json\/wp\/v2\/types\/post"}],"author":[{"embeddable":true,"href":"https:\/\/www.africa-press.net\/madagascar\/wp-json\/wp\/v2\/users\/82"}],"replies":[{"embeddable":true,"href":"https:\/\/www.africa-press.net\/madagascar\/wp-json\/wp\/v2\/comments?post=42442"}],"version-history":[{"count":1,"href":"https:\/\/www.africa-press.net\/madagascar\/wp-json\/wp\/v2\/posts\/42442\/revisions"}],"predecessor-version":[{"id":42443,"href":"https:\/\/www.africa-press.net\/madagascar\/wp-json\/wp\/v2\/posts\/42442\/revisions\/42443"}],"wp:featuredmedia":[{"embeddable":true,"href":"https:\/\/www.africa-press.net\/madagascar\/wp-json\/wp\/v2\/media\/42441"}],"wp:attachment":[{"href":"https:\/\/www.africa-press.net\/madagascar\/wp-json\/wp\/v2\/media?parent=42442"}],"wp:term":[{"taxonomy":"category","embeddable":true,"href":"https:\/\/www.africa-press.net\/madagascar\/wp-json\/wp\/v2\/categories?post=42442"},{"taxonomy":"post_tag","embeddable":true,"href":"https:\/\/www.africa-press.net\/madagascar\/wp-json\/wp\/v2\/tags?post=42442"}],"curies":[{"name":"wp","href":"https:\/\/api.w.org\/{rel}","templated":true}]}}