{"id":42445,"date":"2026-04-29T14:22:12","date_gmt":"2026-04-29T14:22:12","guid":{"rendered":"https:\/\/www.africa-press.net\/madagascar\/politique\/refondation-de-la-societe-civile-et-jeunesse-en-action"},"modified":"2026-04-29T23:06:43","modified_gmt":"2026-04-29T23:06:43","slug":"refondation-de-la-societe-civile-et-jeunesse-en-action","status":"publish","type":"post","link":"https:\/\/www.africa-press.net\/madagascar\/politique\/refondation-de-la-societe-civile-et-jeunesse-en-action","title":{"rendered":"Refondation de la Soci\u00e9t\u00e9 Civile et Jeunesse en Action"},"content":{"rendered":"<p><span class=\"ap-article-header-tag\"> <strong>Africa-Press &#8211; Madagascar. <\/strong> <\/span>Plusieurs organisations de la socie\u0301te\u0301 civile et mouvements de jeunesse malgaches ont lance\u0301 un appel urgent a\u0300 une transition \u00ab concerte\u0301e, transparente et inclusive \u00bb, assortie de profondes re\u0301formes institutionnelles. Dans un communique\u0301 conjoint publie\u0301 ce 28 avril, ces acteurs de\u0301noncent l\u2019absence de changements concrets six mois apre\u0300s la chute du re\u0301gime pre\u0301ce\u0301dent.<\/p>\n<p>Selon les signataires, \u00ab aucune transformation tangible des me\u0301thodes de travail et des Institutions pour la bonne gouvernance du pays n\u2019est observe\u0301e \u00bb, malgre\u0301 les promesses des dirigeants actuels. Ils de\u0301crivent une gouvernance de transition \u00ab floue \u00bb, marque\u0301e par \u00ab des ta\u0302tonnements, des de\u0301cisions unilate\u0301rales et un manque presque total de transparence \u00bb.<\/p>\n<p>Le constat dresse\u0301 est se\u0301ve\u0300re. Les organisations pointent le maintien d\u2019institutions juge\u0301es inefficaces, accuse\u0301es d\u2019avoir contribue\u0301 a\u0300 \u00ab l\u2019extre\u0302me pauvrete\u0301 du pays \u00bb. Elles de\u0301noncent e\u0301galement un gaspillage de ressources publiques, la persistance de la corruption et, plus inquie\u0301tant encore, \u00ab le recul de la liberte\u0301 d\u2019expression et de manifestation \u00bb, accompagne\u0301 de pratiques d\u2019intimidation, de menaces et d\u2019arrestations arbitraires visant les voix critiques.<\/p>\n<p>Face a\u0300 cette situation, les signataires appellent a\u0300 une se\u0301rie de mesures imme\u0301diates. Parmi les principales revendications figure l\u2019organisation rapide d\u2019une pre\u0301-concertation inclusive pour e\u0301tablir une feuille de route claire, de\u0301bouchant sur une \u00ab charte de la transition pour la refondation \u00bb. Cette charte pre\u0301voirait notamment la mise en place de nouvelles institutions en remplacement d\u2019organes actuels tels que la Haute Cour Constitutionnelle (HCC), l\u2019Assemble\u0301e nationale (AN) ou encore la Commission e\u0301lectorale nationale inde\u0301pendante (CENI), juge\u0301s \u00ab inefficaces \u00bb.<\/p>\n<p>Les organisations insistent e\u0301galement sur la ne\u0301cessite\u0301 d\u2019une implication accrue des jeunes, avec au moins 30 % de repre\u0301sentation dans les instances de\u0301cisionnelles de la transition. Elles plaident en outre pour une re\u0301forme en profondeur des institutions e\u0301lectorales, fonde\u0301e sur \u00ab les compe\u0301tences et l\u2019inte\u0301grite\u0301 \u00bb, via des processus de se\u0301lection transparents.<\/p>\n<p>La lutte contre la corruption constitue un autre axe majeur des revendications. Les signataires demandent la mise en place de me\u0301canismes efficaces de contro\u0302le et de redevabilite\u0301, incluant l\u2019acce\u0300s aux informations publiques, la protection des lanceurs d\u2019alerte et la publication re\u0301gulie\u0300re de l\u2019utilisation des fonds publics. Ils appellent e\u0301galement a\u0300 une de\u0301centralisation effective, avec un transfert accru de ressources vers les collectivite\u0301s locales.<\/p>\n<p>Par ailleurs, le communique\u0301 exige \u00ab la cessation imme\u0301diate des intimidations et arrestations visant les jeunes et les citoyens \u00bb exerc\u0327ant leur droit a\u0300 la liberte\u0301 d\u2019expression, ainsi que des sanctions contre les abus commis par les forces de l\u2019ordre.<\/p>\n<p>Ces organisations rappellent qu\u2019\u00ab un dirigeant engage\u0301 pour la justice et la refondation ne peut re\u0301ussir qu\u2019en faisant une rupture avec les pratiques et les Institutions ayant grandement conduit a\u0300 la de\u0301gradation du pays \u00bb. Elles exhortent les autorite\u0301s a\u0300 faire preuve de courage politique en engageant une transition ve\u0301ritablement inclusive, donnant une place centrale a\u0300 la jeunesse.<\/p>\n<p class=\"ap-article-footer-note\">Retrouvez plus d\u2019actualit\u00e9s et d\u2019analyses sur <span class=\"ap-highlight-country\">Madagascar<\/span> sur le site <span class=\"ap-highlight-brand\">Africa Press<\/span><\/p>\n","protected":false},"excerpt":{"rendered":"<p>Africa-Press &#8211; Madagascar. Plusieurs organisations de la socie\u0301te\u0301 civile et mouvements de jeunesse malgaches ont lance\u0301 un appel urgent a\u0300 une transition \u00ab concerte\u0301e, transparente et inclusive \u00bb, assortie de profondes re\u0301formes institutionnelles. Dans un communique\u0301 conjoint publie\u0301 ce 28 avril, ces acteurs de\u0301noncent l\u2019absence de changements concrets six mois apre\u0300s la chute du re\u0301gime [&hellip;]<\/p>\n","protected":false},"author":82,"featured_media":42444,"comment_status":"open","ping_status":"closed","sticky":false,"template":"","format":"standard","meta":{"footnotes":""},"categories":[2,20,10],"tags":[49],"class_list":["post-42445","post","type-post","status-publish","format-standard","has-post-thumbnail","hentry","category-politique","category-top-nouvelles","category-toutes-les-actualites","tag-madagascar"],"yoast_head":"<!-- This site is optimized with the Yoast SEO Premium plugin v26.1 (Yoast SEO v27.0) - https:\/\/yoast.com\/product\/yoast-seo-premium-wordpress\/ -->\n<title>Refondation de la Soci\u00e9t\u00e9 Civile et Jeunesse en Action - Madagascar<\/title>\n<meta name=\"description\" content=\"-article-header-tag&quot;&gt; Africa-Press - Madagascar. Plusieurs organisations de l ...\" \/>\n<meta name=\"robots\" content=\"index, follow, max-snippet:-1, max-image-preview:large, max-video-preview:-1\" \/>\n<link rel=\"canonical\" href=\"https:\/\/www.africa-press.net\/madagascar\/politique\/refondation-de-la-societe-civile-et-jeunesse-en-action\" \/>\n<meta property=\"og:locale\" content=\"fr_FR\" \/>\n<meta property=\"og:type\" content=\"article\" \/>\n<meta property=\"og:title\" content=\"Refondation de la Soci\u00e9t\u00e9 Civile et Jeunesse en Action\" \/>\n<meta property=\"og:description\" content=\"-article-header-tag&quot;&gt; Africa-Press - Madagascar. Plusieurs organisations de l ...\" \/>\n<meta property=\"og:url\" content=\"https:\/\/www.africa-press.net\/madagascar\/politique\/refondation-de-la-societe-civile-et-jeunesse-en-action\" \/>\n<meta property=\"og:site_name\" content=\"Madagascar\" \/>\n<meta property=\"article:published_time\" content=\"2026-04-29T14:22:12+00:00\" \/>\n<meta property=\"article:modified_time\" content=\"2026-04-29T23:06:43+00:00\" \/>\n<meta property=\"og:image\" content=\"https:\/\/static.africa-press.net\/madagascar\/sites\/56\/2026\/04\/sm_1777503895.650848.jpg\" \/>\n\t<meta property=\"og:image:width\" content=\"755\" \/>\n\t<meta property=\"og:image:height\" content=\"396\" \/>\n\t<meta property=\"og:image:type\" content=\"image\/jpeg\" \/>\n<meta name=\"author\" content=\"cfeditorfr\" \/>\n<meta name=\"twitter:card\" content=\"summary_large_image\" \/>\n<meta name=\"twitter:label1\" content=\"\u00c9crit par\" \/>\n\t<meta name=\"twitter:data1\" content=\"cfeditorfr\" \/>\n\t<meta name=\"twitter:label2\" content=\"Dur\u00e9e de lecture estim\u00e9e\" \/>\n\t<meta name=\"twitter:data2\" content=\"3 minutes\" \/>\n<script type=\"application\/ld+json\" class=\"yoast-schema-graph\">{\"@context\":\"https:\/\/schema.org\",\"@graph\":[{\"@type\":\"Article\",\"@id\":\"https:\/\/www.africa-press.net\/madagascar\/politique\/refondation-de-la-societe-civile-et-jeunesse-en-action#article\",\"isPartOf\":{\"@id\":\"https:\/\/www.africa-press.net\/madagascar\/politique\/refondation-de-la-societe-civile-et-jeunesse-en-action\"},\"author\":{\"name\":\"cfeditorfr\",\"@id\":\"https:\/\/www.africa-press.net\/madagascar\/#\/schema\/person\/2b1cf3cd81a31e3cd26889ca66d677f1\"},\"headline\":\"Refondation de la Soci\u00e9t\u00e9 Civile et Jeunesse en Action\",\"datePublished\":\"2026-04-29T14:22:12+00:00\",\"dateModified\":\"2026-04-29T23:06:43+00:00\",\"mainEntityOfPage\":{\"@id\":\"https:\/\/www.africa-press.net\/madagascar\/politique\/refondation-de-la-societe-civile-et-jeunesse-en-action\"},\"wordCount\":544,\"commentCount\":0,\"image\":{\"@id\":\"https:\/\/www.africa-press.net\/madagascar\/politique\/refondation-de-la-societe-civile-et-jeunesse-en-action#primaryimage\"},\"thumbnailUrl\":\"https:\/\/static.africa-press.net\/madagascar\/sites\/56\/2026\/04\/sm_1777503895.650848.jpg\",\"keywords\":[\"Madagascar\"],\"articleSection\":[\"Politique\",\"Top Nouvelles\",\"Toutes les actualit\u00e9s\"],\"inLanguage\":\"fr-FR\",\"potentialAction\":[{\"@type\":\"CommentAction\",\"name\":\"Comment\",\"target\":[\"https:\/\/www.africa-press.net\/madagascar\/politique\/refondation-de-la-societe-civile-et-jeunesse-en-action#respond\"]}]},{\"@type\":\"WebPage\",\"@id\":\"https:\/\/www.africa-press.net\/madagascar\/politique\/refondation-de-la-societe-civile-et-jeunesse-en-action\",\"url\":\"https:\/\/www.africa-press.net\/madagascar\/politique\/refondation-de-la-societe-civile-et-jeunesse-en-action\",\"name\":\"Refondation de la Soci\u00e9t\u00e9 Civile et Jeunesse en Action - Madagascar\",\"isPartOf\":{\"@id\":\"https:\/\/www.africa-press.net\/madagascar\/#website\"},\"primaryImageOfPage\":{\"@id\":\"https:\/\/www.africa-press.net\/madagascar\/politique\/refondation-de-la-societe-civile-et-jeunesse-en-action#primaryimage\"},\"image\":{\"@id\":\"https:\/\/www.africa-press.net\/madagascar\/politique\/refondation-de-la-societe-civile-et-jeunesse-en-action#primaryimage\"},\"thumbnailUrl\":\"https:\/\/static.africa-press.net\/madagascar\/sites\/56\/2026\/04\/sm_1777503895.650848.jpg\",\"datePublished\":\"2026-04-29T14:22:12+00:00\",\"dateModified\":\"2026-04-29T23:06:43+00:00\",\"author\":{\"@id\":\"https:\/\/www.africa-press.net\/madagascar\/#\/schema\/person\/2b1cf3cd81a31e3cd26889ca66d677f1\"},\"description\":\"-article-header-tag\\\"> Africa-Press - Madagascar. Plusieurs organisations de l ...\",\"breadcrumb\":{\"@id\":\"https:\/\/www.africa-press.net\/madagascar\/politique\/refondation-de-la-societe-civile-et-jeunesse-en-action#breadcrumb\"},\"inLanguage\":\"fr-FR\",\"potentialAction\":[{\"@type\":\"ReadAction\",\"target\":[\"https:\/\/www.africa-press.net\/madagascar\/politique\/refondation-de-la-societe-civile-et-jeunesse-en-action\"]}]},{\"@type\":\"ImageObject\",\"inLanguage\":\"fr-FR\",\"@id\":\"https:\/\/www.africa-press.net\/madagascar\/politique\/refondation-de-la-societe-civile-et-jeunesse-en-action#primaryimage\",\"url\":\"https:\/\/static.africa-press.net\/madagascar\/sites\/56\/2026\/04\/sm_1777503895.650848.jpg\",\"contentUrl\":\"https:\/\/static.africa-press.net\/madagascar\/sites\/56\/2026\/04\/sm_1777503895.650848.jpg\",\"width\":755,\"height\":396,\"caption\":\"Refondation de la Soci\u00e9t\u00e9 Civile et Jeunesse en Action\"},{\"@type\":\"BreadcrumbList\",\"@id\":\"https:\/\/www.africa-press.net\/madagascar\/politique\/refondation-de-la-societe-civile-et-jeunesse-en-action#breadcrumb\",\"itemListElement\":[{\"@type\":\"ListItem\",\"position\":1,\"name\":\"Accueil\",\"item\":\"https:\/\/www.africa-press.net\/madagascar\/\"},{\"@type\":\"ListItem\",\"position\":2,\"name\":\"Refondation de la Soci\u00e9t\u00e9 Civile et Jeunesse en Action\"}]},{\"@type\":\"WebSite\",\"@id\":\"https:\/\/www.africa-press.net\/madagascar\/#website\",\"url\":\"https:\/\/www.africa-press.net\/madagascar\/\",\"name\":\"Madagascar\",\"description\":\"Just another Africa News Agency Sites site\",\"potentialAction\":[{\"@type\":\"SearchAction\",\"target\":{\"@type\":\"EntryPoint\",\"urlTemplate\":\"https:\/\/www.africa-press.net\/madagascar\/?s={search_term_string}\"},\"query-input\":{\"@type\":\"PropertyValueSpecification\",\"valueRequired\":true,\"valueName\":\"search_term_string\"}}],\"inLanguage\":\"fr-FR\"},{\"@type\":\"Person\",\"@id\":\"https:\/\/www.africa-press.net\/madagascar\/#\/schema\/person\/2b1cf3cd81a31e3cd26889ca66d677f1\",\"name\":\"cfeditorfr\"}]}<\/script>\n<!-- \/ Yoast SEO Premium plugin. -->","yoast_head_json":{"title":"Refondation de la Soci\u00e9t\u00e9 Civile et Jeunesse en Action - Madagascar","description":"-article-header-tag\"> Africa-Press - Madagascar. Plusieurs organisations de l ...","robots":{"index":"index","follow":"follow","max-snippet":"max-snippet:-1","max-image-preview":"max-image-preview:large","max-video-preview":"max-video-preview:-1"},"canonical":"https:\/\/www.africa-press.net\/madagascar\/politique\/refondation-de-la-societe-civile-et-jeunesse-en-action","og_locale":"fr_FR","og_type":"article","og_title":"Refondation de la Soci\u00e9t\u00e9 Civile et Jeunesse en Action","og_description":"-article-header-tag\"> Africa-Press - Madagascar. Plusieurs organisations de l ...","og_url":"https:\/\/www.africa-press.net\/madagascar\/politique\/refondation-de-la-societe-civile-et-jeunesse-en-action","og_site_name":"Madagascar","article_published_time":"2026-04-29T14:22:12+00:00","article_modified_time":"2026-04-29T23:06:43+00:00","og_image":[{"width":755,"height":396,"url":"https:\/\/static.africa-press.net\/madagascar\/sites\/56\/2026\/04\/sm_1777503895.650848.jpg","type":"image\/jpeg"}],"author":"cfeditorfr","twitter_card":"summary_large_image","twitter_misc":{"\u00c9crit par":"cfeditorfr","Dur\u00e9e de lecture estim\u00e9e":"3 minutes"},"schema":{"@context":"https:\/\/schema.org","@graph":[{"@type":"Article","@id":"https:\/\/www.africa-press.net\/madagascar\/politique\/refondation-de-la-societe-civile-et-jeunesse-en-action#article","isPartOf":{"@id":"https:\/\/www.africa-press.net\/madagascar\/politique\/refondation-de-la-societe-civile-et-jeunesse-en-action"},"author":{"name":"cfeditorfr","@id":"https:\/\/www.africa-press.net\/madagascar\/#\/schema\/person\/2b1cf3cd81a31e3cd26889ca66d677f1"},"headline":"Refondation de la Soci\u00e9t\u00e9 Civile et Jeunesse en Action","datePublished":"2026-04-29T14:22:12+00:00","dateModified":"2026-04-29T23:06:43+00:00","mainEntityOfPage":{"@id":"https:\/\/www.africa-press.net\/madagascar\/politique\/refondation-de-la-societe-civile-et-jeunesse-en-action"},"wordCount":544,"commentCount":0,"image":{"@id":"https:\/\/www.africa-press.net\/madagascar\/politique\/refondation-de-la-societe-civile-et-jeunesse-en-action#primaryimage"},"thumbnailUrl":"https:\/\/static.africa-press.net\/madagascar\/sites\/56\/2026\/04\/sm_1777503895.650848.jpg","keywords":["Madagascar"],"articleSection":["Politique","Top Nouvelles","Toutes les actualit\u00e9s"],"inLanguage":"fr-FR","potentialAction":[{"@type":"CommentAction","name":"Comment","target":["https:\/\/www.africa-press.net\/madagascar\/politique\/refondation-de-la-societe-civile-et-jeunesse-en-action#respond"]}]},{"@type":"WebPage","@id":"https:\/\/www.africa-press.net\/madagascar\/politique\/refondation-de-la-societe-civile-et-jeunesse-en-action","url":"https:\/\/www.africa-press.net\/madagascar\/politique\/refondation-de-la-societe-civile-et-jeunesse-en-action","name":"Refondation de la Soci\u00e9t\u00e9 Civile et Jeunesse en Action - Madagascar","isPartOf":{"@id":"https:\/\/www.africa-press.net\/madagascar\/#website"},"primaryImageOfPage":{"@id":"https:\/\/www.africa-press.net\/madagascar\/politique\/refondation-de-la-societe-civile-et-jeunesse-en-action#primaryimage"},"image":{"@id":"https:\/\/www.africa-press.net\/madagascar\/politique\/refondation-de-la-societe-civile-et-jeunesse-en-action#primaryimage"},"thumbnailUrl":"https:\/\/static.africa-press.net\/madagascar\/sites\/56\/2026\/04\/sm_1777503895.650848.jpg","datePublished":"2026-04-29T14:22:12+00:00","dateModified":"2026-04-29T23:06:43+00:00","author":{"@id":"https:\/\/www.africa-press.net\/madagascar\/#\/schema\/person\/2b1cf3cd81a31e3cd26889ca66d677f1"},"description":"-article-header-tag\"> Africa-Press - Madagascar. Plusieurs organisations de l ...","breadcrumb":{"@id":"https:\/\/www.africa-press.net\/madagascar\/politique\/refondation-de-la-societe-civile-et-jeunesse-en-action#breadcrumb"},"inLanguage":"fr-FR","potentialAction":[{"@type":"ReadAction","target":["https:\/\/www.africa-press.net\/madagascar\/politique\/refondation-de-la-societe-civile-et-jeunesse-en-action"]}]},{"@type":"ImageObject","inLanguage":"fr-FR","@id":"https:\/\/www.africa-press.net\/madagascar\/politique\/refondation-de-la-societe-civile-et-jeunesse-en-action#primaryimage","url":"https:\/\/static.africa-press.net\/madagascar\/sites\/56\/2026\/04\/sm_1777503895.650848.jpg","contentUrl":"https:\/\/static.africa-press.net\/madagascar\/sites\/56\/2026\/04\/sm_1777503895.650848.jpg","width":755,"height":396,"caption":"Refondation de la Soci\u00e9t\u00e9 Civile et Jeunesse en Action"},{"@type":"BreadcrumbList","@id":"https:\/\/www.africa-press.net\/madagascar\/politique\/refondation-de-la-societe-civile-et-jeunesse-en-action#breadcrumb","itemListElement":[{"@type":"ListItem","position":1,"name":"Accueil","item":"https:\/\/www.africa-press.net\/madagascar\/"},{"@type":"ListItem","position":2,"name":"Refondation de la Soci\u00e9t\u00e9 Civile et Jeunesse en Action"}]},{"@type":"WebSite","@id":"https:\/\/www.africa-press.net\/madagascar\/#website","url":"https:\/\/www.africa-press.net\/madagascar\/","name":"Madagascar","description":"Just another Africa News Agency Sites site","potentialAction":[{"@type":"SearchAction","target":{"@type":"EntryPoint","urlTemplate":"https:\/\/www.africa-press.net\/madagascar\/?s={search_term_string}"},"query-input":{"@type":"PropertyValueSpecification","valueRequired":true,"valueName":"search_term_string"}}],"inLanguage":"fr-FR"},{"@type":"Person","@id":"https:\/\/www.africa-press.net\/madagascar\/#\/schema\/person\/2b1cf3cd81a31e3cd26889ca66d677f1","name":"cfeditorfr"}]}},"_links":{"self":[{"href":"https:\/\/www.africa-press.net\/madagascar\/wp-json\/wp\/v2\/posts\/42445","targetHints":{"allow":["GET"]}}],"collection":[{"href":"https:\/\/www.africa-press.net\/madagascar\/wp-json\/wp\/v2\/posts"}],"about":[{"href":"https:\/\/www.africa-press.net\/madagascar\/wp-json\/wp\/v2\/types\/post"}],"author":[{"embeddable":true,"href":"https:\/\/www.africa-press.net\/madagascar\/wp-json\/wp\/v2\/users\/82"}],"replies":[{"embeddable":true,"href":"https:\/\/www.africa-press.net\/madagascar\/wp-json\/wp\/v2\/comments?post=42445"}],"version-history":[{"count":1,"href":"https:\/\/www.africa-press.net\/madagascar\/wp-json\/wp\/v2\/posts\/42445\/revisions"}],"predecessor-version":[{"id":42452,"href":"https:\/\/www.africa-press.net\/madagascar\/wp-json\/wp\/v2\/posts\/42445\/revisions\/42452"}],"wp:featuredmedia":[{"embeddable":true,"href":"https:\/\/www.africa-press.net\/madagascar\/wp-json\/wp\/v2\/media\/42444"}],"wp:attachment":[{"href":"https:\/\/www.africa-press.net\/madagascar\/wp-json\/wp\/v2\/media?parent=42445"}],"wp:term":[{"taxonomy":"category","embeddable":true,"href":"https:\/\/www.africa-press.net\/madagascar\/wp-json\/wp\/v2\/categories?post=42445"},{"taxonomy":"post_tag","embeddable":true,"href":"https:\/\/www.africa-press.net\/madagascar\/wp-json\/wp\/v2\/tags?post=42445"}],"curies":[{"name":"wp","href":"https:\/\/api.w.org\/{rel}","templated":true}]}}