{"id":42449,"date":"2026-04-29T13:00:00","date_gmt":"2026-04-29T13:00:00","guid":{"rendered":"https:\/\/www.africa-press.net\/madagascar\/politique\/scandale-detat-braquage-impliquant-la-garde-presidentielle"},"modified":"2026-04-29T23:07:34","modified_gmt":"2026-04-29T23:07:34","slug":"scandale-detat-braquage-impliquant-la-garde-presidentielle","status":"publish","type":"post","link":"https:\/\/www.africa-press.net\/madagascar\/politique\/scandale-detat-braquage-impliquant-la-garde-presidentielle","title":{"rendered":"Scandale D&rsquo;\u00c9tat: Braquage Impliquant la Garde Pr\u00e9sidentielle"},"content":{"rendered":"<p><span class=\"ap-article-header-tag\"> <strong>Africa-Press &#8211; Madagascar. <\/strong> <\/span>Ce qui devait e\u0302tre un simple faits divers risque de prendre une ampleur politique e\u0301branlant me\u0302me le pouvoir actuel, notamment les militaires actuellement au pouvoir, a\u0300 cause d\u2019un scandale d\u2019une gravite\u0301 exceptionnelle, a\u0300 la suite de l\u2019implication de certains de leurs e\u0301le\u0301ments dans un braquage survenu il y a une semaine a\u0300 Ambodihady. En effet, des membres de la garde pre\u0301sidentielle ainsi qu\u2019un garde du corps de la ministre de la Justice figurent parmi les personnes implique\u0301es dans cette affaire. Au total, treize individus, dont six militaires, ont de\u0301ja\u0300 e\u0301te\u0301 arre\u0302te\u0301s et place\u0301s en garde a\u0300 vue.<\/p>\n<p>Le 20 avril 2026, vers la fin de la matine\u0301e, un coursier transportant une importante somme d\u2019argent a e\u0301te\u0301 pris pour cible au niveau du pont d\u2019Ambodihady. Un groupe d\u2019individus arme\u0301s, circulant a\u0300 bord d\u2019un ve\u0301hicule et de motocyclettes, a intercepte\u0301 la victime avant de la contraindre a\u0300 monter a\u0300 bord. Le commando s\u2019est ensuite empare\u0301 de 73 175 000 ariary, abandonnant le coursier en cours de route avant de prendre la fuite. L\u2019ope\u0301ration, mene\u0301e en plein jour, laisse apparai\u0302tre un degre\u0301 d\u2019organisation avance\u0301 et une connaissance pre\u0301cise des mouvements de fonds.<\/p>\n<p>Les premie\u0300res investigations ont permis d\u2019identifier rapidement un suspect conside\u0301re\u0301 comme le principal instigateur, dont l\u2019arrestation a entrai\u0302ne\u0301 celle de plusieurs complices. Les enque\u0302teurs e\u0301voquent un braquage planifie\u0301 en amont, avec la transmission d\u2019informations sensibles sur les circuits financiers cible\u0301s. Une rencontre tenue la veille des faits aurait servi a\u0300 coordonner l\u2019ope\u0301ration, avant que les participants ne passent a\u0300 l\u2019acte le lendemain. Apre\u0300s le braquage, les auteurs se seraient retrouve\u0301s dans un autre quartier de la capitale afin de proce\u0301der au partage du butin.<\/p>\n<p>La pre\u0301sence de militaires, en particulier issus de la Garde pre\u0301sidentielle, confe\u0300re a\u0300 cette affaire une dimension hautement sensible. Elle ravive les interrogations sur les de\u0301rives individuelles au sein des forces de se\u0301curite\u0301, d\u2019autant que le pays est dirige\u0301 par des responsables issus du milieu militaire. Cette situation alimente un climat de me\u0301fiance, aussi bien chez les citoyens que dans les cercles politiques, ou\u0300 la question de l\u2019exemplarite\u0301 des institutions se pose avec acuite\u0301.<\/p>\n<p>Dans une de\u0301claration officielle, le ministe\u0300re de la Justice a tenu a\u0300 apporter des pre\u0301cisions sur l\u2019implication d\u2019un individu pre\u0301sente\u0301 comme garde du corps de la ministre. Il a indique\u0301 que ce dernier n\u2019occupe plus cette fonction, ayant cesse\u0301 ses activite\u0301s a\u0300 la fin du pre\u0301ce\u0301dent gouvernement. Le ministe\u0300re souligne que les faits reproche\u0301s rele\u0300vent de comportements individuels commis en dehors de toute mission officielle, et qu\u2019ils ne sauraient engager sa responsabilite\u0301. Les autorite\u0301s judiciaires affirment par ailleurs que, de\u0300s la connaissance de l\u2019affaire, des instructions strictes ont e\u0301te\u0301 donne\u0301es afin de garantir le bon de\u0301roulement de la proce\u0301dure, sans intervention ni pression. La ministre a insiste\u0301 sur une application rigoureuse et impartiale de la loi, re\u0301affirmant une politique de tole\u0301rance ze\u0301ro face aux infractions, tout en apportant son soutien aux forces de l\u2019ordre.<\/p>\n<p>De son co\u0302te\u0301, le ministe\u0300re de l\u2019Arme\u0301e malgache a e\u0301galement re\u0301agi a\u0300 travers un communique\u0301 officiel, affirmant que la Pre\u0301sidence de la refondation ainsi que le ministe\u0300re de l\u2019Arme\u0301e ne sauraient e\u0302tre tenus responsables des agissements de militaires en dehors de leurs services officiels. Les autorite\u0301s militaires ont condamne\u0301 fermement des actes juge\u0301s contraires a\u0300 la loi en vigueur et a\u0300 la de\u0301ontologie qui encadre le corps des forces arme\u0301es. Elles ont rappele\u0301 que la mission fondamentale des militaires demeure la protection de la population et de ses biens, soulignant que de tels comportements constituent une violation grave de cet engagement.<\/p>\n<p>Alors que plusieurs individus restent encore recherche\u0301s, l\u2019enque\u0302te se poursuit afin d\u2019e\u0301tablir l\u2019ensemble des responsabilite\u0301s. Par son ampleur et par le profil des personnes mises en cause, cette affaire pourrait avoir des re\u0301percussions durables sur la confiance envers les institutions de se\u0301curite\u0301 et sur le climat politique a\u0300 Madagascar.<\/p>\n<p class=\"ap-article-footer-note\">Retrouvez plus d\u2019actualit\u00e9s et d\u2019analyses sur <span class=\"ap-highlight-country\">Madagascar<\/span> sur le site <span class=\"ap-highlight-brand\">Africa Press<\/span><\/p>\n","protected":false},"excerpt":{"rendered":"<p>Africa-Press &#8211; Madagascar. Ce qui devait e\u0302tre un simple faits divers risque de prendre une ampleur politique e\u0301branlant me\u0302me le pouvoir actuel, notamment les militaires actuellement au pouvoir, a\u0300 cause d\u2019un scandale d\u2019une gravite\u0301 exceptionnelle, a\u0300 la suite de l\u2019implication de certains de leurs e\u0301le\u0301ments dans un braquage survenu il y a une semaine a\u0300 [&hellip;]<\/p>\n","protected":false},"author":82,"featured_media":42448,"comment_status":"open","ping_status":"closed","sticky":false,"template":"","format":"standard","meta":{"footnotes":""},"categories":[2,20,10],"tags":[49],"class_list":["post-42449","post","type-post","status-publish","format-standard","has-post-thumbnail","hentry","category-politique","category-top-nouvelles","category-toutes-les-actualites","tag-madagascar"],"yoast_head":"<!-- This site is optimized with the Yoast SEO Premium plugin v26.1 (Yoast SEO v27.0) - https:\/\/yoast.com\/product\/yoast-seo-premium-wordpress\/ -->\n<title>Scandale D&#039;\u00c9tat: Braquage Impliquant la Garde Pr\u00e9sidentielle - Madagascar<\/title>\n<meta name=\"description\" content=\"-article-header-tag&quot;&gt; Africa-Press - Madagascar. Ce qui devait e\u0302tre un simpl ...\" \/>\n<meta name=\"robots\" content=\"index, follow, max-snippet:-1, max-image-preview:large, max-video-preview:-1\" \/>\n<link rel=\"canonical\" href=\"https:\/\/www.africa-press.net\/madagascar\/politique\/scandale-detat-braquage-impliquant-la-garde-presidentielle\" \/>\n<meta property=\"og:locale\" content=\"fr_FR\" \/>\n<meta property=\"og:type\" content=\"article\" \/>\n<meta property=\"og:title\" content=\"Scandale D&#039;\u00c9tat: Braquage Impliquant la Garde Pr\u00e9sidentielle\" \/>\n<meta property=\"og:description\" content=\"-article-header-tag&quot;&gt; Africa-Press - Madagascar. Ce qui devait e\u0302tre un simpl ...\" \/>\n<meta property=\"og:url\" content=\"https:\/\/www.africa-press.net\/madagascar\/politique\/scandale-detat-braquage-impliquant-la-garde-presidentielle\" \/>\n<meta property=\"og:site_name\" content=\"Madagascar\" \/>\n<meta property=\"article:published_time\" content=\"2026-04-29T13:00:00+00:00\" \/>\n<meta property=\"article:modified_time\" content=\"2026-04-29T23:07:34+00:00\" \/>\n<meta property=\"og:image\" content=\"https:\/\/static.africa-press.net\/madagascar\/sites\/56\/2026\/04\/sm_1777503929.386469.jpg\" \/>\n\t<meta property=\"og:image:width\" content=\"755\" \/>\n\t<meta property=\"og:image:height\" content=\"396\" \/>\n\t<meta property=\"og:image:type\" content=\"image\/jpeg\" \/>\n<meta name=\"author\" content=\"cfeditorfr\" \/>\n<meta name=\"twitter:card\" content=\"summary_large_image\" \/>\n<meta name=\"twitter:label1\" content=\"\u00c9crit par\" \/>\n\t<meta name=\"twitter:data1\" content=\"cfeditorfr\" \/>\n\t<meta name=\"twitter:label2\" content=\"Dur\u00e9e de lecture estim\u00e9e\" \/>\n\t<meta name=\"twitter:data2\" content=\"4 minutes\" \/>\n<script type=\"application\/ld+json\" class=\"yoast-schema-graph\">{\"@context\":\"https:\/\/schema.org\",\"@graph\":[{\"@type\":\"Article\",\"@id\":\"https:\/\/www.africa-press.net\/madagascar\/politique\/scandale-detat-braquage-impliquant-la-garde-presidentielle#article\",\"isPartOf\":{\"@id\":\"https:\/\/www.africa-press.net\/madagascar\/politique\/scandale-detat-braquage-impliquant-la-garde-presidentielle\"},\"author\":{\"name\":\"cfeditorfr\",\"@id\":\"https:\/\/www.africa-press.net\/madagascar\/#\/schema\/person\/2b1cf3cd81a31e3cd26889ca66d677f1\"},\"headline\":\"Scandale D&rsquo;\u00c9tat: Braquage Impliquant la Garde Pr\u00e9sidentielle\",\"datePublished\":\"2026-04-29T13:00:00+00:00\",\"dateModified\":\"2026-04-29T23:07:34+00:00\",\"mainEntityOfPage\":{\"@id\":\"https:\/\/www.africa-press.net\/madagascar\/politique\/scandale-detat-braquage-impliquant-la-garde-presidentielle\"},\"wordCount\":756,\"commentCount\":0,\"image\":{\"@id\":\"https:\/\/www.africa-press.net\/madagascar\/politique\/scandale-detat-braquage-impliquant-la-garde-presidentielle#primaryimage\"},\"thumbnailUrl\":\"https:\/\/static.africa-press.net\/madagascar\/sites\/56\/2026\/04\/sm_1777503929.386469.jpg\",\"keywords\":[\"Madagascar\"],\"articleSection\":[\"Politique\",\"Top Nouvelles\",\"Toutes les actualit\u00e9s\"],\"inLanguage\":\"fr-FR\",\"potentialAction\":[{\"@type\":\"CommentAction\",\"name\":\"Comment\",\"target\":[\"https:\/\/www.africa-press.net\/madagascar\/politique\/scandale-detat-braquage-impliquant-la-garde-presidentielle#respond\"]}]},{\"@type\":\"WebPage\",\"@id\":\"https:\/\/www.africa-press.net\/madagascar\/politique\/scandale-detat-braquage-impliquant-la-garde-presidentielle\",\"url\":\"https:\/\/www.africa-press.net\/madagascar\/politique\/scandale-detat-braquage-impliquant-la-garde-presidentielle\",\"name\":\"Scandale D'\u00c9tat: Braquage Impliquant la Garde Pr\u00e9sidentielle - Madagascar\",\"isPartOf\":{\"@id\":\"https:\/\/www.africa-press.net\/madagascar\/#website\"},\"primaryImageOfPage\":{\"@id\":\"https:\/\/www.africa-press.net\/madagascar\/politique\/scandale-detat-braquage-impliquant-la-garde-presidentielle#primaryimage\"},\"image\":{\"@id\":\"https:\/\/www.africa-press.net\/madagascar\/politique\/scandale-detat-braquage-impliquant-la-garde-presidentielle#primaryimage\"},\"thumbnailUrl\":\"https:\/\/static.africa-press.net\/madagascar\/sites\/56\/2026\/04\/sm_1777503929.386469.jpg\",\"datePublished\":\"2026-04-29T13:00:00+00:00\",\"dateModified\":\"2026-04-29T23:07:34+00:00\",\"author\":{\"@id\":\"https:\/\/www.africa-press.net\/madagascar\/#\/schema\/person\/2b1cf3cd81a31e3cd26889ca66d677f1\"},\"description\":\"-article-header-tag\\\"> Africa-Press - Madagascar. Ce qui devait e\u0302tre un simpl ...\",\"breadcrumb\":{\"@id\":\"https:\/\/www.africa-press.net\/madagascar\/politique\/scandale-detat-braquage-impliquant-la-garde-presidentielle#breadcrumb\"},\"inLanguage\":\"fr-FR\",\"potentialAction\":[{\"@type\":\"ReadAction\",\"target\":[\"https:\/\/www.africa-press.net\/madagascar\/politique\/scandale-detat-braquage-impliquant-la-garde-presidentielle\"]}]},{\"@type\":\"ImageObject\",\"inLanguage\":\"fr-FR\",\"@id\":\"https:\/\/www.africa-press.net\/madagascar\/politique\/scandale-detat-braquage-impliquant-la-garde-presidentielle#primaryimage\",\"url\":\"https:\/\/static.africa-press.net\/madagascar\/sites\/56\/2026\/04\/sm_1777503929.386469.jpg\",\"contentUrl\":\"https:\/\/static.africa-press.net\/madagascar\/sites\/56\/2026\/04\/sm_1777503929.386469.jpg\",\"width\":755,\"height\":396,\"caption\":\"Scandale D'\u00c9tat: Braquage Impliquant la Garde Pr\u00e9sidentielle\"},{\"@type\":\"BreadcrumbList\",\"@id\":\"https:\/\/www.africa-press.net\/madagascar\/politique\/scandale-detat-braquage-impliquant-la-garde-presidentielle#breadcrumb\",\"itemListElement\":[{\"@type\":\"ListItem\",\"position\":1,\"name\":\"Accueil\",\"item\":\"https:\/\/www.africa-press.net\/madagascar\/\"},{\"@type\":\"ListItem\",\"position\":2,\"name\":\"Scandale D&#8217;\u00c9tat: Braquage Impliquant la Garde Pr\u00e9sidentielle\"}]},{\"@type\":\"WebSite\",\"@id\":\"https:\/\/www.africa-press.net\/madagascar\/#website\",\"url\":\"https:\/\/www.africa-press.net\/madagascar\/\",\"name\":\"Madagascar\",\"description\":\"Just another Africa News Agency Sites site\",\"potentialAction\":[{\"@type\":\"SearchAction\",\"target\":{\"@type\":\"EntryPoint\",\"urlTemplate\":\"https:\/\/www.africa-press.net\/madagascar\/?s={search_term_string}\"},\"query-input\":{\"@type\":\"PropertyValueSpecification\",\"valueRequired\":true,\"valueName\":\"search_term_string\"}}],\"inLanguage\":\"fr-FR\"},{\"@type\":\"Person\",\"@id\":\"https:\/\/www.africa-press.net\/madagascar\/#\/schema\/person\/2b1cf3cd81a31e3cd26889ca66d677f1\",\"name\":\"cfeditorfr\"}]}<\/script>\n<!-- \/ Yoast SEO Premium plugin. -->","yoast_head_json":{"title":"Scandale D'\u00c9tat: Braquage Impliquant la Garde Pr\u00e9sidentielle - Madagascar","description":"-article-header-tag\"> Africa-Press - Madagascar. Ce qui devait e\u0302tre un simpl ...","robots":{"index":"index","follow":"follow","max-snippet":"max-snippet:-1","max-image-preview":"max-image-preview:large","max-video-preview":"max-video-preview:-1"},"canonical":"https:\/\/www.africa-press.net\/madagascar\/politique\/scandale-detat-braquage-impliquant-la-garde-presidentielle","og_locale":"fr_FR","og_type":"article","og_title":"Scandale D'\u00c9tat: Braquage Impliquant la Garde Pr\u00e9sidentielle","og_description":"-article-header-tag\"> Africa-Press - Madagascar. Ce qui devait e\u0302tre un simpl ...","og_url":"https:\/\/www.africa-press.net\/madagascar\/politique\/scandale-detat-braquage-impliquant-la-garde-presidentielle","og_site_name":"Madagascar","article_published_time":"2026-04-29T13:00:00+00:00","article_modified_time":"2026-04-29T23:07:34+00:00","og_image":[{"width":755,"height":396,"url":"https:\/\/static.africa-press.net\/madagascar\/sites\/56\/2026\/04\/sm_1777503929.386469.jpg","type":"image\/jpeg"}],"author":"cfeditorfr","twitter_card":"summary_large_image","twitter_misc":{"\u00c9crit par":"cfeditorfr","Dur\u00e9e de lecture estim\u00e9e":"4 minutes"},"schema":{"@context":"https:\/\/schema.org","@graph":[{"@type":"Article","@id":"https:\/\/www.africa-press.net\/madagascar\/politique\/scandale-detat-braquage-impliquant-la-garde-presidentielle#article","isPartOf":{"@id":"https:\/\/www.africa-press.net\/madagascar\/politique\/scandale-detat-braquage-impliquant-la-garde-presidentielle"},"author":{"name":"cfeditorfr","@id":"https:\/\/www.africa-press.net\/madagascar\/#\/schema\/person\/2b1cf3cd81a31e3cd26889ca66d677f1"},"headline":"Scandale D&rsquo;\u00c9tat: Braquage Impliquant la Garde Pr\u00e9sidentielle","datePublished":"2026-04-29T13:00:00+00:00","dateModified":"2026-04-29T23:07:34+00:00","mainEntityOfPage":{"@id":"https:\/\/www.africa-press.net\/madagascar\/politique\/scandale-detat-braquage-impliquant-la-garde-presidentielle"},"wordCount":756,"commentCount":0,"image":{"@id":"https:\/\/www.africa-press.net\/madagascar\/politique\/scandale-detat-braquage-impliquant-la-garde-presidentielle#primaryimage"},"thumbnailUrl":"https:\/\/static.africa-press.net\/madagascar\/sites\/56\/2026\/04\/sm_1777503929.386469.jpg","keywords":["Madagascar"],"articleSection":["Politique","Top Nouvelles","Toutes les actualit\u00e9s"],"inLanguage":"fr-FR","potentialAction":[{"@type":"CommentAction","name":"Comment","target":["https:\/\/www.africa-press.net\/madagascar\/politique\/scandale-detat-braquage-impliquant-la-garde-presidentielle#respond"]}]},{"@type":"WebPage","@id":"https:\/\/www.africa-press.net\/madagascar\/politique\/scandale-detat-braquage-impliquant-la-garde-presidentielle","url":"https:\/\/www.africa-press.net\/madagascar\/politique\/scandale-detat-braquage-impliquant-la-garde-presidentielle","name":"Scandale D'\u00c9tat: Braquage Impliquant la Garde Pr\u00e9sidentielle - Madagascar","isPartOf":{"@id":"https:\/\/www.africa-press.net\/madagascar\/#website"},"primaryImageOfPage":{"@id":"https:\/\/www.africa-press.net\/madagascar\/politique\/scandale-detat-braquage-impliquant-la-garde-presidentielle#primaryimage"},"image":{"@id":"https:\/\/www.africa-press.net\/madagascar\/politique\/scandale-detat-braquage-impliquant-la-garde-presidentielle#primaryimage"},"thumbnailUrl":"https:\/\/static.africa-press.net\/madagascar\/sites\/56\/2026\/04\/sm_1777503929.386469.jpg","datePublished":"2026-04-29T13:00:00+00:00","dateModified":"2026-04-29T23:07:34+00:00","author":{"@id":"https:\/\/www.africa-press.net\/madagascar\/#\/schema\/person\/2b1cf3cd81a31e3cd26889ca66d677f1"},"description":"-article-header-tag\"> Africa-Press - Madagascar. Ce qui devait e\u0302tre un simpl ...","breadcrumb":{"@id":"https:\/\/www.africa-press.net\/madagascar\/politique\/scandale-detat-braquage-impliquant-la-garde-presidentielle#breadcrumb"},"inLanguage":"fr-FR","potentialAction":[{"@type":"ReadAction","target":["https:\/\/www.africa-press.net\/madagascar\/politique\/scandale-detat-braquage-impliquant-la-garde-presidentielle"]}]},{"@type":"ImageObject","inLanguage":"fr-FR","@id":"https:\/\/www.africa-press.net\/madagascar\/politique\/scandale-detat-braquage-impliquant-la-garde-presidentielle#primaryimage","url":"https:\/\/static.africa-press.net\/madagascar\/sites\/56\/2026\/04\/sm_1777503929.386469.jpg","contentUrl":"https:\/\/static.africa-press.net\/madagascar\/sites\/56\/2026\/04\/sm_1777503929.386469.jpg","width":755,"height":396,"caption":"Scandale D'\u00c9tat: Braquage Impliquant la Garde Pr\u00e9sidentielle"},{"@type":"BreadcrumbList","@id":"https:\/\/www.africa-press.net\/madagascar\/politique\/scandale-detat-braquage-impliquant-la-garde-presidentielle#breadcrumb","itemListElement":[{"@type":"ListItem","position":1,"name":"Accueil","item":"https:\/\/www.africa-press.net\/madagascar\/"},{"@type":"ListItem","position":2,"name":"Scandale D&#8217;\u00c9tat: Braquage Impliquant la Garde Pr\u00e9sidentielle"}]},{"@type":"WebSite","@id":"https:\/\/www.africa-press.net\/madagascar\/#website","url":"https:\/\/www.africa-press.net\/madagascar\/","name":"Madagascar","description":"Just another Africa News Agency Sites site","potentialAction":[{"@type":"SearchAction","target":{"@type":"EntryPoint","urlTemplate":"https:\/\/www.africa-press.net\/madagascar\/?s={search_term_string}"},"query-input":{"@type":"PropertyValueSpecification","valueRequired":true,"valueName":"search_term_string"}}],"inLanguage":"fr-FR"},{"@type":"Person","@id":"https:\/\/www.africa-press.net\/madagascar\/#\/schema\/person\/2b1cf3cd81a31e3cd26889ca66d677f1","name":"cfeditorfr"}]}},"_links":{"self":[{"href":"https:\/\/www.africa-press.net\/madagascar\/wp-json\/wp\/v2\/posts\/42449","targetHints":{"allow":["GET"]}}],"collection":[{"href":"https:\/\/www.africa-press.net\/madagascar\/wp-json\/wp\/v2\/posts"}],"about":[{"href":"https:\/\/www.africa-press.net\/madagascar\/wp-json\/wp\/v2\/types\/post"}],"author":[{"embeddable":true,"href":"https:\/\/www.africa-press.net\/madagascar\/wp-json\/wp\/v2\/users\/82"}],"replies":[{"embeddable":true,"href":"https:\/\/www.africa-press.net\/madagascar\/wp-json\/wp\/v2\/comments?post=42449"}],"version-history":[{"count":1,"href":"https:\/\/www.africa-press.net\/madagascar\/wp-json\/wp\/v2\/posts\/42449\/revisions"}],"predecessor-version":[{"id":42454,"href":"https:\/\/www.africa-press.net\/madagascar\/wp-json\/wp\/v2\/posts\/42449\/revisions\/42454"}],"wp:featuredmedia":[{"embeddable":true,"href":"https:\/\/www.africa-press.net\/madagascar\/wp-json\/wp\/v2\/media\/42448"}],"wp:attachment":[{"href":"https:\/\/www.africa-press.net\/madagascar\/wp-json\/wp\/v2\/media?parent=42449"}],"wp:term":[{"taxonomy":"category","embeddable":true,"href":"https:\/\/www.africa-press.net\/madagascar\/wp-json\/wp\/v2\/categories?post=42449"},{"taxonomy":"post_tag","embeddable":true,"href":"https:\/\/www.africa-press.net\/madagascar\/wp-json\/wp\/v2\/tags?post=42449"}],"curies":[{"name":"wp","href":"https:\/\/api.w.org\/{rel}","templated":true}]}}