{"id":42460,"date":"2026-04-27T22:53:17","date_gmt":"2026-04-27T22:53:17","guid":{"rendered":"https:\/\/www.africa-press.net\/madagascar\/politique\/lue-investit-170-milliards-dar-pour-la-formation-jeunes"},"modified":"2026-04-29T23:14:58","modified_gmt":"2026-04-29T23:14:58","slug":"lue-investit-170-milliards-dar-pour-la-formation-jeunes","status":"publish","type":"post","link":"https:\/\/www.africa-press.net\/madagascar\/economie\/lue-investit-170-milliards-dar-pour-la-formation-jeunes","title":{"rendered":"L&rsquo;UE Investit 170 Milliards D&rsquo;Ar pour la Formation Jeunes"},"content":{"rendered":"<p><span class=\"ap-article-header-tag\"> <strong>Africa-Press &#8211; Madagascar. <\/strong> <\/span>L\u2019Union europe\u0301enne a octroye\u0301 170 miliards d\u2019Ar pour ame\u0301liorer la qualite\u0301 de la formation professionnelle afin de favoriser l\u2019acce\u0300s des jeunes a\u0300 des emplois de\u0301cents et a\u0300 e\u0302tre autonome. Ce programme baptise\u0301e \u00ab Compe\u0301tences pour tous \u00bb, vise a\u0300 renforcer les capacite\u0301s globales des be\u0301ne\u0301ficiaires, en inte\u0301grant des compe\u0301tences transversales telles que l\u2019entrepreneuriat, la mai\u0302trise des outils nume\u0301riques ou encore les langues dans leur formation.<\/p>\n<p>Face aux difficulte\u0301s persistantes d\u2019insertion professionnelle, notamment chez les jeunes, ce projet entend apporter une re\u0301ponse concre\u0300te en rapprochant les centres de formation des besoins re\u0301els des entreprises. L\u2019ide\u0301e est de former pour recruter, en misant sur des filie\u0300res ou\u0300 la demande en compe\u0301tences est de\u0301ja\u0300 identifie\u0301e.<\/p>\n<p>Le programme travaille avec le secteur prive\u0301. Les acteurs e\u0301conomiques ont e\u0301te\u0301 sollicite\u0301s afin de de\u0301finir les profils recherche\u0301s et les me\u0301tiers en tension. Cette de\u0301marche a permis de de\u0301gager plusieurs domaines juge\u0301s prioritaires pour l\u2019e\u0301conomie malgache, notamment les activite\u0301s lie\u0301es aux e\u0301nergies renouvelables, a\u0300 l\u2019e\u0301conomie bleue, aux me\u0301tiers verts et au nume\u0301rique.<\/p>\n<p>Le programme sera de\u0301ploye\u0301 progressivement dans plusieurs re\u0301gions du pays, avec une phase initiale concentre\u0301e sur des zones pilotes, Analamanga, Vakinankaratra, Haute Matsiatra, Diana, Atsinanana et va durer 6 ans. Cette approche doit permettre de tester les me\u0301canismes mis en place avant une e\u0301ventuelle extension a\u0300 l\u2019ensemble du territoire. Une attention particulie\u0300re est porte\u0301e a\u0300 l\u2019inclusion, avec des mesures spe\u0301cifiques pour encourager la participation des jeunes femmes, souvent confronte\u0301es a\u0300 davantage d\u2019obstacles dans l\u2019acce\u0300s a\u0300 la formation.<\/p>\n<p>Du co\u0302te\u0301 des autorite\u0301s, l\u2019engagement porte sur une gestion transparente des ressources mobilise\u0301es ainsi que sur la mise en place de me\u0301thodes pe\u0301dagogiques innovantes. Parmi celles-ci figurent la formation en alternance, l\u2019apprentissage base\u0301 sur les compe\u0301tences pratiques et le de\u0301veloppement de partenariats avec des institutions e\u0301trange\u0300res.<\/p>\n<p>Au-dela\u0300 de l\u2019aspect e\u0301ducatif, ce programme s\u2019inscrit dans une vision plus large du de\u0301veloppement. En soutenant la formation des jeunes, les partenaires europe\u0301ens entendent contribuer a\u0300 la cre\u0301ation d\u2019une main-d\u2019\u0153uvre qualifie\u0301e, capable d\u2019accompagner la transformation e\u0301conomique du pays.<\/p>\n<p>Dans un contexte ou\u0300 la jeunesse repre\u0301sente une part importante de la population, l\u2019enjeu est majeur. Si les objectifs sont atteints, \u00ab Compe\u0301tences pour tous \u00bb pourrait devenir un levier de\u0301terminant pour re\u0301duire le cho\u0302mage, stimuler l\u2019activite\u0301 e\u0301conomique et renforcer la re\u0301silience du marche\u0301 du travail malgache.<\/p>\n<p class=\"ap-article-footer-note\">Retrouvez plus d\u2019actualit\u00e9s et d\u2019analyses sur <span class=\"ap-highlight-country\">Madagascar<\/span> sur le site <span class=\"ap-highlight-brand\">Africa Press<\/span><\/p>\n","protected":false},"excerpt":{"rendered":"<p>Africa-Press &#8211; Madagascar. L\u2019Union europe\u0301enne a octroye\u0301 170 miliards d\u2019Ar pour ame\u0301liorer la qualite\u0301 de la formation professionnelle afin de favoriser l\u2019acce\u0300s des jeunes a\u0300 des emplois de\u0301cents et a\u0300 e\u0302tre autonome. Ce programme baptise\u0301e \u00ab Compe\u0301tences pour tous \u00bb, vise a\u0300 renforcer les capacite\u0301s globales des be\u0301ne\u0301ficiaires, en inte\u0301grant des compe\u0301tences transversales telles que [&hellip;]<\/p>\n","protected":false},"author":82,"featured_media":42459,"comment_status":"open","ping_status":"closed","sticky":false,"template":"","format":"standard","meta":{"footnotes":""},"categories":[21,3,20,10],"tags":[49],"class_list":["post-42460","post","type-post","status-publish","format-standard","has-post-thumbnail","hentry","category-communaute","category-economie","category-top-nouvelles","category-toutes-les-actualites","tag-madagascar"],"yoast_head":"<!-- This site is optimized with the Yoast SEO Premium plugin v26.1 (Yoast SEO v27.0) - https:\/\/yoast.com\/product\/yoast-seo-premium-wordpress\/ -->\n<title>L&#039;UE Investit 170 Milliards D&#039;Ar pour la Formation Jeunes - Madagascar<\/title>\n<meta name=\"description\" content=\"-article-header-tag&quot;&gt; Africa-Press - Madagascar. L\u2019Union europe\u0301enne a octroy ...\" \/>\n<meta name=\"robots\" content=\"index, follow, max-snippet:-1, max-image-preview:large, max-video-preview:-1\" \/>\n<link rel=\"canonical\" href=\"https:\/\/www.africa-press.net\/madagascar\/economie\/lue-investit-170-milliards-dar-pour-la-formation-jeunes\" \/>\n<meta property=\"og:locale\" content=\"fr_FR\" \/>\n<meta property=\"og:type\" content=\"article\" \/>\n<meta property=\"og:title\" content=\"L&#039;UE Investit 170 Milliards D&#039;Ar pour la Formation Jeunes\" \/>\n<meta property=\"og:description\" content=\"-article-header-tag&quot;&gt; Africa-Press - Madagascar. L\u2019Union europe\u0301enne a octroy ...\" \/>\n<meta property=\"og:url\" content=\"https:\/\/www.africa-press.net\/madagascar\/economie\/lue-investit-170-milliards-dar-pour-la-formation-jeunes\" \/>\n<meta property=\"og:site_name\" content=\"Madagascar\" \/>\n<meta property=\"article:published_time\" content=\"2026-04-27T22:53:17+00:00\" \/>\n<meta property=\"article:modified_time\" content=\"2026-04-29T23:14:58+00:00\" \/>\n<meta property=\"og:image\" content=\"https:\/\/static.africa-press.net\/madagascar\/sites\/56\/2026\/04\/sm_1777504139.486307.jpg\" \/>\n\t<meta property=\"og:image:width\" content=\"755\" \/>\n\t<meta property=\"og:image:height\" content=\"396\" \/>\n\t<meta property=\"og:image:type\" content=\"image\/jpeg\" \/>\n<meta name=\"author\" content=\"cfeditorfr\" \/>\n<meta name=\"twitter:card\" content=\"summary_large_image\" \/>\n<meta name=\"twitter:label1\" content=\"\u00c9crit par\" \/>\n\t<meta name=\"twitter:data1\" content=\"cfeditorfr\" \/>\n\t<meta name=\"twitter:label2\" content=\"Dur\u00e9e de lecture estim\u00e9e\" \/>\n\t<meta name=\"twitter:data2\" content=\"3 minutes\" \/>\n<script type=\"application\/ld+json\" class=\"yoast-schema-graph\">{\"@context\":\"https:\/\/schema.org\",\"@graph\":[{\"@type\":\"Article\",\"@id\":\"https:\/\/www.africa-press.net\/madagascar\/economie\/lue-investit-170-milliards-dar-pour-la-formation-jeunes#article\",\"isPartOf\":{\"@id\":\"https:\/\/www.africa-press.net\/madagascar\/economie\/lue-investit-170-milliards-dar-pour-la-formation-jeunes\"},\"author\":{\"name\":\"cfeditorfr\",\"@id\":\"https:\/\/www.africa-press.net\/madagascar\/#\/schema\/person\/2b1cf3cd81a31e3cd26889ca66d677f1\"},\"headline\":\"L&rsquo;UE Investit 170 Milliards D&rsquo;Ar pour la Formation Jeunes\",\"datePublished\":\"2026-04-27T22:53:17+00:00\",\"dateModified\":\"2026-04-29T23:14:58+00:00\",\"mainEntityOfPage\":{\"@id\":\"https:\/\/www.africa-press.net\/madagascar\/economie\/lue-investit-170-milliards-dar-pour-la-formation-jeunes\"},\"wordCount\":487,\"commentCount\":0,\"image\":{\"@id\":\"https:\/\/www.africa-press.net\/madagascar\/economie\/lue-investit-170-milliards-dar-pour-la-formation-jeunes#primaryimage\"},\"thumbnailUrl\":\"https:\/\/static.africa-press.net\/madagascar\/sites\/56\/2026\/04\/sm_1777504139.486307.jpg\",\"keywords\":[\"Madagascar\"],\"articleSection\":[\"Communaut\u00e9\",\"\u00c9conomie\",\"Top Nouvelles\",\"Toutes les actualit\u00e9s\"],\"inLanguage\":\"fr-FR\",\"potentialAction\":[{\"@type\":\"CommentAction\",\"name\":\"Comment\",\"target\":[\"https:\/\/www.africa-press.net\/madagascar\/economie\/lue-investit-170-milliards-dar-pour-la-formation-jeunes#respond\"]}]},{\"@type\":\"WebPage\",\"@id\":\"https:\/\/www.africa-press.net\/madagascar\/economie\/lue-investit-170-milliards-dar-pour-la-formation-jeunes\",\"url\":\"https:\/\/www.africa-press.net\/madagascar\/economie\/lue-investit-170-milliards-dar-pour-la-formation-jeunes\",\"name\":\"L'UE Investit 170 Milliards D'Ar pour la Formation Jeunes - Madagascar\",\"isPartOf\":{\"@id\":\"https:\/\/www.africa-press.net\/madagascar\/#website\"},\"primaryImageOfPage\":{\"@id\":\"https:\/\/www.africa-press.net\/madagascar\/economie\/lue-investit-170-milliards-dar-pour-la-formation-jeunes#primaryimage\"},\"image\":{\"@id\":\"https:\/\/www.africa-press.net\/madagascar\/economie\/lue-investit-170-milliards-dar-pour-la-formation-jeunes#primaryimage\"},\"thumbnailUrl\":\"https:\/\/static.africa-press.net\/madagascar\/sites\/56\/2026\/04\/sm_1777504139.486307.jpg\",\"datePublished\":\"2026-04-27T22:53:17+00:00\",\"dateModified\":\"2026-04-29T23:14:58+00:00\",\"author\":{\"@id\":\"https:\/\/www.africa-press.net\/madagascar\/#\/schema\/person\/2b1cf3cd81a31e3cd26889ca66d677f1\"},\"description\":\"-article-header-tag\\\"> Africa-Press - Madagascar. L\u2019Union europe\u0301enne a octroy ...\",\"breadcrumb\":{\"@id\":\"https:\/\/www.africa-press.net\/madagascar\/economie\/lue-investit-170-milliards-dar-pour-la-formation-jeunes#breadcrumb\"},\"inLanguage\":\"fr-FR\",\"potentialAction\":[{\"@type\":\"ReadAction\",\"target\":[\"https:\/\/www.africa-press.net\/madagascar\/economie\/lue-investit-170-milliards-dar-pour-la-formation-jeunes\"]}]},{\"@type\":\"ImageObject\",\"inLanguage\":\"fr-FR\",\"@id\":\"https:\/\/www.africa-press.net\/madagascar\/economie\/lue-investit-170-milliards-dar-pour-la-formation-jeunes#primaryimage\",\"url\":\"https:\/\/static.africa-press.net\/madagascar\/sites\/56\/2026\/04\/sm_1777504139.486307.jpg\",\"contentUrl\":\"https:\/\/static.africa-press.net\/madagascar\/sites\/56\/2026\/04\/sm_1777504139.486307.jpg\",\"width\":755,\"height\":396,\"caption\":\"L'UE Investit 170 Milliards D'Ar pour la Formation Jeunes\"},{\"@type\":\"BreadcrumbList\",\"@id\":\"https:\/\/www.africa-press.net\/madagascar\/economie\/lue-investit-170-milliards-dar-pour-la-formation-jeunes#breadcrumb\",\"itemListElement\":[{\"@type\":\"ListItem\",\"position\":1,\"name\":\"Accueil\",\"item\":\"https:\/\/www.africa-press.net\/madagascar\/\"},{\"@type\":\"ListItem\",\"position\":2,\"name\":\"L&#8217;UE Investit 170 Milliards D&#8217;Ar pour la Formation Jeunes\"}]},{\"@type\":\"WebSite\",\"@id\":\"https:\/\/www.africa-press.net\/madagascar\/#website\",\"url\":\"https:\/\/www.africa-press.net\/madagascar\/\",\"name\":\"Madagascar\",\"description\":\"Just another Africa News Agency Sites site\",\"potentialAction\":[{\"@type\":\"SearchAction\",\"target\":{\"@type\":\"EntryPoint\",\"urlTemplate\":\"https:\/\/www.africa-press.net\/madagascar\/?s={search_term_string}\"},\"query-input\":{\"@type\":\"PropertyValueSpecification\",\"valueRequired\":true,\"valueName\":\"search_term_string\"}}],\"inLanguage\":\"fr-FR\"},{\"@type\":\"Person\",\"@id\":\"https:\/\/www.africa-press.net\/madagascar\/#\/schema\/person\/2b1cf3cd81a31e3cd26889ca66d677f1\",\"name\":\"cfeditorfr\"}]}<\/script>\n<!-- \/ Yoast SEO Premium plugin. -->","yoast_head_json":{"title":"L'UE Investit 170 Milliards D'Ar pour la Formation Jeunes - Madagascar","description":"-article-header-tag\"> Africa-Press - Madagascar. L\u2019Union europe\u0301enne a octroy ...","robots":{"index":"index","follow":"follow","max-snippet":"max-snippet:-1","max-image-preview":"max-image-preview:large","max-video-preview":"max-video-preview:-1"},"canonical":"https:\/\/www.africa-press.net\/madagascar\/economie\/lue-investit-170-milliards-dar-pour-la-formation-jeunes","og_locale":"fr_FR","og_type":"article","og_title":"L'UE Investit 170 Milliards D'Ar pour la Formation Jeunes","og_description":"-article-header-tag\"> Africa-Press - Madagascar. L\u2019Union europe\u0301enne a octroy ...","og_url":"https:\/\/www.africa-press.net\/madagascar\/economie\/lue-investit-170-milliards-dar-pour-la-formation-jeunes","og_site_name":"Madagascar","article_published_time":"2026-04-27T22:53:17+00:00","article_modified_time":"2026-04-29T23:14:58+00:00","og_image":[{"width":755,"height":396,"url":"https:\/\/static.africa-press.net\/madagascar\/sites\/56\/2026\/04\/sm_1777504139.486307.jpg","type":"image\/jpeg"}],"author":"cfeditorfr","twitter_card":"summary_large_image","twitter_misc":{"\u00c9crit par":"cfeditorfr","Dur\u00e9e de lecture estim\u00e9e":"3 minutes"},"schema":{"@context":"https:\/\/schema.org","@graph":[{"@type":"Article","@id":"https:\/\/www.africa-press.net\/madagascar\/economie\/lue-investit-170-milliards-dar-pour-la-formation-jeunes#article","isPartOf":{"@id":"https:\/\/www.africa-press.net\/madagascar\/economie\/lue-investit-170-milliards-dar-pour-la-formation-jeunes"},"author":{"name":"cfeditorfr","@id":"https:\/\/www.africa-press.net\/madagascar\/#\/schema\/person\/2b1cf3cd81a31e3cd26889ca66d677f1"},"headline":"L&rsquo;UE Investit 170 Milliards D&rsquo;Ar pour la Formation Jeunes","datePublished":"2026-04-27T22:53:17+00:00","dateModified":"2026-04-29T23:14:58+00:00","mainEntityOfPage":{"@id":"https:\/\/www.africa-press.net\/madagascar\/economie\/lue-investit-170-milliards-dar-pour-la-formation-jeunes"},"wordCount":487,"commentCount":0,"image":{"@id":"https:\/\/www.africa-press.net\/madagascar\/economie\/lue-investit-170-milliards-dar-pour-la-formation-jeunes#primaryimage"},"thumbnailUrl":"https:\/\/static.africa-press.net\/madagascar\/sites\/56\/2026\/04\/sm_1777504139.486307.jpg","keywords":["Madagascar"],"articleSection":["Communaut\u00e9","\u00c9conomie","Top Nouvelles","Toutes les actualit\u00e9s"],"inLanguage":"fr-FR","potentialAction":[{"@type":"CommentAction","name":"Comment","target":["https:\/\/www.africa-press.net\/madagascar\/economie\/lue-investit-170-milliards-dar-pour-la-formation-jeunes#respond"]}]},{"@type":"WebPage","@id":"https:\/\/www.africa-press.net\/madagascar\/economie\/lue-investit-170-milliards-dar-pour-la-formation-jeunes","url":"https:\/\/www.africa-press.net\/madagascar\/economie\/lue-investit-170-milliards-dar-pour-la-formation-jeunes","name":"L'UE Investit 170 Milliards D'Ar pour la Formation Jeunes - Madagascar","isPartOf":{"@id":"https:\/\/www.africa-press.net\/madagascar\/#website"},"primaryImageOfPage":{"@id":"https:\/\/www.africa-press.net\/madagascar\/economie\/lue-investit-170-milliards-dar-pour-la-formation-jeunes#primaryimage"},"image":{"@id":"https:\/\/www.africa-press.net\/madagascar\/economie\/lue-investit-170-milliards-dar-pour-la-formation-jeunes#primaryimage"},"thumbnailUrl":"https:\/\/static.africa-press.net\/madagascar\/sites\/56\/2026\/04\/sm_1777504139.486307.jpg","datePublished":"2026-04-27T22:53:17+00:00","dateModified":"2026-04-29T23:14:58+00:00","author":{"@id":"https:\/\/www.africa-press.net\/madagascar\/#\/schema\/person\/2b1cf3cd81a31e3cd26889ca66d677f1"},"description":"-article-header-tag\"> Africa-Press - Madagascar. L\u2019Union europe\u0301enne a octroy ...","breadcrumb":{"@id":"https:\/\/www.africa-press.net\/madagascar\/economie\/lue-investit-170-milliards-dar-pour-la-formation-jeunes#breadcrumb"},"inLanguage":"fr-FR","potentialAction":[{"@type":"ReadAction","target":["https:\/\/www.africa-press.net\/madagascar\/economie\/lue-investit-170-milliards-dar-pour-la-formation-jeunes"]}]},{"@type":"ImageObject","inLanguage":"fr-FR","@id":"https:\/\/www.africa-press.net\/madagascar\/economie\/lue-investit-170-milliards-dar-pour-la-formation-jeunes#primaryimage","url":"https:\/\/static.africa-press.net\/madagascar\/sites\/56\/2026\/04\/sm_1777504139.486307.jpg","contentUrl":"https:\/\/static.africa-press.net\/madagascar\/sites\/56\/2026\/04\/sm_1777504139.486307.jpg","width":755,"height":396,"caption":"L'UE Investit 170 Milliards D'Ar pour la Formation Jeunes"},{"@type":"BreadcrumbList","@id":"https:\/\/www.africa-press.net\/madagascar\/economie\/lue-investit-170-milliards-dar-pour-la-formation-jeunes#breadcrumb","itemListElement":[{"@type":"ListItem","position":1,"name":"Accueil","item":"https:\/\/www.africa-press.net\/madagascar\/"},{"@type":"ListItem","position":2,"name":"L&#8217;UE Investit 170 Milliards D&#8217;Ar pour la Formation Jeunes"}]},{"@type":"WebSite","@id":"https:\/\/www.africa-press.net\/madagascar\/#website","url":"https:\/\/www.africa-press.net\/madagascar\/","name":"Madagascar","description":"Just another Africa News Agency Sites site","potentialAction":[{"@type":"SearchAction","target":{"@type":"EntryPoint","urlTemplate":"https:\/\/www.africa-press.net\/madagascar\/?s={search_term_string}"},"query-input":{"@type":"PropertyValueSpecification","valueRequired":true,"valueName":"search_term_string"}}],"inLanguage":"fr-FR"},{"@type":"Person","@id":"https:\/\/www.africa-press.net\/madagascar\/#\/schema\/person\/2b1cf3cd81a31e3cd26889ca66d677f1","name":"cfeditorfr"}]}},"_links":{"self":[{"href":"https:\/\/www.africa-press.net\/madagascar\/wp-json\/wp\/v2\/posts\/42460","targetHints":{"allow":["GET"]}}],"collection":[{"href":"https:\/\/www.africa-press.net\/madagascar\/wp-json\/wp\/v2\/posts"}],"about":[{"href":"https:\/\/www.africa-press.net\/madagascar\/wp-json\/wp\/v2\/types\/post"}],"author":[{"embeddable":true,"href":"https:\/\/www.africa-press.net\/madagascar\/wp-json\/wp\/v2\/users\/82"}],"replies":[{"embeddable":true,"href":"https:\/\/www.africa-press.net\/madagascar\/wp-json\/wp\/v2\/comments?post=42460"}],"version-history":[{"count":1,"href":"https:\/\/www.africa-press.net\/madagascar\/wp-json\/wp\/v2\/posts\/42460\/revisions"}],"predecessor-version":[{"id":42470,"href":"https:\/\/www.africa-press.net\/madagascar\/wp-json\/wp\/v2\/posts\/42460\/revisions\/42470"}],"wp:featuredmedia":[{"embeddable":true,"href":"https:\/\/www.africa-press.net\/madagascar\/wp-json\/wp\/v2\/media\/42459"}],"wp:attachment":[{"href":"https:\/\/www.africa-press.net\/madagascar\/wp-json\/wp\/v2\/media?parent=42460"}],"wp:term":[{"taxonomy":"category","embeddable":true,"href":"https:\/\/www.africa-press.net\/madagascar\/wp-json\/wp\/v2\/categories?post=42460"},{"taxonomy":"post_tag","embeddable":true,"href":"https:\/\/www.africa-press.net\/madagascar\/wp-json\/wp\/v2\/tags?post=42460"}],"curies":[{"name":"wp","href":"https:\/\/api.w.org\/{rel}","templated":true}]}}