{"id":42484,"date":"2026-04-29T12:00:00","date_gmt":"2026-04-29T12:00:00","guid":{"rendered":"https:\/\/www.africa-press.net\/madagascar\/politique\/can-2027-le-calendrier-est-fixe-le-defi-commence"},"modified":"2026-04-30T00:27:16","modified_gmt":"2026-04-30T00:27:16","slug":"can-2027-le-calendrier-est-fixe-le-defi-commence","status":"publish","type":"post","link":"https:\/\/www.africa-press.net\/madagascar\/sports\/can-2027-le-calendrier-est-fixe-le-defi-commence","title":{"rendered":"CAN 2027: le Calendrier Est Fixe\u0301, le De\u0301fi Commence"},"content":{"rendered":"<p><span class=\"ap-article-header-tag\"> <strong>Africa-Press &#8211; Madagascar. <\/strong> <\/span>La Confe\u0301de\u0301ration Africaine de Football a officiellement valide\u0301 les dates de la CAN 2027, qui se de\u0301roulera du 19 juin au 17 juillet.<\/p>\n<p>Ce tournoi estival, aligne\u0301 sur le calendrier international de la FIFA, promet un spectacle total au Kenya, en Ouganda et en Tanzanie, marquant ainsi le grand retour de la compe\u0301tition en Afrique de l\u2019Est. Cependant, l\u2019enthousiasme laisse place a\u0300 une certaine vigilance en coulisses.<\/p>\n<p>Le de\u0301fi de la co-organisation entre trois pays soule\u0300ve des interrogations majeures concernant les infrastructures sportives, la logistique transfrontalie\u0300re et les de\u0301lais de livraison des stades.<\/p>\n<p>Les mois a\u0300 venir seront de\u0301cisifs pour rassurer les observateurs sur la capacite\u0301 du trio a\u0300 transformer cet ambitieux projet en succe\u0300s historique.<\/p>\n<p class=\"ap-article-footer-note\">Retrouvez plus d\u2019actualit\u00e9s et d\u2019analyses sur <span class=\"ap-highlight-country\">Madagascar<\/span> sur le site <span class=\"ap-highlight-brand\">Africa Press<\/span><\/p>\n","protected":false},"excerpt":{"rendered":"<p>Africa-Press &#8211; Madagascar. La Confe\u0301de\u0301ration Africaine de Football a officiellement valide\u0301 les dates de la CAN 2027, qui se de\u0301roulera du 19 juin au 17 juillet. Ce tournoi estival, aligne\u0301 sur le calendrier international de la FIFA, promet un spectacle total au Kenya, en Ouganda et en Tanzanie, marquant ainsi le grand retour de la [&hellip;]<\/p>\n","protected":false},"author":82,"featured_media":42483,"comment_status":"open","ping_status":"closed","sticky":false,"template":"","format":"standard","meta":{"footnotes":""},"categories":[6,10],"tags":[49],"class_list":["post-42484","post","type-post","status-publish","format-standard","has-post-thumbnail","hentry","category-sports","category-toutes-les-actualites","tag-madagascar"],"yoast_head":"<!-- This site is optimized with the Yoast SEO Premium plugin v26.1 (Yoast SEO v27.0) - https:\/\/yoast.com\/product\/yoast-seo-premium-wordpress\/ -->\n<title>CAN 2027: le Calendrier Est Fixe\u0301, le De\u0301fi Commence - Madagascar<\/title>\n<meta name=\"description\" content=\"-article-header-tag&quot;&gt; Africa-Press - Madagascar. La Confe\u0301de\u0301ration Africaine ...\" \/>\n<meta name=\"robots\" content=\"index, follow, max-snippet:-1, max-image-preview:large, max-video-preview:-1\" \/>\n<link rel=\"canonical\" href=\"https:\/\/www.africa-press.net\/madagascar\/sports\/can-2027-le-calendrier-est-fixe-le-defi-commence\" \/>\n<meta property=\"og:locale\" content=\"fr_FR\" \/>\n<meta property=\"og:type\" content=\"article\" \/>\n<meta property=\"og:title\" content=\"CAN 2027: le Calendrier Est Fixe\u0301, le De\u0301fi Commence\" \/>\n<meta property=\"og:description\" content=\"-article-header-tag&quot;&gt; Africa-Press - Madagascar. La Confe\u0301de\u0301ration Africaine ...\" \/>\n<meta property=\"og:url\" content=\"https:\/\/www.africa-press.net\/madagascar\/sports\/can-2027-le-calendrier-est-fixe-le-defi-commence\" \/>\n<meta property=\"og:site_name\" content=\"Madagascar\" \/>\n<meta property=\"article:published_time\" content=\"2026-04-29T12:00:00+00:00\" \/>\n<meta property=\"article:modified_time\" content=\"2026-04-30T00:27:16+00:00\" \/>\n<meta property=\"og:image\" content=\"https:\/\/static.africa-press.net\/madagascar\/sites\/56\/2026\/04\/sm_1777508564.134995.jpg\" \/>\n\t<meta property=\"og:image:width\" content=\"710\" \/>\n\t<meta property=\"og:image:height\" content=\"473\" \/>\n\t<meta property=\"og:image:type\" content=\"image\/jpeg\" \/>\n<meta name=\"author\" content=\"cfeditorfr\" \/>\n<meta name=\"twitter:card\" content=\"summary_large_image\" \/>\n<meta name=\"twitter:label1\" content=\"\u00c9crit par\" \/>\n\t<meta name=\"twitter:data1\" content=\"cfeditorfr\" \/>\n\t<meta name=\"twitter:label2\" content=\"Dur\u00e9e de lecture estim\u00e9e\" \/>\n\t<meta name=\"twitter:data2\" content=\"1 minute\" \/>\n<script type=\"application\/ld+json\" class=\"yoast-schema-graph\">{\"@context\":\"https:\/\/schema.org\",\"@graph\":[{\"@type\":\"Article\",\"@id\":\"https:\/\/www.africa-press.net\/madagascar\/sports\/can-2027-le-calendrier-est-fixe-le-defi-commence#article\",\"isPartOf\":{\"@id\":\"https:\/\/www.africa-press.net\/madagascar\/sports\/can-2027-le-calendrier-est-fixe-le-defi-commence\"},\"author\":{\"name\":\"cfeditorfr\",\"@id\":\"https:\/\/www.africa-press.net\/madagascar\/#\/schema\/person\/2b1cf3cd81a31e3cd26889ca66d677f1\"},\"headline\":\"CAN 2027: le Calendrier Est Fixe\u0301, le De\u0301fi Commence\",\"datePublished\":\"2026-04-29T12:00:00+00:00\",\"dateModified\":\"2026-04-30T00:27:16+00:00\",\"mainEntityOfPage\":{\"@id\":\"https:\/\/www.africa-press.net\/madagascar\/sports\/can-2027-le-calendrier-est-fixe-le-defi-commence\"},\"wordCount\":152,\"commentCount\":0,\"image\":{\"@id\":\"https:\/\/www.africa-press.net\/madagascar\/sports\/can-2027-le-calendrier-est-fixe-le-defi-commence#primaryimage\"},\"thumbnailUrl\":\"https:\/\/static.africa-press.net\/madagascar\/sites\/56\/2026\/04\/sm_1777508564.134995.jpg\",\"keywords\":[\"Madagascar\"],\"articleSection\":[\"Sports\",\"Toutes les actualit\u00e9s\"],\"inLanguage\":\"fr-FR\",\"potentialAction\":[{\"@type\":\"CommentAction\",\"name\":\"Comment\",\"target\":[\"https:\/\/www.africa-press.net\/madagascar\/sports\/can-2027-le-calendrier-est-fixe-le-defi-commence#respond\"]}]},{\"@type\":\"WebPage\",\"@id\":\"https:\/\/www.africa-press.net\/madagascar\/sports\/can-2027-le-calendrier-est-fixe-le-defi-commence\",\"url\":\"https:\/\/www.africa-press.net\/madagascar\/sports\/can-2027-le-calendrier-est-fixe-le-defi-commence\",\"name\":\"CAN 2027: le Calendrier Est Fixe\u0301, le De\u0301fi Commence - Madagascar\",\"isPartOf\":{\"@id\":\"https:\/\/www.africa-press.net\/madagascar\/#website\"},\"primaryImageOfPage\":{\"@id\":\"https:\/\/www.africa-press.net\/madagascar\/sports\/can-2027-le-calendrier-est-fixe-le-defi-commence#primaryimage\"},\"image\":{\"@id\":\"https:\/\/www.africa-press.net\/madagascar\/sports\/can-2027-le-calendrier-est-fixe-le-defi-commence#primaryimage\"},\"thumbnailUrl\":\"https:\/\/static.africa-press.net\/madagascar\/sites\/56\/2026\/04\/sm_1777508564.134995.jpg\",\"datePublished\":\"2026-04-29T12:00:00+00:00\",\"dateModified\":\"2026-04-30T00:27:16+00:00\",\"author\":{\"@id\":\"https:\/\/www.africa-press.net\/madagascar\/#\/schema\/person\/2b1cf3cd81a31e3cd26889ca66d677f1\"},\"description\":\"-article-header-tag\\\"> Africa-Press - Madagascar. La Confe\u0301de\u0301ration Africaine ...\",\"breadcrumb\":{\"@id\":\"https:\/\/www.africa-press.net\/madagascar\/sports\/can-2027-le-calendrier-est-fixe-le-defi-commence#breadcrumb\"},\"inLanguage\":\"fr-FR\",\"potentialAction\":[{\"@type\":\"ReadAction\",\"target\":[\"https:\/\/www.africa-press.net\/madagascar\/sports\/can-2027-le-calendrier-est-fixe-le-defi-commence\"]}]},{\"@type\":\"ImageObject\",\"inLanguage\":\"fr-FR\",\"@id\":\"https:\/\/www.africa-press.net\/madagascar\/sports\/can-2027-le-calendrier-est-fixe-le-defi-commence#primaryimage\",\"url\":\"https:\/\/static.africa-press.net\/madagascar\/sites\/56\/2026\/04\/sm_1777508564.134995.jpg\",\"contentUrl\":\"https:\/\/static.africa-press.net\/madagascar\/sites\/56\/2026\/04\/sm_1777508564.134995.jpg\",\"width\":710,\"height\":473,\"caption\":\"CAN 2027: le Calendrier Est Fixe\u0301, le De\u0301fi Commence\"},{\"@type\":\"BreadcrumbList\",\"@id\":\"https:\/\/www.africa-press.net\/madagascar\/sports\/can-2027-le-calendrier-est-fixe-le-defi-commence#breadcrumb\",\"itemListElement\":[{\"@type\":\"ListItem\",\"position\":1,\"name\":\"Accueil\",\"item\":\"https:\/\/www.africa-press.net\/madagascar\/\"},{\"@type\":\"ListItem\",\"position\":2,\"name\":\"CAN 2027: le Calendrier Est Fixe\u0301, le De\u0301fi Commence\"}]},{\"@type\":\"WebSite\",\"@id\":\"https:\/\/www.africa-press.net\/madagascar\/#website\",\"url\":\"https:\/\/www.africa-press.net\/madagascar\/\",\"name\":\"Madagascar\",\"description\":\"Just another Africa News Agency Sites site\",\"potentialAction\":[{\"@type\":\"SearchAction\",\"target\":{\"@type\":\"EntryPoint\",\"urlTemplate\":\"https:\/\/www.africa-press.net\/madagascar\/?s={search_term_string}\"},\"query-input\":{\"@type\":\"PropertyValueSpecification\",\"valueRequired\":true,\"valueName\":\"search_term_string\"}}],\"inLanguage\":\"fr-FR\"},{\"@type\":\"Person\",\"@id\":\"https:\/\/www.africa-press.net\/madagascar\/#\/schema\/person\/2b1cf3cd81a31e3cd26889ca66d677f1\",\"name\":\"cfeditorfr\"}]}<\/script>\n<!-- \/ Yoast SEO Premium plugin. -->","yoast_head_json":{"title":"CAN 2027: le Calendrier Est Fixe\u0301, le De\u0301fi Commence - Madagascar","description":"-article-header-tag\"> Africa-Press - Madagascar. La Confe\u0301de\u0301ration Africaine ...","robots":{"index":"index","follow":"follow","max-snippet":"max-snippet:-1","max-image-preview":"max-image-preview:large","max-video-preview":"max-video-preview:-1"},"canonical":"https:\/\/www.africa-press.net\/madagascar\/sports\/can-2027-le-calendrier-est-fixe-le-defi-commence","og_locale":"fr_FR","og_type":"article","og_title":"CAN 2027: le Calendrier Est Fixe\u0301, le De\u0301fi Commence","og_description":"-article-header-tag\"> Africa-Press - Madagascar. La Confe\u0301de\u0301ration Africaine ...","og_url":"https:\/\/www.africa-press.net\/madagascar\/sports\/can-2027-le-calendrier-est-fixe-le-defi-commence","og_site_name":"Madagascar","article_published_time":"2026-04-29T12:00:00+00:00","article_modified_time":"2026-04-30T00:27:16+00:00","og_image":[{"width":710,"height":473,"url":"https:\/\/static.africa-press.net\/madagascar\/sites\/56\/2026\/04\/sm_1777508564.134995.jpg","type":"image\/jpeg"}],"author":"cfeditorfr","twitter_card":"summary_large_image","twitter_misc":{"\u00c9crit par":"cfeditorfr","Dur\u00e9e de lecture estim\u00e9e":"1 minute"},"schema":{"@context":"https:\/\/schema.org","@graph":[{"@type":"Article","@id":"https:\/\/www.africa-press.net\/madagascar\/sports\/can-2027-le-calendrier-est-fixe-le-defi-commence#article","isPartOf":{"@id":"https:\/\/www.africa-press.net\/madagascar\/sports\/can-2027-le-calendrier-est-fixe-le-defi-commence"},"author":{"name":"cfeditorfr","@id":"https:\/\/www.africa-press.net\/madagascar\/#\/schema\/person\/2b1cf3cd81a31e3cd26889ca66d677f1"},"headline":"CAN 2027: le Calendrier Est Fixe\u0301, le De\u0301fi Commence","datePublished":"2026-04-29T12:00:00+00:00","dateModified":"2026-04-30T00:27:16+00:00","mainEntityOfPage":{"@id":"https:\/\/www.africa-press.net\/madagascar\/sports\/can-2027-le-calendrier-est-fixe-le-defi-commence"},"wordCount":152,"commentCount":0,"image":{"@id":"https:\/\/www.africa-press.net\/madagascar\/sports\/can-2027-le-calendrier-est-fixe-le-defi-commence#primaryimage"},"thumbnailUrl":"https:\/\/static.africa-press.net\/madagascar\/sites\/56\/2026\/04\/sm_1777508564.134995.jpg","keywords":["Madagascar"],"articleSection":["Sports","Toutes les actualit\u00e9s"],"inLanguage":"fr-FR","potentialAction":[{"@type":"CommentAction","name":"Comment","target":["https:\/\/www.africa-press.net\/madagascar\/sports\/can-2027-le-calendrier-est-fixe-le-defi-commence#respond"]}]},{"@type":"WebPage","@id":"https:\/\/www.africa-press.net\/madagascar\/sports\/can-2027-le-calendrier-est-fixe-le-defi-commence","url":"https:\/\/www.africa-press.net\/madagascar\/sports\/can-2027-le-calendrier-est-fixe-le-defi-commence","name":"CAN 2027: le Calendrier Est Fixe\u0301, le De\u0301fi Commence - Madagascar","isPartOf":{"@id":"https:\/\/www.africa-press.net\/madagascar\/#website"},"primaryImageOfPage":{"@id":"https:\/\/www.africa-press.net\/madagascar\/sports\/can-2027-le-calendrier-est-fixe-le-defi-commence#primaryimage"},"image":{"@id":"https:\/\/www.africa-press.net\/madagascar\/sports\/can-2027-le-calendrier-est-fixe-le-defi-commence#primaryimage"},"thumbnailUrl":"https:\/\/static.africa-press.net\/madagascar\/sites\/56\/2026\/04\/sm_1777508564.134995.jpg","datePublished":"2026-04-29T12:00:00+00:00","dateModified":"2026-04-30T00:27:16+00:00","author":{"@id":"https:\/\/www.africa-press.net\/madagascar\/#\/schema\/person\/2b1cf3cd81a31e3cd26889ca66d677f1"},"description":"-article-header-tag\"> Africa-Press - Madagascar. La Confe\u0301de\u0301ration Africaine ...","breadcrumb":{"@id":"https:\/\/www.africa-press.net\/madagascar\/sports\/can-2027-le-calendrier-est-fixe-le-defi-commence#breadcrumb"},"inLanguage":"fr-FR","potentialAction":[{"@type":"ReadAction","target":["https:\/\/www.africa-press.net\/madagascar\/sports\/can-2027-le-calendrier-est-fixe-le-defi-commence"]}]},{"@type":"ImageObject","inLanguage":"fr-FR","@id":"https:\/\/www.africa-press.net\/madagascar\/sports\/can-2027-le-calendrier-est-fixe-le-defi-commence#primaryimage","url":"https:\/\/static.africa-press.net\/madagascar\/sites\/56\/2026\/04\/sm_1777508564.134995.jpg","contentUrl":"https:\/\/static.africa-press.net\/madagascar\/sites\/56\/2026\/04\/sm_1777508564.134995.jpg","width":710,"height":473,"caption":"CAN 2027: le Calendrier Est Fixe\u0301, le De\u0301fi Commence"},{"@type":"BreadcrumbList","@id":"https:\/\/www.africa-press.net\/madagascar\/sports\/can-2027-le-calendrier-est-fixe-le-defi-commence#breadcrumb","itemListElement":[{"@type":"ListItem","position":1,"name":"Accueil","item":"https:\/\/www.africa-press.net\/madagascar\/"},{"@type":"ListItem","position":2,"name":"CAN 2027: le Calendrier Est Fixe\u0301, le De\u0301fi Commence"}]},{"@type":"WebSite","@id":"https:\/\/www.africa-press.net\/madagascar\/#website","url":"https:\/\/www.africa-press.net\/madagascar\/","name":"Madagascar","description":"Just another Africa News Agency Sites site","potentialAction":[{"@type":"SearchAction","target":{"@type":"EntryPoint","urlTemplate":"https:\/\/www.africa-press.net\/madagascar\/?s={search_term_string}"},"query-input":{"@type":"PropertyValueSpecification","valueRequired":true,"valueName":"search_term_string"}}],"inLanguage":"fr-FR"},{"@type":"Person","@id":"https:\/\/www.africa-press.net\/madagascar\/#\/schema\/person\/2b1cf3cd81a31e3cd26889ca66d677f1","name":"cfeditorfr"}]}},"_links":{"self":[{"href":"https:\/\/www.africa-press.net\/madagascar\/wp-json\/wp\/v2\/posts\/42484","targetHints":{"allow":["GET"]}}],"collection":[{"href":"https:\/\/www.africa-press.net\/madagascar\/wp-json\/wp\/v2\/posts"}],"about":[{"href":"https:\/\/www.africa-press.net\/madagascar\/wp-json\/wp\/v2\/types\/post"}],"author":[{"embeddable":true,"href":"https:\/\/www.africa-press.net\/madagascar\/wp-json\/wp\/v2\/users\/82"}],"replies":[{"embeddable":true,"href":"https:\/\/www.africa-press.net\/madagascar\/wp-json\/wp\/v2\/comments?post=42484"}],"version-history":[{"count":1,"href":"https:\/\/www.africa-press.net\/madagascar\/wp-json\/wp\/v2\/posts\/42484\/revisions"}],"predecessor-version":[{"id":42487,"href":"https:\/\/www.africa-press.net\/madagascar\/wp-json\/wp\/v2\/posts\/42484\/revisions\/42487"}],"wp:featuredmedia":[{"embeddable":true,"href":"https:\/\/www.africa-press.net\/madagascar\/wp-json\/wp\/v2\/media\/42483"}],"wp:attachment":[{"href":"https:\/\/www.africa-press.net\/madagascar\/wp-json\/wp\/v2\/media?parent=42484"}],"wp:term":[{"taxonomy":"category","embeddable":true,"href":"https:\/\/www.africa-press.net\/madagascar\/wp-json\/wp\/v2\/categories?post=42484"},{"taxonomy":"post_tag","embeddable":true,"href":"https:\/\/www.africa-press.net\/madagascar\/wp-json\/wp\/v2\/tags?post=42484"}],"curies":[{"name":"wp","href":"https:\/\/api.w.org\/{rel}","templated":true}]}}