{"id":42490,"date":"2026-04-30T15:37:59","date_gmt":"2026-04-30T15:37:59","guid":{"rendered":"https:\/\/www.africa-press.net\/madagascar\/politique\/randrianirina-et-macron-discutent-pour-apaiser-tensions"},"modified":"2026-04-30T16:43:13","modified_gmt":"2026-04-30T16:43:13","slug":"randrianirina-et-macron-discutent-pour-apaiser-tensions","status":"publish","type":"post","link":"https:\/\/www.africa-press.net\/madagascar\/politique\/randrianirina-et-macron-discutent-pour-apaiser-tensions","title":{"rendered":"Randrianirina et Macron Discutent pour Apaiser Tensions"},"content":{"rendered":"<p><span class=\"ap-article-header-tag\"> <strong>Africa-Press &#8211; Madagascar. <\/strong> <\/span>Le Pre\u0301sident de la Refondation, Michae\u0308l Randrianirina, s\u2019est entretenu avec son homologue franc\u0327ais Emmanuel Macron au cours d\u2019un appel te\u0301le\u0301phonique dans la soire\u0301e du mercredi 29 avril rapporte le service communication de la Pre\u0301sidence de Madagascar.<\/p>\n<p>Les deux hommes ont aborde\u0301 les derniers e\u0301ve\u0301nements qui suscite des tensions entre Paris et Antananarivo, notamment la convocation des deux chefs de mission diplomatique des deux pays par les ministe\u0300res e\u0301trange\u0300res dans les deux Capitales. Des faits qualifie\u0301s d\u2019 \u00ab actes isole\u0301s \u00bb par la Pre\u0301sidence malgache.<\/p>\n<p>Le Pre\u0301sident de la Refondation Michae\u0308l Randrianirina a \u00ab rappele\u0301 que les de\u0301cisions prises par Madagascar rele\u0300vent de l\u2019exercice normal de la souverainete\u0301 de l\u2019 E\u0301tat et s\u2019inscrivent dans le respect des principes re\u0301gissant les relations diplomatiques, notamment ceux consacre\u0301s par la Convention de Vienne \u00bb.<\/p>\n<p>La Pre\u0301sidence de pre\u0301ciser e\u0301galement que \u00ab les deux Chefs d\u2019Etat ont souligne\u0301 l\u2019importance des relations qui unissent Madagascar et la France \u00bb. Cet e\u0301change a e\u0301te\u0301 une occasion pour les deux Chefs d\u2019Etat de \u00ab de\u0301ployer les efforts ne\u0301cessaires pour que cet e\u0301pisode n\u2019affecte pas la dynamique de coope\u0301ration entre les deux pays \u00bb.<\/p>\n<p>Depuis plusieurs semaines, les tensions diplomatiques monte d\u2019un cran entre Antananarivo et Paris. Un journaliste et conseiller technique du Pre\u0301sident de la Refondation pointe du doigt une implication de la France dans la de\u0301stabilisation du pays. Une affirmation de\u0301mentie formellement par la partie franc\u0327aise.<\/p>\n<p class=\"ap-article-footer-note\">Retrouvez plus d\u2019actualit\u00e9s et d\u2019analyses sur <span class=\"ap-highlight-country\">Madagascar<\/span> sur le site <span class=\"ap-highlight-brand\">Africa Press<\/span><\/p>\n","protected":false},"excerpt":{"rendered":"<p>Africa-Press &#8211; Madagascar. Le Pre\u0301sident de la Refondation, Michae\u0308l Randrianirina, s\u2019est entretenu avec son homologue franc\u0327ais Emmanuel Macron au cours d\u2019un appel te\u0301le\u0301phonique dans la soire\u0301e du mercredi 29 avril rapporte le service communication de la Pre\u0301sidence de Madagascar. Les deux hommes ont aborde\u0301 les derniers e\u0301ve\u0301nements qui suscite des tensions entre Paris et Antananarivo, [&hellip;]<\/p>\n","protected":false},"author":82,"featured_media":42489,"comment_status":"open","ping_status":"closed","sticky":false,"template":"","format":"standard","meta":{"footnotes":""},"categories":[2,20,10],"tags":[49],"class_list":["post-42490","post","type-post","status-publish","format-standard","has-post-thumbnail","hentry","category-politique","category-top-nouvelles","category-toutes-les-actualites","tag-madagascar"],"yoast_head":"<!-- This site is optimized with the Yoast SEO Premium plugin v26.1 (Yoast SEO v27.0) - https:\/\/yoast.com\/product\/yoast-seo-premium-wordpress\/ -->\n<title>Randrianirina et Macron Discutent pour Apaiser Tensions - Madagascar<\/title>\n<meta name=\"description\" content=\"-article-header-tag&quot;&gt; Africa-Press - Madagascar. Le Pre\u0301sident de la Refondat ...-article-header-tag&quot;&gt; Africa-Press - Madagascar. Le Pre\u0301sident de la Refondat ...\" \/>\n<meta name=\"robots\" content=\"index, follow, max-snippet:-1, max-image-preview:large, max-video-preview:-1\" \/>\n<link rel=\"canonical\" href=\"https:\/\/www.africa-press.net\/madagascar\/politique\/randrianirina-et-macron-discutent-pour-apaiser-tensions\" \/>\n<meta property=\"og:locale\" content=\"fr_FR\" \/>\n<meta property=\"og:type\" content=\"article\" \/>\n<meta property=\"og:title\" content=\"Randrianirina et Macron Discutent pour Apaiser Tensions\" \/>\n<meta property=\"og:description\" content=\"-article-header-tag&quot;&gt; Africa-Press - Madagascar. Le Pre\u0301sident de la Refondat ...-article-header-tag&quot;&gt; Africa-Press - Madagascar. Le Pre\u0301sident de la Refondat ...\" \/>\n<meta property=\"og:url\" content=\"https:\/\/www.africa-press.net\/madagascar\/politique\/randrianirina-et-macron-discutent-pour-apaiser-tensions\" \/>\n<meta property=\"og:site_name\" content=\"Madagascar\" \/>\n<meta property=\"article:published_time\" content=\"2026-04-30T15:37:59+00:00\" \/>\n<meta property=\"article:modified_time\" content=\"2026-04-30T16:43:13+00:00\" \/>\n<meta property=\"og:image\" content=\"https:\/\/static.africa-press.net\/madagascar\/sites\/56\/2026\/04\/sm_1777566386.110216.jpg\" \/>\n\t<meta property=\"og:image:width\" content=\"864\" \/>\n\t<meta property=\"og:image:height\" content=\"486\" \/>\n\t<meta property=\"og:image:type\" content=\"image\/jpeg\" \/>\n<meta name=\"author\" content=\"cfeditorfr\" \/>\n<meta name=\"twitter:card\" content=\"summary_large_image\" \/>\n<meta name=\"twitter:label1\" content=\"\u00c9crit par\" \/>\n\t<meta name=\"twitter:data1\" content=\"cfeditorfr\" \/>\n\t<meta name=\"twitter:label2\" content=\"Dur\u00e9e de lecture estim\u00e9e\" \/>\n\t<meta name=\"twitter:data2\" content=\"2 minutes\" \/>\n<script type=\"application\/ld+json\" class=\"yoast-schema-graph\">{\"@context\":\"https:\/\/schema.org\",\"@graph\":[{\"@type\":\"Article\",\"@id\":\"https:\/\/www.africa-press.net\/madagascar\/politique\/randrianirina-et-macron-discutent-pour-apaiser-tensions#article\",\"isPartOf\":{\"@id\":\"https:\/\/www.africa-press.net\/madagascar\/politique\/randrianirina-et-macron-discutent-pour-apaiser-tensions\"},\"author\":{\"name\":\"cfeditorfr\",\"@id\":\"https:\/\/www.africa-press.net\/madagascar\/#\/schema\/person\/2b1cf3cd81a31e3cd26889ca66d677f1\"},\"headline\":\"Randrianirina et Macron Discutent pour Apaiser Tensions\",\"datePublished\":\"2026-04-30T15:37:59+00:00\",\"dateModified\":\"2026-04-30T16:43:13+00:00\",\"mainEntityOfPage\":{\"@id\":\"https:\/\/www.africa-press.net\/madagascar\/politique\/randrianirina-et-macron-discutent-pour-apaiser-tensions\"},\"wordCount\":289,\"commentCount\":0,\"image\":{\"@id\":\"https:\/\/www.africa-press.net\/madagascar\/politique\/randrianirina-et-macron-discutent-pour-apaiser-tensions#primaryimage\"},\"thumbnailUrl\":\"https:\/\/static.africa-press.net\/madagascar\/sites\/56\/2026\/04\/sm_1777566386.110216.jpg\",\"keywords\":[\"Madagascar\"],\"articleSection\":[\"Politique\",\"Top Nouvelles\",\"Toutes les actualit\u00e9s\"],\"inLanguage\":\"fr-FR\",\"potentialAction\":[{\"@type\":\"CommentAction\",\"name\":\"Comment\",\"target\":[\"https:\/\/www.africa-press.net\/madagascar\/politique\/randrianirina-et-macron-discutent-pour-apaiser-tensions#respond\"]}]},{\"@type\":\"WebPage\",\"@id\":\"https:\/\/www.africa-press.net\/madagascar\/politique\/randrianirina-et-macron-discutent-pour-apaiser-tensions\",\"url\":\"https:\/\/www.africa-press.net\/madagascar\/politique\/randrianirina-et-macron-discutent-pour-apaiser-tensions\",\"name\":\"Randrianirina et Macron Discutent pour Apaiser Tensions - Madagascar\",\"isPartOf\":{\"@id\":\"https:\/\/www.africa-press.net\/madagascar\/#website\"},\"primaryImageOfPage\":{\"@id\":\"https:\/\/www.africa-press.net\/madagascar\/politique\/randrianirina-et-macron-discutent-pour-apaiser-tensions#primaryimage\"},\"image\":{\"@id\":\"https:\/\/www.africa-press.net\/madagascar\/politique\/randrianirina-et-macron-discutent-pour-apaiser-tensions#primaryimage\"},\"thumbnailUrl\":\"https:\/\/static.africa-press.net\/madagascar\/sites\/56\/2026\/04\/sm_1777566386.110216.jpg\",\"datePublished\":\"2026-04-30T15:37:59+00:00\",\"dateModified\":\"2026-04-30T16:43:13+00:00\",\"author\":{\"@id\":\"https:\/\/www.africa-press.net\/madagascar\/#\/schema\/person\/2b1cf3cd81a31e3cd26889ca66d677f1\"},\"description\":\"-article-header-tag\\\"> Africa-Press - Madagascar. Le Pre\u0301sident de la Refondat ...-article-header-tag\\\"> Africa-Press - Madagascar. Le Pre\u0301sident de la Refondat ...\",\"breadcrumb\":{\"@id\":\"https:\/\/www.africa-press.net\/madagascar\/politique\/randrianirina-et-macron-discutent-pour-apaiser-tensions#breadcrumb\"},\"inLanguage\":\"fr-FR\",\"potentialAction\":[{\"@type\":\"ReadAction\",\"target\":[\"https:\/\/www.africa-press.net\/madagascar\/politique\/randrianirina-et-macron-discutent-pour-apaiser-tensions\"]}]},{\"@type\":\"ImageObject\",\"inLanguage\":\"fr-FR\",\"@id\":\"https:\/\/www.africa-press.net\/madagascar\/politique\/randrianirina-et-macron-discutent-pour-apaiser-tensions#primaryimage\",\"url\":\"https:\/\/static.africa-press.net\/madagascar\/sites\/56\/2026\/04\/sm_1777566386.110216.jpg\",\"contentUrl\":\"https:\/\/static.africa-press.net\/madagascar\/sites\/56\/2026\/04\/sm_1777566386.110216.jpg\",\"width\":864,\"height\":486,\"caption\":\"Randrianirina et Macron Discutent pour Apaiser Tensions\"},{\"@type\":\"BreadcrumbList\",\"@id\":\"https:\/\/www.africa-press.net\/madagascar\/politique\/randrianirina-et-macron-discutent-pour-apaiser-tensions#breadcrumb\",\"itemListElement\":[{\"@type\":\"ListItem\",\"position\":1,\"name\":\"Accueil\",\"item\":\"https:\/\/www.africa-press.net\/madagascar\/\"},{\"@type\":\"ListItem\",\"position\":2,\"name\":\"Randrianirina et Macron Discutent pour Apaiser Tensions\"}]},{\"@type\":\"WebSite\",\"@id\":\"https:\/\/www.africa-press.net\/madagascar\/#website\",\"url\":\"https:\/\/www.africa-press.net\/madagascar\/\",\"name\":\"Madagascar\",\"description\":\"Just another Africa News Agency Sites site\",\"potentialAction\":[{\"@type\":\"SearchAction\",\"target\":{\"@type\":\"EntryPoint\",\"urlTemplate\":\"https:\/\/www.africa-press.net\/madagascar\/?s={search_term_string}\"},\"query-input\":{\"@type\":\"PropertyValueSpecification\",\"valueRequired\":true,\"valueName\":\"search_term_string\"}}],\"inLanguage\":\"fr-FR\"},{\"@type\":\"Person\",\"@id\":\"https:\/\/www.africa-press.net\/madagascar\/#\/schema\/person\/2b1cf3cd81a31e3cd26889ca66d677f1\",\"name\":\"cfeditorfr\"}]}<\/script>\n<!-- \/ Yoast SEO Premium plugin. -->","yoast_head_json":{"title":"Randrianirina et Macron Discutent pour Apaiser Tensions - Madagascar","description":"-article-header-tag\"> Africa-Press - Madagascar. Le Pre\u0301sident de la Refondat ...-article-header-tag\"> Africa-Press - Madagascar. Le Pre\u0301sident de la Refondat ...","robots":{"index":"index","follow":"follow","max-snippet":"max-snippet:-1","max-image-preview":"max-image-preview:large","max-video-preview":"max-video-preview:-1"},"canonical":"https:\/\/www.africa-press.net\/madagascar\/politique\/randrianirina-et-macron-discutent-pour-apaiser-tensions","og_locale":"fr_FR","og_type":"article","og_title":"Randrianirina et Macron Discutent pour Apaiser Tensions","og_description":"-article-header-tag\"> Africa-Press - Madagascar. Le Pre\u0301sident de la Refondat ...-article-header-tag\"> Africa-Press - Madagascar. Le Pre\u0301sident de la Refondat ...","og_url":"https:\/\/www.africa-press.net\/madagascar\/politique\/randrianirina-et-macron-discutent-pour-apaiser-tensions","og_site_name":"Madagascar","article_published_time":"2026-04-30T15:37:59+00:00","article_modified_time":"2026-04-30T16:43:13+00:00","og_image":[{"width":864,"height":486,"url":"https:\/\/static.africa-press.net\/madagascar\/sites\/56\/2026\/04\/sm_1777566386.110216.jpg","type":"image\/jpeg"}],"author":"cfeditorfr","twitter_card":"summary_large_image","twitter_misc":{"\u00c9crit par":"cfeditorfr","Dur\u00e9e de lecture estim\u00e9e":"2 minutes"},"schema":{"@context":"https:\/\/schema.org","@graph":[{"@type":"Article","@id":"https:\/\/www.africa-press.net\/madagascar\/politique\/randrianirina-et-macron-discutent-pour-apaiser-tensions#article","isPartOf":{"@id":"https:\/\/www.africa-press.net\/madagascar\/politique\/randrianirina-et-macron-discutent-pour-apaiser-tensions"},"author":{"name":"cfeditorfr","@id":"https:\/\/www.africa-press.net\/madagascar\/#\/schema\/person\/2b1cf3cd81a31e3cd26889ca66d677f1"},"headline":"Randrianirina et Macron Discutent pour Apaiser Tensions","datePublished":"2026-04-30T15:37:59+00:00","dateModified":"2026-04-30T16:43:13+00:00","mainEntityOfPage":{"@id":"https:\/\/www.africa-press.net\/madagascar\/politique\/randrianirina-et-macron-discutent-pour-apaiser-tensions"},"wordCount":289,"commentCount":0,"image":{"@id":"https:\/\/www.africa-press.net\/madagascar\/politique\/randrianirina-et-macron-discutent-pour-apaiser-tensions#primaryimage"},"thumbnailUrl":"https:\/\/static.africa-press.net\/madagascar\/sites\/56\/2026\/04\/sm_1777566386.110216.jpg","keywords":["Madagascar"],"articleSection":["Politique","Top Nouvelles","Toutes les actualit\u00e9s"],"inLanguage":"fr-FR","potentialAction":[{"@type":"CommentAction","name":"Comment","target":["https:\/\/www.africa-press.net\/madagascar\/politique\/randrianirina-et-macron-discutent-pour-apaiser-tensions#respond"]}]},{"@type":"WebPage","@id":"https:\/\/www.africa-press.net\/madagascar\/politique\/randrianirina-et-macron-discutent-pour-apaiser-tensions","url":"https:\/\/www.africa-press.net\/madagascar\/politique\/randrianirina-et-macron-discutent-pour-apaiser-tensions","name":"Randrianirina et Macron Discutent pour Apaiser Tensions - Madagascar","isPartOf":{"@id":"https:\/\/www.africa-press.net\/madagascar\/#website"},"primaryImageOfPage":{"@id":"https:\/\/www.africa-press.net\/madagascar\/politique\/randrianirina-et-macron-discutent-pour-apaiser-tensions#primaryimage"},"image":{"@id":"https:\/\/www.africa-press.net\/madagascar\/politique\/randrianirina-et-macron-discutent-pour-apaiser-tensions#primaryimage"},"thumbnailUrl":"https:\/\/static.africa-press.net\/madagascar\/sites\/56\/2026\/04\/sm_1777566386.110216.jpg","datePublished":"2026-04-30T15:37:59+00:00","dateModified":"2026-04-30T16:43:13+00:00","author":{"@id":"https:\/\/www.africa-press.net\/madagascar\/#\/schema\/person\/2b1cf3cd81a31e3cd26889ca66d677f1"},"description":"-article-header-tag\"> Africa-Press - Madagascar. Le Pre\u0301sident de la Refondat ...-article-header-tag\"> Africa-Press - Madagascar. Le Pre\u0301sident de la Refondat ...","breadcrumb":{"@id":"https:\/\/www.africa-press.net\/madagascar\/politique\/randrianirina-et-macron-discutent-pour-apaiser-tensions#breadcrumb"},"inLanguage":"fr-FR","potentialAction":[{"@type":"ReadAction","target":["https:\/\/www.africa-press.net\/madagascar\/politique\/randrianirina-et-macron-discutent-pour-apaiser-tensions"]}]},{"@type":"ImageObject","inLanguage":"fr-FR","@id":"https:\/\/www.africa-press.net\/madagascar\/politique\/randrianirina-et-macron-discutent-pour-apaiser-tensions#primaryimage","url":"https:\/\/static.africa-press.net\/madagascar\/sites\/56\/2026\/04\/sm_1777566386.110216.jpg","contentUrl":"https:\/\/static.africa-press.net\/madagascar\/sites\/56\/2026\/04\/sm_1777566386.110216.jpg","width":864,"height":486,"caption":"Randrianirina et Macron Discutent pour Apaiser Tensions"},{"@type":"BreadcrumbList","@id":"https:\/\/www.africa-press.net\/madagascar\/politique\/randrianirina-et-macron-discutent-pour-apaiser-tensions#breadcrumb","itemListElement":[{"@type":"ListItem","position":1,"name":"Accueil","item":"https:\/\/www.africa-press.net\/madagascar\/"},{"@type":"ListItem","position":2,"name":"Randrianirina et Macron Discutent pour Apaiser Tensions"}]},{"@type":"WebSite","@id":"https:\/\/www.africa-press.net\/madagascar\/#website","url":"https:\/\/www.africa-press.net\/madagascar\/","name":"Madagascar","description":"Just another Africa News Agency Sites site","potentialAction":[{"@type":"SearchAction","target":{"@type":"EntryPoint","urlTemplate":"https:\/\/www.africa-press.net\/madagascar\/?s={search_term_string}"},"query-input":{"@type":"PropertyValueSpecification","valueRequired":true,"valueName":"search_term_string"}}],"inLanguage":"fr-FR"},{"@type":"Person","@id":"https:\/\/www.africa-press.net\/madagascar\/#\/schema\/person\/2b1cf3cd81a31e3cd26889ca66d677f1","name":"cfeditorfr"}]}},"_links":{"self":[{"href":"https:\/\/www.africa-press.net\/madagascar\/wp-json\/wp\/v2\/posts\/42490","targetHints":{"allow":["GET"]}}],"collection":[{"href":"https:\/\/www.africa-press.net\/madagascar\/wp-json\/wp\/v2\/posts"}],"about":[{"href":"https:\/\/www.africa-press.net\/madagascar\/wp-json\/wp\/v2\/types\/post"}],"author":[{"embeddable":true,"href":"https:\/\/www.africa-press.net\/madagascar\/wp-json\/wp\/v2\/users\/82"}],"replies":[{"embeddable":true,"href":"https:\/\/www.africa-press.net\/madagascar\/wp-json\/wp\/v2\/comments?post=42490"}],"version-history":[{"count":1,"href":"https:\/\/www.africa-press.net\/madagascar\/wp-json\/wp\/v2\/posts\/42490\/revisions"}],"predecessor-version":[{"id":42491,"href":"https:\/\/www.africa-press.net\/madagascar\/wp-json\/wp\/v2\/posts\/42490\/revisions\/42491"}],"wp:featuredmedia":[{"embeddable":true,"href":"https:\/\/www.africa-press.net\/madagascar\/wp-json\/wp\/v2\/media\/42489"}],"wp:attachment":[{"href":"https:\/\/www.africa-press.net\/madagascar\/wp-json\/wp\/v2\/media?parent=42490"}],"wp:term":[{"taxonomy":"category","embeddable":true,"href":"https:\/\/www.africa-press.net\/madagascar\/wp-json\/wp\/v2\/categories?post=42490"},{"taxonomy":"post_tag","embeddable":true,"href":"https:\/\/www.africa-press.net\/madagascar\/wp-json\/wp\/v2\/tags?post=42490"}],"curies":[{"name":"wp","href":"https:\/\/api.w.org\/{rel}","templated":true}]}}