{"id":788,"date":"2020-12-27T22:35:47","date_gmt":"2020-12-27T22:35:47","guid":{"rendered":"https:\/\/www.africa-press.com\/madagascar\/?p=788"},"modified":"2020-12-27T22:24:44","modified_gmt":"2020-12-27T22:24:44","slug":"pourquoi-antananarivo-se-reconfine","status":"publish","type":"post","link":"https:\/\/www.africa-press.net\/madagascar\/toutes-les-actualites\/pourquoi-antananarivo-se-reconfine","title":{"rendered":"pourquoi Antananarivo se reconfine"},"content":{"rendered":"<p><span style=\"color: #ff6600\"><strong><a href=\"https:\/\/www.africa-press.com\">Africa-Press<\/a> &#8211; <a href=\"https:\/\/www.africa-press.com\/madagascar\">Madagascar<\/a>. <\/strong><\/span>Alors que les cas de coronavirus augmentent rapidement, le pr\u00e9sident Andry Rajoelina a annonc\u00e9 un reconfinement de la capitale malgache. D\u00e9cryptage d\u2019un changement de cap.<\/p>\n<p>Retour \u00e0 la case d\u00e9part ? Apr\u00e8s un confinement pr\u00e9coce, en mars, les autorit\u00e9s de Madagascar avaient assoupli progressivement les mesures, autoris\u00e9 l\u2019ouverture des \u00e9coles, des magasins et la circulation des personnes une bonne partie de la journ\u00e9e, jusqu\u2019\u00e0 permettre un quasi retour \u00e0 la normale \u00e0 Antananarivo.<\/p>\n<p>Mais depuis lundi 6 juillet, l\u2019Analamanga, la r\u00e9gion d\u2019Antananarivo, est de nouveau confin\u00e9e. Seuls les commerces essentiels ouvrent, et uniquement jusqu\u2019\u00e0 midi. Tout d\u00e9placement non essentiel est interdit et pas moins de 500 militaires sont d\u00e9ploy\u00e9s pour faire respecter ces nouvelles mesures. L\u2019\u00e9conomie malgache est donc \u00e0 l\u2019arr\u00eat, avec toutes les cons\u00e9quences sociales que cela entra\u00eene.<\/p>\n<p>Pourquoi ce reconfinement ? Les autorit\u00e9s font face \u00e0 une d\u00e9gradation de la situation sanitaire. Selon les chiffres officiels, le nombre de cas a grimp\u00e9 de 52 % la semaine derni\u00e8re et celui des d\u00e9c\u00e8s a augment\u00e9 de 65 %. Le 9 juillet, la Grande \u00cele comptait 3 782 cas et 33 d\u00e9c\u00e8s.<\/p>\n<p>\u00ab La raison essentielle du nouveau confinement est l\u2019augmentation du nombre de d\u00e9c\u00e8s \u00bb, r\u00e9pond Lova Ranoromaro, directrice de cabinet de la pr\u00e9sidence. \u00ab Nous avons pris ces nouvelles mesures de confinement au bon moment, \u00e0 la lumi\u00e8re des projections du minist\u00e8re de la Sant\u00e9 \u00bb, affirme quant \u00e0 elle Lalatiana Rakotondrazafy, porte-parole du gouvernement.<\/p>\n<p>Ainsi, les autorit\u00e9s ont chang\u00e9 de strat\u00e9gie. En mars, elles avaient d\u00e9cid\u00e9 d\u2019anticiper : les vols internationaux avaient \u00e9t\u00e9 suspendus d\u00e8s le 20, puis le pr\u00e9sident Rajoelina avait annonc\u00e9 un confinement pr\u00e9coce de la capitale le 22, alors que le pays ne comptait que 12 cas et aucun mort. Aujourd\u2019hui, le gouvernement r\u00e9pond aux \u00e9v\u00e9nements.<\/p>\n<p>Ce reconfinement devrait permettre de soulager le syst\u00e8me de sant\u00e9. \u00ab Les h\u00f4pitaux sont satur\u00e9s et nous ne pouvons toujours pas pr\u00e9voir la date du pic de l\u2019\u00e9pid\u00e9mie \u00bb, s\u2019inqui\u00e8te la repr\u00e9sentante de l\u2019OMS \u00e0 Madagascar, Charlotte Ndiaye.<\/p>\n<p>\u00ab Nous travaillons d\u00e9j\u00e0 deux fois plus qu\u2019en temps normal \u00bb, estime Lova Randriamanantsoa, le directeur de l\u2019h\u00f4pital Andohatapenaka, qui se consacre actuellement aux patients atteints du Covid-19. Ses 38 lits \u00e9quip\u00e9s de g\u00e9n\u00e9rateurs d\u2019oxyg\u00e8ne sont tous pleins, et plusieurs des soignants sont d\u00e9j\u00e0 contamin\u00e9s.<\/p>\n<p>Ailleurs dans la ville, les personnels m\u00e9dicaux manquent souvent de masques et de blouses de protection. Le 8 juillet, le gouvernement a promis d\u2019ouvrir, d\u00e8s ce vendredi, un centre pouvant accueillir 200 malades graves.<\/p>\n<p>Toamasina pendant le confinement, le 3 juin 2020. Le confinement a-t-il \u00e9t\u00e9 assoupli trop t\u00f4t ? \u00ab Une majorit\u00e9 de Malgaches a r\u00e9clam\u00e9 de revenir petit \u00e0 petit \u00e0 une vie normale, justifie Lova Ranoromaro. Notre population est vuln\u00e9rable, elle vit au jour le jour. \u00bb<\/p>\n<p>Depuis le mois de mars, les autorit\u00e9s ont tent\u00e9 de soutenir les plus fragiles. Elles ont aussi augment\u00e9 les capacit\u00e9s d\u2019accueil des malades, les capacit\u00e9s de test (plus de 500 ces derniers jours, contre une centaine au d\u00e9but) et ont tent\u00e9 de casser les cha\u00eenes de contamination. L\u2019\u00e9pid\u00e9mie est \u00ab ma\u00eetris\u00e9e \u00bb, d\u00e9clarait encore Andry Rajoelina le 14 juin, \u00e0 la t\u00e9l\u00e9vision.<\/p>\n<p>Mais Charlotte Ndiaye, la repr\u00e9sentante de l\u2019OMS \u00e0 Madagascar, porte un regard critique sur la gestion de la pand\u00e9mie ces trois derniers mois. \u00ab On avait tr\u00e8s bien d\u00e9marr\u00e9 en mars, se souvient-elle. Mais par la suite, nous avons connu un rel\u00e2chement, un retour pr\u00e9matur\u00e9 \u00e0 la vie normale. La population a pens\u00e9 que le probl\u00e8me \u00e9tait r\u00e9gl\u00e9, alors qu\u2019il fallait insister sur les mesures barri\u00e8res. Le port du masque \u00e9tait laxiste. \u00bb<\/p>\n<p>Le nombre de cas a alors progressivement augment\u00e9\u2026 \u00ab Les crit\u00e8res qui auraient permis un d\u00e9confinement n\u2019\u00e9taient pas remplis, estime Charlotte Ndiaye. On ne pouvait aboutir qu\u2019\u00e0 la situation actuelle. Aujourd\u2019hui, nous soutenons ce nouveau confinement car la situation \u00e9chappait \u00e0 tout le monde. C\u2019est une d\u00e9cision courageuse. \u00bb<\/p>\n<p>La repr\u00e9sentante de l\u2019OMS plaide aujourd\u2019hui pour l\u2019application stricte de mesures barri\u00e8res \u00e0 l\u2019int\u00e9rieur m\u00eame des foyers, sans quoi le confinement pourrait ne pas produire les effets escompt\u00e9s. Le reconfinement marque-t-il l\u2019\u00e9chec du CVO ?<\/p>\n<p>Le 20 avril, Andry Rajoelina lan\u00e7ait le CVO, un rem\u00e8de anti-covid \u00e0 l\u2019artemisia , \u00ab pr\u00e9ventif et curatif \u00bb, en m\u00eame temps qu\u2019un assouplissement des mesures sanitaires. Aujourd\u2019hui, \u00ab le CVO joue toujours un r\u00f4le important dans notre strat\u00e9gie \u00bb, confirme Lova Ranoromaro.<\/p>\n<p>Depuis quelques semaines, ce rem\u00e8de n\u2019\u00e9tait plus offert \u00e0 la population, comme au tout d\u00e9but de la pand\u00e9mie, mais vendu \u00e0 35 centimes d\u2019euro la bouteille, soit l\u2019\u00e9quivalent du prix d\u2019un repas. \u00ab Le CVO reste une charge pour l\u2019\u00c9tat, explique Lalatiana Rakotondrazafy. Nous ne pouvions pas continuer les dons, sauf pour les malades. \u00bb Mais de nouvelles distributions gratuites du Covid-Organics devaient reprendre d\u00e8s le 9 juillet.<\/p>\n<p>Pourtant, beaucoup questionnent l\u2019efficacit\u00e9 de ce rem\u00e8de, vu la forte hausse du nombre de cas et le retour des mesures de confinement. \u00ab C\u2019est de la mauvaise foi de dire : \u00ab Comme on a un rem\u00e8de, on va sortir dans la rue. \u00bb Pour faire un parall\u00e8le, ce n\u2019est pas parce qu\u2019on a d\u00e9couvert les antir\u00e9troviraux qu\u2019on ne se prot\u00e8ge pas du sida, r\u00e9pond Lalatiana Rakotondrazafy. Il n\u2019y a aucun m\u00e9dicament efficace \u00e0 100 % dans le monde, et 90 % des gens d\u00e9c\u00e9d\u00e9s \u00e0 Madagascar n\u2019ont pas pu prendre le CVO \u00e0 cause de contre-indications, comme le diab\u00e8te. \u00bb<\/p>\n<p>Le pr\u00e9sident, lui, \u00ab est toujours convaincu de l\u2019efficacit\u00e9 du rem\u00e8de et son entourage l\u2019encourage dans cette voie \u00bb, affirme un proche du chef de l\u2019\u00c9tat. Le 30 juin, Andry Rajoelina a ainsi visit\u00e9 le chantier d\u2019une usine cens\u00e9e produire \u00e0 partir de la fin juillet du CVO+ : du Covid-Organics sous forme de g\u00e9lule.<\/p>\n<p>En moins de deux mois, l\u2019usine PHARMALAGASY est sur pied avec la capacit\u00e9 de produire 15 000 g\u00e9lules\/minute. Des essais cliniques aux normes internationales et des tests rigoureux de production sont en cours. D&rsquo;ici un mois, elle produira les g\u00e9lules CVO+ pour les Malagasy. pic.twitter.com\/mrvCVG8wT6<br \/>\n\u2014 Andry Rajoelina (@SE_Rajoelina) June 30, 2020<\/p>\n<p>Le lendemain, il a aussi lanc\u00e9 des essais cliniques sur un d\u00e9riv\u00e9 injectable de l\u2019artemisia, l\u2019art\u00e9sunate, coupl\u00e9 \u00e0 de la vitamine C. Mais depuis le 20 avril, aucun r\u00e9sultat scientifique certifi\u00e9 n\u2019est venu d\u00e9montrer l\u2019efficacit\u00e9 du CVO.<\/p>\n","protected":false},"excerpt":{"rendered":"<p>Africa-Press &#8211; Madagascar. Alors que les cas de coronavirus augmentent rapidement, le pr\u00e9sident Andry Rajoelina a annonc\u00e9 un reconfinement de la capitale malgache. D\u00e9cryptage d\u2019un changement de cap. Retour \u00e0 la case d\u00e9part ? Apr\u00e8s un confinement pr\u00e9coce, en mars, les autorit\u00e9s de Madagascar avaient assoupli progressivement les mesures, autoris\u00e9 l\u2019ouverture des \u00e9coles, des magasins [&hellip;]<\/p>\n","protected":false},"author":82,"featured_media":787,"comment_status":"open","ping_status":"closed","sticky":false,"template":"","format":"standard","meta":{"footnotes":""},"categories":[21,11,10],"tags":[36,50,49],"class_list":["post-788","post","type-post","status-publish","format-standard","has-post-thumbnail","hentry","category-communaute","category-homepage-french","category-toutes-les-actualites","tag-africa-press","tag-africa-press-madagascar","tag-madagascar"],"yoast_head":"<!-- This site is optimized with the Yoast SEO Premium plugin v26.1 (Yoast SEO v27.0) - https:\/\/yoast.com\/product\/yoast-seo-premium-wordpress\/ -->\n<title>pourquoi Antananarivo se reconfine - Madagascar<\/title>\n<meta name=\"description\" content=\"Alors que les cas de coronavirus augmentent rapidement, le pr\u00e9sident Andry Rajoelina a annonc\u00e9 un reconfinement de la ca ...\" \/>\n<meta name=\"robots\" content=\"index, follow, max-snippet:-1, max-image-preview:large, max-video-preview:-1\" \/>\n<link rel=\"canonical\" href=\"https:\/\/www.africa-press.net\/madagascar\/toutes-les-actualites\/pourquoi-antananarivo-se-reconfine\" \/>\n<meta property=\"og:locale\" content=\"fr_FR\" \/>\n<meta property=\"og:type\" content=\"article\" \/>\n<meta property=\"og:title\" content=\"pourquoi Antananarivo se reconfine\" \/>\n<meta property=\"og:description\" content=\"Alors que les cas de coronavirus augmentent rapidement, le pr\u00e9sident Andry Rajoelina a annonc\u00e9 un reconfinement de la ca ...\" \/>\n<meta property=\"og:url\" content=\"https:\/\/www.africa-press.net\/madagascar\/toutes-les-actualites\/pourquoi-antananarivo-se-reconfine\" \/>\n<meta property=\"og:site_name\" content=\"Madagascar\" \/>\n<meta property=\"article:published_time\" content=\"2020-12-27T22:35:47+00:00\" \/>\n<meta property=\"og:image\" content=\"https:\/\/static.africa-press.net\/centrafricaine\/sites\/56\/2020\/12\/img-5fe8ffcf15394.jpg\" \/>\n\t<meta property=\"og:image:width\" content=\"640\" \/>\n\t<meta property=\"og:image:height\" content=\"320\" \/>\n\t<meta property=\"og:image:type\" content=\"image\/jpeg\" \/>\n<meta name=\"author\" content=\"cfeditorfr\" \/>\n<meta name=\"twitter:card\" content=\"summary_large_image\" \/>\n<meta name=\"twitter:label1\" content=\"\u00c9crit par\" \/>\n\t<meta name=\"twitter:data1\" content=\"cfeditorfr\" \/>\n\t<meta name=\"twitter:label2\" content=\"Dur\u00e9e de lecture estim\u00e9e\" \/>\n\t<meta name=\"twitter:data2\" content=\"6 minutes\" \/>\n<script type=\"application\/ld+json\" class=\"yoast-schema-graph\">{\"@context\":\"https:\/\/schema.org\",\"@graph\":[{\"@type\":\"Article\",\"@id\":\"https:\/\/www.africa-press.net\/madagascar\/toutes-les-actualites\/pourquoi-antananarivo-se-reconfine#article\",\"isPartOf\":{\"@id\":\"https:\/\/www.africa-press.net\/madagascar\/toutes-les-actualites\/pourquoi-antananarivo-se-reconfine\"},\"author\":{\"name\":\"cfeditorfr\",\"@id\":\"https:\/\/www.africa-press.net\/madagascar\/#\/schema\/person\/2b1cf3cd81a31e3cd26889ca66d677f1\"},\"headline\":\"pourquoi Antananarivo se reconfine\",\"datePublished\":\"2020-12-27T22:35:47+00:00\",\"mainEntityOfPage\":{\"@id\":\"https:\/\/www.africa-press.net\/madagascar\/toutes-les-actualites\/pourquoi-antananarivo-se-reconfine\"},\"wordCount\":1119,\"commentCount\":0,\"image\":{\"@id\":\"https:\/\/www.africa-press.net\/madagascar\/toutes-les-actualites\/pourquoi-antananarivo-se-reconfine#primaryimage\"},\"thumbnailUrl\":\"https:\/\/static.africa-press.net\/centrafricaine\/sites\/56\/2020\/12\/img-5fe8ffcf15394.jpg\",\"keywords\":[\"Africa Press\",\"Africa Press-Madagascar\",\"Madagascar\"],\"articleSection\":[\"Communaut\u00e9\",\"homepage-french\",\"Toutes les actualit\u00e9s\"],\"inLanguage\":\"fr-FR\",\"potentialAction\":[{\"@type\":\"CommentAction\",\"name\":\"Comment\",\"target\":[\"https:\/\/www.africa-press.net\/madagascar\/toutes-les-actualites\/pourquoi-antananarivo-se-reconfine#respond\"]}]},{\"@type\":\"WebPage\",\"@id\":\"https:\/\/www.africa-press.net\/madagascar\/toutes-les-actualites\/pourquoi-antananarivo-se-reconfine\",\"url\":\"https:\/\/www.africa-press.net\/madagascar\/toutes-les-actualites\/pourquoi-antananarivo-se-reconfine\",\"name\":\"pourquoi Antananarivo se reconfine - Madagascar\",\"isPartOf\":{\"@id\":\"https:\/\/www.africa-press.net\/madagascar\/#website\"},\"primaryImageOfPage\":{\"@id\":\"https:\/\/www.africa-press.net\/madagascar\/toutes-les-actualites\/pourquoi-antananarivo-se-reconfine#primaryimage\"},\"image\":{\"@id\":\"https:\/\/www.africa-press.net\/madagascar\/toutes-les-actualites\/pourquoi-antananarivo-se-reconfine#primaryimage\"},\"thumbnailUrl\":\"https:\/\/static.africa-press.net\/centrafricaine\/sites\/56\/2020\/12\/img-5fe8ffcf15394.jpg\",\"datePublished\":\"2020-12-27T22:35:47+00:00\",\"author\":{\"@id\":\"https:\/\/www.africa-press.net\/madagascar\/#\/schema\/person\/2b1cf3cd81a31e3cd26889ca66d677f1\"},\"description\":\"Alors que les cas de coronavirus augmentent rapidement, le pr\u00e9sident Andry Rajoelina a annonc\u00e9 un reconfinement de la ca ...\",\"breadcrumb\":{\"@id\":\"https:\/\/www.africa-press.net\/madagascar\/toutes-les-actualites\/pourquoi-antananarivo-se-reconfine#breadcrumb\"},\"inLanguage\":\"fr-FR\",\"potentialAction\":[{\"@type\":\"ReadAction\",\"target\":[\"https:\/\/www.africa-press.net\/madagascar\/toutes-les-actualites\/pourquoi-antananarivo-se-reconfine\"]}]},{\"@type\":\"ImageObject\",\"inLanguage\":\"fr-FR\",\"@id\":\"https:\/\/www.africa-press.net\/madagascar\/toutes-les-actualites\/pourquoi-antananarivo-se-reconfine#primaryimage\",\"url\":\"https:\/\/static.africa-press.net\/centrafricaine\/sites\/56\/2020\/12\/img-5fe8ffcf15394.jpg\",\"contentUrl\":\"https:\/\/static.africa-press.net\/centrafricaine\/sites\/56\/2020\/12\/img-5fe8ffcf15394.jpg\",\"width\":640,\"height\":320,\"caption\":\"Madagascar : pourquoi Antananarivo se reconfine\"},{\"@type\":\"BreadcrumbList\",\"@id\":\"https:\/\/www.africa-press.net\/madagascar\/toutes-les-actualites\/pourquoi-antananarivo-se-reconfine#breadcrumb\",\"itemListElement\":[{\"@type\":\"ListItem\",\"position\":1,\"name\":\"Accueil\",\"item\":\"https:\/\/www.africa-press.net\/madagascar\/\"},{\"@type\":\"ListItem\",\"position\":2,\"name\":\"pourquoi Antananarivo se reconfine\"}]},{\"@type\":\"WebSite\",\"@id\":\"https:\/\/www.africa-press.net\/madagascar\/#website\",\"url\":\"https:\/\/www.africa-press.net\/madagascar\/\",\"name\":\"Madagascar\",\"description\":\"Just another Africa News Agency Sites site\",\"potentialAction\":[{\"@type\":\"SearchAction\",\"target\":{\"@type\":\"EntryPoint\",\"urlTemplate\":\"https:\/\/www.africa-press.net\/madagascar\/?s={search_term_string}\"},\"query-input\":{\"@type\":\"PropertyValueSpecification\",\"valueRequired\":true,\"valueName\":\"search_term_string\"}}],\"inLanguage\":\"fr-FR\"},{\"@type\":\"Person\",\"@id\":\"https:\/\/www.africa-press.net\/madagascar\/#\/schema\/person\/2b1cf3cd81a31e3cd26889ca66d677f1\",\"name\":\"cfeditorfr\"}]}<\/script>\n<!-- \/ Yoast SEO Premium plugin. -->","yoast_head_json":{"title":"pourquoi Antananarivo se reconfine - Madagascar","description":"Alors que les cas de coronavirus augmentent rapidement, le pr\u00e9sident Andry Rajoelina a annonc\u00e9 un reconfinement de la ca ...","robots":{"index":"index","follow":"follow","max-snippet":"max-snippet:-1","max-image-preview":"max-image-preview:large","max-video-preview":"max-video-preview:-1"},"canonical":"https:\/\/www.africa-press.net\/madagascar\/toutes-les-actualites\/pourquoi-antananarivo-se-reconfine","og_locale":"fr_FR","og_type":"article","og_title":"pourquoi Antananarivo se reconfine","og_description":"Alors que les cas de coronavirus augmentent rapidement, le pr\u00e9sident Andry Rajoelina a annonc\u00e9 un reconfinement de la ca ...","og_url":"https:\/\/www.africa-press.net\/madagascar\/toutes-les-actualites\/pourquoi-antananarivo-se-reconfine","og_site_name":"Madagascar","article_published_time":"2020-12-27T22:35:47+00:00","og_image":[{"width":640,"height":320,"url":"https:\/\/static.africa-press.net\/centrafricaine\/sites\/56\/2020\/12\/img-5fe8ffcf15394.jpg","type":"image\/jpeg"}],"author":"cfeditorfr","twitter_card":"summary_large_image","twitter_misc":{"\u00c9crit par":"cfeditorfr","Dur\u00e9e de lecture estim\u00e9e":"6 minutes"},"schema":{"@context":"https:\/\/schema.org","@graph":[{"@type":"Article","@id":"https:\/\/www.africa-press.net\/madagascar\/toutes-les-actualites\/pourquoi-antananarivo-se-reconfine#article","isPartOf":{"@id":"https:\/\/www.africa-press.net\/madagascar\/toutes-les-actualites\/pourquoi-antananarivo-se-reconfine"},"author":{"name":"cfeditorfr","@id":"https:\/\/www.africa-press.net\/madagascar\/#\/schema\/person\/2b1cf3cd81a31e3cd26889ca66d677f1"},"headline":"pourquoi Antananarivo se reconfine","datePublished":"2020-12-27T22:35:47+00:00","mainEntityOfPage":{"@id":"https:\/\/www.africa-press.net\/madagascar\/toutes-les-actualites\/pourquoi-antananarivo-se-reconfine"},"wordCount":1119,"commentCount":0,"image":{"@id":"https:\/\/www.africa-press.net\/madagascar\/toutes-les-actualites\/pourquoi-antananarivo-se-reconfine#primaryimage"},"thumbnailUrl":"https:\/\/static.africa-press.net\/centrafricaine\/sites\/56\/2020\/12\/img-5fe8ffcf15394.jpg","keywords":["Africa Press","Africa Press-Madagascar","Madagascar"],"articleSection":["Communaut\u00e9","homepage-french","Toutes les actualit\u00e9s"],"inLanguage":"fr-FR","potentialAction":[{"@type":"CommentAction","name":"Comment","target":["https:\/\/www.africa-press.net\/madagascar\/toutes-les-actualites\/pourquoi-antananarivo-se-reconfine#respond"]}]},{"@type":"WebPage","@id":"https:\/\/www.africa-press.net\/madagascar\/toutes-les-actualites\/pourquoi-antananarivo-se-reconfine","url":"https:\/\/www.africa-press.net\/madagascar\/toutes-les-actualites\/pourquoi-antananarivo-se-reconfine","name":"pourquoi Antananarivo se reconfine - Madagascar","isPartOf":{"@id":"https:\/\/www.africa-press.net\/madagascar\/#website"},"primaryImageOfPage":{"@id":"https:\/\/www.africa-press.net\/madagascar\/toutes-les-actualites\/pourquoi-antananarivo-se-reconfine#primaryimage"},"image":{"@id":"https:\/\/www.africa-press.net\/madagascar\/toutes-les-actualites\/pourquoi-antananarivo-se-reconfine#primaryimage"},"thumbnailUrl":"https:\/\/static.africa-press.net\/centrafricaine\/sites\/56\/2020\/12\/img-5fe8ffcf15394.jpg","datePublished":"2020-12-27T22:35:47+00:00","author":{"@id":"https:\/\/www.africa-press.net\/madagascar\/#\/schema\/person\/2b1cf3cd81a31e3cd26889ca66d677f1"},"description":"Alors que les cas de coronavirus augmentent rapidement, le pr\u00e9sident Andry Rajoelina a annonc\u00e9 un reconfinement de la ca ...","breadcrumb":{"@id":"https:\/\/www.africa-press.net\/madagascar\/toutes-les-actualites\/pourquoi-antananarivo-se-reconfine#breadcrumb"},"inLanguage":"fr-FR","potentialAction":[{"@type":"ReadAction","target":["https:\/\/www.africa-press.net\/madagascar\/toutes-les-actualites\/pourquoi-antananarivo-se-reconfine"]}]},{"@type":"ImageObject","inLanguage":"fr-FR","@id":"https:\/\/www.africa-press.net\/madagascar\/toutes-les-actualites\/pourquoi-antananarivo-se-reconfine#primaryimage","url":"https:\/\/static.africa-press.net\/centrafricaine\/sites\/56\/2020\/12\/img-5fe8ffcf15394.jpg","contentUrl":"https:\/\/static.africa-press.net\/centrafricaine\/sites\/56\/2020\/12\/img-5fe8ffcf15394.jpg","width":640,"height":320,"caption":"Madagascar : pourquoi Antananarivo se reconfine"},{"@type":"BreadcrumbList","@id":"https:\/\/www.africa-press.net\/madagascar\/toutes-les-actualites\/pourquoi-antananarivo-se-reconfine#breadcrumb","itemListElement":[{"@type":"ListItem","position":1,"name":"Accueil","item":"https:\/\/www.africa-press.net\/madagascar\/"},{"@type":"ListItem","position":2,"name":"pourquoi Antananarivo se reconfine"}]},{"@type":"WebSite","@id":"https:\/\/www.africa-press.net\/madagascar\/#website","url":"https:\/\/www.africa-press.net\/madagascar\/","name":"Madagascar","description":"Just another Africa News Agency Sites site","potentialAction":[{"@type":"SearchAction","target":{"@type":"EntryPoint","urlTemplate":"https:\/\/www.africa-press.net\/madagascar\/?s={search_term_string}"},"query-input":{"@type":"PropertyValueSpecification","valueRequired":true,"valueName":"search_term_string"}}],"inLanguage":"fr-FR"},{"@type":"Person","@id":"https:\/\/www.africa-press.net\/madagascar\/#\/schema\/person\/2b1cf3cd81a31e3cd26889ca66d677f1","name":"cfeditorfr"}]}},"_links":{"self":[{"href":"https:\/\/www.africa-press.net\/madagascar\/wp-json\/wp\/v2\/posts\/788","targetHints":{"allow":["GET"]}}],"collection":[{"href":"https:\/\/www.africa-press.net\/madagascar\/wp-json\/wp\/v2\/posts"}],"about":[{"href":"https:\/\/www.africa-press.net\/madagascar\/wp-json\/wp\/v2\/types\/post"}],"author":[{"embeddable":true,"href":"https:\/\/www.africa-press.net\/madagascar\/wp-json\/wp\/v2\/users\/82"}],"replies":[{"embeddable":true,"href":"https:\/\/www.africa-press.net\/madagascar\/wp-json\/wp\/v2\/comments?post=788"}],"version-history":[{"count":0,"href":"https:\/\/www.africa-press.net\/madagascar\/wp-json\/wp\/v2\/posts\/788\/revisions"}],"wp:featuredmedia":[{"embeddable":true,"href":"https:\/\/www.africa-press.net\/madagascar\/wp-json\/wp\/v2\/media\/787"}],"wp:attachment":[{"href":"https:\/\/www.africa-press.net\/madagascar\/wp-json\/wp\/v2\/media?parent=788"}],"wp:term":[{"taxonomy":"category","embeddable":true,"href":"https:\/\/www.africa-press.net\/madagascar\/wp-json\/wp\/v2\/categories?post=788"},{"taxonomy":"post_tag","embeddable":true,"href":"https:\/\/www.africa-press.net\/madagascar\/wp-json\/wp\/v2\/tags?post=788"}],"curies":[{"name":"wp","href":"https:\/\/api.w.org\/{rel}","templated":true}]}}