{"id":836,"date":"2020-01-28T01:56:12","date_gmt":"2020-01-28T01:56:12","guid":{"rendered":"https:\/\/www.africa-press.com\/madagascar\/?p=836"},"modified":"2020-12-28T21:33:48","modified_gmt":"2020-12-28T21:33:48","slug":"a-grande-ile-grandes-ambitions","status":"publish","type":"post","link":"https:\/\/www.africa-press.net\/madagascar\/politique\/a-grande-ile-grandes-ambitions","title":{"rendered":"\u00e0 grande \u00eele, grandes ambitions"},"content":{"rendered":"<p><span style=\"color: #ff6600\"><strong><a href=\"https:\/\/www.africa-press.com\">Africa-Press<\/a> &#8211; <a href=\"https:\/\/www.africa-press.com\/madagascar\">Madagascar<\/a>. <\/strong><\/span>\u00c9lu sans contestation possible au d\u00e9but de l\u2019ann\u00e9e, le nouveau chef de l\u2019\u00c9tat malgache a maintenant cinq ans pour moderniser la Grande \u00cele et lui permettre de r\u00e9v\u00e9ler toutes ses potentialit\u00e9s.<\/p>\n<p>dans ce dossier Voir tout le sommaire Madagascar : les douze travaux de Rajoelina Madagascar : l&rsquo;architecte Jean-Claude Dubois \u00ab \u00e9vite les effets de mode \u00bb<br \/>\nMadagascar : \u00e0 la recherche du temps perdu<\/p>\n<p>Andry Rajoelina a une vision pour son pays. Tout enti\u00e8re d\u00e9crite dans les 124 pages du Plan \u00c9mergence Madagascar (PEM), que son gouvernement a pr\u00e9sent\u00e9 aux bailleurs de fonds en octobre.<\/p>\n<p>En 2023, le pays aura chang\u00e9 de visage, tout comme sa capitale. Engorg\u00e9e, pollu\u00e9e, surpeupl\u00e9e, Antananarivo veut retrouver son lustre pass\u00e9, quand elle \u00e9tait l\u2019une des plus belles villes d\u2019Afrique. A\u00e9roport flambant neuf, routes et autoroutes, connexions \u00e9lectriques et voies d\u2019adduction d\u2019eau : les chantiers en cours et \u00e0 venir ne manqueront pas de fa\u00e7onner un nouveau destin \u00e0 la m\u00e9tropole. Ainsi en est-il du nouveau quartier de Tana Masoandro, d\u2019o\u00f9 doivent \u00e9merger, d\u00e8s 2020, les tours de verre des nouveaux minist\u00e8res, reli\u00e9es \u00e0 la vieille ville par un train fonctionnant \u00e0 l\u2019\u00e9nergie solaire.<\/p>\n<p>Mais les ambitions du pr\u00e9sident Rajoelina vont bien au-del\u00e0 de Tana et concernent l\u2019ensemble du territoire. Le Nord, autour de Nosy Be, doit devenir l\u2019une des destinations touristiques les plus pris\u00e9es de la sous-r\u00e9gion, avec la construction de nombreux h\u00f4tels de luxe.<\/p>\n<p>Sur la c\u00f4te orientale, Toamasina va certainement demander plusieurs ann\u00e9es pour devenir le \u00ab Miami de l\u2019oc\u00e9an Indien \u00bb annonc\u00e9 par le chef de l\u2019\u00c9tat, mais son port ne devrait plus attendre que quelques mois pour enfin jouer son r\u00f4le de porte maritime du pays, voire de hub logistique pour l\u2019ensemble de la sous-r\u00e9gion.<\/p>\n<p>Alors qu\u2019un projet portuaire de grande dimension est \u00e9galement annonc\u00e9 \u00e0 Toliara, de l\u2019autre c\u00f4t\u00e9 de l\u2019\u00eele, avec le soutien des Marocains de Tanger Med, Madagascar pourrait disposer \u00e0 moyen terme des infrastructures n\u00e9cessaires pour doper son commerce ext\u00e9rieur, et notamment ses exportations agricoles. Une bonne nouvelle pour le secteur, lui-m\u00eame en plein renouveau gr\u00e2ce aux programmes de soutien aux diff\u00e9rentes fili\u00e8res de production que le gouvernement a mis en place ces derniers mois.<\/p>\n<p>En d\u00e9cidant d\u2019avancer tous azimuts, le pr\u00e9sident prend le risque de provoquer une certaine incompr\u00e9hension chez ses partenaires financiers, mais lui et son \u00e9quipe justifient leur strat\u00e9gie par une \u00ab\u2009malgachisation\u2009\u00bb du d\u00e9veloppement socio-\u00ad\u00e9conomique de l\u2019\u00eele \u2013 soit le respect de certaines traditions et de rapports de force propres \u00e0 la soci\u00e9t\u00e9 malgache.<\/p>\n<p>En \u00ab\u2009nationalisant\u2009\u00bb son agenda et en s\u2019\u00e9mancipant des influences ext\u00e9rieures, Andry Rajoelina retente l\u2019exp\u00e9rience lanc\u00e9e des d\u00e9cennies plus t\u00f4t par Didier Ratsiraka. Sauf qu\u2019\u00e0 l\u2019inverse de son pr\u00e9d\u00e9cesseur il mise avant tout sur l\u2019apport du secteur priv\u00e9, local et international, pour soutenir ses initiatives.<\/p>\n<p>Flatt\u00e9 d\u2019avoir \u00e9t\u00e9 qualifi\u00e9 de \u00ab\u2009patriote\u2009\u00bb par le pape Fran\u00e7ois lors de la visite du souverain pontife \u00e0 Madagascar en septembre, le pr\u00e9sident Rajoelina a rappel\u00e9 qu\u2019il restait avant tout un lib\u00e9ral, convaincu que les fronti\u00e8res doivent s\u2019estomper devant les int\u00e9r\u00eats \u00e9conomiques, mais toujours dans le respect de ceux de la nation malgache.<\/p>\n","protected":false},"excerpt":{"rendered":"<p>Africa-Press &#8211; Madagascar. \u00c9lu sans contestation possible au d\u00e9but de l\u2019ann\u00e9e, le nouveau chef de l\u2019\u00c9tat malgache a maintenant cinq ans pour moderniser la Grande \u00cele et lui permettre de r\u00e9v\u00e9ler toutes ses potentialit\u00e9s. dans ce dossier Voir tout le sommaire Madagascar : les douze travaux de Rajoelina Madagascar : l&rsquo;architecte Jean-Claude Dubois \u00ab \u00e9vite [&hellip;]<\/p>\n","protected":false},"author":82,"featured_media":835,"comment_status":"open","ping_status":"closed","sticky":false,"template":"","format":"standard","meta":{"footnotes":""},"categories":[11,2,10],"tags":[36,50,49],"class_list":["post-836","post","type-post","status-publish","format-standard","has-post-thumbnail","hentry","category-homepage-french","category-politique","category-toutes-les-actualites","tag-africa-press","tag-africa-press-madagascar","tag-madagascar"],"yoast_head":"<!-- This site is optimized with the Yoast SEO Premium plugin v26.1 (Yoast SEO v27.0) - https:\/\/yoast.com\/product\/yoast-seo-premium-wordpress\/ -->\n<title>\u00e0 grande \u00eele, grandes ambitions - Madagascar<\/title>\n<meta name=\"description\" content=\"\u00c9lu sans contestation possible au d\u00e9but de l\u2019ann\u00e9e, le nouveau chef de l\u2019\u00c9tat malgache a maintenant cinq ans pour modern ...\" \/>\n<meta name=\"robots\" content=\"index, follow, max-snippet:-1, max-image-preview:large, max-video-preview:-1\" \/>\n<link rel=\"canonical\" href=\"https:\/\/www.africa-press.net\/madagascar\/politique\/a-grande-ile-grandes-ambitions\" \/>\n<meta property=\"og:locale\" content=\"fr_FR\" \/>\n<meta property=\"og:type\" content=\"article\" \/>\n<meta property=\"og:title\" content=\"\u00e0 grande \u00eele, grandes ambitions\" \/>\n<meta property=\"og:description\" content=\"\u00c9lu sans contestation possible au d\u00e9but de l\u2019ann\u00e9e, le nouveau chef de l\u2019\u00c9tat malgache a maintenant cinq ans pour modern ...\" \/>\n<meta property=\"og:url\" content=\"https:\/\/www.africa-press.net\/madagascar\/politique\/a-grande-ile-grandes-ambitions\" \/>\n<meta property=\"og:site_name\" content=\"Madagascar\" \/>\n<meta property=\"article:published_time\" content=\"2020-01-28T01:56:12+00:00\" \/>\n<meta property=\"article:modified_time\" content=\"2020-12-28T21:33:48+00:00\" \/>\n<meta property=\"og:image\" content=\"https:\/\/static.africa-press.net\/centrafricaine\/sites\/56\/2020\/12\/img-5fe9027b683a2.jpg\" \/>\n\t<meta property=\"og:image:width\" content=\"640\" \/>\n\t<meta property=\"og:image:height\" content=\"320\" \/>\n\t<meta property=\"og:image:type\" content=\"image\/jpeg\" \/>\n<meta name=\"author\" content=\"cfeditorfr\" \/>\n<meta name=\"twitter:card\" content=\"summary_large_image\" \/>\n<meta name=\"twitter:label1\" content=\"\u00c9crit par\" \/>\n\t<meta name=\"twitter:data1\" content=\"cfeditorfr\" \/>\n\t<meta name=\"twitter:label2\" content=\"Dur\u00e9e de lecture estim\u00e9e\" \/>\n\t<meta name=\"twitter:data2\" content=\"3 minutes\" \/>\n<script type=\"application\/ld+json\" class=\"yoast-schema-graph\">{\"@context\":\"https:\/\/schema.org\",\"@graph\":[{\"@type\":\"Article\",\"@id\":\"https:\/\/www.africa-press.net\/madagascar\/politique\/a-grande-ile-grandes-ambitions#article\",\"isPartOf\":{\"@id\":\"https:\/\/www.africa-press.net\/madagascar\/politique\/a-grande-ile-grandes-ambitions\"},\"author\":{\"name\":\"cfeditorfr\",\"@id\":\"https:\/\/www.africa-press.net\/madagascar\/#\/schema\/person\/2b1cf3cd81a31e3cd26889ca66d677f1\"},\"headline\":\"\u00e0 grande \u00eele, grandes ambitions\",\"datePublished\":\"2020-01-28T01:56:12+00:00\",\"dateModified\":\"2020-12-28T21:33:48+00:00\",\"mainEntityOfPage\":{\"@id\":\"https:\/\/www.africa-press.net\/madagascar\/politique\/a-grande-ile-grandes-ambitions\"},\"wordCount\":574,\"commentCount\":0,\"image\":{\"@id\":\"https:\/\/www.africa-press.net\/madagascar\/politique\/a-grande-ile-grandes-ambitions#primaryimage\"},\"thumbnailUrl\":\"https:\/\/static.africa-press.net\/centrafricaine\/sites\/56\/2020\/12\/img-5fe9027b683a2.jpg\",\"keywords\":[\"Africa Press\",\"Africa Press-Madagascar\",\"Madagascar\"],\"articleSection\":[\"homepage-french\",\"Politique\",\"Toutes les actualit\u00e9s\"],\"inLanguage\":\"fr-FR\",\"potentialAction\":[{\"@type\":\"CommentAction\",\"name\":\"Comment\",\"target\":[\"https:\/\/www.africa-press.net\/madagascar\/politique\/a-grande-ile-grandes-ambitions#respond\"]}]},{\"@type\":\"WebPage\",\"@id\":\"https:\/\/www.africa-press.net\/madagascar\/politique\/a-grande-ile-grandes-ambitions\",\"url\":\"https:\/\/www.africa-press.net\/madagascar\/politique\/a-grande-ile-grandes-ambitions\",\"name\":\"\u00e0 grande \u00eele, grandes ambitions - Madagascar\",\"isPartOf\":{\"@id\":\"https:\/\/www.africa-press.net\/madagascar\/#website\"},\"primaryImageOfPage\":{\"@id\":\"https:\/\/www.africa-press.net\/madagascar\/politique\/a-grande-ile-grandes-ambitions#primaryimage\"},\"image\":{\"@id\":\"https:\/\/www.africa-press.net\/madagascar\/politique\/a-grande-ile-grandes-ambitions#primaryimage\"},\"thumbnailUrl\":\"https:\/\/static.africa-press.net\/centrafricaine\/sites\/56\/2020\/12\/img-5fe9027b683a2.jpg\",\"datePublished\":\"2020-01-28T01:56:12+00:00\",\"dateModified\":\"2020-12-28T21:33:48+00:00\",\"author\":{\"@id\":\"https:\/\/www.africa-press.net\/madagascar\/#\/schema\/person\/2b1cf3cd81a31e3cd26889ca66d677f1\"},\"description\":\"\u00c9lu sans contestation possible au d\u00e9but de l\u2019ann\u00e9e, le nouveau chef de l\u2019\u00c9tat malgache a maintenant cinq ans pour modern ...\",\"breadcrumb\":{\"@id\":\"https:\/\/www.africa-press.net\/madagascar\/politique\/a-grande-ile-grandes-ambitions#breadcrumb\"},\"inLanguage\":\"fr-FR\",\"potentialAction\":[{\"@type\":\"ReadAction\",\"target\":[\"https:\/\/www.africa-press.net\/madagascar\/politique\/a-grande-ile-grandes-ambitions\"]}]},{\"@type\":\"ImageObject\",\"inLanguage\":\"fr-FR\",\"@id\":\"https:\/\/www.africa-press.net\/madagascar\/politique\/a-grande-ile-grandes-ambitions#primaryimage\",\"url\":\"https:\/\/static.africa-press.net\/centrafricaine\/sites\/56\/2020\/12\/img-5fe9027b683a2.jpg\",\"contentUrl\":\"https:\/\/static.africa-press.net\/centrafricaine\/sites\/56\/2020\/12\/img-5fe9027b683a2.jpg\",\"width\":640,\"height\":320,\"caption\":\"[\u00c9dito] Madagascar : \u00e0 grande \u00eele, grandes ambitions\"},{\"@type\":\"BreadcrumbList\",\"@id\":\"https:\/\/www.africa-press.net\/madagascar\/politique\/a-grande-ile-grandes-ambitions#breadcrumb\",\"itemListElement\":[{\"@type\":\"ListItem\",\"position\":1,\"name\":\"Accueil\",\"item\":\"https:\/\/www.africa-press.net\/madagascar\/\"},{\"@type\":\"ListItem\",\"position\":2,\"name\":\"\u00e0 grande \u00eele, grandes ambitions\"}]},{\"@type\":\"WebSite\",\"@id\":\"https:\/\/www.africa-press.net\/madagascar\/#website\",\"url\":\"https:\/\/www.africa-press.net\/madagascar\/\",\"name\":\"Madagascar\",\"description\":\"Just another Africa News Agency Sites site\",\"potentialAction\":[{\"@type\":\"SearchAction\",\"target\":{\"@type\":\"EntryPoint\",\"urlTemplate\":\"https:\/\/www.africa-press.net\/madagascar\/?s={search_term_string}\"},\"query-input\":{\"@type\":\"PropertyValueSpecification\",\"valueRequired\":true,\"valueName\":\"search_term_string\"}}],\"inLanguage\":\"fr-FR\"},{\"@type\":\"Person\",\"@id\":\"https:\/\/www.africa-press.net\/madagascar\/#\/schema\/person\/2b1cf3cd81a31e3cd26889ca66d677f1\",\"name\":\"cfeditorfr\"}]}<\/script>\n<!-- \/ Yoast SEO Premium plugin. -->","yoast_head_json":{"title":"\u00e0 grande \u00eele, grandes ambitions - Madagascar","description":"\u00c9lu sans contestation possible au d\u00e9but de l\u2019ann\u00e9e, le nouveau chef de l\u2019\u00c9tat malgache a maintenant cinq ans pour modern ...","robots":{"index":"index","follow":"follow","max-snippet":"max-snippet:-1","max-image-preview":"max-image-preview:large","max-video-preview":"max-video-preview:-1"},"canonical":"https:\/\/www.africa-press.net\/madagascar\/politique\/a-grande-ile-grandes-ambitions","og_locale":"fr_FR","og_type":"article","og_title":"\u00e0 grande \u00eele, grandes ambitions","og_description":"\u00c9lu sans contestation possible au d\u00e9but de l\u2019ann\u00e9e, le nouveau chef de l\u2019\u00c9tat malgache a maintenant cinq ans pour modern ...","og_url":"https:\/\/www.africa-press.net\/madagascar\/politique\/a-grande-ile-grandes-ambitions","og_site_name":"Madagascar","article_published_time":"2020-01-28T01:56:12+00:00","article_modified_time":"2020-12-28T21:33:48+00:00","og_image":[{"width":640,"height":320,"url":"https:\/\/static.africa-press.net\/centrafricaine\/sites\/56\/2020\/12\/img-5fe9027b683a2.jpg","type":"image\/jpeg"}],"author":"cfeditorfr","twitter_card":"summary_large_image","twitter_misc":{"\u00c9crit par":"cfeditorfr","Dur\u00e9e de lecture estim\u00e9e":"3 minutes"},"schema":{"@context":"https:\/\/schema.org","@graph":[{"@type":"Article","@id":"https:\/\/www.africa-press.net\/madagascar\/politique\/a-grande-ile-grandes-ambitions#article","isPartOf":{"@id":"https:\/\/www.africa-press.net\/madagascar\/politique\/a-grande-ile-grandes-ambitions"},"author":{"name":"cfeditorfr","@id":"https:\/\/www.africa-press.net\/madagascar\/#\/schema\/person\/2b1cf3cd81a31e3cd26889ca66d677f1"},"headline":"\u00e0 grande \u00eele, grandes ambitions","datePublished":"2020-01-28T01:56:12+00:00","dateModified":"2020-12-28T21:33:48+00:00","mainEntityOfPage":{"@id":"https:\/\/www.africa-press.net\/madagascar\/politique\/a-grande-ile-grandes-ambitions"},"wordCount":574,"commentCount":0,"image":{"@id":"https:\/\/www.africa-press.net\/madagascar\/politique\/a-grande-ile-grandes-ambitions#primaryimage"},"thumbnailUrl":"https:\/\/static.africa-press.net\/centrafricaine\/sites\/56\/2020\/12\/img-5fe9027b683a2.jpg","keywords":["Africa Press","Africa Press-Madagascar","Madagascar"],"articleSection":["homepage-french","Politique","Toutes les actualit\u00e9s"],"inLanguage":"fr-FR","potentialAction":[{"@type":"CommentAction","name":"Comment","target":["https:\/\/www.africa-press.net\/madagascar\/politique\/a-grande-ile-grandes-ambitions#respond"]}]},{"@type":"WebPage","@id":"https:\/\/www.africa-press.net\/madagascar\/politique\/a-grande-ile-grandes-ambitions","url":"https:\/\/www.africa-press.net\/madagascar\/politique\/a-grande-ile-grandes-ambitions","name":"\u00e0 grande \u00eele, grandes ambitions - Madagascar","isPartOf":{"@id":"https:\/\/www.africa-press.net\/madagascar\/#website"},"primaryImageOfPage":{"@id":"https:\/\/www.africa-press.net\/madagascar\/politique\/a-grande-ile-grandes-ambitions#primaryimage"},"image":{"@id":"https:\/\/www.africa-press.net\/madagascar\/politique\/a-grande-ile-grandes-ambitions#primaryimage"},"thumbnailUrl":"https:\/\/static.africa-press.net\/centrafricaine\/sites\/56\/2020\/12\/img-5fe9027b683a2.jpg","datePublished":"2020-01-28T01:56:12+00:00","dateModified":"2020-12-28T21:33:48+00:00","author":{"@id":"https:\/\/www.africa-press.net\/madagascar\/#\/schema\/person\/2b1cf3cd81a31e3cd26889ca66d677f1"},"description":"\u00c9lu sans contestation possible au d\u00e9but de l\u2019ann\u00e9e, le nouveau chef de l\u2019\u00c9tat malgache a maintenant cinq ans pour modern ...","breadcrumb":{"@id":"https:\/\/www.africa-press.net\/madagascar\/politique\/a-grande-ile-grandes-ambitions#breadcrumb"},"inLanguage":"fr-FR","potentialAction":[{"@type":"ReadAction","target":["https:\/\/www.africa-press.net\/madagascar\/politique\/a-grande-ile-grandes-ambitions"]}]},{"@type":"ImageObject","inLanguage":"fr-FR","@id":"https:\/\/www.africa-press.net\/madagascar\/politique\/a-grande-ile-grandes-ambitions#primaryimage","url":"https:\/\/static.africa-press.net\/centrafricaine\/sites\/56\/2020\/12\/img-5fe9027b683a2.jpg","contentUrl":"https:\/\/static.africa-press.net\/centrafricaine\/sites\/56\/2020\/12\/img-5fe9027b683a2.jpg","width":640,"height":320,"caption":"[\u00c9dito] Madagascar : \u00e0 grande \u00eele, grandes ambitions"},{"@type":"BreadcrumbList","@id":"https:\/\/www.africa-press.net\/madagascar\/politique\/a-grande-ile-grandes-ambitions#breadcrumb","itemListElement":[{"@type":"ListItem","position":1,"name":"Accueil","item":"https:\/\/www.africa-press.net\/madagascar\/"},{"@type":"ListItem","position":2,"name":"\u00e0 grande \u00eele, grandes ambitions"}]},{"@type":"WebSite","@id":"https:\/\/www.africa-press.net\/madagascar\/#website","url":"https:\/\/www.africa-press.net\/madagascar\/","name":"Madagascar","description":"Just another Africa News Agency Sites site","potentialAction":[{"@type":"SearchAction","target":{"@type":"EntryPoint","urlTemplate":"https:\/\/www.africa-press.net\/madagascar\/?s={search_term_string}"},"query-input":{"@type":"PropertyValueSpecification","valueRequired":true,"valueName":"search_term_string"}}],"inLanguage":"fr-FR"},{"@type":"Person","@id":"https:\/\/www.africa-press.net\/madagascar\/#\/schema\/person\/2b1cf3cd81a31e3cd26889ca66d677f1","name":"cfeditorfr"}]}},"_links":{"self":[{"href":"https:\/\/www.africa-press.net\/madagascar\/wp-json\/wp\/v2\/posts\/836","targetHints":{"allow":["GET"]}}],"collection":[{"href":"https:\/\/www.africa-press.net\/madagascar\/wp-json\/wp\/v2\/posts"}],"about":[{"href":"https:\/\/www.africa-press.net\/madagascar\/wp-json\/wp\/v2\/types\/post"}],"author":[{"embeddable":true,"href":"https:\/\/www.africa-press.net\/madagascar\/wp-json\/wp\/v2\/users\/82"}],"replies":[{"embeddable":true,"href":"https:\/\/www.africa-press.net\/madagascar\/wp-json\/wp\/v2\/comments?post=836"}],"version-history":[{"count":0,"href":"https:\/\/www.africa-press.net\/madagascar\/wp-json\/wp\/v2\/posts\/836\/revisions"}],"wp:featuredmedia":[{"embeddable":true,"href":"https:\/\/www.africa-press.net\/madagascar\/wp-json\/wp\/v2\/media\/835"}],"wp:attachment":[{"href":"https:\/\/www.africa-press.net\/madagascar\/wp-json\/wp\/v2\/media?parent=836"}],"wp:term":[{"taxonomy":"category","embeddable":true,"href":"https:\/\/www.africa-press.net\/madagascar\/wp-json\/wp\/v2\/categories?post=836"},{"taxonomy":"post_tag","embeddable":true,"href":"https:\/\/www.africa-press.net\/madagascar\/wp-json\/wp\/v2\/tags?post=836"}],"curies":[{"name":"wp","href":"https:\/\/api.w.org\/{rel}","templated":true}]}}