{"id":871,"date":"2021-01-10T01:47:24","date_gmt":"2021-01-10T01:47:24","guid":{"rendered":"https:\/\/www.africa-press.com\/madagascar\/?p=871"},"modified":"2021-01-10T01:34:40","modified_gmt":"2021-01-10T01:34:40","slug":"madagascar-hery-relance-son-parti","status":"publish","type":"post","link":"https:\/\/www.africa-press.net\/madagascar\/parties\/madagascar-hery-relance-son-parti","title":{"rendered":"Madagascar : \u00ab\u00a0Hery\u00a0\u00bb relance son parti"},"content":{"rendered":"<p><span style=\"color: #ff6600\"><strong><a href=\"https:\/\/www.africa-press.com\">Africa-Press<\/a> &#8211; <a href=\"https:\/\/www.africa-press.com\/madagascar\">Madagascar<\/a>. <\/strong><\/span>L\u2019avenir du parti HVM \u00e9tait au c\u0153ur des discussions entre l\u2019ancien chef de l\u2019\u00c9tat malgache, Hery Rajaonarimampianina, et le pr\u00e9sident du S\u00e9nat, Rivo Rakotovao, fin septembre, en France.<\/p>\n<p>\u00c0 la fin de septembre, l\u2019ex-pr\u00e9sident malgache Hery Rajaonarimampianina s\u2019est longuement entretenu \u00e0 son domicile parisien avec Rivo Rakotovao, le pr\u00e9sident du S\u00e9nat, lors d\u2019un bref s\u00e9jour de ce dernier en France. Au c\u0153ur des discussions\u2009: l\u2019avenir du parti HVM, qu\u2019ils ont cofond\u00e9 en 2014.<\/p>\n<p>Si aucun candidat n\u2019en a port\u00e9 les couleurs lors des l\u00e9gislatives de mai, des personnalit\u00e9s issues de ses rangs se sont pr\u00e9sent\u00e9es en ind\u00e9pendant, comme les ex-ministres Neypatraiky Rakotomamonjy, Narson Rafidimanana et Monique Rasoazananera. Sit\u00f4t \u00e9lus d\u00e9put\u00e9s, ces derniers ont form\u00e9 le Groupe des parlementaires r\u00e9publicains, qui soutient le pr\u00e9sident, Andry Rajoelina. \u00ab Hery \u00bb n\u2019est cependant pas oppos\u00e9 \u00e0 l\u2019id\u00e9e de recevoir ces frondeurs.<\/p>\n<p>Par ailleurs, le parti n\u2019a plus de pr\u00e9sident national depuis son congr\u00e8s d\u2019ao\u00fbt 2017. Une assembl\u00e9e g\u00e9n\u00e9rale est en pr\u00e9paration, sous la houlette, notamment, du s\u00e9nateur Riana Andriamandavy.<\/p>\n","protected":false},"excerpt":{"rendered":"<p>Africa-Press &#8211; Madagascar. L\u2019avenir du parti HVM \u00e9tait au c\u0153ur des discussions entre l\u2019ancien chef de l\u2019\u00c9tat malgache, Hery Rajaonarimampianina, et le pr\u00e9sident du S\u00e9nat, Rivo Rakotovao, fin septembre, en France. \u00c0 la fin de septembre, l\u2019ex-pr\u00e9sident malgache Hery Rajaonarimampianina s\u2019est longuement entretenu \u00e0 son domicile parisien avec Rivo Rakotovao, le pr\u00e9sident du S\u00e9nat, lors [&hellip;]<\/p>\n","protected":false},"author":82,"featured_media":870,"comment_status":"open","ping_status":"closed","sticky":false,"template":"","format":"standard","meta":{"footnotes":""},"categories":[11,4,10],"tags":[36,50,49],"class_list":["post-871","post","type-post","status-publish","format-standard","has-post-thumbnail","hentry","category-homepage-french","category-parties","category-toutes-les-actualites","tag-africa-press","tag-africa-press-madagascar","tag-madagascar"],"yoast_head":"<!-- This site is optimized with the Yoast SEO Premium plugin v26.1 (Yoast SEO v27.0) - https:\/\/yoast.com\/product\/yoast-seo-premium-wordpress\/ -->\n<title>Madagascar : \u00ab\u00a0Hery\u00a0\u00bb relance son parti - Madagascar<\/title>\n<meta name=\"description\" content=\"L\u2019avenir du parti HVM \u00e9tait au c\u0153ur des discussions entre l\u2019ancien chef de l\u2019\u00c9tat malgache, Hery Rajaonarimampianina, et ...\" \/>\n<meta name=\"robots\" content=\"index, follow, max-snippet:-1, max-image-preview:large, max-video-preview:-1\" \/>\n<link rel=\"canonical\" href=\"https:\/\/www.africa-press.net\/madagascar\/parties\/madagascar-hery-relance-son-parti\" \/>\n<meta property=\"og:locale\" content=\"fr_FR\" \/>\n<meta property=\"og:type\" content=\"article\" \/>\n<meta property=\"og:title\" content=\"Madagascar : \u00ab\u00a0Hery\u00a0\u00bb relance son parti\" \/>\n<meta property=\"og:description\" content=\"L\u2019avenir du parti HVM \u00e9tait au c\u0153ur des discussions entre l\u2019ancien chef de l\u2019\u00c9tat malgache, Hery Rajaonarimampianina, et ...\" \/>\n<meta property=\"og:url\" content=\"https:\/\/www.africa-press.net\/madagascar\/parties\/madagascar-hery-relance-son-parti\" \/>\n<meta property=\"og:site_name\" content=\"Madagascar\" \/>\n<meta property=\"article:published_time\" content=\"2021-01-10T01:47:24+00:00\" \/>\n<meta property=\"og:image\" content=\"https:\/\/static.africa-press.net\/centrafricaine\/sites\/56\/2021\/01\/img-5ffa59957f2a3.jpg\" \/>\n\t<meta property=\"og:image:width\" content=\"720\" \/>\n\t<meta property=\"og:image:height\" content=\"360\" \/>\n\t<meta property=\"og:image:type\" content=\"image\/jpeg\" \/>\n<meta name=\"author\" content=\"cfeditorfr\" \/>\n<meta name=\"twitter:card\" content=\"summary_large_image\" \/>\n<meta name=\"twitter:label1\" content=\"\u00c9crit par\" \/>\n\t<meta name=\"twitter:data1\" content=\"cfeditorfr\" \/>\n\t<meta name=\"twitter:label2\" content=\"Dur\u00e9e de lecture estim\u00e9e\" \/>\n\t<meta name=\"twitter:data2\" content=\"1 minute\" \/>\n<script type=\"application\/ld+json\" class=\"yoast-schema-graph\">{\"@context\":\"https:\/\/schema.org\",\"@graph\":[{\"@type\":\"Article\",\"@id\":\"https:\/\/www.africa-press.net\/madagascar\/parties\/madagascar-hery-relance-son-parti#article\",\"isPartOf\":{\"@id\":\"https:\/\/www.africa-press.net\/madagascar\/parties\/madagascar-hery-relance-son-parti\"},\"author\":{\"name\":\"cfeditorfr\",\"@id\":\"https:\/\/www.africa-press.net\/madagascar\/#\/schema\/person\/2b1cf3cd81a31e3cd26889ca66d677f1\"},\"headline\":\"Madagascar : \u00ab\u00a0Hery\u00a0\u00bb relance son parti\",\"datePublished\":\"2021-01-10T01:47:24+00:00\",\"mainEntityOfPage\":{\"@id\":\"https:\/\/www.africa-press.net\/madagascar\/parties\/madagascar-hery-relance-son-parti\"},\"wordCount\":207,\"commentCount\":0,\"image\":{\"@id\":\"https:\/\/www.africa-press.net\/madagascar\/parties\/madagascar-hery-relance-son-parti#primaryimage\"},\"thumbnailUrl\":\"https:\/\/static.africa-press.net\/centrafricaine\/sites\/56\/2021\/01\/img-5ffa59957f2a3.jpg\",\"keywords\":[\"Africa Press\",\"Africa Press-Madagascar\",\"Madagascar\"],\"articleSection\":[\"homepage-french\",\"Parties\",\"Toutes les actualit\u00e9s\"],\"inLanguage\":\"fr-FR\",\"potentialAction\":[{\"@type\":\"CommentAction\",\"name\":\"Comment\",\"target\":[\"https:\/\/www.africa-press.net\/madagascar\/parties\/madagascar-hery-relance-son-parti#respond\"]}]},{\"@type\":\"WebPage\",\"@id\":\"https:\/\/www.africa-press.net\/madagascar\/parties\/madagascar-hery-relance-son-parti\",\"url\":\"https:\/\/www.africa-press.net\/madagascar\/parties\/madagascar-hery-relance-son-parti\",\"name\":\"Madagascar : \u00ab\u00a0Hery\u00a0\u00bb relance son parti - Madagascar\",\"isPartOf\":{\"@id\":\"https:\/\/www.africa-press.net\/madagascar\/#website\"},\"primaryImageOfPage\":{\"@id\":\"https:\/\/www.africa-press.net\/madagascar\/parties\/madagascar-hery-relance-son-parti#primaryimage\"},\"image\":{\"@id\":\"https:\/\/www.africa-press.net\/madagascar\/parties\/madagascar-hery-relance-son-parti#primaryimage\"},\"thumbnailUrl\":\"https:\/\/static.africa-press.net\/centrafricaine\/sites\/56\/2021\/01\/img-5ffa59957f2a3.jpg\",\"datePublished\":\"2021-01-10T01:47:24+00:00\",\"author\":{\"@id\":\"https:\/\/www.africa-press.net\/madagascar\/#\/schema\/person\/2b1cf3cd81a31e3cd26889ca66d677f1\"},\"description\":\"L\u2019avenir du parti HVM \u00e9tait au c\u0153ur des discussions entre l\u2019ancien chef de l\u2019\u00c9tat malgache, Hery Rajaonarimampianina, et ...\",\"breadcrumb\":{\"@id\":\"https:\/\/www.africa-press.net\/madagascar\/parties\/madagascar-hery-relance-son-parti#breadcrumb\"},\"inLanguage\":\"fr-FR\",\"potentialAction\":[{\"@type\":\"ReadAction\",\"target\":[\"https:\/\/www.africa-press.net\/madagascar\/parties\/madagascar-hery-relance-son-parti\"]}]},{\"@type\":\"ImageObject\",\"inLanguage\":\"fr-FR\",\"@id\":\"https:\/\/www.africa-press.net\/madagascar\/parties\/madagascar-hery-relance-son-parti#primaryimage\",\"url\":\"https:\/\/static.africa-press.net\/centrafricaine\/sites\/56\/2021\/01\/img-5ffa59957f2a3.jpg\",\"contentUrl\":\"https:\/\/static.africa-press.net\/centrafricaine\/sites\/56\/2021\/01\/img-5ffa59957f2a3.jpg\",\"width\":720,\"height\":360,\"caption\":\"Madagascar : \u00ab\u00a0Hery\u00a0\u00bb relance son parti\"},{\"@type\":\"BreadcrumbList\",\"@id\":\"https:\/\/www.africa-press.net\/madagascar\/parties\/madagascar-hery-relance-son-parti#breadcrumb\",\"itemListElement\":[{\"@type\":\"ListItem\",\"position\":1,\"name\":\"Accueil\",\"item\":\"https:\/\/www.africa-press.net\/madagascar\/\"},{\"@type\":\"ListItem\",\"position\":2,\"name\":\"Madagascar : \u00ab\u00a0Hery\u00a0\u00bb relance son parti\"}]},{\"@type\":\"WebSite\",\"@id\":\"https:\/\/www.africa-press.net\/madagascar\/#website\",\"url\":\"https:\/\/www.africa-press.net\/madagascar\/\",\"name\":\"Madagascar\",\"description\":\"Just another Africa News Agency Sites site\",\"potentialAction\":[{\"@type\":\"SearchAction\",\"target\":{\"@type\":\"EntryPoint\",\"urlTemplate\":\"https:\/\/www.africa-press.net\/madagascar\/?s={search_term_string}\"},\"query-input\":{\"@type\":\"PropertyValueSpecification\",\"valueRequired\":true,\"valueName\":\"search_term_string\"}}],\"inLanguage\":\"fr-FR\"},{\"@type\":\"Person\",\"@id\":\"https:\/\/www.africa-press.net\/madagascar\/#\/schema\/person\/2b1cf3cd81a31e3cd26889ca66d677f1\",\"name\":\"cfeditorfr\"}]}<\/script>\n<!-- \/ Yoast SEO Premium plugin. -->","yoast_head_json":{"title":"Madagascar : \u00ab\u00a0Hery\u00a0\u00bb relance son parti - Madagascar","description":"L\u2019avenir du parti HVM \u00e9tait au c\u0153ur des discussions entre l\u2019ancien chef de l\u2019\u00c9tat malgache, Hery Rajaonarimampianina, et ...","robots":{"index":"index","follow":"follow","max-snippet":"max-snippet:-1","max-image-preview":"max-image-preview:large","max-video-preview":"max-video-preview:-1"},"canonical":"https:\/\/www.africa-press.net\/madagascar\/parties\/madagascar-hery-relance-son-parti","og_locale":"fr_FR","og_type":"article","og_title":"Madagascar : \u00ab\u00a0Hery\u00a0\u00bb relance son parti","og_description":"L\u2019avenir du parti HVM \u00e9tait au c\u0153ur des discussions entre l\u2019ancien chef de l\u2019\u00c9tat malgache, Hery Rajaonarimampianina, et ...","og_url":"https:\/\/www.africa-press.net\/madagascar\/parties\/madagascar-hery-relance-son-parti","og_site_name":"Madagascar","article_published_time":"2021-01-10T01:47:24+00:00","og_image":[{"width":720,"height":360,"url":"https:\/\/static.africa-press.net\/centrafricaine\/sites\/56\/2021\/01\/img-5ffa59957f2a3.jpg","type":"image\/jpeg"}],"author":"cfeditorfr","twitter_card":"summary_large_image","twitter_misc":{"\u00c9crit par":"cfeditorfr","Dur\u00e9e de lecture estim\u00e9e":"1 minute"},"schema":{"@context":"https:\/\/schema.org","@graph":[{"@type":"Article","@id":"https:\/\/www.africa-press.net\/madagascar\/parties\/madagascar-hery-relance-son-parti#article","isPartOf":{"@id":"https:\/\/www.africa-press.net\/madagascar\/parties\/madagascar-hery-relance-son-parti"},"author":{"name":"cfeditorfr","@id":"https:\/\/www.africa-press.net\/madagascar\/#\/schema\/person\/2b1cf3cd81a31e3cd26889ca66d677f1"},"headline":"Madagascar : \u00ab\u00a0Hery\u00a0\u00bb relance son parti","datePublished":"2021-01-10T01:47:24+00:00","mainEntityOfPage":{"@id":"https:\/\/www.africa-press.net\/madagascar\/parties\/madagascar-hery-relance-son-parti"},"wordCount":207,"commentCount":0,"image":{"@id":"https:\/\/www.africa-press.net\/madagascar\/parties\/madagascar-hery-relance-son-parti#primaryimage"},"thumbnailUrl":"https:\/\/static.africa-press.net\/centrafricaine\/sites\/56\/2021\/01\/img-5ffa59957f2a3.jpg","keywords":["Africa Press","Africa Press-Madagascar","Madagascar"],"articleSection":["homepage-french","Parties","Toutes les actualit\u00e9s"],"inLanguage":"fr-FR","potentialAction":[{"@type":"CommentAction","name":"Comment","target":["https:\/\/www.africa-press.net\/madagascar\/parties\/madagascar-hery-relance-son-parti#respond"]}]},{"@type":"WebPage","@id":"https:\/\/www.africa-press.net\/madagascar\/parties\/madagascar-hery-relance-son-parti","url":"https:\/\/www.africa-press.net\/madagascar\/parties\/madagascar-hery-relance-son-parti","name":"Madagascar : \u00ab\u00a0Hery\u00a0\u00bb relance son parti - Madagascar","isPartOf":{"@id":"https:\/\/www.africa-press.net\/madagascar\/#website"},"primaryImageOfPage":{"@id":"https:\/\/www.africa-press.net\/madagascar\/parties\/madagascar-hery-relance-son-parti#primaryimage"},"image":{"@id":"https:\/\/www.africa-press.net\/madagascar\/parties\/madagascar-hery-relance-son-parti#primaryimage"},"thumbnailUrl":"https:\/\/static.africa-press.net\/centrafricaine\/sites\/56\/2021\/01\/img-5ffa59957f2a3.jpg","datePublished":"2021-01-10T01:47:24+00:00","author":{"@id":"https:\/\/www.africa-press.net\/madagascar\/#\/schema\/person\/2b1cf3cd81a31e3cd26889ca66d677f1"},"description":"L\u2019avenir du parti HVM \u00e9tait au c\u0153ur des discussions entre l\u2019ancien chef de l\u2019\u00c9tat malgache, Hery Rajaonarimampianina, et ...","breadcrumb":{"@id":"https:\/\/www.africa-press.net\/madagascar\/parties\/madagascar-hery-relance-son-parti#breadcrumb"},"inLanguage":"fr-FR","potentialAction":[{"@type":"ReadAction","target":["https:\/\/www.africa-press.net\/madagascar\/parties\/madagascar-hery-relance-son-parti"]}]},{"@type":"ImageObject","inLanguage":"fr-FR","@id":"https:\/\/www.africa-press.net\/madagascar\/parties\/madagascar-hery-relance-son-parti#primaryimage","url":"https:\/\/static.africa-press.net\/centrafricaine\/sites\/56\/2021\/01\/img-5ffa59957f2a3.jpg","contentUrl":"https:\/\/static.africa-press.net\/centrafricaine\/sites\/56\/2021\/01\/img-5ffa59957f2a3.jpg","width":720,"height":360,"caption":"Madagascar : \u00ab\u00a0Hery\u00a0\u00bb relance son parti"},{"@type":"BreadcrumbList","@id":"https:\/\/www.africa-press.net\/madagascar\/parties\/madagascar-hery-relance-son-parti#breadcrumb","itemListElement":[{"@type":"ListItem","position":1,"name":"Accueil","item":"https:\/\/www.africa-press.net\/madagascar\/"},{"@type":"ListItem","position":2,"name":"Madagascar : \u00ab\u00a0Hery\u00a0\u00bb relance son parti"}]},{"@type":"WebSite","@id":"https:\/\/www.africa-press.net\/madagascar\/#website","url":"https:\/\/www.africa-press.net\/madagascar\/","name":"Madagascar","description":"Just another Africa News Agency Sites site","potentialAction":[{"@type":"SearchAction","target":{"@type":"EntryPoint","urlTemplate":"https:\/\/www.africa-press.net\/madagascar\/?s={search_term_string}"},"query-input":{"@type":"PropertyValueSpecification","valueRequired":true,"valueName":"search_term_string"}}],"inLanguage":"fr-FR"},{"@type":"Person","@id":"https:\/\/www.africa-press.net\/madagascar\/#\/schema\/person\/2b1cf3cd81a31e3cd26889ca66d677f1","name":"cfeditorfr"}]}},"_links":{"self":[{"href":"https:\/\/www.africa-press.net\/madagascar\/wp-json\/wp\/v2\/posts\/871","targetHints":{"allow":["GET"]}}],"collection":[{"href":"https:\/\/www.africa-press.net\/madagascar\/wp-json\/wp\/v2\/posts"}],"about":[{"href":"https:\/\/www.africa-press.net\/madagascar\/wp-json\/wp\/v2\/types\/post"}],"author":[{"embeddable":true,"href":"https:\/\/www.africa-press.net\/madagascar\/wp-json\/wp\/v2\/users\/82"}],"replies":[{"embeddable":true,"href":"https:\/\/www.africa-press.net\/madagascar\/wp-json\/wp\/v2\/comments?post=871"}],"version-history":[{"count":0,"href":"https:\/\/www.africa-press.net\/madagascar\/wp-json\/wp\/v2\/posts\/871\/revisions"}],"wp:featuredmedia":[{"embeddable":true,"href":"https:\/\/www.africa-press.net\/madagascar\/wp-json\/wp\/v2\/media\/870"}],"wp:attachment":[{"href":"https:\/\/www.africa-press.net\/madagascar\/wp-json\/wp\/v2\/media?parent=871"}],"wp:term":[{"taxonomy":"category","embeddable":true,"href":"https:\/\/www.africa-press.net\/madagascar\/wp-json\/wp\/v2\/categories?post=871"},{"taxonomy":"post_tag","embeddable":true,"href":"https:\/\/www.africa-press.net\/madagascar\/wp-json\/wp\/v2\/tags?post=871"}],"curies":[{"name":"wp","href":"https:\/\/api.w.org\/{rel}","templated":true}]}}