{"id":1487,"date":"2021-05-18T20:53:41","date_gmt":"2021-05-18T20:53:41","guid":{"rendered":"https:\/\/www.africa-press.net\/mali\/?p=1487"},"modified":"2021-05-18T19:56:18","modified_gmt":"2021-05-18T19:56:18","slug":"oumar-barou-diarra-dg-de-ledm-les-lendemains-meilleurs-ne-sont-pas-loin","status":"publish","type":"post","link":"https:\/\/www.africa-press.net\/mali\/homepage-french\/oumar-barou-diarra-dg-de-ledm-les-lendemains-meilleurs-ne-sont-pas-loin","title":{"rendered":"Oumar Barou Diarra, DG de l\u2019EDM : \u201cLes lendemains meilleurs ne sont pas loin\u201d"},"content":{"rendered":"<p><span style=\"color: #ff6600\"><strong><a href=\"https:\/\/www.africa-press.net\/\">Africa-Press<\/a> &#8211; <a href=\"https:\/\/www.africa-press.net\/mali\">Mali<\/a>. <\/strong><\/span><b>Plus qu\u2019une journ\u00e9e porte ouverte, c\u2019est un moment de grandes r\u00e9alisations que la direction de la soci\u00e9t\u00e9 a voulu partager avec ses invit\u00e9s. Activistes, associations de consommateurs et journalistes ont \u00e9t\u00e9, l\u2019espace d\u2019une journ\u00e9e, les t\u00e9moins des grandes r\u00e9alisations en cours pour g\u00e9rer la crise \u00e9nerg\u00e9tique dans notre pays. Ce qui fera dire au directeur g\u00e9n\u00e9ral de EDM-SA, Oumar Diarra, que \u201cles lendemains meilleurs ne sont pas loin\u201d.<\/b><\/p>\n<p>Pour comprendre la d\u00e9licatesse de sa mission, la direction d\u2019EDM-SA joue la carte de la transparence. A l\u2019issue d\u2019une journ\u00e9e porte ouverte, le site de Balingu\u00e9, construit dans les ann\u00e9es 1980, \u00e9quip\u00e9 de transformateurs abaisseurs et qui dessert la zone Est de Bamako jusqu\u2019\u00e0 Koulikoro, s\u2019est ouvert au grand public.<\/p>\n<p>A la suite de cette \u00e9tape, les visiteurs ont mis le cap sur Sirakoro o\u00f9 a \u00e9t\u00e9 construit dans les ann\u00e9es 1990 le poste de transport recevant l\u2019\u00e9nergie de S\u00e9lingu\u00e9, Manantali et de la C\u00f4te d\u2019Ivoire. Non loin de ce site, on peut s\u2019apercevoir que le chantier du projet de construction de la centrale thermique au fioul lourd de 100 MW \u00e9volue \u00e0 la satisfaction g\u00e9n\u00e9rale.<\/p>\n<p>La derni\u00e8re \u00e9tape a \u00e9t\u00e9 consacr\u00e9e \u00e0 la visite de la centrale thermique de 20 MW de Balkou \u00e0 Sotuba. Cette structure \u00e9nerg\u00e9tique permet d\u2019am\u00e9liorer l\u2019alimentation en \u00e9lectricit\u00e9 des quartiers Est de Bamako.<\/p>\n<p>Au sortie de la journ\u00e9e marathon, le DG d\u2019EDM-SA, Oumar Diarra, est revenu sur le bien-fond\u00e9 d\u2019une telle d\u00e9marche. \u201cLe but de cette journ\u00e9e porte ouverte est que les clients et les consommateurs de l\u2019EDM puissent s\u2019impr\u00e9gner de la probl\u00e9matique du sous-secteur de l\u2019\u00e9lectricit\u00e9 en g\u00e9n\u00e9ral, mais aussi des contraintes d\u2019exploitation que l\u2019EDM a en cette p\u00e9riode charni\u00e8re de forte consommation qui co\u00efncide avec le ramadan\u201d, a-t-il laiss\u00e9 entendre.<\/p>\n<p>Selon lui, pour l\u2019am\u00e9lioration de la couverture \u00e9nerg\u00e9tique satisfaisante, des efforts sont en cours. \u201cAu regard des coupures, qui ont lieu en d\u00e9but du mois d\u2019avril, il va vous sembler que nous n\u2019avions pas anticip\u00e9 un certain nombre de sujets. Mais, je crois que non parce que lorsque nous sommes arriv\u00e9s aux affaires en novembre 2020, nous avions proc\u00e9d\u00e9 \u00e0 une analyse tr\u00e8s approfondie des causes des coupures et nous avions identifi\u00e9 deux causes principales\u201d.<\/p>\n<p>\u201cLa premi\u00e8re cause, a-t-il poursuivi, \u00e9tait due \u00e0 des contraintes sur l\u2019approvisionnement en hydrocarbure de nos centrales. Cela s\u2019expliquait aussi par beaucoup d\u2019autres facteurs parce que nous avons un volume consid\u00e9rable de consommation d\u2019hydrocarbure\u201d.<\/p>\n<p>En outre, M. Diarra a soulign\u00e9 des insuffisances \u00e0 certains niveaux \u201cfort malheureusement en 2020, tous ces volumes \u00e9taient port\u00e9s \u00e0 plus de 85 % par un seul fournisseur qui n\u2019arrivait pas \u00e0 y faire face\u201d. Pour y rem\u00e9dier, des mesures fortes ont \u00e9t\u00e9 adopt\u00e9es par le directeur g\u00e9n\u00e9ral, \u201cnous avons r\u00e9gl\u00e9 ce probl\u00e8me pour 2021. Nous avons lanc\u00e9 un appel d\u2019offres et nous avons mis sur les sites plusieurs fournisseurs. Mieux, chaque fournisseur principal a \u00e9t\u00e9 suppl\u00e9\u00e9. Pour permettre de prendre rapidement le relais en cas de d\u00e9faillance du fournisseur principal. Maintenant, on entend plus parler de rupture de combustible sur nos sites. La deuxi\u00e8me cause \u00e9tait le probl\u00e8me de transit sur nos liaisons\u201d.<\/p>\n<p>A l\u2019en croire, \u201cle r\u00e9seau \u00e9lectrique se subdivise en trois : r\u00e9seau de transport, r\u00e9seau de r\u00e9partition et r\u00e9seau de distribution. Quand on produit, il faut passer par le r\u00e9seau de transport, ensuite tu arrives sur le r\u00e9seau de r\u00e9partition qui te met sur le r\u00e9seau de la distribution qui est la livraison au consommateur final. Ce qui se passe c\u2019est que les r\u00e9seaux de r\u00e9partition sont totalement d\u00e9fectueux du fait de leur v\u00e9tust\u00e9 et du fait qu\u2019ils n\u2019ont pas \u00e9t\u00e9 r\u00e9habilit\u00e9s depuis fort longtemps\u201d.<\/p>\n<p><b>Renforcement et r\u00e9habilitation<\/b><\/p>\n<p>Selon le DG d\u2019EDM-SA, la solution qui semble logique \u00e9tait la r\u00e9habilitation rapide et le renforcement de ces r\u00e9seaux. Mais, entre le lancement du processus de contractualisation et du lancement jusqu\u2019\u00e0 la fin des travaux d\u2019un r\u00e9seau de r\u00e9partition, cela prend au moins 8 mois. Il ajoute que ce timing nous amenait en dehors de la p\u00e9riode de forte consommation, que sont les mois de mars, avril et mai. \u201cCe n\u2019\u00e9tait pas la solution appropri\u00e9e pour g\u00e9rer le probl\u00e8me \u00e0 court terme\u201d, rench\u00e9rira-t-il.<\/p>\n<p>Toutefois, il a estim\u00e9 qu\u2019il fallait r\u00e9fl\u00e9chir pour trouver une solution technique : \u201cCe qui nous a amen\u00e9 \u00e0 faire cette centrale de 20 MW sur ce site de Sotuba et une deuxi\u00e8me centrale de 20 MW sur le site de Badalabougou au Cres\u201d.<\/p>\n<p>A en croire M. Diarra, cela permettait de contourner momentan\u00e9ment ce probl\u00e8me de liaison et d\u2019anticiper sur les probl\u00e8mes connus. N\u00e9anmoins, il a ajout\u00e9 l\u2019apparition d\u2019un al\u00e9a qui n\u2019avait pas \u00e9t\u00e9 int\u00e9gr\u00e9 dans leur gestion du risque de coupure de 2021. \u201cA la pointe des consommations, la demande la plus forte se situe aux environs de 400 MW. Sur ces 400 MW, il y a 100 MW, de fa\u00e7on contractuelle, qui est d\u00e9livr\u00e9s par la C\u00f4te d\u2019Ivoire. Cela s\u2019inscrit dans le cadre des accords C\u00e9d\u00e9ao qui pr\u00f4nent les interconnexions entre les pays\u201d. M. Diarra a rappel\u00e9 que depuis 2012, le Mali a une interconnexion avec la C\u00f4te d\u2019Ivoire. Il a \u00e9galement pr\u00e9cis\u00e9 que le Mali enlevait pr\u00e8s de 30 MW avec la C\u00f4te d\u2019Ivoire en 2012, 2013, 2014 et d\u2019ajouter que cet enl\u00e8vement est all\u00e9 crescendo jusqu\u2019\u00e0 atteindre en 2019, 2020 100 MW, \u201ccela repr\u00e9sente le quart de la consommation du Mali en p\u00e9riode de pointe\u201d.<\/p>\n<p>Concernant la d\u00e9faillance \u00e9lectrique de la C\u00f4te d\u2019Ivoire en 2021, M. Diarra a fait l\u2019historique des livraisons de cette derni\u00e8re en donnant les raisons. \u201cQuand on prend l\u2019historique des livraisons de la C\u00f4te d\u2019Ivoire de 2012 \u00e0 nos jours, il n\u2019y a jamais eu de d\u00e9faillance. Mieux, la C\u00f4te d\u2019Ivoire a des engagements \u00e9crits avec la Banque mondiale et le FMI sur la d\u00e9livrance des MW contractuels. Pas au Mali seulement mais au Burkina Faso, \u00e0 la Sierra Leone et d\u2019autres pays \u00e0 qui la C\u00f4te d\u2019Ivoire d\u00e9livre de l\u2019\u00e9nergie. Encore mieux, en 2020, le Mali avait une relation contractuelle \u00e0 hauteur de 100 MW avec la C\u00f4te d\u2019Ivoire\u201d.<\/p>\n<p>Il pr\u00e9cisera que la C\u00f4te d\u2019Ivoire d\u00e9livrait au plus fort de la chaleur entre 120 et 130 MW sur le r\u00e9seau malien. Se basant sur cette donne, il a indiqu\u00e9 qu\u2019il n\u2019y avait aucune raison pour l\u2019EDM-SA de penser qu\u2019en 2021, la C\u00f4te d\u2019Ivoire allait faillir. Ce qu\u2019il faut noter, selon lui, c\u2019est qu\u2019il n\u2019y avait pas de solution de rechange si, \u00e0 un moment donn\u00e9, on avait \u00e9t\u00e9 amput\u00e9 des 100 MW enlev\u00e9s de la C\u00f4te d\u2019Ivoire et de reconnaitre que ces solutions n\u2019avaient pas \u00e9t\u00e9 envisag\u00e9es. \u201cLa d\u00e9faillance de la C\u00f4te d\u2019Ivoire nous a caus\u00e9s bien des soucis. Mais, nous ne sommes pas rest\u00e9s les bras crois\u00e9s face \u00e0 la situation\u201d, reconnaitra-t-il.<\/p>\n<p>\u201cD\u00e8s que nous avons constat\u00e9 la baisse de la livraison ivoirienne, nous sommes all\u00e9s deux fois avec une forte d\u00e9l\u00e9gation pour rencontrer les Ivoiriens afin de n\u00e9gocier et relever le niveau des enl\u00e8vements. Cependant, il convient de dire que les probl\u00e8mes d\u2019exploitation en C\u00f4te d\u2019Ivoire sont aujourd\u2019hui pires qu\u2019au Mali\u201d.<\/p>\n<p><b>Des fortes assurances<\/b><\/p>\n<p>Le DG Oumar Diarra a tenu \u00e0 rappeler que tout a \u00e9t\u00e9 mis en \u0153uvre pour soulager les clients, les consommateurs. Les solutions se r\u00e9sument en deux volets. \u201cLa premi\u00e8re solution, c\u2019est que d\u2019ici 8 mois, nous d\u00e9ploierons une puissance de 150 \u00e0 200 MW pour suppl\u00e9er aux \u00e9ventuels probl\u00e8mes qui pourraient survenir sur les lignes d\u2019interconnexion\u201d. Il a expliqu\u00e9 que cette puissance permettra de donner une s\u00e9curit\u00e9 \u00e9nerg\u00e9tique au Mali, pr\u00e9cisant que cela est la solution imm\u00e9diate pour ne plus parler de la d\u00e9faillance d\u2019une ligne d\u2019interconnexion.<\/p>\n<p>M. Diarra a reconnu que le probl\u00e8me \u00e9nerg\u00e9tique est beaucoup plus profond que \u00e7a parce que le secteur n\u2019a pas connu d\u2019investissement structurant depuis plus de trois d\u00e9cennies. Tant et si bien que la qualit\u00e9 des ouvrages et des \u00e9quipements laisse \u00e0 d\u00e9sirer. \u201cNous sommes \u00e0 la merci d\u2019un incident \u00e0 tout moment\u201d, a-t-il pr\u00e9venu.<\/p>\n<p>Et d\u2019ajouter que le r\u00e8glement de ces probl\u00e8mes n\u00e9cessite un investissement d\u2019envergure. Il est revenu sur les propos du ministre lors de son point de presse qui avait \u00e9voqu\u00e9 pr\u00e8s de 2300 milliards d\u2019investissement sur les cinq prochaines ann\u00e9es. Le DG d\u2019EDM-SA trouve que cette somme n\u2019est pas trop ambitieux pour le secteur qui n\u2019a pas connu d\u2019investissement depuis quelques d\u00e9cennies.<\/p>\n<p>\u201cNous allons d\u00e9ployer ce plan. D\u00e9j\u00e0, une bonne partie des 2300 milliards est mobilis\u00e9e. Il y a 1300 milliards qui sont d\u00e9j\u00e0 sous le coup du partenariat public-priv\u00e9\u201d en pr\u00e9cisant que ce sont des priv\u00e9s qui vont investir et vendre l\u2019\u00e9nergie. \u201cDes contrats de concession sont sign\u00e9s. Il y a certains documents juridiques qui sont en cours de signature. Apr\u00e8s, il y a 500 milliards dont le clausing financier est d\u00e9j\u00e0 fait. Il est port\u00e9 par les bailleurs de fonds classiques comme la BOAD, la BID, etc. Ce qui reste \u00e0 chercher, c\u2019est 499 milliards\u201d.<\/p>\n<p>M. Diarra a rappel\u00e9 que la lev\u00e9e de ces 499 milliards se fera sur place \u00e0 Bamako en organisant dans les semaines \u00e0 venir une table ronde des investisseurs et de poursuivre en soutenant que le secteur de l\u2019\u00e9nergie a beaucoup d\u2019app\u00e9tence par les investisseurs.<\/p>\n<p>\u201cPour preuve, nous recevons en longueur de journ\u00e9e des manifestations d\u2019int\u00e9r\u00eat pour faire tel ou tel investissement dans la production ou dans le transport ou dans la distribution\u201d, a-t-il dit. N\u00e9anmoins, il a reconnu que ce sont des offres spontan\u00e9es qui viennent des partenaires, ajoutant elles ne r\u00e9pondent pas forc\u00e9ment \u00e0 nos besoins. C\u2019est dans cette dynamique qu\u2019il a \u00e9t\u00e9 b\u00e2ti un plan de d\u00e9veloppement et qui sera ensuite propos\u00e9 aux investisseurs. \u201cCependant, tout cela sera cadr\u00e9 et fait dans les r\u00e8gles de l\u2019art\u201d, soulignera-t-il.<\/p>\n<p>Le DG de l\u2019EDM-SA a pr\u00e9sent\u00e9 ses excuses \u00e0 tous les consommateurs pour les d\u00e9sagr\u00e9ments qu\u2019ils subissent tous les jours. \u201cNous ne coupons pas le courant, mais nous sommes oblig\u00e9s d\u2019agir quand il y a un d\u00e9ficit de production pour que l\u2019ensemble du r\u00e9seau ne s\u2019\u00e9croule\u201d. Il a fait part de l\u2019obligation de faire un rationnement, de donner \u00e0 certains, de tourner en attendant que nous ayons les lendemains meilleurs. Pour finir, il a tenu \u00e0 assurer que les lendemains meilleurs ne sont pas loin et que les dispositions sont prises \u00e0 cet effet.<\/p>\n<p><b>A.M.C.<\/b><\/p>\n","protected":false},"excerpt":{"rendered":"<p>Africa-Press &#8211; Mali. Plus qu\u2019une journ\u00e9e porte ouverte, c\u2019est un moment de grandes r\u00e9alisations que la direction de la soci\u00e9t\u00e9 a voulu partager avec ses invit\u00e9s. Activistes, associations de consommateurs et journalistes ont \u00e9t\u00e9, l\u2019espace d\u2019une journ\u00e9e, les t\u00e9moins des grandes r\u00e9alisations en cours pour g\u00e9rer la crise \u00e9nerg\u00e9tique dans notre pays. Ce qui fera [&hellip;]<\/p>\n","protected":false},"author":82,"featured_media":1486,"comment_status":"open","ping_status":"closed","sticky":false,"template":"","format":"standard","meta":{"footnotes":""},"categories":[12,11,17],"tags":[76,86,19],"class_list":["post-1487","post","type-post","status-publish","format-standard","has-post-thumbnail","hentry","category-economie","category-homepage-french","category-toutes-les-actualites","tag-africa-press","tag-africa-press-mali","tag-mali"],"yoast_head":"<!-- This site is optimized with the Yoast SEO Premium plugin v26.1 (Yoast SEO v27.0) - https:\/\/yoast.com\/product\/yoast-seo-premium-wordpress\/ -->\n<title>Oumar Barou Diarra, DG de l\u2019EDM : \u201cLes lendemains meilleurs ne sont pas loin\u201d - Mali<\/title>\n<meta name=\"description\" content=\"Plus qu\u2019une journ\u00e9e porte ouverte, c\u2019est un moment de grandes r\u00e9alisations que la direction de la soci\u00e9t\u00e9 a voulu par ...\" \/>\n<meta name=\"robots\" content=\"index, follow, max-snippet:-1, max-image-preview:large, max-video-preview:-1\" \/>\n<link rel=\"canonical\" href=\"https:\/\/www.africa-press.net\/mali\/homepage-french\/oumar-barou-diarra-dg-de-ledm-les-lendemains-meilleurs-ne-sont-pas-loin\" \/>\n<meta property=\"og:locale\" content=\"fr_FR\" \/>\n<meta property=\"og:type\" content=\"article\" \/>\n<meta property=\"og:title\" content=\"Oumar Barou Diarra, DG de l\u2019EDM : \u201cLes lendemains meilleurs ne sont pas loin\u201d\" \/>\n<meta property=\"og:description\" content=\"Plus qu\u2019une journ\u00e9e porte ouverte, c\u2019est un moment de grandes r\u00e9alisations que la direction de la soci\u00e9t\u00e9 a voulu par ...\" \/>\n<meta property=\"og:url\" content=\"https:\/\/www.africa-press.net\/mali\/homepage-french\/oumar-barou-diarra-dg-de-ledm-les-lendemains-meilleurs-ne-sont-pas-loin\" \/>\n<meta property=\"og:site_name\" content=\"Mali\" \/>\n<meta property=\"article:publisher\" content=\"https:\/\/www.facebook.com\/AfricaPressTunisiaa\" \/>\n<meta property=\"article:published_time\" content=\"2021-05-18T20:53:41+00:00\" \/>\n<meta property=\"og:image\" content=\"https:\/\/static.africa-press.net\/mali\/sites\/21\/2021\/05\/img-60a41baf13417.jpg\" \/>\n\t<meta property=\"og:image:width\" content=\"720\" \/>\n\t<meta property=\"og:image:height\" content=\"642\" \/>\n\t<meta property=\"og:image:type\" content=\"image\/jpeg\" \/>\n<meta name=\"author\" content=\"cfeditorfr\" \/>\n<meta name=\"twitter:card\" content=\"summary_large_image\" \/>\n<meta name=\"twitter:label1\" content=\"\u00c9crit par\" \/>\n\t<meta name=\"twitter:data1\" content=\"cfeditorfr\" \/>\n\t<meta name=\"twitter:label2\" content=\"Dur\u00e9e de lecture estim\u00e9e\" \/>\n\t<meta name=\"twitter:data2\" content=\"9 minutes\" \/>\n<script type=\"application\/ld+json\" class=\"yoast-schema-graph\">{\"@context\":\"https:\/\/schema.org\",\"@graph\":[{\"@type\":\"Article\",\"@id\":\"https:\/\/www.africa-press.net\/mali\/homepage-french\/oumar-barou-diarra-dg-de-ledm-les-lendemains-meilleurs-ne-sont-pas-loin#article\",\"isPartOf\":{\"@id\":\"https:\/\/www.africa-press.net\/mali\/homepage-french\/oumar-barou-diarra-dg-de-ledm-les-lendemains-meilleurs-ne-sont-pas-loin\"},\"author\":{\"name\":\"cfeditorfr\",\"@id\":\"https:\/\/www.africa-press.net\/mali\/#\/schema\/person\/2b1cf3cd81a31e3cd26889ca66d677f1\"},\"headline\":\"Oumar Barou Diarra, DG de l\u2019EDM : \u201cLes lendemains meilleurs ne sont pas loin\u201d\",\"datePublished\":\"2021-05-18T20:53:41+00:00\",\"mainEntityOfPage\":{\"@id\":\"https:\/\/www.africa-press.net\/mali\/homepage-french\/oumar-barou-diarra-dg-de-ledm-les-lendemains-meilleurs-ne-sont-pas-loin\"},\"wordCount\":1908,\"commentCount\":0,\"image\":{\"@id\":\"https:\/\/www.africa-press.net\/mali\/homepage-french\/oumar-barou-diarra-dg-de-ledm-les-lendemains-meilleurs-ne-sont-pas-loin#primaryimage\"},\"thumbnailUrl\":\"https:\/\/static.africa-press.net\/mali\/sites\/21\/2021\/05\/img-60a41baf13417.jpg\",\"keywords\":[\"Africa Press\",\"Africa Press-Mali\",\"mali\"],\"articleSection\":[\"\u00c9conomie\",\"homepage-french\",\"Toutes les actualit\u00e9s\"],\"inLanguage\":\"fr-FR\",\"potentialAction\":[{\"@type\":\"CommentAction\",\"name\":\"Comment\",\"target\":[\"https:\/\/www.africa-press.net\/mali\/homepage-french\/oumar-barou-diarra-dg-de-ledm-les-lendemains-meilleurs-ne-sont-pas-loin#respond\"]}]},{\"@type\":\"WebPage\",\"@id\":\"https:\/\/www.africa-press.net\/mali\/homepage-french\/oumar-barou-diarra-dg-de-ledm-les-lendemains-meilleurs-ne-sont-pas-loin\",\"url\":\"https:\/\/www.africa-press.net\/mali\/homepage-french\/oumar-barou-diarra-dg-de-ledm-les-lendemains-meilleurs-ne-sont-pas-loin\",\"name\":\"Oumar Barou Diarra, DG de l\u2019EDM : \u201cLes lendemains meilleurs ne sont pas loin\u201d - Mali\",\"isPartOf\":{\"@id\":\"https:\/\/www.africa-press.net\/mali\/#website\"},\"primaryImageOfPage\":{\"@id\":\"https:\/\/www.africa-press.net\/mali\/homepage-french\/oumar-barou-diarra-dg-de-ledm-les-lendemains-meilleurs-ne-sont-pas-loin#primaryimage\"},\"image\":{\"@id\":\"https:\/\/www.africa-press.net\/mali\/homepage-french\/oumar-barou-diarra-dg-de-ledm-les-lendemains-meilleurs-ne-sont-pas-loin#primaryimage\"},\"thumbnailUrl\":\"https:\/\/static.africa-press.net\/mali\/sites\/21\/2021\/05\/img-60a41baf13417.jpg\",\"datePublished\":\"2021-05-18T20:53:41+00:00\",\"author\":{\"@id\":\"https:\/\/www.africa-press.net\/mali\/#\/schema\/person\/2b1cf3cd81a31e3cd26889ca66d677f1\"},\"description\":\"Plus qu\u2019une journ\u00e9e porte ouverte, c\u2019est un moment de grandes r\u00e9alisations que la direction de la soci\u00e9t\u00e9 a voulu par ...\",\"breadcrumb\":{\"@id\":\"https:\/\/www.africa-press.net\/mali\/homepage-french\/oumar-barou-diarra-dg-de-ledm-les-lendemains-meilleurs-ne-sont-pas-loin#breadcrumb\"},\"inLanguage\":\"fr-FR\",\"potentialAction\":[{\"@type\":\"ReadAction\",\"target\":[\"https:\/\/www.africa-press.net\/mali\/homepage-french\/oumar-barou-diarra-dg-de-ledm-les-lendemains-meilleurs-ne-sont-pas-loin\"]}]},{\"@type\":\"ImageObject\",\"inLanguage\":\"fr-FR\",\"@id\":\"https:\/\/www.africa-press.net\/mali\/homepage-french\/oumar-barou-diarra-dg-de-ledm-les-lendemains-meilleurs-ne-sont-pas-loin#primaryimage\",\"url\":\"https:\/\/static.africa-press.net\/mali\/sites\/21\/2021\/05\/img-60a41baf13417.jpg\",\"contentUrl\":\"https:\/\/static.africa-press.net\/mali\/sites\/21\/2021\/05\/img-60a41baf13417.jpg\",\"width\":720,\"height\":642,\"caption\":\"Oumar Barou Diarra, DG de l\u2019EDM : \u201cLes lendemains meilleurs ne sont pas loin\u201d\"},{\"@type\":\"BreadcrumbList\",\"@id\":\"https:\/\/www.africa-press.net\/mali\/homepage-french\/oumar-barou-diarra-dg-de-ledm-les-lendemains-meilleurs-ne-sont-pas-loin#breadcrumb\",\"itemListElement\":[{\"@type\":\"ListItem\",\"position\":1,\"name\":\"Home\",\"item\":\"https:\/\/www.africa-press.net\/mali\/\"},{\"@type\":\"ListItem\",\"position\":2,\"name\":\"Oumar Barou Diarra, DG de l\u2019EDM : \u201cLes lendemains meilleurs ne sont pas loin\u201d\"}]},{\"@type\":\"WebSite\",\"@id\":\"https:\/\/www.africa-press.net\/mali\/#website\",\"url\":\"https:\/\/www.africa-press.net\/mali\/\",\"name\":\"Mali\",\"description\":\"Just another Africa News Agency Sites site\",\"potentialAction\":[{\"@type\":\"SearchAction\",\"target\":{\"@type\":\"EntryPoint\",\"urlTemplate\":\"https:\/\/www.africa-press.net\/mali\/?s={search_term_string}\"},\"query-input\":{\"@type\":\"PropertyValueSpecification\",\"valueRequired\":true,\"valueName\":\"search_term_string\"}}],\"inLanguage\":\"fr-FR\"},{\"@type\":\"Person\",\"@id\":\"https:\/\/www.africa-press.net\/mali\/#\/schema\/person\/2b1cf3cd81a31e3cd26889ca66d677f1\",\"name\":\"cfeditorfr\"}]}<\/script>\n<!-- \/ Yoast SEO Premium plugin. -->","yoast_head_json":{"title":"Oumar Barou Diarra, DG de l\u2019EDM : \u201cLes lendemains meilleurs ne sont pas loin\u201d - Mali","description":"Plus qu\u2019une journ\u00e9e porte ouverte, c\u2019est un moment de grandes r\u00e9alisations que la direction de la soci\u00e9t\u00e9 a voulu par ...","robots":{"index":"index","follow":"follow","max-snippet":"max-snippet:-1","max-image-preview":"max-image-preview:large","max-video-preview":"max-video-preview:-1"},"canonical":"https:\/\/www.africa-press.net\/mali\/homepage-french\/oumar-barou-diarra-dg-de-ledm-les-lendemains-meilleurs-ne-sont-pas-loin","og_locale":"fr_FR","og_type":"article","og_title":"Oumar Barou Diarra, DG de l\u2019EDM : \u201cLes lendemains meilleurs ne sont pas loin\u201d","og_description":"Plus qu\u2019une journ\u00e9e porte ouverte, c\u2019est un moment de grandes r\u00e9alisations que la direction de la soci\u00e9t\u00e9 a voulu par ...","og_url":"https:\/\/www.africa-press.net\/mali\/homepage-french\/oumar-barou-diarra-dg-de-ledm-les-lendemains-meilleurs-ne-sont-pas-loin","og_site_name":"Mali","article_publisher":"https:\/\/www.facebook.com\/AfricaPressTunisiaa","article_published_time":"2021-05-18T20:53:41+00:00","og_image":[{"width":720,"height":642,"url":"https:\/\/static.africa-press.net\/mali\/sites\/21\/2021\/05\/img-60a41baf13417.jpg","type":"image\/jpeg"}],"author":"cfeditorfr","twitter_card":"summary_large_image","twitter_misc":{"\u00c9crit par":"cfeditorfr","Dur\u00e9e de lecture estim\u00e9e":"9 minutes"},"schema":{"@context":"https:\/\/schema.org","@graph":[{"@type":"Article","@id":"https:\/\/www.africa-press.net\/mali\/homepage-french\/oumar-barou-diarra-dg-de-ledm-les-lendemains-meilleurs-ne-sont-pas-loin#article","isPartOf":{"@id":"https:\/\/www.africa-press.net\/mali\/homepage-french\/oumar-barou-diarra-dg-de-ledm-les-lendemains-meilleurs-ne-sont-pas-loin"},"author":{"name":"cfeditorfr","@id":"https:\/\/www.africa-press.net\/mali\/#\/schema\/person\/2b1cf3cd81a31e3cd26889ca66d677f1"},"headline":"Oumar Barou Diarra, DG de l\u2019EDM : \u201cLes lendemains meilleurs ne sont pas loin\u201d","datePublished":"2021-05-18T20:53:41+00:00","mainEntityOfPage":{"@id":"https:\/\/www.africa-press.net\/mali\/homepage-french\/oumar-barou-diarra-dg-de-ledm-les-lendemains-meilleurs-ne-sont-pas-loin"},"wordCount":1908,"commentCount":0,"image":{"@id":"https:\/\/www.africa-press.net\/mali\/homepage-french\/oumar-barou-diarra-dg-de-ledm-les-lendemains-meilleurs-ne-sont-pas-loin#primaryimage"},"thumbnailUrl":"https:\/\/static.africa-press.net\/mali\/sites\/21\/2021\/05\/img-60a41baf13417.jpg","keywords":["Africa Press","Africa Press-Mali","mali"],"articleSection":["\u00c9conomie","homepage-french","Toutes les actualit\u00e9s"],"inLanguage":"fr-FR","potentialAction":[{"@type":"CommentAction","name":"Comment","target":["https:\/\/www.africa-press.net\/mali\/homepage-french\/oumar-barou-diarra-dg-de-ledm-les-lendemains-meilleurs-ne-sont-pas-loin#respond"]}]},{"@type":"WebPage","@id":"https:\/\/www.africa-press.net\/mali\/homepage-french\/oumar-barou-diarra-dg-de-ledm-les-lendemains-meilleurs-ne-sont-pas-loin","url":"https:\/\/www.africa-press.net\/mali\/homepage-french\/oumar-barou-diarra-dg-de-ledm-les-lendemains-meilleurs-ne-sont-pas-loin","name":"Oumar Barou Diarra, DG de l\u2019EDM : \u201cLes lendemains meilleurs ne sont pas loin\u201d - Mali","isPartOf":{"@id":"https:\/\/www.africa-press.net\/mali\/#website"},"primaryImageOfPage":{"@id":"https:\/\/www.africa-press.net\/mali\/homepage-french\/oumar-barou-diarra-dg-de-ledm-les-lendemains-meilleurs-ne-sont-pas-loin#primaryimage"},"image":{"@id":"https:\/\/www.africa-press.net\/mali\/homepage-french\/oumar-barou-diarra-dg-de-ledm-les-lendemains-meilleurs-ne-sont-pas-loin#primaryimage"},"thumbnailUrl":"https:\/\/static.africa-press.net\/mali\/sites\/21\/2021\/05\/img-60a41baf13417.jpg","datePublished":"2021-05-18T20:53:41+00:00","author":{"@id":"https:\/\/www.africa-press.net\/mali\/#\/schema\/person\/2b1cf3cd81a31e3cd26889ca66d677f1"},"description":"Plus qu\u2019une journ\u00e9e porte ouverte, c\u2019est un moment de grandes r\u00e9alisations que la direction de la soci\u00e9t\u00e9 a voulu par ...","breadcrumb":{"@id":"https:\/\/www.africa-press.net\/mali\/homepage-french\/oumar-barou-diarra-dg-de-ledm-les-lendemains-meilleurs-ne-sont-pas-loin#breadcrumb"},"inLanguage":"fr-FR","potentialAction":[{"@type":"ReadAction","target":["https:\/\/www.africa-press.net\/mali\/homepage-french\/oumar-barou-diarra-dg-de-ledm-les-lendemains-meilleurs-ne-sont-pas-loin"]}]},{"@type":"ImageObject","inLanguage":"fr-FR","@id":"https:\/\/www.africa-press.net\/mali\/homepage-french\/oumar-barou-diarra-dg-de-ledm-les-lendemains-meilleurs-ne-sont-pas-loin#primaryimage","url":"https:\/\/static.africa-press.net\/mali\/sites\/21\/2021\/05\/img-60a41baf13417.jpg","contentUrl":"https:\/\/static.africa-press.net\/mali\/sites\/21\/2021\/05\/img-60a41baf13417.jpg","width":720,"height":642,"caption":"Oumar Barou Diarra, DG de l\u2019EDM : \u201cLes lendemains meilleurs ne sont pas loin\u201d"},{"@type":"BreadcrumbList","@id":"https:\/\/www.africa-press.net\/mali\/homepage-french\/oumar-barou-diarra-dg-de-ledm-les-lendemains-meilleurs-ne-sont-pas-loin#breadcrumb","itemListElement":[{"@type":"ListItem","position":1,"name":"Home","item":"https:\/\/www.africa-press.net\/mali\/"},{"@type":"ListItem","position":2,"name":"Oumar Barou Diarra, DG de l\u2019EDM : \u201cLes lendemains meilleurs ne sont pas loin\u201d"}]},{"@type":"WebSite","@id":"https:\/\/www.africa-press.net\/mali\/#website","url":"https:\/\/www.africa-press.net\/mali\/","name":"Mali","description":"Just another Africa News Agency Sites site","potentialAction":[{"@type":"SearchAction","target":{"@type":"EntryPoint","urlTemplate":"https:\/\/www.africa-press.net\/mali\/?s={search_term_string}"},"query-input":{"@type":"PropertyValueSpecification","valueRequired":true,"valueName":"search_term_string"}}],"inLanguage":"fr-FR"},{"@type":"Person","@id":"https:\/\/www.africa-press.net\/mali\/#\/schema\/person\/2b1cf3cd81a31e3cd26889ca66d677f1","name":"cfeditorfr"}]}},"_links":{"self":[{"href":"https:\/\/www.africa-press.net\/mali\/wp-json\/wp\/v2\/posts\/1487","targetHints":{"allow":["GET"]}}],"collection":[{"href":"https:\/\/www.africa-press.net\/mali\/wp-json\/wp\/v2\/posts"}],"about":[{"href":"https:\/\/www.africa-press.net\/mali\/wp-json\/wp\/v2\/types\/post"}],"author":[{"embeddable":true,"href":"https:\/\/www.africa-press.net\/mali\/wp-json\/wp\/v2\/users\/82"}],"replies":[{"embeddable":true,"href":"https:\/\/www.africa-press.net\/mali\/wp-json\/wp\/v2\/comments?post=1487"}],"version-history":[{"count":0,"href":"https:\/\/www.africa-press.net\/mali\/wp-json\/wp\/v2\/posts\/1487\/revisions"}],"wp:featuredmedia":[{"embeddable":true,"href":"https:\/\/www.africa-press.net\/mali\/wp-json\/wp\/v2\/media\/1486"}],"wp:attachment":[{"href":"https:\/\/www.africa-press.net\/mali\/wp-json\/wp\/v2\/media?parent=1487"}],"wp:term":[{"taxonomy":"category","embeddable":true,"href":"https:\/\/www.africa-press.net\/mali\/wp-json\/wp\/v2\/categories?post=1487"},{"taxonomy":"post_tag","embeddable":true,"href":"https:\/\/www.africa-press.net\/mali\/wp-json\/wp\/v2\/tags?post=1487"}],"curies":[{"name":"wp","href":"https:\/\/api.w.org\/{rel}","templated":true}]}}