{"id":16510,"date":"2022-03-20T22:30:43","date_gmt":"2022-03-20T22:30:43","guid":{"rendered":"https:\/\/www.africa-press.net\/mali\/politique\/mali-la-date-des-elections-nest-toujours-pas-fixee-faute-daccord-entre-la-cedeao-et-la-junte-militaire"},"modified":"2022-03-20T22:56:03","modified_gmt":"2022-03-20T22:56:03","slug":"mali-la-date-des-elections-nest-toujours-pas-fixee-faute-daccord-entre-la-cedeao-et-la-junte-militaire","status":"publish","type":"post","link":"https:\/\/www.africa-press.net\/mali\/dossiers\/mali-la-date-des-elections-nest-toujours-pas-fixee-faute-daccord-entre-la-cedeao-et-la-junte-militaire","title":{"rendered":"la date des \u00e9lections n\u2019est toujours pas fix\u00e9e faute d&rsquo;accord entre la C\u00e9d\u00e9ao et la junte militaire"},"content":{"rendered":"<p><span style=\"color: #ff6600\"><strong>Africa-Press &#8211; Mali. <\/strong><\/span><b>Le m\u00e9diateur ouest-africain pour le Mali a quitt\u00e9 Bamako apr\u00e8s une visite de deux jours sans obtenir de la junte une date des \u00e9lections pour un retour au pouvoir des civils. La junte s&rsquo;est cependant d\u00e9clar\u00e9e \u00ab\u00a0favorable \u00e0 une transition d&rsquo;une dur\u00e9e largement inf\u00e9rieure \u00e0 quatre ans\u00a0\u00bb.<\/b><\/p>\n<p>Quand vont avoir lieu les prochaines \u00e9lections d\u00e9mocratiques au Mali ? Impossible, pour l\u2019heure, de le dire. L&rsquo;ancien pr\u00e9sident nig\u00e9rian Goodluck Jonathan, m\u00e9diateur ouest-africain pour le Mali, a quitt\u00e9 Bamako sans accord sur une date des \u00e9lections.<\/p>\n<p>La derni\u00e8re proposition faite par la junte \u00e0 la C\u00e9d\u00e9ao, lors du dernier sommet de l&rsquo;organisation consacr\u00e9 \u00e0 la question d\u00e9but f\u00e9vrier \u00e0 Accra, \u00e9tait une transition de quatre ans.<\/p>\n<p><b>Des sanctions visent la junte au pouvoir<\/b><\/p>\n<p>L&rsquo;organisation r\u00e9gionale avait lourdement sanctionn\u00e9 en janvier la junte du colonel Assimi Go\u00efta, port\u00e9 \u00e0 la t\u00eate du Mali par un premier coup d&rsquo;Etat en ao\u00fbt 2020 et intronis\u00e9 pr\u00e9sident \u00ab\u00a0de la transition\u00a0\u00bb \u00e0 la suite d&rsquo;un second putsch, en mai 2021. Le Colonel Assimi Goita (centre), chef de la junte militaire au Mali. Bamako, 22 ao\u00fbt 2020.ASSOCIATED PRESS<\/p>\n<p>Ces sanctions &#8211; fermeture des fronti\u00e8res avec les pays de la C\u00e9d\u00e9ao, embargo sur les \u00e9changes commerciaux et transactions financi\u00e8res notamment &#8211; punissent le projet des militaires de continuer \u00e0 gouverner pendant plusieurs ann\u00e9es, et leur engagement non tenu d&rsquo;organiser en f\u00e9vrier 2022 des \u00e9lections qui auraient ramen\u00e9 des civils \u00e0 la t\u00eate du pays.<\/p>\n<p><b>La C\u00e9d\u00e9ao exige des \u00e9lections d\u2019ici \u201c12 \u00e0 18 mois\u201d<\/b><\/p>\n<p>Un comit\u00e9 technique de la C\u00e9d\u00e9ao avait propos\u00e9 l&rsquo;organisation de scrutins dans un d\u00e9lai de 12 ou 16 mois, avec l&rsquo;aide d&rsquo;une Autorit\u00e9 ind\u00e9pendante de gestion des \u00e9lections (Aige), selon un document que l&rsquo;AFP avait consult\u00e9. Le m\u00e9diateur ouest-africain avait appel\u00e9 \u00e0 une transition d\u00e9mocratique dans \u00ab\u00a0les plus brefs d\u00e9lais\u00a0\u00bb, au lendemain de l&rsquo;approbation d&rsquo;un plan permettant \u00e0 la junte militaire de rester au pouvoir pendant cinq ans.<\/p>\n<p>\u00ab\u00a0Nous sommes \u00e0 la fin de la mission \u00e0 Bamako. Si c&rsquo;est pour dire que nous sommes tomb\u00e9s d&rsquo;accord sur une date pour la fin de la transition, je r\u00e9ponds tout de suite non\u00a0\u00bb, a d\u00e9clar\u00e9 dimanche \u00e0 l&rsquo;AFP un membre de la d\u00e9l\u00e9gation de M. Jonathan, qui \u00e9tait arriv\u00e9 vendredi \u00e0 Bamako. \u00ab\u00a0Je sais qu&rsquo;il n&rsquo;y a effectivement pas (eu), \u00e0 l&rsquo;issue de ces discussions, d&rsquo;accord sur une date\u00a0\u00bb des \u00e9lections, a dit \u00e0 l&rsquo;AFP la source malienne proche des n\u00e9gociations.<\/p>\n<p><b>Deux coups d\u2019\u00c9tats en un an<\/b><\/p>\n<p>L&rsquo;organe l\u00e9gislatif au Mali, contr\u00f4l\u00e9 par les militaires depuis le coup d&rsquo;Etat d&rsquo;ao\u00fbt 2020, avait ent\u00e9rin\u00e9 le 21 f\u00e9vrier une p\u00e9riode de transition pouvant aller jusqu&rsquo;\u00e0 cinq ans avant la tenue d&rsquo;\u00e9lections. Chargement du lecteur&#8230;<\/p>\n<p>Le Mali, pays pauvre et enclav\u00e9 au coeur du Sahel, a \u00e9t\u00e9 le th\u00e9\u00e2tre de deux coups d&rsquo;Etat militaires en ao\u00fbt 2020 et en mai 2021. La crise politique va de pair avec une grave crise s\u00e9curitaire en cours depuis le d\u00e9clenchement en 2012 d&rsquo;insurrections ind\u00e9pendantiste et jihadiste dans le nord.<\/p>\n<p><strong>Pour plus d&rsquo;informations et d&rsquo;analyses sur la <a href=\"https:\/\/www.africa-press.net\/mali\">Mali<\/a>, suivez <a href=\"https:\/\/www.africa-press.net\/\">Africa-Press<\/a><\/strong><\/p>\n","protected":false},"excerpt":{"rendered":"<p>Africa-Press &#8211; Mali. Le m\u00e9diateur ouest-africain pour le Mali a quitt\u00e9 Bamako apr\u00e8s une visite de deux jours sans obtenir de la junte une date des \u00e9lections pour un retour au pouvoir des civils. La junte s&rsquo;est cependant d\u00e9clar\u00e9e \u00ab\u00a0favorable \u00e0 une transition d&rsquo;une dur\u00e9e largement inf\u00e9rieure \u00e0 quatre ans\u00a0\u00bb. Quand vont avoir lieu les [&hellip;]<\/p>\n","protected":false},"author":82,"featured_media":16509,"comment_status":"open","ping_status":"closed","sticky":false,"template":"","format":"standard","meta":{"footnotes":""},"categories":[13,11,17],"tags":[76,86,19],"class_list":["post-16510","post","type-post","status-publish","format-standard","has-post-thumbnail","hentry","category-dossiers","category-homepage-french","category-toutes-les-actualites","tag-africa-press","tag-africa-press-mali","tag-mali"],"yoast_head":"<!-- This site is optimized with the Yoast SEO Premium plugin v26.1 (Yoast SEO v27.0) - https:\/\/yoast.com\/product\/yoast-seo-premium-wordpress\/ -->\n<title>la date des \u00e9lections n\u2019est toujours pas fix\u00e9e faute d&#039;accord entre la C\u00e9d\u00e9ao et la junte militaire - Mali<\/title>\n<meta name=\"description\" content=\"Le m\u00e9diateur ouest-africain pour le Mali a quitt\u00e9 Bamako apr\u00e8s une visite de deux jours sans obtenir de la junte une ...\" \/>\n<meta name=\"robots\" content=\"index, follow, max-snippet:-1, max-image-preview:large, max-video-preview:-1\" \/>\n<link rel=\"canonical\" href=\"https:\/\/www.africa-press.net\/mali\/dossiers\/mali-la-date-des-elections-nest-toujours-pas-fixee-faute-daccord-entre-la-cedeao-et-la-junte-militaire\" \/>\n<meta property=\"og:locale\" content=\"fr_FR\" \/>\n<meta property=\"og:type\" content=\"article\" \/>\n<meta property=\"og:title\" content=\"la date des \u00e9lections n\u2019est toujours pas fix\u00e9e faute d&#039;accord entre la C\u00e9d\u00e9ao et la junte militaire\" \/>\n<meta property=\"og:description\" content=\"Le m\u00e9diateur ouest-africain pour le Mali a quitt\u00e9 Bamako apr\u00e8s une visite de deux jours sans obtenir de la junte une ...\" \/>\n<meta property=\"og:url\" content=\"https:\/\/www.africa-press.net\/mali\/dossiers\/mali-la-date-des-elections-nest-toujours-pas-fixee-faute-daccord-entre-la-cedeao-et-la-junte-militaire\" \/>\n<meta property=\"og:site_name\" content=\"Mali\" \/>\n<meta property=\"article:publisher\" content=\"https:\/\/www.facebook.com\/AfricaPressTunisiaa\" \/>\n<meta property=\"article:published_time\" content=\"2022-03-20T22:30:43+00:00\" \/>\n<meta property=\"article:modified_time\" content=\"2022-03-20T22:56:03+00:00\" \/>\n<meta property=\"og:image\" content=\"https:\/\/static.africa-press.net\/mali\/sites\/21\/2022\/03\/img-6237b078be909.jpg\" \/>\n\t<meta property=\"og:image:width\" content=\"770\" \/>\n\t<meta property=\"og:image:height\" content=\"514\" \/>\n\t<meta property=\"og:image:type\" content=\"image\/jpeg\" \/>\n<meta name=\"author\" content=\"cfeditorfr\" \/>\n<meta name=\"twitter:card\" content=\"summary_large_image\" \/>\n<meta name=\"twitter:label1\" content=\"\u00c9crit par\" \/>\n\t<meta name=\"twitter:data1\" content=\"cfeditorfr\" \/>\n\t<meta name=\"twitter:label2\" content=\"Dur\u00e9e de lecture estim\u00e9e\" \/>\n\t<meta name=\"twitter:data2\" content=\"3 minutes\" \/>\n<script type=\"application\/ld+json\" class=\"yoast-schema-graph\">{\"@context\":\"https:\/\/schema.org\",\"@graph\":[{\"@type\":\"Article\",\"@id\":\"https:\/\/www.africa-press.net\/mali\/dossiers\/mali-la-date-des-elections-nest-toujours-pas-fixee-faute-daccord-entre-la-cedeao-et-la-junte-militaire#article\",\"isPartOf\":{\"@id\":\"https:\/\/www.africa-press.net\/mali\/dossiers\/mali-la-date-des-elections-nest-toujours-pas-fixee-faute-daccord-entre-la-cedeao-et-la-junte-militaire\"},\"author\":{\"name\":\"cfeditorfr\",\"@id\":\"https:\/\/www.africa-press.net\/mali\/#\/schema\/person\/2b1cf3cd81a31e3cd26889ca66d677f1\"},\"headline\":\"la date des \u00e9lections n\u2019est toujours pas fix\u00e9e faute d&rsquo;accord entre la C\u00e9d\u00e9ao et la junte militaire\",\"datePublished\":\"2022-03-20T22:30:43+00:00\",\"dateModified\":\"2022-03-20T22:56:03+00:00\",\"mainEntityOfPage\":{\"@id\":\"https:\/\/www.africa-press.net\/mali\/dossiers\/mali-la-date-des-elections-nest-toujours-pas-fixee-faute-daccord-entre-la-cedeao-et-la-junte-militaire\"},\"wordCount\":577,\"commentCount\":0,\"image\":{\"@id\":\"https:\/\/www.africa-press.net\/mali\/dossiers\/mali-la-date-des-elections-nest-toujours-pas-fixee-faute-daccord-entre-la-cedeao-et-la-junte-militaire#primaryimage\"},\"thumbnailUrl\":\"https:\/\/static.africa-press.net\/mali\/sites\/21\/2022\/03\/img-6237b078be909.jpg\",\"keywords\":[\"Africa Press\",\"Africa Press-Mali\",\"mali\"],\"articleSection\":[\"Dossiers\",\"homepage-french\",\"Toutes les actualit\u00e9s\"],\"inLanguage\":\"fr-FR\",\"potentialAction\":[{\"@type\":\"CommentAction\",\"name\":\"Comment\",\"target\":[\"https:\/\/www.africa-press.net\/mali\/dossiers\/mali-la-date-des-elections-nest-toujours-pas-fixee-faute-daccord-entre-la-cedeao-et-la-junte-militaire#respond\"]}]},{\"@type\":\"WebPage\",\"@id\":\"https:\/\/www.africa-press.net\/mali\/dossiers\/mali-la-date-des-elections-nest-toujours-pas-fixee-faute-daccord-entre-la-cedeao-et-la-junte-militaire\",\"url\":\"https:\/\/www.africa-press.net\/mali\/dossiers\/mali-la-date-des-elections-nest-toujours-pas-fixee-faute-daccord-entre-la-cedeao-et-la-junte-militaire\",\"name\":\"la date des \u00e9lections n\u2019est toujours pas fix\u00e9e faute d'accord entre la C\u00e9d\u00e9ao et la junte militaire - Mali\",\"isPartOf\":{\"@id\":\"https:\/\/www.africa-press.net\/mali\/#website\"},\"primaryImageOfPage\":{\"@id\":\"https:\/\/www.africa-press.net\/mali\/dossiers\/mali-la-date-des-elections-nest-toujours-pas-fixee-faute-daccord-entre-la-cedeao-et-la-junte-militaire#primaryimage\"},\"image\":{\"@id\":\"https:\/\/www.africa-press.net\/mali\/dossiers\/mali-la-date-des-elections-nest-toujours-pas-fixee-faute-daccord-entre-la-cedeao-et-la-junte-militaire#primaryimage\"},\"thumbnailUrl\":\"https:\/\/static.africa-press.net\/mali\/sites\/21\/2022\/03\/img-6237b078be909.jpg\",\"datePublished\":\"2022-03-20T22:30:43+00:00\",\"dateModified\":\"2022-03-20T22:56:03+00:00\",\"author\":{\"@id\":\"https:\/\/www.africa-press.net\/mali\/#\/schema\/person\/2b1cf3cd81a31e3cd26889ca66d677f1\"},\"description\":\"Le m\u00e9diateur ouest-africain pour le Mali a quitt\u00e9 Bamako apr\u00e8s une visite de deux jours sans obtenir de la junte une ...\",\"breadcrumb\":{\"@id\":\"https:\/\/www.africa-press.net\/mali\/dossiers\/mali-la-date-des-elections-nest-toujours-pas-fixee-faute-daccord-entre-la-cedeao-et-la-junte-militaire#breadcrumb\"},\"inLanguage\":\"fr-FR\",\"potentialAction\":[{\"@type\":\"ReadAction\",\"target\":[\"https:\/\/www.africa-press.net\/mali\/dossiers\/mali-la-date-des-elections-nest-toujours-pas-fixee-faute-daccord-entre-la-cedeao-et-la-junte-militaire\"]}]},{\"@type\":\"ImageObject\",\"inLanguage\":\"fr-FR\",\"@id\":\"https:\/\/www.africa-press.net\/mali\/dossiers\/mali-la-date-des-elections-nest-toujours-pas-fixee-faute-daccord-entre-la-cedeao-et-la-junte-militaire#primaryimage\",\"url\":\"https:\/\/static.africa-press.net\/mali\/sites\/21\/2022\/03\/img-6237b078be909.jpg\",\"contentUrl\":\"https:\/\/static.africa-press.net\/mali\/sites\/21\/2022\/03\/img-6237b078be909.jpg\",\"width\":770,\"height\":514,\"caption\":\"Mali : la date des \u00e9lections n\u2019est toujours pas fix\u00e9e faute d'accord entre la C\u00e9d\u00e9ao et la junte militaire\"},{\"@type\":\"BreadcrumbList\",\"@id\":\"https:\/\/www.africa-press.net\/mali\/dossiers\/mali-la-date-des-elections-nest-toujours-pas-fixee-faute-daccord-entre-la-cedeao-et-la-junte-militaire#breadcrumb\",\"itemListElement\":[{\"@type\":\"ListItem\",\"position\":1,\"name\":\"Home\",\"item\":\"https:\/\/www.africa-press.net\/mali\/\"},{\"@type\":\"ListItem\",\"position\":2,\"name\":\"la date des \u00e9lections n\u2019est toujours pas fix\u00e9e faute d&#8217;accord entre la C\u00e9d\u00e9ao et la junte militaire\"}]},{\"@type\":\"WebSite\",\"@id\":\"https:\/\/www.africa-press.net\/mali\/#website\",\"url\":\"https:\/\/www.africa-press.net\/mali\/\",\"name\":\"Mali\",\"description\":\"Just another Africa News Agency Sites site\",\"potentialAction\":[{\"@type\":\"SearchAction\",\"target\":{\"@type\":\"EntryPoint\",\"urlTemplate\":\"https:\/\/www.africa-press.net\/mali\/?s={search_term_string}\"},\"query-input\":{\"@type\":\"PropertyValueSpecification\",\"valueRequired\":true,\"valueName\":\"search_term_string\"}}],\"inLanguage\":\"fr-FR\"},{\"@type\":\"Person\",\"@id\":\"https:\/\/www.africa-press.net\/mali\/#\/schema\/person\/2b1cf3cd81a31e3cd26889ca66d677f1\",\"name\":\"cfeditorfr\"}]}<\/script>\n<!-- \/ Yoast SEO Premium plugin. -->","yoast_head_json":{"title":"la date des \u00e9lections n\u2019est toujours pas fix\u00e9e faute d'accord entre la C\u00e9d\u00e9ao et la junte militaire - Mali","description":"Le m\u00e9diateur ouest-africain pour le Mali a quitt\u00e9 Bamako apr\u00e8s une visite de deux jours sans obtenir de la junte une ...","robots":{"index":"index","follow":"follow","max-snippet":"max-snippet:-1","max-image-preview":"max-image-preview:large","max-video-preview":"max-video-preview:-1"},"canonical":"https:\/\/www.africa-press.net\/mali\/dossiers\/mali-la-date-des-elections-nest-toujours-pas-fixee-faute-daccord-entre-la-cedeao-et-la-junte-militaire","og_locale":"fr_FR","og_type":"article","og_title":"la date des \u00e9lections n\u2019est toujours pas fix\u00e9e faute d'accord entre la C\u00e9d\u00e9ao et la junte militaire","og_description":"Le m\u00e9diateur ouest-africain pour le Mali a quitt\u00e9 Bamako apr\u00e8s une visite de deux jours sans obtenir de la junte une ...","og_url":"https:\/\/www.africa-press.net\/mali\/dossiers\/mali-la-date-des-elections-nest-toujours-pas-fixee-faute-daccord-entre-la-cedeao-et-la-junte-militaire","og_site_name":"Mali","article_publisher":"https:\/\/www.facebook.com\/AfricaPressTunisiaa","article_published_time":"2022-03-20T22:30:43+00:00","article_modified_time":"2022-03-20T22:56:03+00:00","og_image":[{"width":770,"height":514,"url":"https:\/\/static.africa-press.net\/mali\/sites\/21\/2022\/03\/img-6237b078be909.jpg","type":"image\/jpeg"}],"author":"cfeditorfr","twitter_card":"summary_large_image","twitter_misc":{"\u00c9crit par":"cfeditorfr","Dur\u00e9e de lecture estim\u00e9e":"3 minutes"},"schema":{"@context":"https:\/\/schema.org","@graph":[{"@type":"Article","@id":"https:\/\/www.africa-press.net\/mali\/dossiers\/mali-la-date-des-elections-nest-toujours-pas-fixee-faute-daccord-entre-la-cedeao-et-la-junte-militaire#article","isPartOf":{"@id":"https:\/\/www.africa-press.net\/mali\/dossiers\/mali-la-date-des-elections-nest-toujours-pas-fixee-faute-daccord-entre-la-cedeao-et-la-junte-militaire"},"author":{"name":"cfeditorfr","@id":"https:\/\/www.africa-press.net\/mali\/#\/schema\/person\/2b1cf3cd81a31e3cd26889ca66d677f1"},"headline":"la date des \u00e9lections n\u2019est toujours pas fix\u00e9e faute d&rsquo;accord entre la C\u00e9d\u00e9ao et la junte militaire","datePublished":"2022-03-20T22:30:43+00:00","dateModified":"2022-03-20T22:56:03+00:00","mainEntityOfPage":{"@id":"https:\/\/www.africa-press.net\/mali\/dossiers\/mali-la-date-des-elections-nest-toujours-pas-fixee-faute-daccord-entre-la-cedeao-et-la-junte-militaire"},"wordCount":577,"commentCount":0,"image":{"@id":"https:\/\/www.africa-press.net\/mali\/dossiers\/mali-la-date-des-elections-nest-toujours-pas-fixee-faute-daccord-entre-la-cedeao-et-la-junte-militaire#primaryimage"},"thumbnailUrl":"https:\/\/static.africa-press.net\/mali\/sites\/21\/2022\/03\/img-6237b078be909.jpg","keywords":["Africa Press","Africa Press-Mali","mali"],"articleSection":["Dossiers","homepage-french","Toutes les actualit\u00e9s"],"inLanguage":"fr-FR","potentialAction":[{"@type":"CommentAction","name":"Comment","target":["https:\/\/www.africa-press.net\/mali\/dossiers\/mali-la-date-des-elections-nest-toujours-pas-fixee-faute-daccord-entre-la-cedeao-et-la-junte-militaire#respond"]}]},{"@type":"WebPage","@id":"https:\/\/www.africa-press.net\/mali\/dossiers\/mali-la-date-des-elections-nest-toujours-pas-fixee-faute-daccord-entre-la-cedeao-et-la-junte-militaire","url":"https:\/\/www.africa-press.net\/mali\/dossiers\/mali-la-date-des-elections-nest-toujours-pas-fixee-faute-daccord-entre-la-cedeao-et-la-junte-militaire","name":"la date des \u00e9lections n\u2019est toujours pas fix\u00e9e faute d'accord entre la C\u00e9d\u00e9ao et la junte militaire - Mali","isPartOf":{"@id":"https:\/\/www.africa-press.net\/mali\/#website"},"primaryImageOfPage":{"@id":"https:\/\/www.africa-press.net\/mali\/dossiers\/mali-la-date-des-elections-nest-toujours-pas-fixee-faute-daccord-entre-la-cedeao-et-la-junte-militaire#primaryimage"},"image":{"@id":"https:\/\/www.africa-press.net\/mali\/dossiers\/mali-la-date-des-elections-nest-toujours-pas-fixee-faute-daccord-entre-la-cedeao-et-la-junte-militaire#primaryimage"},"thumbnailUrl":"https:\/\/static.africa-press.net\/mali\/sites\/21\/2022\/03\/img-6237b078be909.jpg","datePublished":"2022-03-20T22:30:43+00:00","dateModified":"2022-03-20T22:56:03+00:00","author":{"@id":"https:\/\/www.africa-press.net\/mali\/#\/schema\/person\/2b1cf3cd81a31e3cd26889ca66d677f1"},"description":"Le m\u00e9diateur ouest-africain pour le Mali a quitt\u00e9 Bamako apr\u00e8s une visite de deux jours sans obtenir de la junte une ...","breadcrumb":{"@id":"https:\/\/www.africa-press.net\/mali\/dossiers\/mali-la-date-des-elections-nest-toujours-pas-fixee-faute-daccord-entre-la-cedeao-et-la-junte-militaire#breadcrumb"},"inLanguage":"fr-FR","potentialAction":[{"@type":"ReadAction","target":["https:\/\/www.africa-press.net\/mali\/dossiers\/mali-la-date-des-elections-nest-toujours-pas-fixee-faute-daccord-entre-la-cedeao-et-la-junte-militaire"]}]},{"@type":"ImageObject","inLanguage":"fr-FR","@id":"https:\/\/www.africa-press.net\/mali\/dossiers\/mali-la-date-des-elections-nest-toujours-pas-fixee-faute-daccord-entre-la-cedeao-et-la-junte-militaire#primaryimage","url":"https:\/\/static.africa-press.net\/mali\/sites\/21\/2022\/03\/img-6237b078be909.jpg","contentUrl":"https:\/\/static.africa-press.net\/mali\/sites\/21\/2022\/03\/img-6237b078be909.jpg","width":770,"height":514,"caption":"Mali : la date des \u00e9lections n\u2019est toujours pas fix\u00e9e faute d'accord entre la C\u00e9d\u00e9ao et la junte militaire"},{"@type":"BreadcrumbList","@id":"https:\/\/www.africa-press.net\/mali\/dossiers\/mali-la-date-des-elections-nest-toujours-pas-fixee-faute-daccord-entre-la-cedeao-et-la-junte-militaire#breadcrumb","itemListElement":[{"@type":"ListItem","position":1,"name":"Home","item":"https:\/\/www.africa-press.net\/mali\/"},{"@type":"ListItem","position":2,"name":"la date des \u00e9lections n\u2019est toujours pas fix\u00e9e faute d&#8217;accord entre la C\u00e9d\u00e9ao et la junte militaire"}]},{"@type":"WebSite","@id":"https:\/\/www.africa-press.net\/mali\/#website","url":"https:\/\/www.africa-press.net\/mali\/","name":"Mali","description":"Just another Africa News Agency Sites site","potentialAction":[{"@type":"SearchAction","target":{"@type":"EntryPoint","urlTemplate":"https:\/\/www.africa-press.net\/mali\/?s={search_term_string}"},"query-input":{"@type":"PropertyValueSpecification","valueRequired":true,"valueName":"search_term_string"}}],"inLanguage":"fr-FR"},{"@type":"Person","@id":"https:\/\/www.africa-press.net\/mali\/#\/schema\/person\/2b1cf3cd81a31e3cd26889ca66d677f1","name":"cfeditorfr"}]}},"_links":{"self":[{"href":"https:\/\/www.africa-press.net\/mali\/wp-json\/wp\/v2\/posts\/16510","targetHints":{"allow":["GET"]}}],"collection":[{"href":"https:\/\/www.africa-press.net\/mali\/wp-json\/wp\/v2\/posts"}],"about":[{"href":"https:\/\/www.africa-press.net\/mali\/wp-json\/wp\/v2\/types\/post"}],"author":[{"embeddable":true,"href":"https:\/\/www.africa-press.net\/mali\/wp-json\/wp\/v2\/users\/82"}],"replies":[{"embeddable":true,"href":"https:\/\/www.africa-press.net\/mali\/wp-json\/wp\/v2\/comments?post=16510"}],"version-history":[{"count":0,"href":"https:\/\/www.africa-press.net\/mali\/wp-json\/wp\/v2\/posts\/16510\/revisions"}],"wp:featuredmedia":[{"embeddable":true,"href":"https:\/\/www.africa-press.net\/mali\/wp-json\/wp\/v2\/media\/16509"}],"wp:attachment":[{"href":"https:\/\/www.africa-press.net\/mali\/wp-json\/wp\/v2\/media?parent=16510"}],"wp:term":[{"taxonomy":"category","embeddable":true,"href":"https:\/\/www.africa-press.net\/mali\/wp-json\/wp\/v2\/categories?post=16510"},{"taxonomy":"post_tag","embeddable":true,"href":"https:\/\/www.africa-press.net\/mali\/wp-json\/wp\/v2\/tags?post=16510"}],"curies":[{"name":"wp","href":"https:\/\/api.w.org\/{rel}","templated":true}]}}