{"id":19274,"date":"2022-05-22T07:22:25","date_gmt":"2022-05-22T07:22:25","guid":{"rendered":"https:\/\/www.africa-press.net\/mali\/politique\/menace-sur-le-maintien-des-contingents-africains-de-la-minusma"},"modified":"2022-05-22T07:45:52","modified_gmt":"2022-05-22T07:45:52","slug":"menace-sur-le-maintien-des-contingents-africains-de-la-minusma","status":"publish","type":"post","link":"https:\/\/www.africa-press.net\/mali\/homepage-french\/menace-sur-le-maintien-des-contingents-africains-de-la-minusma","title":{"rendered":"Menace sur le maintien des contingents africains de la Minusma"},"content":{"rendered":"<p><span style=\"color: #ff6600\"><strong>Africa-Press &#8211; Mali. <\/strong><\/span>Les jours des contingents africains de la mission onusienne au Mali sont-ils compt\u00e9s ?Se dirigerait-t-on vers le r\u00e9tr\u00e9cissement des contingents africains engag\u00e9s au Mali dans le cadre de la mission onusienne?<\/p>\n<p>Vendredi 20 mai, la presse s\u2019est fait l\u2019\u00e9cho du retard accus\u00e9 par la rotation du contingent s\u00e9n\u00e9galais, en mission dans le centre du Mali, o\u00f9 op\u00e8re la Katiba du Macina dirig\u00e9 par le jihadiste peulh Amadou Kouffa et membre du Groupe de soutien \u00e0 l\u2019Islam et aux musulmans(GSIM), affili\u00e9 \u00e0 Al Qaida au Maghreb islamique (Aqmi).<\/p>\n<p>Constitu\u00e9 de 850 \u00e9l\u00e9ments dont \u00ab 21 personnels f\u00e9minins \u00bb, ce contingent qui devait \u00eatre au Mali depuis mars dernier, en remplacement du 10e d\u00e9tachement sous le commandement du Colonel Thedore Adrien Sarr, commence \u00e0 perdre patience. Le porte-parole de la Minusma, Olivier Salgado a confirm\u00e9 \u00e0 Apa news que la mission est toujours en attente des autorisations de survol et d\u2019atterrissage soumises au gouvernement malien.<\/p>\n<p>Bamako aurait appliqu\u00e9 la r\u00e9ciprocit\u00e9 \u00e0 tous les pays membres de la CEDEAO qui ont ferm\u00e9 leur espace a\u00e9rien au nom du respect des sanctions de l\u2019organisation ouest-africaine contre le Mali, pour l\u2019absence de volont\u00e9 des autorit\u00e9s de la transition de transmettre le pouvoir aux civils le plus t\u00f4t possible.<\/p>\n<p>Cette situation stressante qui \u00ab affecte le moral des troupes \u00bb, selon Olivier Salgado, est un fait parmi d\u2019autres dans une p\u00e9riode de tension entre la Minusma et les autorit\u00e9s de la transition. Bamako qui reproche \u00e0 la mission onusienne de \u00ab se comporter parfois comme une ONG \u00bb, lui impose des contraintes r\u00e9duisant son champ d\u2019action d\u00e9j\u00e0 tr\u00e8s limit\u00e9, avec un mandat dont la robustesse est remise en question.<\/p>\n<p>Pr\u00e9textant des op\u00e9rations militaires dans la zone, l\u2019arm\u00e9e malienne a interdit d\u2019acc\u00e8s la Minusma au march\u00e9 hebdomadaire de Djenn\u00e9, un cercle de la r\u00e9gion de Mopti, \u00e0 574 de Bamako. Dans cette zone, le gouvernement s\u2019\u00e9tait oppos\u00e9 \u00e0 ce qu\u2019une mission de l\u2019Onu se rende sur les lieux pour enqu\u00eater sur les circonstances de la mort de plus de 200 personnes dans une op\u00e9ration de l\u2019arm\u00e9e malienne \u00e0 Moura. Des organisations de d\u00e9fense des droits humains ont r\u00e9clam\u00e9 une enqu\u00eate sur des all\u00e9gations d\u2019exactions contre des civils que la version officielle consid\u00e8re comme des jihadistes.<\/p>\n<p>Dans ce climat de m\u00e9fiance exacerb\u00e9 par la crise diplomatique entre le Mali et la France, des pays pr\u00e9f\u00e8reraient rapatrier de leurs casques bleus.<\/p>\n<p>Contributeur de casques bleus pour la Minusma, le Benin a d\u00e9cid\u00e9 de rappeler, \u00e0 partir de novembre 2022, ses 250 soldats et 130 policiers, selon le porte-parole adjoint de l\u2019Onu, Fariq Haq.<\/p>\n<p>Cette d\u00e9cision que Cotonou n\u2019a pas encore comment\u00e9e aurait un lien avec les attaques jihadistes de plus en plus fr\u00e9quentes dans le septentrion de ce pays c\u00f4tier. Les autorit\u00e9s se seraient r\u00e9solues \u00e0 renforcer la s\u00e9curit\u00e9 dans cette partie proche du Burkina Faso et du Niger o\u00f9 l\u2019incident le plus r\u00e9cent \u00e0 vis\u00e9 un poste de police, dans le Kirmama, occasionnant un mort parmi les policiers. Deux semaines auparavant, 5 soldats b\u00e9ninois sont morts au cours d\u2019une attaque \u00e0 l\u2019engin explosif improvis\u00e9 dans le Parc de la Pendjari.<\/p>\n<p>Pr\u00e9sents \u00e9galement au sein de la Minusma, le Togo, le Ghana et la Cote d\u2019Ivoire pourraient bien suivre l\u2019exemple du B\u00e9nin car soumis \u00e0 la m\u00eame pression jihadiste. Ce qui risque de repr\u00e9senter une menace s\u00e9rieuse pour la poursuite de la participation des africains \u00e0 la Mission multidimensionnelle int\u00e9gr\u00e9e des nations unies au Mali, cr\u00e9\u00e9e le 25 avril 2013 par la r\u00e9solution 2100 du Conseil de s\u00e9curit\u00e9 de l\u2019Onu.<\/p>\n<p>En mars, les effectifs de la Minusma envoy\u00e9s au Mali s\u2019\u00e9levaient \u00e0 12 266 militaires, 1120 policiers et 1180 civils pour un total de 75 pays contributeurs. Un tiers des effectifs militaires (21 sur 61) et la moiti\u00e9 des policiers (14 sur 29) \u00e9taient africains.<\/p>\n<p><strong>Pour plus d&rsquo;informations et d&rsquo;analyses sur la <a href=\"https:\/\/www.africa-press.net\/mali\">Mali<\/a>, suivez <a href=\"https:\/\/www.africa-press.net\/\">Africa-Press<\/a><\/strong><\/p>\n","protected":false},"excerpt":{"rendered":"<p>Africa-Press &#8211; Mali. Les jours des contingents africains de la mission onusienne au Mali sont-ils compt\u00e9s ?Se dirigerait-t-on vers le r\u00e9tr\u00e9cissement des contingents africains engag\u00e9s au Mali dans le cadre de la mission onusienne? Vendredi 20 mai, la presse s\u2019est fait l\u2019\u00e9cho du retard accus\u00e9 par la rotation du contingent s\u00e9n\u00e9galais, en mission dans le [&hellip;]<\/p>\n","protected":false},"author":82,"featured_media":19273,"comment_status":"open","ping_status":"closed","sticky":false,"template":"","format":"standard","meta":{"footnotes":""},"categories":[13,11,17],"tags":[76,86,741,441,19,742,740,627],"class_list":["post-19274","post","type-post","status-publish","format-standard","has-post-thumbnail","hentry","category-dossiers","category-homepage-french","category-toutes-les-actualites","tag-africa-press","tag-africa-press-mali","tag-conflits","tag-diplomatie","tag-mali","tag-ouest","tag-politiques","tag-un"],"yoast_head":"<!-- This site is optimized with the Yoast SEO Premium plugin v26.1 (Yoast SEO v27.0) - https:\/\/yoast.com\/product\/yoast-seo-premium-wordpress\/ -->\n<title>Menace sur le maintien des contingents africains de la Minusma - Mali<\/title>\n<meta name=\"description\" content=\"Les jours des contingents africains de la mission onusienne au Mali sont-ils compt\u00e9s ?Se dirigerait-t-on vers le r\u00e9tr\u00e9ci ...\" \/>\n<meta name=\"robots\" content=\"index, follow, max-snippet:-1, max-image-preview:large, max-video-preview:-1\" \/>\n<link rel=\"canonical\" href=\"https:\/\/www.africa-press.net\/mali\/homepage-french\/menace-sur-le-maintien-des-contingents-africains-de-la-minusma\" \/>\n<meta property=\"og:locale\" content=\"fr_FR\" \/>\n<meta property=\"og:type\" content=\"article\" \/>\n<meta property=\"og:title\" content=\"Menace sur le maintien des contingents africains de la Minusma\" \/>\n<meta property=\"og:description\" content=\"Les jours des contingents africains de la mission onusienne au Mali sont-ils compt\u00e9s ?Se dirigerait-t-on vers le r\u00e9tr\u00e9ci ...\" \/>\n<meta property=\"og:url\" content=\"https:\/\/www.africa-press.net\/mali\/homepage-french\/menace-sur-le-maintien-des-contingents-africains-de-la-minusma\" \/>\n<meta property=\"og:site_name\" content=\"Mali\" \/>\n<meta property=\"article:publisher\" content=\"https:\/\/www.facebook.com\/AfricaPressTunisiaa\" \/>\n<meta property=\"article:published_time\" content=\"2022-05-22T07:22:25+00:00\" \/>\n<meta property=\"article:modified_time\" content=\"2022-05-22T07:45:52+00:00\" \/>\n<meta property=\"og:image\" content=\"https:\/\/static.africa-press.net\/mali\/sites\/21\/2022\/05\/postQueueImg_2-6289ea18a908d.jpg\" \/>\n\t<meta property=\"og:image:width\" content=\"780\" \/>\n\t<meta property=\"og:image:height\" content=\"440\" \/>\n\t<meta property=\"og:image:type\" content=\"image\/jpeg\" \/>\n<meta name=\"author\" content=\"cfeditorfr\" \/>\n<meta name=\"twitter:card\" content=\"summary_large_image\" \/>\n<meta name=\"twitter:label1\" content=\"\u00c9crit par\" \/>\n\t<meta name=\"twitter:data1\" content=\"cfeditorfr\" \/>\n\t<meta name=\"twitter:label2\" content=\"Dur\u00e9e de lecture estim\u00e9e\" \/>\n\t<meta name=\"twitter:data2\" content=\"3 minutes\" \/>\n<script type=\"application\/ld+json\" class=\"yoast-schema-graph\">{\"@context\":\"https:\/\/schema.org\",\"@graph\":[{\"@type\":\"Article\",\"@id\":\"https:\/\/www.africa-press.net\/mali\/homepage-french\/menace-sur-le-maintien-des-contingents-africains-de-la-minusma#article\",\"isPartOf\":{\"@id\":\"https:\/\/www.africa-press.net\/mali\/homepage-french\/menace-sur-le-maintien-des-contingents-africains-de-la-minusma\"},\"author\":{\"name\":\"cfeditorfr\",\"@id\":\"https:\/\/www.africa-press.net\/mali\/#\/schema\/person\/2b1cf3cd81a31e3cd26889ca66d677f1\"},\"headline\":\"Menace sur le maintien des contingents africains de la Minusma\",\"datePublished\":\"2022-05-22T07:22:25+00:00\",\"dateModified\":\"2022-05-22T07:45:52+00:00\",\"mainEntityOfPage\":{\"@id\":\"https:\/\/www.africa-press.net\/mali\/homepage-french\/menace-sur-le-maintien-des-contingents-africains-de-la-minusma\"},\"wordCount\":689,\"commentCount\":0,\"image\":{\"@id\":\"https:\/\/www.africa-press.net\/mali\/homepage-french\/menace-sur-le-maintien-des-contingents-africains-de-la-minusma#primaryimage\"},\"thumbnailUrl\":\"https:\/\/static.africa-press.net\/mali\/sites\/21\/2022\/05\/postQueueImg_2-6289ea18a908d.jpg\",\"keywords\":[\"Africa Press\",\"Africa Press-Mali\",\"CONFLITS\",\"Diplomatie\",\"mali\",\"OUEST\",\"POLITIQUES\",\"UN\"],\"articleSection\":[\"Dossiers\",\"homepage-french\",\"Toutes les actualit\u00e9s\"],\"inLanguage\":\"fr-FR\",\"potentialAction\":[{\"@type\":\"CommentAction\",\"name\":\"Comment\",\"target\":[\"https:\/\/www.africa-press.net\/mali\/homepage-french\/menace-sur-le-maintien-des-contingents-africains-de-la-minusma#respond\"]}]},{\"@type\":\"WebPage\",\"@id\":\"https:\/\/www.africa-press.net\/mali\/homepage-french\/menace-sur-le-maintien-des-contingents-africains-de-la-minusma\",\"url\":\"https:\/\/www.africa-press.net\/mali\/homepage-french\/menace-sur-le-maintien-des-contingents-africains-de-la-minusma\",\"name\":\"Menace sur le maintien des contingents africains de la Minusma - Mali\",\"isPartOf\":{\"@id\":\"https:\/\/www.africa-press.net\/mali\/#website\"},\"primaryImageOfPage\":{\"@id\":\"https:\/\/www.africa-press.net\/mali\/homepage-french\/menace-sur-le-maintien-des-contingents-africains-de-la-minusma#primaryimage\"},\"image\":{\"@id\":\"https:\/\/www.africa-press.net\/mali\/homepage-french\/menace-sur-le-maintien-des-contingents-africains-de-la-minusma#primaryimage\"},\"thumbnailUrl\":\"https:\/\/static.africa-press.net\/mali\/sites\/21\/2022\/05\/postQueueImg_2-6289ea18a908d.jpg\",\"datePublished\":\"2022-05-22T07:22:25+00:00\",\"dateModified\":\"2022-05-22T07:45:52+00:00\",\"author\":{\"@id\":\"https:\/\/www.africa-press.net\/mali\/#\/schema\/person\/2b1cf3cd81a31e3cd26889ca66d677f1\"},\"description\":\"Les jours des contingents africains de la mission onusienne au Mali sont-ils compt\u00e9s ?Se dirigerait-t-on vers le r\u00e9tr\u00e9ci ...\",\"breadcrumb\":{\"@id\":\"https:\/\/www.africa-press.net\/mali\/homepage-french\/menace-sur-le-maintien-des-contingents-africains-de-la-minusma#breadcrumb\"},\"inLanguage\":\"fr-FR\",\"potentialAction\":[{\"@type\":\"ReadAction\",\"target\":[\"https:\/\/www.africa-press.net\/mali\/homepage-french\/menace-sur-le-maintien-des-contingents-africains-de-la-minusma\"]}]},{\"@type\":\"ImageObject\",\"inLanguage\":\"fr-FR\",\"@id\":\"https:\/\/www.africa-press.net\/mali\/homepage-french\/menace-sur-le-maintien-des-contingents-africains-de-la-minusma#primaryimage\",\"url\":\"https:\/\/static.africa-press.net\/mali\/sites\/21\/2022\/05\/postQueueImg_2-6289ea18a908d.jpg\",\"contentUrl\":\"https:\/\/static.africa-press.net\/mali\/sites\/21\/2022\/05\/postQueueImg_2-6289ea18a908d.jpg\",\"width\":780,\"height\":440,\"caption\":\"Menace sur le maintien des contingents africains de la Minusma\"},{\"@type\":\"BreadcrumbList\",\"@id\":\"https:\/\/www.africa-press.net\/mali\/homepage-french\/menace-sur-le-maintien-des-contingents-africains-de-la-minusma#breadcrumb\",\"itemListElement\":[{\"@type\":\"ListItem\",\"position\":1,\"name\":\"Home\",\"item\":\"https:\/\/www.africa-press.net\/mali\/\"},{\"@type\":\"ListItem\",\"position\":2,\"name\":\"Menace sur le maintien des contingents africains de la Minusma\"}]},{\"@type\":\"WebSite\",\"@id\":\"https:\/\/www.africa-press.net\/mali\/#website\",\"url\":\"https:\/\/www.africa-press.net\/mali\/\",\"name\":\"Mali\",\"description\":\"Just another Africa News Agency Sites site\",\"potentialAction\":[{\"@type\":\"SearchAction\",\"target\":{\"@type\":\"EntryPoint\",\"urlTemplate\":\"https:\/\/www.africa-press.net\/mali\/?s={search_term_string}\"},\"query-input\":{\"@type\":\"PropertyValueSpecification\",\"valueRequired\":true,\"valueName\":\"search_term_string\"}}],\"inLanguage\":\"fr-FR\"},{\"@type\":\"Person\",\"@id\":\"https:\/\/www.africa-press.net\/mali\/#\/schema\/person\/2b1cf3cd81a31e3cd26889ca66d677f1\",\"name\":\"cfeditorfr\"}]}<\/script>\n<!-- \/ Yoast SEO Premium plugin. -->","yoast_head_json":{"title":"Menace sur le maintien des contingents africains de la Minusma - Mali","description":"Les jours des contingents africains de la mission onusienne au Mali sont-ils compt\u00e9s ?Se dirigerait-t-on vers le r\u00e9tr\u00e9ci ...","robots":{"index":"index","follow":"follow","max-snippet":"max-snippet:-1","max-image-preview":"max-image-preview:large","max-video-preview":"max-video-preview:-1"},"canonical":"https:\/\/www.africa-press.net\/mali\/homepage-french\/menace-sur-le-maintien-des-contingents-africains-de-la-minusma","og_locale":"fr_FR","og_type":"article","og_title":"Menace sur le maintien des contingents africains de la Minusma","og_description":"Les jours des contingents africains de la mission onusienne au Mali sont-ils compt\u00e9s ?Se dirigerait-t-on vers le r\u00e9tr\u00e9ci ...","og_url":"https:\/\/www.africa-press.net\/mali\/homepage-french\/menace-sur-le-maintien-des-contingents-africains-de-la-minusma","og_site_name":"Mali","article_publisher":"https:\/\/www.facebook.com\/AfricaPressTunisiaa","article_published_time":"2022-05-22T07:22:25+00:00","article_modified_time":"2022-05-22T07:45:52+00:00","og_image":[{"width":780,"height":440,"url":"https:\/\/static.africa-press.net\/mali\/sites\/21\/2022\/05\/postQueueImg_2-6289ea18a908d.jpg","type":"image\/jpeg"}],"author":"cfeditorfr","twitter_card":"summary_large_image","twitter_misc":{"\u00c9crit par":"cfeditorfr","Dur\u00e9e de lecture estim\u00e9e":"3 minutes"},"schema":{"@context":"https:\/\/schema.org","@graph":[{"@type":"Article","@id":"https:\/\/www.africa-press.net\/mali\/homepage-french\/menace-sur-le-maintien-des-contingents-africains-de-la-minusma#article","isPartOf":{"@id":"https:\/\/www.africa-press.net\/mali\/homepage-french\/menace-sur-le-maintien-des-contingents-africains-de-la-minusma"},"author":{"name":"cfeditorfr","@id":"https:\/\/www.africa-press.net\/mali\/#\/schema\/person\/2b1cf3cd81a31e3cd26889ca66d677f1"},"headline":"Menace sur le maintien des contingents africains de la Minusma","datePublished":"2022-05-22T07:22:25+00:00","dateModified":"2022-05-22T07:45:52+00:00","mainEntityOfPage":{"@id":"https:\/\/www.africa-press.net\/mali\/homepage-french\/menace-sur-le-maintien-des-contingents-africains-de-la-minusma"},"wordCount":689,"commentCount":0,"image":{"@id":"https:\/\/www.africa-press.net\/mali\/homepage-french\/menace-sur-le-maintien-des-contingents-africains-de-la-minusma#primaryimage"},"thumbnailUrl":"https:\/\/static.africa-press.net\/mali\/sites\/21\/2022\/05\/postQueueImg_2-6289ea18a908d.jpg","keywords":["Africa Press","Africa Press-Mali","CONFLITS","Diplomatie","mali","OUEST","POLITIQUES","UN"],"articleSection":["Dossiers","homepage-french","Toutes les actualit\u00e9s"],"inLanguage":"fr-FR","potentialAction":[{"@type":"CommentAction","name":"Comment","target":["https:\/\/www.africa-press.net\/mali\/homepage-french\/menace-sur-le-maintien-des-contingents-africains-de-la-minusma#respond"]}]},{"@type":"WebPage","@id":"https:\/\/www.africa-press.net\/mali\/homepage-french\/menace-sur-le-maintien-des-contingents-africains-de-la-minusma","url":"https:\/\/www.africa-press.net\/mali\/homepage-french\/menace-sur-le-maintien-des-contingents-africains-de-la-minusma","name":"Menace sur le maintien des contingents africains de la Minusma - Mali","isPartOf":{"@id":"https:\/\/www.africa-press.net\/mali\/#website"},"primaryImageOfPage":{"@id":"https:\/\/www.africa-press.net\/mali\/homepage-french\/menace-sur-le-maintien-des-contingents-africains-de-la-minusma#primaryimage"},"image":{"@id":"https:\/\/www.africa-press.net\/mali\/homepage-french\/menace-sur-le-maintien-des-contingents-africains-de-la-minusma#primaryimage"},"thumbnailUrl":"https:\/\/static.africa-press.net\/mali\/sites\/21\/2022\/05\/postQueueImg_2-6289ea18a908d.jpg","datePublished":"2022-05-22T07:22:25+00:00","dateModified":"2022-05-22T07:45:52+00:00","author":{"@id":"https:\/\/www.africa-press.net\/mali\/#\/schema\/person\/2b1cf3cd81a31e3cd26889ca66d677f1"},"description":"Les jours des contingents africains de la mission onusienne au Mali sont-ils compt\u00e9s ?Se dirigerait-t-on vers le r\u00e9tr\u00e9ci ...","breadcrumb":{"@id":"https:\/\/www.africa-press.net\/mali\/homepage-french\/menace-sur-le-maintien-des-contingents-africains-de-la-minusma#breadcrumb"},"inLanguage":"fr-FR","potentialAction":[{"@type":"ReadAction","target":["https:\/\/www.africa-press.net\/mali\/homepage-french\/menace-sur-le-maintien-des-contingents-africains-de-la-minusma"]}]},{"@type":"ImageObject","inLanguage":"fr-FR","@id":"https:\/\/www.africa-press.net\/mali\/homepage-french\/menace-sur-le-maintien-des-contingents-africains-de-la-minusma#primaryimage","url":"https:\/\/static.africa-press.net\/mali\/sites\/21\/2022\/05\/postQueueImg_2-6289ea18a908d.jpg","contentUrl":"https:\/\/static.africa-press.net\/mali\/sites\/21\/2022\/05\/postQueueImg_2-6289ea18a908d.jpg","width":780,"height":440,"caption":"Menace sur le maintien des contingents africains de la Minusma"},{"@type":"BreadcrumbList","@id":"https:\/\/www.africa-press.net\/mali\/homepage-french\/menace-sur-le-maintien-des-contingents-africains-de-la-minusma#breadcrumb","itemListElement":[{"@type":"ListItem","position":1,"name":"Home","item":"https:\/\/www.africa-press.net\/mali\/"},{"@type":"ListItem","position":2,"name":"Menace sur le maintien des contingents africains de la Minusma"}]},{"@type":"WebSite","@id":"https:\/\/www.africa-press.net\/mali\/#website","url":"https:\/\/www.africa-press.net\/mali\/","name":"Mali","description":"Just another Africa News Agency Sites site","potentialAction":[{"@type":"SearchAction","target":{"@type":"EntryPoint","urlTemplate":"https:\/\/www.africa-press.net\/mali\/?s={search_term_string}"},"query-input":{"@type":"PropertyValueSpecification","valueRequired":true,"valueName":"search_term_string"}}],"inLanguage":"fr-FR"},{"@type":"Person","@id":"https:\/\/www.africa-press.net\/mali\/#\/schema\/person\/2b1cf3cd81a31e3cd26889ca66d677f1","name":"cfeditorfr"}]}},"_links":{"self":[{"href":"https:\/\/www.africa-press.net\/mali\/wp-json\/wp\/v2\/posts\/19274","targetHints":{"allow":["GET"]}}],"collection":[{"href":"https:\/\/www.africa-press.net\/mali\/wp-json\/wp\/v2\/posts"}],"about":[{"href":"https:\/\/www.africa-press.net\/mali\/wp-json\/wp\/v2\/types\/post"}],"author":[{"embeddable":true,"href":"https:\/\/www.africa-press.net\/mali\/wp-json\/wp\/v2\/users\/82"}],"replies":[{"embeddable":true,"href":"https:\/\/www.africa-press.net\/mali\/wp-json\/wp\/v2\/comments?post=19274"}],"version-history":[{"count":0,"href":"https:\/\/www.africa-press.net\/mali\/wp-json\/wp\/v2\/posts\/19274\/revisions"}],"wp:featuredmedia":[{"embeddable":true,"href":"https:\/\/www.africa-press.net\/mali\/wp-json\/wp\/v2\/media\/19273"}],"wp:attachment":[{"href":"https:\/\/www.africa-press.net\/mali\/wp-json\/wp\/v2\/media?parent=19274"}],"wp:term":[{"taxonomy":"category","embeddable":true,"href":"https:\/\/www.africa-press.net\/mali\/wp-json\/wp\/v2\/categories?post=19274"},{"taxonomy":"post_tag","embeddable":true,"href":"https:\/\/www.africa-press.net\/mali\/wp-json\/wp\/v2\/tags?post=19274"}],"curies":[{"name":"wp","href":"https:\/\/api.w.org\/{rel}","templated":true}]}}