{"id":2717,"date":"2021-06-10T21:53:18","date_gmt":"2021-06-10T21:53:18","guid":{"rendered":"https:\/\/www.africa-press.net\/mali\/?p=2717"},"modified":"2021-06-10T20:47:33","modified_gmt":"2021-06-10T20:47:33","slug":"licenciement-de-116-employes-au-cvd-la-justice-bientot-saisie","status":"publish","type":"post","link":"https:\/\/www.africa-press.net\/mali\/communaute\/licenciement-de-116-employes-au-cvd-la-justice-bientot-saisie","title":{"rendered":"Licenciement de 116 employ\u00e9s au CVD : la justice bient\u00f4t saisie"},"content":{"rendered":"<p><span style=\"color: #ff6600\"><strong><a href=\"https:\/\/www.africa-press.net\/\">Africa-Press<\/a> &#8211; <a href=\"https:\/\/www.africa-press.net\/mali\">Mali<\/a>. <\/strong><\/span><b>La direction g\u00e9n\u00e9rale du Centre pour le d\u00e9veloppement des vaccins (CVD) a licenci\u00e9 au mois de mai 116 travailleurs pour motif \u00e9conomique. Ceux-ci s\u2019appr\u00eatent \u00e0 saisir les tribunaux pour faire pr\u00e9valoir leur droit.<\/b><\/p>\n<p>Au Centre pour le d\u00e9veloppement des vaccins (CVD), 116 employ\u00e9s dont au moins une dizaine de m\u00e9decins ont \u00e9t\u00e9 licenci\u00e9s. La direction g\u00e9n\u00e9rale du CVD \u00e9voque des \u00abmotifs \u00e9conomiques\u00bb pour justifier ce licenciement.<\/p>\n<p>C\u2019est ce que soutiennent, dans les colonnes du journal \u00abLe Challenger\u00bb du lundi 07 juin,le charg\u00e9 des ressources humaines, Maniakal\u00e9 Diawara (cousin du directeur g\u00e9n\u00e9ral le Pr. Samba Ousmane Sow), Cheick Oumar Bagayoko, son assistant g\u00e9n\u00e9ral.<\/p>\n<p>Ils ont indiqu\u00e9 que la structure connaissait des difficult\u00e9s bien avant la crise de Covid-19 qui est venue en rajouter. Ils estiment que c\u2019est pour faire face \u00e0 cette conjoncture \u00e9conomique que, sur instruction des bailleurs, seul financier du d\u00e9partement, la direction a en toute responsabilit\u00e9 saisi l\u2019inspection du travail pour avoir son avis sur le licenciement de 109 employ\u00e9s et son autorisation de licenciement concernant neuf d\u00e9l\u00e9gu\u00e9s du personnel.<\/p>\n<p><b>Un licenciement \u00ababusif\u00bb<\/b><\/p>\n<p>Des arguments battus en br\u00e8che par les personnes licenci\u00e9es contact\u00e9es par Le Wagadu. Selon elles, les motifs \u00e9conomiques \u00e9voqu\u00e9s par la direction ne tiennent pas. Pour la simple raison qu\u2019aucun protocole de recherche n\u2019a \u00e9t\u00e9 arr\u00eat\u00e9 pour des difficult\u00e9s dues \u00e0 la pand\u00e9mie.<\/p>\n<p>\u00abMieux, certains protocoles ont au contraire \u00e9t\u00e9 renforc\u00e9s. Les protocoles kana, sant\u00e9 et champs financ\u00e9s par la Fondation Bill &amp;M\u00e9linda Gates \u00e0 travers les instituts de recherche se poursuivent de plus belle\u00bb, soutient Dr.Br\u00e9hima Coulibaly dans les colonnes du journal \u00abLe Challenger\u00bb.<\/p>\n<p>Selon nos interlocuteurs, il ne s\u2019agit ni plus ni moins que d\u2019un licenciement \u00ababusif\u00bb. Ils affirment qu\u2019au m\u00eame moment o\u00f9 on licencie des travailleurs pour motifs \u00e9conomiques, la direction g\u00e9n\u00e9rale a proc\u00e9d\u00e9 au recrutement de 240 agents (de la m\u00eame cat\u00e9gorie professionnelle, m\u00eame profil que ceux qui ont \u00e9t\u00e9 licenci\u00e9s) sur les sites des r\u00e9gions de Sikasso, Koutiala, Ni\u00e9na et Kignan.<\/p>\n<p>Sur ce cas pr\u00e9cis, le charg\u00e9 des ressources humaines, Maniakal\u00e9 Diawara,affirme sur diff\u00e9rents canaux de communication que ce sont les partenaires qui, lors d\u2019une visite dans le cadre de la phase pilote d\u2019un projet en dehors de Bamako, ont demand\u00e9 de recruter localement, pour non seulement cr\u00e9er des emplois, mais \u00e9viter des charges et primes suppl\u00e9mentaires que pourraient g\u00e9n\u00e9rer l\u2019affectation d\u2019un cadre \u00e0 l\u2019int\u00e9rieur du pays. Ce que contestent les personnes licenci\u00e9es qui parlent d\u2019une tentative d\u2019enfumage.<\/p>\n<p>Face \u00e0 cette situation, les personnes licenci\u00e9es, selon nos informations, s\u2019appr\u00eatent \u00e0 attaquer la direction g\u00e9n\u00e9rale du CVD devant les tribunaux pour faire valoir leur droit. D\u2019ores et d\u00e9j\u00e0, nous a-t-on dit, le directeur g\u00e9n\u00e9ral a commenc\u00e9 les grandes man\u0153uvres pour emp\u00eacher toute action judiciaire. Il a entam\u00e9 des n\u00e9gociations aupr\u00e8s des parents de plusieurs personnes licenci\u00e9es afin que ceux-ci intiment l\u2019ordre \u00e0 leurs proches de se soustraire de la proc\u00e9dure judiciaire.<\/p>\n<p>Gr\u00e2ce \u00e0 cette pression familiale, il a pu dissuader certaines personnes qui se sont engag\u00e9es \u00e0 se d\u00e9solidariser de toute action judiciaire contre lui.<\/p>\n<p><b>Abdrahamane SISSOKO le wagadu<\/b><\/p>\n","protected":false},"excerpt":{"rendered":"<p>Africa-Press &#8211; Mali. La direction g\u00e9n\u00e9rale du Centre pour le d\u00e9veloppement des vaccins (CVD) a licenci\u00e9 au mois de mai 116 travailleurs pour motif \u00e9conomique. Ceux-ci s\u2019appr\u00eatent \u00e0 saisir les tribunaux pour faire pr\u00e9valoir leur droit. Au Centre pour le d\u00e9veloppement des vaccins (CVD), 116 employ\u00e9s dont au moins une dizaine de m\u00e9decins ont \u00e9t\u00e9 [&hellip;]<\/p>\n","protected":false},"author":82,"featured_media":2716,"comment_status":"open","ping_status":"closed","sticky":false,"template":"","format":"standard","meta":{"footnotes":""},"categories":[4,11,17],"tags":[76,86,19],"class_list":["post-2717","post","type-post","status-publish","format-standard","has-post-thumbnail","hentry","category-communaute","category-homepage-french","category-toutes-les-actualites","tag-africa-press","tag-africa-press-mali","tag-mali"],"yoast_head":"<!-- This site is optimized with the Yoast SEO Premium plugin v26.1 (Yoast SEO v27.0) - https:\/\/yoast.com\/product\/yoast-seo-premium-wordpress\/ -->\n<title>Licenciement de 116 employ\u00e9s au CVD : la justice bient\u00f4t saisie - Mali<\/title>\n<meta name=\"description\" content=\"La direction g\u00e9n\u00e9rale du Centre pour le d\u00e9veloppement des vaccins (CVD) a licenci\u00e9 au mois de mai 116 travailleurs po ...\" \/>\n<meta name=\"robots\" content=\"index, follow, max-snippet:-1, max-image-preview:large, max-video-preview:-1\" \/>\n<link rel=\"canonical\" href=\"https:\/\/www.africa-press.net\/mali\/communaute\/licenciement-de-116-employes-au-cvd-la-justice-bientot-saisie\" \/>\n<meta property=\"og:locale\" content=\"fr_FR\" \/>\n<meta property=\"og:type\" content=\"article\" \/>\n<meta property=\"og:title\" content=\"Licenciement de 116 employ\u00e9s au CVD : la justice bient\u00f4t saisie\" \/>\n<meta property=\"og:description\" content=\"La direction g\u00e9n\u00e9rale du Centre pour le d\u00e9veloppement des vaccins (CVD) a licenci\u00e9 au mois de mai 116 travailleurs po ...\" \/>\n<meta property=\"og:url\" content=\"https:\/\/www.africa-press.net\/mali\/communaute\/licenciement-de-116-employes-au-cvd-la-justice-bientot-saisie\" \/>\n<meta property=\"og:site_name\" content=\"Mali\" \/>\n<meta property=\"article:publisher\" content=\"https:\/\/www.facebook.com\/AfricaPressTunisiaa\" \/>\n<meta property=\"article:published_time\" content=\"2021-06-10T21:53:18+00:00\" \/>\n<meta property=\"og:image\" content=\"https:\/\/static.africa-press.net\/mali\/sites\/21\/2021\/06\/img-60c27a4d529de.jpg\" \/>\n\t<meta property=\"og:image:width\" content=\"720\" \/>\n\t<meta property=\"og:image:height\" content=\"385\" \/>\n\t<meta property=\"og:image:type\" content=\"image\/jpeg\" \/>\n<meta name=\"author\" content=\"cfeditorfr\" \/>\n<meta name=\"twitter:card\" content=\"summary_large_image\" \/>\n<meta name=\"twitter:label1\" content=\"\u00c9crit par\" \/>\n\t<meta name=\"twitter:data1\" content=\"cfeditorfr\" \/>\n\t<meta name=\"twitter:label2\" content=\"Dur\u00e9e de lecture estim\u00e9e\" \/>\n\t<meta name=\"twitter:data2\" content=\"3 minutes\" \/>\n<script type=\"application\/ld+json\" class=\"yoast-schema-graph\">{\"@context\":\"https:\/\/schema.org\",\"@graph\":[{\"@type\":\"Article\",\"@id\":\"https:\/\/www.africa-press.net\/mali\/communaute\/licenciement-de-116-employes-au-cvd-la-justice-bientot-saisie#article\",\"isPartOf\":{\"@id\":\"https:\/\/www.africa-press.net\/mali\/communaute\/licenciement-de-116-employes-au-cvd-la-justice-bientot-saisie\"},\"author\":{\"name\":\"cfeditorfr\",\"@id\":\"https:\/\/www.africa-press.net\/mali\/#\/schema\/person\/2b1cf3cd81a31e3cd26889ca66d677f1\"},\"headline\":\"Licenciement de 116 employ\u00e9s au CVD : la justice bient\u00f4t saisie\",\"datePublished\":\"2021-06-10T21:53:18+00:00\",\"mainEntityOfPage\":{\"@id\":\"https:\/\/www.africa-press.net\/mali\/communaute\/licenciement-de-116-employes-au-cvd-la-justice-bientot-saisie\"},\"wordCount\":586,\"commentCount\":0,\"image\":{\"@id\":\"https:\/\/www.africa-press.net\/mali\/communaute\/licenciement-de-116-employes-au-cvd-la-justice-bientot-saisie#primaryimage\"},\"thumbnailUrl\":\"https:\/\/static.africa-press.net\/mali\/sites\/21\/2021\/06\/img-60c27a4d529de.jpg\",\"keywords\":[\"Africa Press\",\"Africa Press-Mali\",\"mali\"],\"articleSection\":[\"Communaut\u00e9\",\"homepage-french\",\"Toutes les actualit\u00e9s\"],\"inLanguage\":\"fr-FR\",\"potentialAction\":[{\"@type\":\"CommentAction\",\"name\":\"Comment\",\"target\":[\"https:\/\/www.africa-press.net\/mali\/communaute\/licenciement-de-116-employes-au-cvd-la-justice-bientot-saisie#respond\"]}]},{\"@type\":\"WebPage\",\"@id\":\"https:\/\/www.africa-press.net\/mali\/communaute\/licenciement-de-116-employes-au-cvd-la-justice-bientot-saisie\",\"url\":\"https:\/\/www.africa-press.net\/mali\/communaute\/licenciement-de-116-employes-au-cvd-la-justice-bientot-saisie\",\"name\":\"Licenciement de 116 employ\u00e9s au CVD : la justice bient\u00f4t saisie - Mali\",\"isPartOf\":{\"@id\":\"https:\/\/www.africa-press.net\/mali\/#website\"},\"primaryImageOfPage\":{\"@id\":\"https:\/\/www.africa-press.net\/mali\/communaute\/licenciement-de-116-employes-au-cvd-la-justice-bientot-saisie#primaryimage\"},\"image\":{\"@id\":\"https:\/\/www.africa-press.net\/mali\/communaute\/licenciement-de-116-employes-au-cvd-la-justice-bientot-saisie#primaryimage\"},\"thumbnailUrl\":\"https:\/\/static.africa-press.net\/mali\/sites\/21\/2021\/06\/img-60c27a4d529de.jpg\",\"datePublished\":\"2021-06-10T21:53:18+00:00\",\"author\":{\"@id\":\"https:\/\/www.africa-press.net\/mali\/#\/schema\/person\/2b1cf3cd81a31e3cd26889ca66d677f1\"},\"description\":\"La direction g\u00e9n\u00e9rale du Centre pour le d\u00e9veloppement des vaccins (CVD) a licenci\u00e9 au mois de mai 116 travailleurs po ...\",\"breadcrumb\":{\"@id\":\"https:\/\/www.africa-press.net\/mali\/communaute\/licenciement-de-116-employes-au-cvd-la-justice-bientot-saisie#breadcrumb\"},\"inLanguage\":\"fr-FR\",\"potentialAction\":[{\"@type\":\"ReadAction\",\"target\":[\"https:\/\/www.africa-press.net\/mali\/communaute\/licenciement-de-116-employes-au-cvd-la-justice-bientot-saisie\"]}]},{\"@type\":\"ImageObject\",\"inLanguage\":\"fr-FR\",\"@id\":\"https:\/\/www.africa-press.net\/mali\/communaute\/licenciement-de-116-employes-au-cvd-la-justice-bientot-saisie#primaryimage\",\"url\":\"https:\/\/static.africa-press.net\/mali\/sites\/21\/2021\/06\/img-60c27a4d529de.jpg\",\"contentUrl\":\"https:\/\/static.africa-press.net\/mali\/sites\/21\/2021\/06\/img-60c27a4d529de.jpg\",\"width\":720,\"height\":385,\"caption\":\"Licenciement de 116 employ\u00e9s au CVD : la justice bient\u00f4t saisie\"},{\"@type\":\"BreadcrumbList\",\"@id\":\"https:\/\/www.africa-press.net\/mali\/communaute\/licenciement-de-116-employes-au-cvd-la-justice-bientot-saisie#breadcrumb\",\"itemListElement\":[{\"@type\":\"ListItem\",\"position\":1,\"name\":\"Home\",\"item\":\"https:\/\/www.africa-press.net\/mali\/\"},{\"@type\":\"ListItem\",\"position\":2,\"name\":\"Licenciement de 116 employ\u00e9s au CVD : la justice bient\u00f4t saisie\"}]},{\"@type\":\"WebSite\",\"@id\":\"https:\/\/www.africa-press.net\/mali\/#website\",\"url\":\"https:\/\/www.africa-press.net\/mali\/\",\"name\":\"Mali\",\"description\":\"Just another Africa News Agency Sites site\",\"potentialAction\":[{\"@type\":\"SearchAction\",\"target\":{\"@type\":\"EntryPoint\",\"urlTemplate\":\"https:\/\/www.africa-press.net\/mali\/?s={search_term_string}\"},\"query-input\":{\"@type\":\"PropertyValueSpecification\",\"valueRequired\":true,\"valueName\":\"search_term_string\"}}],\"inLanguage\":\"fr-FR\"},{\"@type\":\"Person\",\"@id\":\"https:\/\/www.africa-press.net\/mali\/#\/schema\/person\/2b1cf3cd81a31e3cd26889ca66d677f1\",\"name\":\"cfeditorfr\"}]}<\/script>\n<!-- \/ Yoast SEO Premium plugin. -->","yoast_head_json":{"title":"Licenciement de 116 employ\u00e9s au CVD : la justice bient\u00f4t saisie - Mali","description":"La direction g\u00e9n\u00e9rale du Centre pour le d\u00e9veloppement des vaccins (CVD) a licenci\u00e9 au mois de mai 116 travailleurs po ...","robots":{"index":"index","follow":"follow","max-snippet":"max-snippet:-1","max-image-preview":"max-image-preview:large","max-video-preview":"max-video-preview:-1"},"canonical":"https:\/\/www.africa-press.net\/mali\/communaute\/licenciement-de-116-employes-au-cvd-la-justice-bientot-saisie","og_locale":"fr_FR","og_type":"article","og_title":"Licenciement de 116 employ\u00e9s au CVD : la justice bient\u00f4t saisie","og_description":"La direction g\u00e9n\u00e9rale du Centre pour le d\u00e9veloppement des vaccins (CVD) a licenci\u00e9 au mois de mai 116 travailleurs po ...","og_url":"https:\/\/www.africa-press.net\/mali\/communaute\/licenciement-de-116-employes-au-cvd-la-justice-bientot-saisie","og_site_name":"Mali","article_publisher":"https:\/\/www.facebook.com\/AfricaPressTunisiaa","article_published_time":"2021-06-10T21:53:18+00:00","og_image":[{"width":720,"height":385,"url":"https:\/\/static.africa-press.net\/mali\/sites\/21\/2021\/06\/img-60c27a4d529de.jpg","type":"image\/jpeg"}],"author":"cfeditorfr","twitter_card":"summary_large_image","twitter_misc":{"\u00c9crit par":"cfeditorfr","Dur\u00e9e de lecture estim\u00e9e":"3 minutes"},"schema":{"@context":"https:\/\/schema.org","@graph":[{"@type":"Article","@id":"https:\/\/www.africa-press.net\/mali\/communaute\/licenciement-de-116-employes-au-cvd-la-justice-bientot-saisie#article","isPartOf":{"@id":"https:\/\/www.africa-press.net\/mali\/communaute\/licenciement-de-116-employes-au-cvd-la-justice-bientot-saisie"},"author":{"name":"cfeditorfr","@id":"https:\/\/www.africa-press.net\/mali\/#\/schema\/person\/2b1cf3cd81a31e3cd26889ca66d677f1"},"headline":"Licenciement de 116 employ\u00e9s au CVD : la justice bient\u00f4t saisie","datePublished":"2021-06-10T21:53:18+00:00","mainEntityOfPage":{"@id":"https:\/\/www.africa-press.net\/mali\/communaute\/licenciement-de-116-employes-au-cvd-la-justice-bientot-saisie"},"wordCount":586,"commentCount":0,"image":{"@id":"https:\/\/www.africa-press.net\/mali\/communaute\/licenciement-de-116-employes-au-cvd-la-justice-bientot-saisie#primaryimage"},"thumbnailUrl":"https:\/\/static.africa-press.net\/mali\/sites\/21\/2021\/06\/img-60c27a4d529de.jpg","keywords":["Africa Press","Africa Press-Mali","mali"],"articleSection":["Communaut\u00e9","homepage-french","Toutes les actualit\u00e9s"],"inLanguage":"fr-FR","potentialAction":[{"@type":"CommentAction","name":"Comment","target":["https:\/\/www.africa-press.net\/mali\/communaute\/licenciement-de-116-employes-au-cvd-la-justice-bientot-saisie#respond"]}]},{"@type":"WebPage","@id":"https:\/\/www.africa-press.net\/mali\/communaute\/licenciement-de-116-employes-au-cvd-la-justice-bientot-saisie","url":"https:\/\/www.africa-press.net\/mali\/communaute\/licenciement-de-116-employes-au-cvd-la-justice-bientot-saisie","name":"Licenciement de 116 employ\u00e9s au CVD : la justice bient\u00f4t saisie - Mali","isPartOf":{"@id":"https:\/\/www.africa-press.net\/mali\/#website"},"primaryImageOfPage":{"@id":"https:\/\/www.africa-press.net\/mali\/communaute\/licenciement-de-116-employes-au-cvd-la-justice-bientot-saisie#primaryimage"},"image":{"@id":"https:\/\/www.africa-press.net\/mali\/communaute\/licenciement-de-116-employes-au-cvd-la-justice-bientot-saisie#primaryimage"},"thumbnailUrl":"https:\/\/static.africa-press.net\/mali\/sites\/21\/2021\/06\/img-60c27a4d529de.jpg","datePublished":"2021-06-10T21:53:18+00:00","author":{"@id":"https:\/\/www.africa-press.net\/mali\/#\/schema\/person\/2b1cf3cd81a31e3cd26889ca66d677f1"},"description":"La direction g\u00e9n\u00e9rale du Centre pour le d\u00e9veloppement des vaccins (CVD) a licenci\u00e9 au mois de mai 116 travailleurs po ...","breadcrumb":{"@id":"https:\/\/www.africa-press.net\/mali\/communaute\/licenciement-de-116-employes-au-cvd-la-justice-bientot-saisie#breadcrumb"},"inLanguage":"fr-FR","potentialAction":[{"@type":"ReadAction","target":["https:\/\/www.africa-press.net\/mali\/communaute\/licenciement-de-116-employes-au-cvd-la-justice-bientot-saisie"]}]},{"@type":"ImageObject","inLanguage":"fr-FR","@id":"https:\/\/www.africa-press.net\/mali\/communaute\/licenciement-de-116-employes-au-cvd-la-justice-bientot-saisie#primaryimage","url":"https:\/\/static.africa-press.net\/mali\/sites\/21\/2021\/06\/img-60c27a4d529de.jpg","contentUrl":"https:\/\/static.africa-press.net\/mali\/sites\/21\/2021\/06\/img-60c27a4d529de.jpg","width":720,"height":385,"caption":"Licenciement de 116 employ\u00e9s au CVD : la justice bient\u00f4t saisie"},{"@type":"BreadcrumbList","@id":"https:\/\/www.africa-press.net\/mali\/communaute\/licenciement-de-116-employes-au-cvd-la-justice-bientot-saisie#breadcrumb","itemListElement":[{"@type":"ListItem","position":1,"name":"Home","item":"https:\/\/www.africa-press.net\/mali\/"},{"@type":"ListItem","position":2,"name":"Licenciement de 116 employ\u00e9s au CVD : la justice bient\u00f4t saisie"}]},{"@type":"WebSite","@id":"https:\/\/www.africa-press.net\/mali\/#website","url":"https:\/\/www.africa-press.net\/mali\/","name":"Mali","description":"Just another Africa News Agency Sites site","potentialAction":[{"@type":"SearchAction","target":{"@type":"EntryPoint","urlTemplate":"https:\/\/www.africa-press.net\/mali\/?s={search_term_string}"},"query-input":{"@type":"PropertyValueSpecification","valueRequired":true,"valueName":"search_term_string"}}],"inLanguage":"fr-FR"},{"@type":"Person","@id":"https:\/\/www.africa-press.net\/mali\/#\/schema\/person\/2b1cf3cd81a31e3cd26889ca66d677f1","name":"cfeditorfr"}]}},"_links":{"self":[{"href":"https:\/\/www.africa-press.net\/mali\/wp-json\/wp\/v2\/posts\/2717","targetHints":{"allow":["GET"]}}],"collection":[{"href":"https:\/\/www.africa-press.net\/mali\/wp-json\/wp\/v2\/posts"}],"about":[{"href":"https:\/\/www.africa-press.net\/mali\/wp-json\/wp\/v2\/types\/post"}],"author":[{"embeddable":true,"href":"https:\/\/www.africa-press.net\/mali\/wp-json\/wp\/v2\/users\/82"}],"replies":[{"embeddable":true,"href":"https:\/\/www.africa-press.net\/mali\/wp-json\/wp\/v2\/comments?post=2717"}],"version-history":[{"count":0,"href":"https:\/\/www.africa-press.net\/mali\/wp-json\/wp\/v2\/posts\/2717\/revisions"}],"wp:featuredmedia":[{"embeddable":true,"href":"https:\/\/www.africa-press.net\/mali\/wp-json\/wp\/v2\/media\/2716"}],"wp:attachment":[{"href":"https:\/\/www.africa-press.net\/mali\/wp-json\/wp\/v2\/media?parent=2717"}],"wp:term":[{"taxonomy":"category","embeddable":true,"href":"https:\/\/www.africa-press.net\/mali\/wp-json\/wp\/v2\/categories?post=2717"},{"taxonomy":"post_tag","embeddable":true,"href":"https:\/\/www.africa-press.net\/mali\/wp-json\/wp\/v2\/tags?post=2717"}],"curies":[{"name":"wp","href":"https:\/\/api.w.org\/{rel}","templated":true}]}}