{"id":2943,"date":"2021-06-15T18:02:29","date_gmt":"2021-06-15T18:02:29","guid":{"rendered":"https:\/\/www.africa-press.net\/mali\/?p=2943"},"modified":"2021-06-15T17:53:52","modified_gmt":"2021-06-15T17:53:52","slug":"1er-conseil-de-cabinet-de-la-nouvelle-aquipe-gouvernementale-le-pm-choguel-k-maa%c2%afga-envisage-la-craation-daeun-organe-unique-indapendant-de-gestion-des-alectio","status":"publish","type":"post","link":"https:\/\/www.africa-press.net\/mali\/top-nouvelles\/1er-conseil-de-cabinet-de-la-nouvelle-aquipe-gouvernementale-le-pm-choguel-k-maa%c2%afga-envisage-la-craation-daeun-organe-unique-indapendant-de-gestion-des-alectio","title":{"rendered":"1er Conseil de Cabinet de la nouvelle \u00c3\u00a9quipe gouvernementale : Le PM Choguel K. Ma\u00c3\u00afga envisage la cr\u00c3\u00a9ation d\u00e2\u20ac\u2122un organe unique ind\u00c3\u00a9pendant de gestion des \u00c3\u00a9lections"},"content":{"rendered":"<p><span style=\"color: #ff6600\"><strong><a href=\"https:\/\/www.africa-press.net\/\">Africa-Press<\/a> &#8211; <a href=\"https:\/\/www.africa-press.net\/mali\">Mali<\/a>. <\/strong><\/span>Le Premier ministre, Chef du Gouvernement, Dr. Choguel Kokalla Ma\u00c3\u00afga a pr\u00c3\u00a9sid\u00c3\u00a9, le dimanche 13 juin 2021, dans la salle de r\u00c3\u00a9union de la Primature, le 1er Conseil de Cabinet de la nouvelle \u00c3\u00a9quipe gouvernementale. Au cours de cette rencontre, le Premier ministre a mis l\u00e2\u20ac\u2122accent sur les priorit\u00c3\u00a9s du gouvernement qui sont entre autres : l\u00e2\u20ac\u2122am\u00c3\u00a9lioration de la s\u00c3\u00a9curit\u00c3\u00a9, les r\u00c3\u00a9formes politiques et institutionnelles, l\u00e2\u20ac\u2122organisation d\u00e2\u20ac\u2122\u00c3\u00a9lections cr\u00c3\u00a9dibles, la r\u00c3\u00a9duction du train de vie de l\u00e2\u20ac\u2122Etat, la moralisation de la vie publique, la fin de l\u00e2\u20ac\u2122impunit\u00c3\u00a9 et la satisfaction d\u00e2\u20ac\u2122une part importante de la demande sociale. \u00c2\u00ab Il sera envisag\u00c3\u00a9 la cr\u00c3\u00a9ation d\u2019organe unique ind\u00c3\u00a9pendant de gestion des \u00c3\u00a9lections r\u00c3\u00a9clam\u00c3\u00a9 unanimement par la classe politique et la soci\u00c3\u00a9t\u00c3\u00a9 civile \u00c2\u00bb, a d\u00c3\u00a9clar\u00c3\u00a9 le chef du gouvernement malien.<\/p>\n<p>Dans ses mots de bienvenue, le premier ministre, Dr. Choguel Kokalla Ma\u00c3\u00afga a f\u00c3\u00a9licit\u00c3\u00a9 les membres du gouvernement pour le choix port\u00c3\u00a9 sur leur personne en une p\u00c3\u00a9riode critique de l\u00e2\u20ac\u2122histoire contemporaine du Mali.\u00c2 \u00c2\u00ab\u00c2 \u00c3\u0160tre ministre, c\u2019est \u00c3\u00aatre un serviteur de l\u00e2\u20ac\u2122Etat, en tous lieux, en tous instants. Nos compatriotes meurtris par des souffrances de toute nature attendent beaucoup de nous. Nous ne devons pas les d\u00c3\u00a9cevoir. De nombreux citoyens sont optimistes, prient pour la r\u00c3\u00a9ussite de la Transition, font des b\u00c3\u00a9n\u00c3\u00a9dictions pour nous. Certains, de bonne foi, sont sceptiques d\u00e2\u20ac\u2122autres franchement hostiles. C\u00e2\u20ac\u2122est leur droit. Il nous appartient de dissiper leurs r\u00c3\u00a9serves, leurs interrogations, de conforter l\u2019espoir et d\u2019obtenir l\u2019adh\u00c3\u00a9sion de la grande majorit\u00c3\u00a9 des Maliens. Ceci n\u2019est possible que si nous mettions en \u00c5\u201cuvre une gouvernance de rupture et d\u00e2\u20ac\u2122exemplarit\u00c3\u00a9\u00c2 \u00c2\u00bb, a-t-il dit.<\/p>\n<p>Avant d\u00e2\u20ac\u2122\u00c3\u00a9grener les priorit\u00c3\u00a9s du gouvernement qui sont entre autres : l\u00e2\u20ac\u2122am\u00c3\u00a9lioration de la s\u00c3\u00a9curit\u00c3\u00a9\u00c2 ; les r\u00c3\u00a9formes politiques et institutionnelles\u00c2 ; l\u00e2\u20ac\u2122organisation d\u00e2\u20ac\u2122\u00c3\u00a9lections cr\u00c3\u00a9dibles\u00c2 ; la r\u00c3\u00a9duction du train de vie de l\u00e2\u20ac\u2122Etat, la moralisation de la vie publique, la fin de l\u00e2\u20ac\u2122impunit\u00c3\u00a9 et la satisfaction d\u00e2\u20ac\u2122une part importante de la demande sociale. Pour l\u2019am\u00c3\u00a9lioration optimale de la s\u00c3\u00a9curit\u00c3\u00a9, il dira qu\u00e2\u20ac\u2122il y aura des op\u00c3\u00a9rations purement militaires qui donnent des r\u00c3\u00a9sultats de plus en plus probants, avec la cr\u00c3\u00a9ation des conditions s\u00c3\u00a9curitaires pour le retour de l\u00e2\u20ac\u2122Administration, notamment dans les zones les plus affect\u00c3\u00a9es par la crise en cours. Sur le deuxi\u00c3\u00a8me chantier, ajoute-il, le gouvernement placera au c\u00c5\u201cur de la Refondation du Mali les r\u00c3\u00a9formes politiques et institutionnelles.\u00c2 \u00c2\u00ab\u00c2 Tr\u00c3\u00a8s prochainement se tiendront \u00c3 cet effet les Assises Nationales de la Refondation (ANR). Une \u00c3\u00a9quipe de haut niveau compos\u00c3\u00a9e de personnalit\u00c3\u00a9s consensuelles et cr\u00c3\u00a9dibles, prendra en charge le processus de concertation des ANR qui devrait assurer une participation cat\u00c3\u00a9gorielle, sectorielle, sociale et largement inclusive. Il s\u2019agira d\u2019\u00c3\u00a9tablir un diagnostic partag\u00c3\u00a9 de la gravit\u00c3\u00a9 et de la profondeur de la crise, des enjeux, d\u00c3\u00a9fis et p\u00c3\u00a9rils, et de nos vuln\u00c3\u00a9rabilit\u00c3\u00a9s structurelles, une revue de toutes les pr\u00c3\u00a9c\u00c3\u00a9dentes rencontres th\u00c3\u00a9matiques, sectorielles et nationales (Concertations, Etats g\u00c3\u00a9n\u00c3\u00a9raux, Forums, Assises, Dialogue national)\u00c2 \u00c2\u00bb, a-t-il dit.<\/p>\n<p>A ses dires, le gouvernement s\u00e2\u20ac\u2122attachera aussi \u00c3 obtenir une tr\u00c3\u00aave globale (politique, syndicale, sociale) afin de cr\u00c3\u00a9er un climat d\u00e2\u20ac\u2122apaisement, de s\u00c3\u00a9r\u00c3\u00a9nit\u00c3\u00a9 et de confiance mutuelle.\u00c2 \u00c2\u00ab\u00c2 La voie sera ainsi balis\u00c3\u00a9e pour les r\u00c3\u00a9formes n\u00c3\u00a9cessaires \u00c3 la Refondation du Mali. Il s\u00e2\u20ac\u2122agira essentiellement de cr\u00c3\u00a9er les conditions d\u00e2\u20ac\u2122une refonte consensuelle des textes permettant de garantir l\u00e2\u20ac\u2122\u00c3\u00a9rection d\u00e2\u20ac\u2122une administration professionnelle et moderne, de r\u00c3\u00a9adapter la politique de d\u00c3\u00a9centralisation pour une gouvernance locale plus efficiente, de r\u00c3\u00a9viser la charte des partis politiques et la loi \u00c3\u00a9lectorale afin de mettre un terme aux conflits post\u00c3\u00a9lectoraux r\u00c3\u00a9currents. Pour cela, il sera envisag\u00c3\u00a9 la cr\u00c3\u00a9ation d\u2019organe unique ind\u00c3\u00a9pendant de gestion des \u00c3\u00a9lections r\u00c3\u00a9clam\u00c3\u00a9 unanimement par la classe politique et la soci\u00c3\u00a9t\u00c3\u00a9 civile. Nous proc\u00c3\u00a9derons \u00c3 la r\u00c3\u00a9forme du cadre juridique des \u00c3\u00a9lections avec la mise en place d\u2019un nouveau syst\u00c3\u00a8me d\u2019\u00c3\u00a9tablissement et de contr\u00c3\u00b4le du fichier \u00c3\u00a9lectoral ainsi que la s\u00c3\u00a9curisation des op\u00c3\u00a9rations de vote\u00c2 \u00c2\u00bb, a pr\u00c3\u00a9cis\u00c3\u00a9 Dr. Choguel K. Ma\u00c3\u00afga.<\/p>\n<p><b>\u00c2\u00abLe gouvernement insufflera une lutte implacable contre la corruption\u00c2\u00bb<\/b><\/p>\n<p>Il a signal\u00c3\u00a9 que la r\u00c3\u00a9vision consensuelle et inclusive de la Constitution, dans le respect de son article 118 et la relecture intelligente de l\u2019Accord pour la paix et la r\u00c3\u00a9conciliation issu du processus d\u2019Alger (APR) dans le respect des principes fondamentaux \u00c3\u00a9nonc\u00c3\u00a9s seront poursuivies et approfondies.<\/p>\n<p>A ses dires, l\u00e2\u20ac\u2122action gouvernementale portera sur la fin de l\u00e2\u20ac\u2122impunit\u00c3\u00a9 au Mali. Selon lui, de v\u00c3\u00a9ritables poursuites judiciaires cons\u00c3\u00a9cutives aux tueries et exactions contre les victimes des journ\u00c3\u00a9es de juillet 2020, seront \u00c3\u00a9galement engag\u00c3\u00a9es. A l\u00e2\u20ac\u2122en croire, le gouvernement insufflera une politique de lutte implacable contre la corruption. Il a fait savoir que des audits seront commandit\u00c3\u00a9s dans les institutions, les grandes administrations, les grands projets nationaux et locaux et dans les collectivit\u00c3\u00a9s, ainsi que sur le patrimoine immobilier et minier de l\u00e2\u20ac\u2122Etat.\u00c2 \u00c2\u00ab\u00c2 La r\u00c3\u00a9duction du train de vie de l\u00e2\u20ac\u2122Etat, dont la mise en \u00c5\u201cuvre a commenc\u00c3\u00a9 par l\u00e2\u20ac\u2122exemple donn\u00c3\u00a9 par le Pr\u00c3\u00a9sident de la Transition lui-m\u00c3\u00aame qui a d\u00c3\u00a9cid\u00c3\u00a9, de fa\u00c3\u00a7on libre et volontaire, de renoncer aux 2\/3 de ses fonds de souverainet\u00c3\u00a9 sera g\u00c3\u00a9n\u00c3\u00a9ralis\u00c3\u00a9e. Le Premier ministre et tous les responsables suivront l\u2019exemple.<\/p>\n<p>D\u2019autres initiatives de plus grandes envergures seront prises en vue de r\u00c3\u00a9aliser des \u00c3\u00a9conomies substantielles qui seront utilis\u00c3\u00a9es pour soutenir des secteurs sociaux prioritaires \u00c3 d\u00c3\u00a9terminer suivant les orientations du Chef de l\u2019\u00c3\u2030tat.\u00c2 La cr\u00c3\u00a9ation d\u00e2\u20ac\u2122un minist\u00c3\u00a8re d\u00c3\u00a9l\u00c3\u00a9gu\u00c3\u00a9 en charge de l\u00e2\u20ac\u2122Action humanitaire, de la Solidarit\u00c3\u00a9, des R\u00c3\u00a9fugi\u00c3\u00a9s et des d\u00c3\u00a9plac\u00c3\u00a9s est une indication claire de la volont\u00c3\u00a9 du gouvernement de satisfaire dans toute la mesure du possible la demande sociale, notamment en ce qui concerne les couches les plus vuln\u00c3\u00a9rables de la population\u00c2 \u00c2\u00bb, a soulign\u00c3\u00a9 le premier ministre, Dr. Choguel K. Ma\u00c3\u00afga.<\/p>\n<p>En vue d\u2019une appropriation acc\u00c3\u00a9l\u00c3\u00a9r\u00c3\u00a9e des m\u00c3\u00a9thodes et organisations du travail gouvernemental,\u00c2 dit-il, un s\u00c3\u00a9minaire sera organis\u00c3\u00a9 dans les tous prochains jours. Apr\u00c3\u00a8s cette premi\u00c3\u00a8re rencontre entre les membres du gouvernement, le dimanche 13 juin 2021, le Premier ministre, Dr. Choguel K. Ma\u00c3\u00afga s\u00e2\u20ac\u2122est rendu successivement, hier, lundi 14 juin 2021, chez les anciens Premiers ministres comme Soumana Sacko, Modibo Sidibe, Ciss\u00c3\u00a9 Mariam Ka\u00c3\u00afdama Sidibe et Ahmed Ag Hamani. Selon la Primature, l\u00e2\u20ac\u2122objectif de ces visites pour Choguel Kokalla Ma\u00c3\u00afga est de prendre des conseils aupr\u00c3\u00a8s de ses pr\u00c3\u00a9d\u00c3\u00a9cesseurs afin de r\u00c3\u00a9ussir sa mission \u00c3 la t\u00c3\u00aate du Gouvernement.<\/p>\n<p><b>Aguibou Sogodogo<\/b><\/p>\n","protected":false},"excerpt":{"rendered":"<p>Africa-Press &#8211; Mali. Le Premier ministre, Chef du Gouvernement, Dr. Choguel Kokalla Ma\u00c3\u00afga a pr\u00c3\u00a9sid\u00c3\u00a9, le dimanche 13 juin 2021, dans la salle de r\u00c3\u00a9union de la Primature, le 1er Conseil de Cabinet de la nouvelle \u00c3\u00a9quipe gouvernementale. Au cours de cette rencontre, le Premier ministre a mis l\u00e2\u20ac\u2122accent sur les priorit\u00c3\u00a9s du gouvernement qui [&hellip;]<\/p>\n","protected":false},"author":82,"featured_media":2942,"comment_status":"open","ping_status":"closed","sticky":false,"template":"","format":"standard","meta":{"footnotes":""},"categories":[11,7,5,17],"tags":[76,86,19],"class_list":["post-2943","post","type-post","status-publish","format-standard","has-post-thumbnail","hentry","category-homepage-french","category-politique","category-top-nouvelles","category-toutes-les-actualites","tag-africa-press","tag-africa-press-mali","tag-mali"],"yoast_head":"<!-- This site is optimized with the Yoast SEO Premium plugin v26.1 (Yoast SEO v27.0) - https:\/\/yoast.com\/product\/yoast-seo-premium-wordpress\/ -->\n<title>1er Conseil de Cabinet de la nouvelle \u00c3\u00a9quipe gouvernementale : Le PM Choguel K. Ma\u00c3\u00afga envisage la cr\u00c3\u00a9ation d\u00e2\u20ac\u2122un organe unique ind\u00c3\u00a9pendant de gestion des \u00c3\u00a9lections - Mali<\/title>\n<meta name=\"description\" content=\"Le Premier ministre, Chef du Gouvernement, Dr. Choguel Kokalla Ma\u00c3\u00afga a pr\u00c3\u00a9sid\u00c3\u00a9, le dimanche 13 juin 2021, dans la sal ...\" \/>\n<meta name=\"robots\" content=\"index, follow, max-snippet:-1, max-image-preview:large, max-video-preview:-1\" \/>\n<link rel=\"canonical\" href=\"https:\/\/www.africa-press.net\/mali\/top-nouvelles\/1er-conseil-de-cabinet-de-la-nouvelle-aquipe-gouvernementale-le-pm-choguel-k-maa\u00afga-envisage-la-craation-daeun-organe-unique-indapendant-de-gestion-des-alectio\" \/>\n<meta property=\"og:locale\" content=\"fr_FR\" \/>\n<meta property=\"og:type\" content=\"article\" \/>\n<meta property=\"og:title\" content=\"1er Conseil de Cabinet de la nouvelle \u00c3\u00a9quipe gouvernementale : Le PM Choguel K. Ma\u00c3\u00afga envisage la cr\u00c3\u00a9ation d\u00e2\u20ac\u2122un organe unique ind\u00c3\u00a9pendant de gestion des \u00c3\u00a9lections\" \/>\n<meta property=\"og:description\" content=\"Le Premier ministre, Chef du Gouvernement, Dr. Choguel Kokalla Ma\u00c3\u00afga a pr\u00c3\u00a9sid\u00c3\u00a9, le dimanche 13 juin 2021, dans la sal ...\" \/>\n<meta property=\"og:url\" content=\"https:\/\/www.africa-press.net\/mali\/top-nouvelles\/1er-conseil-de-cabinet-de-la-nouvelle-aquipe-gouvernementale-le-pm-choguel-k-maa\u00afga-envisage-la-craation-daeun-organe-unique-indapendant-de-gestion-des-alectio\" \/>\n<meta property=\"og:site_name\" content=\"Mali\" \/>\n<meta property=\"article:publisher\" content=\"https:\/\/www.facebook.com\/AfricaPressTunisiaa\" \/>\n<meta property=\"article:published_time\" content=\"2021-06-15T18:02:29+00:00\" \/>\n<meta property=\"og:image\" content=\"https:\/\/static.africa-press.net\/mali\/sites\/21\/2021\/06\/img-60c8e90c68191.jpg\" \/>\n\t<meta property=\"og:image:width\" content=\"720\" \/>\n\t<meta property=\"og:image:height\" content=\"480\" \/>\n\t<meta property=\"og:image:type\" content=\"image\/jpeg\" \/>\n<meta name=\"author\" content=\"cfeditorfr\" \/>\n<meta name=\"twitter:card\" content=\"summary_large_image\" \/>\n<meta name=\"twitter:label1\" content=\"\u00c9crit par\" \/>\n\t<meta name=\"twitter:data1\" content=\"cfeditorfr\" \/>\n\t<meta name=\"twitter:label2\" content=\"Dur\u00e9e de lecture estim\u00e9e\" \/>\n\t<meta name=\"twitter:data2\" content=\"6 minutes\" \/>\n<script type=\"application\/ld+json\" class=\"yoast-schema-graph\">{\"@context\":\"https:\/\/schema.org\",\"@graph\":[{\"@type\":\"Article\",\"@id\":\"https:\/\/www.africa-press.net\/mali\/top-nouvelles\/1er-conseil-de-cabinet-de-la-nouvelle-aquipe-gouvernementale-le-pm-choguel-k-maa%c2%afga-envisage-la-craation-daeun-organe-unique-indapendant-de-gestion-des-alectio#article\",\"isPartOf\":{\"@id\":\"https:\/\/www.africa-press.net\/mali\/top-nouvelles\/1er-conseil-de-cabinet-de-la-nouvelle-aquipe-gouvernementale-le-pm-choguel-k-maa%c2%afga-envisage-la-craation-daeun-organe-unique-indapendant-de-gestion-des-alectio\"},\"author\":{\"name\":\"cfeditorfr\",\"@id\":\"https:\/\/www.africa-press.net\/mali\/#\/schema\/person\/2b1cf3cd81a31e3cd26889ca66d677f1\"},\"headline\":\"1er Conseil de Cabinet de la nouvelle \u00c3\u00a9quipe gouvernementale : Le PM Choguel K. Ma\u00c3\u00afga envisage la cr\u00c3\u00a9ation d\u00e2\u20ac\u2122un organe unique ind\u00c3\u00a9pendant de gestion des \u00c3\u00a9lections\",\"datePublished\":\"2021-06-15T18:02:29+00:00\",\"mainEntityOfPage\":{\"@id\":\"https:\/\/www.africa-press.net\/mali\/top-nouvelles\/1er-conseil-de-cabinet-de-la-nouvelle-aquipe-gouvernementale-le-pm-choguel-k-maa%c2%afga-envisage-la-craation-daeun-organe-unique-indapendant-de-gestion-des-alectio\"},\"wordCount\":1205,\"commentCount\":0,\"image\":{\"@id\":\"https:\/\/www.africa-press.net\/mali\/top-nouvelles\/1er-conseil-de-cabinet-de-la-nouvelle-aquipe-gouvernementale-le-pm-choguel-k-maa%c2%afga-envisage-la-craation-daeun-organe-unique-indapendant-de-gestion-des-alectio#primaryimage\"},\"thumbnailUrl\":\"https:\/\/static.africa-press.net\/mali\/sites\/21\/2021\/06\/img-60c8e90c68191.jpg\",\"keywords\":[\"Africa Press\",\"Africa Press-Mali\",\"mali\"],\"articleSection\":[\"homepage-french\",\"Politique\",\"Top Nouvelles\",\"Toutes les actualit\u00e9s\"],\"inLanguage\":\"fr-FR\",\"potentialAction\":[{\"@type\":\"CommentAction\",\"name\":\"Comment\",\"target\":[\"https:\/\/www.africa-press.net\/mali\/top-nouvelles\/1er-conseil-de-cabinet-de-la-nouvelle-aquipe-gouvernementale-le-pm-choguel-k-maa%c2%afga-envisage-la-craation-daeun-organe-unique-indapendant-de-gestion-des-alectio#respond\"]}]},{\"@type\":\"WebPage\",\"@id\":\"https:\/\/www.africa-press.net\/mali\/top-nouvelles\/1er-conseil-de-cabinet-de-la-nouvelle-aquipe-gouvernementale-le-pm-choguel-k-maa%c2%afga-envisage-la-craation-daeun-organe-unique-indapendant-de-gestion-des-alectio\",\"url\":\"https:\/\/www.africa-press.net\/mali\/top-nouvelles\/1er-conseil-de-cabinet-de-la-nouvelle-aquipe-gouvernementale-le-pm-choguel-k-maa%c2%afga-envisage-la-craation-daeun-organe-unique-indapendant-de-gestion-des-alectio\",\"name\":\"1er Conseil de Cabinet de la nouvelle \u00c3\u00a9quipe gouvernementale : Le PM Choguel K. Ma\u00c3\u00afga envisage la cr\u00c3\u00a9ation d\u00e2\u20ac\u2122un organe unique ind\u00c3\u00a9pendant de gestion des \u00c3\u00a9lections - Mali\",\"isPartOf\":{\"@id\":\"https:\/\/www.africa-press.net\/mali\/#website\"},\"primaryImageOfPage\":{\"@id\":\"https:\/\/www.africa-press.net\/mali\/top-nouvelles\/1er-conseil-de-cabinet-de-la-nouvelle-aquipe-gouvernementale-le-pm-choguel-k-maa%c2%afga-envisage-la-craation-daeun-organe-unique-indapendant-de-gestion-des-alectio#primaryimage\"},\"image\":{\"@id\":\"https:\/\/www.africa-press.net\/mali\/top-nouvelles\/1er-conseil-de-cabinet-de-la-nouvelle-aquipe-gouvernementale-le-pm-choguel-k-maa%c2%afga-envisage-la-craation-daeun-organe-unique-indapendant-de-gestion-des-alectio#primaryimage\"},\"thumbnailUrl\":\"https:\/\/static.africa-press.net\/mali\/sites\/21\/2021\/06\/img-60c8e90c68191.jpg\",\"datePublished\":\"2021-06-15T18:02:29+00:00\",\"author\":{\"@id\":\"https:\/\/www.africa-press.net\/mali\/#\/schema\/person\/2b1cf3cd81a31e3cd26889ca66d677f1\"},\"description\":\"Le Premier ministre, Chef du Gouvernement, Dr. Choguel Kokalla Ma\u00c3\u00afga a pr\u00c3\u00a9sid\u00c3\u00a9, le dimanche 13 juin 2021, dans la sal ...\",\"breadcrumb\":{\"@id\":\"https:\/\/www.africa-press.net\/mali\/top-nouvelles\/1er-conseil-de-cabinet-de-la-nouvelle-aquipe-gouvernementale-le-pm-choguel-k-maa%c2%afga-envisage-la-craation-daeun-organe-unique-indapendant-de-gestion-des-alectio#breadcrumb\"},\"inLanguage\":\"fr-FR\",\"potentialAction\":[{\"@type\":\"ReadAction\",\"target\":[\"https:\/\/www.africa-press.net\/mali\/top-nouvelles\/1er-conseil-de-cabinet-de-la-nouvelle-aquipe-gouvernementale-le-pm-choguel-k-maa%c2%afga-envisage-la-craation-daeun-organe-unique-indapendant-de-gestion-des-alectio\"]}]},{\"@type\":\"ImageObject\",\"inLanguage\":\"fr-FR\",\"@id\":\"https:\/\/www.africa-press.net\/mali\/top-nouvelles\/1er-conseil-de-cabinet-de-la-nouvelle-aquipe-gouvernementale-le-pm-choguel-k-maa%c2%afga-envisage-la-craation-daeun-organe-unique-indapendant-de-gestion-des-alectio#primaryimage\",\"url\":\"https:\/\/static.africa-press.net\/mali\/sites\/21\/2021\/06\/img-60c8e90c68191.jpg\",\"contentUrl\":\"https:\/\/static.africa-press.net\/mali\/sites\/21\/2021\/06\/img-60c8e90c68191.jpg\",\"width\":720,\"height\":480,\"caption\":\"1er Conseil de Cabinet de la nouvelle \u00c3\u00a9quipe gouvernementale : Le PM Choguel K. Ma\u00c3\u00afga envisage la cr\u00c3\u00a9ation d\u00e2\u20ac\u2122un organe unique ind\u00c3\u00a9pendant de gestion des \u00c3\u00a9lections\"},{\"@type\":\"BreadcrumbList\",\"@id\":\"https:\/\/www.africa-press.net\/mali\/top-nouvelles\/1er-conseil-de-cabinet-de-la-nouvelle-aquipe-gouvernementale-le-pm-choguel-k-maa%c2%afga-envisage-la-craation-daeun-organe-unique-indapendant-de-gestion-des-alectio#breadcrumb\",\"itemListElement\":[{\"@type\":\"ListItem\",\"position\":1,\"name\":\"Home\",\"item\":\"https:\/\/www.africa-press.net\/mali\/\"},{\"@type\":\"ListItem\",\"position\":2,\"name\":\"1er Conseil de Cabinet de la nouvelle \u00c3\u00a9quipe gouvernementale : Le PM Choguel K. Ma\u00c3\u00afga envisage la cr\u00c3\u00a9ation d\u00e2\u20ac\u2122un organe unique ind\u00c3\u00a9pendant de gestion des \u00c3\u00a9lections\"}]},{\"@type\":\"WebSite\",\"@id\":\"https:\/\/www.africa-press.net\/mali\/#website\",\"url\":\"https:\/\/www.africa-press.net\/mali\/\",\"name\":\"Mali\",\"description\":\"Just another Africa News Agency Sites site\",\"potentialAction\":[{\"@type\":\"SearchAction\",\"target\":{\"@type\":\"EntryPoint\",\"urlTemplate\":\"https:\/\/www.africa-press.net\/mali\/?s={search_term_string}\"},\"query-input\":{\"@type\":\"PropertyValueSpecification\",\"valueRequired\":true,\"valueName\":\"search_term_string\"}}],\"inLanguage\":\"fr-FR\"},{\"@type\":\"Person\",\"@id\":\"https:\/\/www.africa-press.net\/mali\/#\/schema\/person\/2b1cf3cd81a31e3cd26889ca66d677f1\",\"name\":\"cfeditorfr\"}]}<\/script>\n<!-- \/ Yoast SEO Premium plugin. -->","yoast_head_json":{"title":"1er Conseil de Cabinet de la nouvelle \u00c3\u00a9quipe gouvernementale : Le PM Choguel K. Ma\u00c3\u00afga envisage la cr\u00c3\u00a9ation d\u00e2\u20ac\u2122un organe unique ind\u00c3\u00a9pendant de gestion des \u00c3\u00a9lections - Mali","description":"Le Premier ministre, Chef du Gouvernement, Dr. Choguel Kokalla Ma\u00c3\u00afga a pr\u00c3\u00a9sid\u00c3\u00a9, le dimanche 13 juin 2021, dans la sal ...","robots":{"index":"index","follow":"follow","max-snippet":"max-snippet:-1","max-image-preview":"max-image-preview:large","max-video-preview":"max-video-preview:-1"},"canonical":"https:\/\/www.africa-press.net\/mali\/top-nouvelles\/1er-conseil-de-cabinet-de-la-nouvelle-aquipe-gouvernementale-le-pm-choguel-k-maa\u00afga-envisage-la-craation-daeun-organe-unique-indapendant-de-gestion-des-alectio","og_locale":"fr_FR","og_type":"article","og_title":"1er Conseil de Cabinet de la nouvelle \u00c3\u00a9quipe gouvernementale : Le PM Choguel K. Ma\u00c3\u00afga envisage la cr\u00c3\u00a9ation d\u00e2\u20ac\u2122un organe unique ind\u00c3\u00a9pendant de gestion des \u00c3\u00a9lections","og_description":"Le Premier ministre, Chef du Gouvernement, Dr. Choguel Kokalla Ma\u00c3\u00afga a pr\u00c3\u00a9sid\u00c3\u00a9, le dimanche 13 juin 2021, dans la sal ...","og_url":"https:\/\/www.africa-press.net\/mali\/top-nouvelles\/1er-conseil-de-cabinet-de-la-nouvelle-aquipe-gouvernementale-le-pm-choguel-k-maa\u00afga-envisage-la-craation-daeun-organe-unique-indapendant-de-gestion-des-alectio","og_site_name":"Mali","article_publisher":"https:\/\/www.facebook.com\/AfricaPressTunisiaa","article_published_time":"2021-06-15T18:02:29+00:00","og_image":[{"width":720,"height":480,"url":"https:\/\/static.africa-press.net\/mali\/sites\/21\/2021\/06\/img-60c8e90c68191.jpg","type":"image\/jpeg"}],"author":"cfeditorfr","twitter_card":"summary_large_image","twitter_misc":{"\u00c9crit par":"cfeditorfr","Dur\u00e9e de lecture estim\u00e9e":"6 minutes"},"schema":{"@context":"https:\/\/schema.org","@graph":[{"@type":"Article","@id":"https:\/\/www.africa-press.net\/mali\/top-nouvelles\/1er-conseil-de-cabinet-de-la-nouvelle-aquipe-gouvernementale-le-pm-choguel-k-maa%c2%afga-envisage-la-craation-daeun-organe-unique-indapendant-de-gestion-des-alectio#article","isPartOf":{"@id":"https:\/\/www.africa-press.net\/mali\/top-nouvelles\/1er-conseil-de-cabinet-de-la-nouvelle-aquipe-gouvernementale-le-pm-choguel-k-maa%c2%afga-envisage-la-craation-daeun-organe-unique-indapendant-de-gestion-des-alectio"},"author":{"name":"cfeditorfr","@id":"https:\/\/www.africa-press.net\/mali\/#\/schema\/person\/2b1cf3cd81a31e3cd26889ca66d677f1"},"headline":"1er Conseil de Cabinet de la nouvelle \u00c3\u00a9quipe gouvernementale : Le PM Choguel K. Ma\u00c3\u00afga envisage la cr\u00c3\u00a9ation d\u00e2\u20ac\u2122un organe unique ind\u00c3\u00a9pendant de gestion des \u00c3\u00a9lections","datePublished":"2021-06-15T18:02:29+00:00","mainEntityOfPage":{"@id":"https:\/\/www.africa-press.net\/mali\/top-nouvelles\/1er-conseil-de-cabinet-de-la-nouvelle-aquipe-gouvernementale-le-pm-choguel-k-maa%c2%afga-envisage-la-craation-daeun-organe-unique-indapendant-de-gestion-des-alectio"},"wordCount":1205,"commentCount":0,"image":{"@id":"https:\/\/www.africa-press.net\/mali\/top-nouvelles\/1er-conseil-de-cabinet-de-la-nouvelle-aquipe-gouvernementale-le-pm-choguel-k-maa%c2%afga-envisage-la-craation-daeun-organe-unique-indapendant-de-gestion-des-alectio#primaryimage"},"thumbnailUrl":"https:\/\/static.africa-press.net\/mali\/sites\/21\/2021\/06\/img-60c8e90c68191.jpg","keywords":["Africa Press","Africa Press-Mali","mali"],"articleSection":["homepage-french","Politique","Top Nouvelles","Toutes les actualit\u00e9s"],"inLanguage":"fr-FR","potentialAction":[{"@type":"CommentAction","name":"Comment","target":["https:\/\/www.africa-press.net\/mali\/top-nouvelles\/1er-conseil-de-cabinet-de-la-nouvelle-aquipe-gouvernementale-le-pm-choguel-k-maa%c2%afga-envisage-la-craation-daeun-organe-unique-indapendant-de-gestion-des-alectio#respond"]}]},{"@type":"WebPage","@id":"https:\/\/www.africa-press.net\/mali\/top-nouvelles\/1er-conseil-de-cabinet-de-la-nouvelle-aquipe-gouvernementale-le-pm-choguel-k-maa%c2%afga-envisage-la-craation-daeun-organe-unique-indapendant-de-gestion-des-alectio","url":"https:\/\/www.africa-press.net\/mali\/top-nouvelles\/1er-conseil-de-cabinet-de-la-nouvelle-aquipe-gouvernementale-le-pm-choguel-k-maa%c2%afga-envisage-la-craation-daeun-organe-unique-indapendant-de-gestion-des-alectio","name":"1er Conseil de Cabinet de la nouvelle \u00c3\u00a9quipe gouvernementale : Le PM Choguel K. Ma\u00c3\u00afga envisage la cr\u00c3\u00a9ation d\u00e2\u20ac\u2122un organe unique ind\u00c3\u00a9pendant de gestion des \u00c3\u00a9lections - Mali","isPartOf":{"@id":"https:\/\/www.africa-press.net\/mali\/#website"},"primaryImageOfPage":{"@id":"https:\/\/www.africa-press.net\/mali\/top-nouvelles\/1er-conseil-de-cabinet-de-la-nouvelle-aquipe-gouvernementale-le-pm-choguel-k-maa%c2%afga-envisage-la-craation-daeun-organe-unique-indapendant-de-gestion-des-alectio#primaryimage"},"image":{"@id":"https:\/\/www.africa-press.net\/mali\/top-nouvelles\/1er-conseil-de-cabinet-de-la-nouvelle-aquipe-gouvernementale-le-pm-choguel-k-maa%c2%afga-envisage-la-craation-daeun-organe-unique-indapendant-de-gestion-des-alectio#primaryimage"},"thumbnailUrl":"https:\/\/static.africa-press.net\/mali\/sites\/21\/2021\/06\/img-60c8e90c68191.jpg","datePublished":"2021-06-15T18:02:29+00:00","author":{"@id":"https:\/\/www.africa-press.net\/mali\/#\/schema\/person\/2b1cf3cd81a31e3cd26889ca66d677f1"},"description":"Le Premier ministre, Chef du Gouvernement, Dr. Choguel Kokalla Ma\u00c3\u00afga a pr\u00c3\u00a9sid\u00c3\u00a9, le dimanche 13 juin 2021, dans la sal ...","breadcrumb":{"@id":"https:\/\/www.africa-press.net\/mali\/top-nouvelles\/1er-conseil-de-cabinet-de-la-nouvelle-aquipe-gouvernementale-le-pm-choguel-k-maa%c2%afga-envisage-la-craation-daeun-organe-unique-indapendant-de-gestion-des-alectio#breadcrumb"},"inLanguage":"fr-FR","potentialAction":[{"@type":"ReadAction","target":["https:\/\/www.africa-press.net\/mali\/top-nouvelles\/1er-conseil-de-cabinet-de-la-nouvelle-aquipe-gouvernementale-le-pm-choguel-k-maa%c2%afga-envisage-la-craation-daeun-organe-unique-indapendant-de-gestion-des-alectio"]}]},{"@type":"ImageObject","inLanguage":"fr-FR","@id":"https:\/\/www.africa-press.net\/mali\/top-nouvelles\/1er-conseil-de-cabinet-de-la-nouvelle-aquipe-gouvernementale-le-pm-choguel-k-maa%c2%afga-envisage-la-craation-daeun-organe-unique-indapendant-de-gestion-des-alectio#primaryimage","url":"https:\/\/static.africa-press.net\/mali\/sites\/21\/2021\/06\/img-60c8e90c68191.jpg","contentUrl":"https:\/\/static.africa-press.net\/mali\/sites\/21\/2021\/06\/img-60c8e90c68191.jpg","width":720,"height":480,"caption":"1er Conseil de Cabinet de la nouvelle \u00c3\u00a9quipe gouvernementale : Le PM Choguel K. Ma\u00c3\u00afga envisage la cr\u00c3\u00a9ation d\u00e2\u20ac\u2122un organe unique ind\u00c3\u00a9pendant de gestion des \u00c3\u00a9lections"},{"@type":"BreadcrumbList","@id":"https:\/\/www.africa-press.net\/mali\/top-nouvelles\/1er-conseil-de-cabinet-de-la-nouvelle-aquipe-gouvernementale-le-pm-choguel-k-maa%c2%afga-envisage-la-craation-daeun-organe-unique-indapendant-de-gestion-des-alectio#breadcrumb","itemListElement":[{"@type":"ListItem","position":1,"name":"Home","item":"https:\/\/www.africa-press.net\/mali\/"},{"@type":"ListItem","position":2,"name":"1er Conseil de Cabinet de la nouvelle \u00c3\u00a9quipe gouvernementale : Le PM Choguel K. Ma\u00c3\u00afga envisage la cr\u00c3\u00a9ation d\u00e2\u20ac\u2122un organe unique ind\u00c3\u00a9pendant de gestion des \u00c3\u00a9lections"}]},{"@type":"WebSite","@id":"https:\/\/www.africa-press.net\/mali\/#website","url":"https:\/\/www.africa-press.net\/mali\/","name":"Mali","description":"Just another Africa News Agency Sites site","potentialAction":[{"@type":"SearchAction","target":{"@type":"EntryPoint","urlTemplate":"https:\/\/www.africa-press.net\/mali\/?s={search_term_string}"},"query-input":{"@type":"PropertyValueSpecification","valueRequired":true,"valueName":"search_term_string"}}],"inLanguage":"fr-FR"},{"@type":"Person","@id":"https:\/\/www.africa-press.net\/mali\/#\/schema\/person\/2b1cf3cd81a31e3cd26889ca66d677f1","name":"cfeditorfr"}]}},"_links":{"self":[{"href":"https:\/\/www.africa-press.net\/mali\/wp-json\/wp\/v2\/posts\/2943","targetHints":{"allow":["GET"]}}],"collection":[{"href":"https:\/\/www.africa-press.net\/mali\/wp-json\/wp\/v2\/posts"}],"about":[{"href":"https:\/\/www.africa-press.net\/mali\/wp-json\/wp\/v2\/types\/post"}],"author":[{"embeddable":true,"href":"https:\/\/www.africa-press.net\/mali\/wp-json\/wp\/v2\/users\/82"}],"replies":[{"embeddable":true,"href":"https:\/\/www.africa-press.net\/mali\/wp-json\/wp\/v2\/comments?post=2943"}],"version-history":[{"count":0,"href":"https:\/\/www.africa-press.net\/mali\/wp-json\/wp\/v2\/posts\/2943\/revisions"}],"wp:featuredmedia":[{"embeddable":true,"href":"https:\/\/www.africa-press.net\/mali\/wp-json\/wp\/v2\/media\/2942"}],"wp:attachment":[{"href":"https:\/\/www.africa-press.net\/mali\/wp-json\/wp\/v2\/media?parent=2943"}],"wp:term":[{"taxonomy":"category","embeddable":true,"href":"https:\/\/www.africa-press.net\/mali\/wp-json\/wp\/v2\/categories?post=2943"},{"taxonomy":"post_tag","embeddable":true,"href":"https:\/\/www.africa-press.net\/mali\/wp-json\/wp\/v2\/tags?post=2943"}],"curies":[{"name":"wp","href":"https:\/\/api.w.org\/{rel}","templated":true}]}}