{"id":2980,"date":"2021-06-16T19:20:09","date_gmt":"2021-06-16T19:20:09","guid":{"rendered":"https:\/\/www.africa-press.net\/mali\/?p=2980"},"modified":"2021-06-16T18:35:33","modified_gmt":"2021-06-16T18:35:33","slug":"ca-se-passe-au-grin-aux-colonels-siadio-et-modibo-de-nous-prouver-lutilite-du-coup-detat","status":"publish","type":"post","link":"https:\/\/www.africa-press.net\/mali\/politique\/ca-se-passe-au-grin-aux-colonels-siadio-et-modibo-de-nous-prouver-lutilite-du-coup-detat","title":{"rendered":"\u00c7a se passe au grin : Aux Colonels Siadio et Modibo de nous prouver l\u2019utilit\u00e9 du coup d\u2019\u00c9tat"},"content":{"rendered":"<p><span style=\"color: #ff6600\"><strong><a href=\"https:\/\/www.africa-press.net\/\">Africa-Press<\/a> &#8211; <a href=\"https:\/\/www.africa-press.net\/mali\">Mali<\/a>. <\/strong><\/span>Pour les membres du grin, tout est d\u00e9sormais clair, c\u2019est la non reconduction au gouvernement des deux Colonels, Sadio Camara et Modibo Kon\u00e9, qui a provoqu\u00e9 le coup d\u2019\u00c9tat contre Bah N\u2019Daw et Moctar Ouane.<\/p>\n<p>A en croire les membres, l\u2019ex-Pr\u00e9sident de la Transition n\u2019\u00e9tait pas visiblement satisfait des r\u00e9sultats de ces deux poids lourds du CNSP, du coup, il les avait \u00e9cart\u00e9s du gouvernement. Mais bon que faire ? C\u2019est la loi de la jungle, le plus fort a remport\u00e9 face au plus faible. Pour preuve, Bah N\u2019Daw et son Premier ministre ont \u00e9t\u00e9 chass\u00e9s du pouvoir comme des malpropres. Toutefois, sans surprise, les deux colonels viennent d\u2019\u00eatre reconduits dans le nouveau gouvernement de Choguel K. Ma\u00efga. Le premier dans son ancien d\u00e9partement (la D\u00e9fense) et le second \u00e0 la t\u00eate de la S\u00e9curit\u00e9 d\u2019Etat (rattach\u00e9e \u00e0 la Pr\u00e9sidence de la R\u00e9publique).<\/p>\n<p>A cet effet, les membres du grin d\u00e9cident d\u00e9sormais de porter un regard crois\u00e9 sur nos deux Colonels. Ils pensent que ces derniers doivent \u00eatre conscients de l\u2019enjeu de leur t\u00e2che car ils sont oblig\u00e9s de faire des r\u00e9sultats concrets pour prouver que Bah N\u2019Daw avait tort sur leur compte. \u00ab Ils doivent relever les \u00e9normes d\u00e9fis qui les attendent \u00e0 savoir sur le plan s\u00e9curitaire et la d\u00e9fense \u00bb, lancent-ils. Au cas contraire, ajoutent-ils, l\u2019histoire aura donn\u00e9 raison \u00e0 Bah N\u2019Daw et Moctar Ouane.<\/p>\n<p><b>Ibrahima Ndiaye<\/b><\/p>\n","protected":false},"excerpt":{"rendered":"<p>Africa-Press &#8211; Mali. Pour les membres du grin, tout est d\u00e9sormais clair, c\u2019est la non reconduction au gouvernement des deux Colonels, Sadio Camara et Modibo Kon\u00e9, qui a provoqu\u00e9 le coup d\u2019\u00c9tat contre Bah N\u2019Daw et Moctar Ouane. A en croire les membres, l\u2019ex-Pr\u00e9sident de la Transition n\u2019\u00e9tait pas visiblement satisfait des r\u00e9sultats de ces [&hellip;]<\/p>\n","protected":false},"author":82,"featured_media":2979,"comment_status":"open","ping_status":"closed","sticky":false,"template":"","format":"standard","meta":{"footnotes":""},"categories":[11,7,17],"tags":[76,86,19],"class_list":["post-2980","post","type-post","status-publish","format-standard","has-post-thumbnail","hentry","category-homepage-french","category-politique","category-toutes-les-actualites","tag-africa-press","tag-africa-press-mali","tag-mali"],"yoast_head":"<!-- This site is optimized with the Yoast SEO Premium plugin v26.1 (Yoast SEO v27.0) - https:\/\/yoast.com\/product\/yoast-seo-premium-wordpress\/ -->\n<title>\u00c7a se passe au grin : Aux Colonels Siadio et Modibo de nous prouver l\u2019utilit\u00e9 du coup d\u2019\u00c9tat - Mali<\/title>\n<meta name=\"description\" content=\"Pour les membres du grin, tout est d\u00e9sormais clair, c\u2019est la non reconduction au gouvernement des deux Colonels, Sadio C ...\" \/>\n<meta name=\"robots\" content=\"index, follow, max-snippet:-1, max-image-preview:large, max-video-preview:-1\" \/>\n<link rel=\"canonical\" href=\"https:\/\/www.africa-press.net\/mali\/politique\/ca-se-passe-au-grin-aux-colonels-siadio-et-modibo-de-nous-prouver-lutilite-du-coup-detat\" \/>\n<meta property=\"og:locale\" content=\"fr_FR\" \/>\n<meta property=\"og:type\" content=\"article\" \/>\n<meta property=\"og:title\" content=\"\u00c7a se passe au grin : Aux Colonels Siadio et Modibo de nous prouver l\u2019utilit\u00e9 du coup d\u2019\u00c9tat\" \/>\n<meta property=\"og:description\" content=\"Pour les membres du grin, tout est d\u00e9sormais clair, c\u2019est la non reconduction au gouvernement des deux Colonels, Sadio C ...\" \/>\n<meta property=\"og:url\" content=\"https:\/\/www.africa-press.net\/mali\/politique\/ca-se-passe-au-grin-aux-colonels-siadio-et-modibo-de-nous-prouver-lutilite-du-coup-detat\" \/>\n<meta property=\"og:site_name\" content=\"Mali\" \/>\n<meta property=\"article:publisher\" content=\"https:\/\/www.facebook.com\/AfricaPressTunisiaa\" \/>\n<meta property=\"article:published_time\" content=\"2021-06-16T19:20:09+00:00\" \/>\n<meta property=\"og:image\" content=\"https:\/\/static.africa-press.net\/mali\/sites\/21\/2021\/06\/img-60ca444c48ef1.jpg\" \/>\n\t<meta property=\"og:image:width\" content=\"720\" \/>\n\t<meta property=\"og:image:height\" content=\"481\" \/>\n\t<meta property=\"og:image:type\" content=\"image\/jpeg\" \/>\n<meta name=\"author\" content=\"cfeditorfr\" \/>\n<meta name=\"twitter:card\" content=\"summary_large_image\" \/>\n<meta name=\"twitter:label1\" content=\"\u00c9crit par\" \/>\n\t<meta name=\"twitter:data1\" content=\"cfeditorfr\" \/>\n\t<meta name=\"twitter:label2\" content=\"Dur\u00e9e de lecture estim\u00e9e\" \/>\n\t<meta name=\"twitter:data2\" content=\"1 minute\" \/>\n<script type=\"application\/ld+json\" class=\"yoast-schema-graph\">{\"@context\":\"https:\/\/schema.org\",\"@graph\":[{\"@type\":\"Article\",\"@id\":\"https:\/\/www.africa-press.net\/mali\/politique\/ca-se-passe-au-grin-aux-colonels-siadio-et-modibo-de-nous-prouver-lutilite-du-coup-detat#article\",\"isPartOf\":{\"@id\":\"https:\/\/www.africa-press.net\/mali\/politique\/ca-se-passe-au-grin-aux-colonels-siadio-et-modibo-de-nous-prouver-lutilite-du-coup-detat\"},\"author\":{\"name\":\"cfeditorfr\",\"@id\":\"https:\/\/www.africa-press.net\/mali\/#\/schema\/person\/2b1cf3cd81a31e3cd26889ca66d677f1\"},\"headline\":\"\u00c7a se passe au grin : Aux Colonels Siadio et Modibo de nous prouver l\u2019utilit\u00e9 du coup d\u2019\u00c9tat\",\"datePublished\":\"2021-06-16T19:20:09+00:00\",\"mainEntityOfPage\":{\"@id\":\"https:\/\/www.africa-press.net\/mali\/politique\/ca-se-passe-au-grin-aux-colonels-siadio-et-modibo-de-nous-prouver-lutilite-du-coup-detat\"},\"wordCount\":279,\"commentCount\":0,\"image\":{\"@id\":\"https:\/\/www.africa-press.net\/mali\/politique\/ca-se-passe-au-grin-aux-colonels-siadio-et-modibo-de-nous-prouver-lutilite-du-coup-detat#primaryimage\"},\"thumbnailUrl\":\"https:\/\/static.africa-press.net\/mali\/sites\/21\/2021\/06\/img-60ca444c48ef1.jpg\",\"keywords\":[\"Africa Press\",\"Africa Press-Mali\",\"mali\"],\"articleSection\":[\"homepage-french\",\"Politique\",\"Toutes les actualit\u00e9s\"],\"inLanguage\":\"fr-FR\",\"potentialAction\":[{\"@type\":\"CommentAction\",\"name\":\"Comment\",\"target\":[\"https:\/\/www.africa-press.net\/mali\/politique\/ca-se-passe-au-grin-aux-colonels-siadio-et-modibo-de-nous-prouver-lutilite-du-coup-detat#respond\"]}]},{\"@type\":\"WebPage\",\"@id\":\"https:\/\/www.africa-press.net\/mali\/politique\/ca-se-passe-au-grin-aux-colonels-siadio-et-modibo-de-nous-prouver-lutilite-du-coup-detat\",\"url\":\"https:\/\/www.africa-press.net\/mali\/politique\/ca-se-passe-au-grin-aux-colonels-siadio-et-modibo-de-nous-prouver-lutilite-du-coup-detat\",\"name\":\"\u00c7a se passe au grin : Aux Colonels Siadio et Modibo de nous prouver l\u2019utilit\u00e9 du coup d\u2019\u00c9tat - Mali\",\"isPartOf\":{\"@id\":\"https:\/\/www.africa-press.net\/mali\/#website\"},\"primaryImageOfPage\":{\"@id\":\"https:\/\/www.africa-press.net\/mali\/politique\/ca-se-passe-au-grin-aux-colonels-siadio-et-modibo-de-nous-prouver-lutilite-du-coup-detat#primaryimage\"},\"image\":{\"@id\":\"https:\/\/www.africa-press.net\/mali\/politique\/ca-se-passe-au-grin-aux-colonels-siadio-et-modibo-de-nous-prouver-lutilite-du-coup-detat#primaryimage\"},\"thumbnailUrl\":\"https:\/\/static.africa-press.net\/mali\/sites\/21\/2021\/06\/img-60ca444c48ef1.jpg\",\"datePublished\":\"2021-06-16T19:20:09+00:00\",\"author\":{\"@id\":\"https:\/\/www.africa-press.net\/mali\/#\/schema\/person\/2b1cf3cd81a31e3cd26889ca66d677f1\"},\"description\":\"Pour les membres du grin, tout est d\u00e9sormais clair, c\u2019est la non reconduction au gouvernement des deux Colonels, Sadio C ...\",\"breadcrumb\":{\"@id\":\"https:\/\/www.africa-press.net\/mali\/politique\/ca-se-passe-au-grin-aux-colonels-siadio-et-modibo-de-nous-prouver-lutilite-du-coup-detat#breadcrumb\"},\"inLanguage\":\"fr-FR\",\"potentialAction\":[{\"@type\":\"ReadAction\",\"target\":[\"https:\/\/www.africa-press.net\/mali\/politique\/ca-se-passe-au-grin-aux-colonels-siadio-et-modibo-de-nous-prouver-lutilite-du-coup-detat\"]}]},{\"@type\":\"ImageObject\",\"inLanguage\":\"fr-FR\",\"@id\":\"https:\/\/www.africa-press.net\/mali\/politique\/ca-se-passe-au-grin-aux-colonels-siadio-et-modibo-de-nous-prouver-lutilite-du-coup-detat#primaryimage\",\"url\":\"https:\/\/static.africa-press.net\/mali\/sites\/21\/2021\/06\/img-60ca444c48ef1.jpg\",\"contentUrl\":\"https:\/\/static.africa-press.net\/mali\/sites\/21\/2021\/06\/img-60ca444c48ef1.jpg\",\"width\":720,\"height\":481,\"caption\":\"\u00c7a se passe au grin : Aux Colonels Siadio et Modibo de nous prouver l\u2019utilit\u00e9 du coup d\u2019\u00c9tat\"},{\"@type\":\"BreadcrumbList\",\"@id\":\"https:\/\/www.africa-press.net\/mali\/politique\/ca-se-passe-au-grin-aux-colonels-siadio-et-modibo-de-nous-prouver-lutilite-du-coup-detat#breadcrumb\",\"itemListElement\":[{\"@type\":\"ListItem\",\"position\":1,\"name\":\"Home\",\"item\":\"https:\/\/www.africa-press.net\/mali\/\"},{\"@type\":\"ListItem\",\"position\":2,\"name\":\"\u00c7a se passe au grin : Aux Colonels Siadio et Modibo de nous prouver l\u2019utilit\u00e9 du coup d\u2019\u00c9tat\"}]},{\"@type\":\"WebSite\",\"@id\":\"https:\/\/www.africa-press.net\/mali\/#website\",\"url\":\"https:\/\/www.africa-press.net\/mali\/\",\"name\":\"Mali\",\"description\":\"Just another Africa News Agency Sites site\",\"potentialAction\":[{\"@type\":\"SearchAction\",\"target\":{\"@type\":\"EntryPoint\",\"urlTemplate\":\"https:\/\/www.africa-press.net\/mali\/?s={search_term_string}\"},\"query-input\":{\"@type\":\"PropertyValueSpecification\",\"valueRequired\":true,\"valueName\":\"search_term_string\"}}],\"inLanguage\":\"fr-FR\"},{\"@type\":\"Person\",\"@id\":\"https:\/\/www.africa-press.net\/mali\/#\/schema\/person\/2b1cf3cd81a31e3cd26889ca66d677f1\",\"name\":\"cfeditorfr\"}]}<\/script>\n<!-- \/ Yoast SEO Premium plugin. -->","yoast_head_json":{"title":"\u00c7a se passe au grin : Aux Colonels Siadio et Modibo de nous prouver l\u2019utilit\u00e9 du coup d\u2019\u00c9tat - Mali","description":"Pour les membres du grin, tout est d\u00e9sormais clair, c\u2019est la non reconduction au gouvernement des deux Colonels, Sadio C ...","robots":{"index":"index","follow":"follow","max-snippet":"max-snippet:-1","max-image-preview":"max-image-preview:large","max-video-preview":"max-video-preview:-1"},"canonical":"https:\/\/www.africa-press.net\/mali\/politique\/ca-se-passe-au-grin-aux-colonels-siadio-et-modibo-de-nous-prouver-lutilite-du-coup-detat","og_locale":"fr_FR","og_type":"article","og_title":"\u00c7a se passe au grin : Aux Colonels Siadio et Modibo de nous prouver l\u2019utilit\u00e9 du coup d\u2019\u00c9tat","og_description":"Pour les membres du grin, tout est d\u00e9sormais clair, c\u2019est la non reconduction au gouvernement des deux Colonels, Sadio C ...","og_url":"https:\/\/www.africa-press.net\/mali\/politique\/ca-se-passe-au-grin-aux-colonels-siadio-et-modibo-de-nous-prouver-lutilite-du-coup-detat","og_site_name":"Mali","article_publisher":"https:\/\/www.facebook.com\/AfricaPressTunisiaa","article_published_time":"2021-06-16T19:20:09+00:00","og_image":[{"width":720,"height":481,"url":"https:\/\/static.africa-press.net\/mali\/sites\/21\/2021\/06\/img-60ca444c48ef1.jpg","type":"image\/jpeg"}],"author":"cfeditorfr","twitter_card":"summary_large_image","twitter_misc":{"\u00c9crit par":"cfeditorfr","Dur\u00e9e de lecture estim\u00e9e":"1 minute"},"schema":{"@context":"https:\/\/schema.org","@graph":[{"@type":"Article","@id":"https:\/\/www.africa-press.net\/mali\/politique\/ca-se-passe-au-grin-aux-colonels-siadio-et-modibo-de-nous-prouver-lutilite-du-coup-detat#article","isPartOf":{"@id":"https:\/\/www.africa-press.net\/mali\/politique\/ca-se-passe-au-grin-aux-colonels-siadio-et-modibo-de-nous-prouver-lutilite-du-coup-detat"},"author":{"name":"cfeditorfr","@id":"https:\/\/www.africa-press.net\/mali\/#\/schema\/person\/2b1cf3cd81a31e3cd26889ca66d677f1"},"headline":"\u00c7a se passe au grin : Aux Colonels Siadio et Modibo de nous prouver l\u2019utilit\u00e9 du coup d\u2019\u00c9tat","datePublished":"2021-06-16T19:20:09+00:00","mainEntityOfPage":{"@id":"https:\/\/www.africa-press.net\/mali\/politique\/ca-se-passe-au-grin-aux-colonels-siadio-et-modibo-de-nous-prouver-lutilite-du-coup-detat"},"wordCount":279,"commentCount":0,"image":{"@id":"https:\/\/www.africa-press.net\/mali\/politique\/ca-se-passe-au-grin-aux-colonels-siadio-et-modibo-de-nous-prouver-lutilite-du-coup-detat#primaryimage"},"thumbnailUrl":"https:\/\/static.africa-press.net\/mali\/sites\/21\/2021\/06\/img-60ca444c48ef1.jpg","keywords":["Africa Press","Africa Press-Mali","mali"],"articleSection":["homepage-french","Politique","Toutes les actualit\u00e9s"],"inLanguage":"fr-FR","potentialAction":[{"@type":"CommentAction","name":"Comment","target":["https:\/\/www.africa-press.net\/mali\/politique\/ca-se-passe-au-grin-aux-colonels-siadio-et-modibo-de-nous-prouver-lutilite-du-coup-detat#respond"]}]},{"@type":"WebPage","@id":"https:\/\/www.africa-press.net\/mali\/politique\/ca-se-passe-au-grin-aux-colonels-siadio-et-modibo-de-nous-prouver-lutilite-du-coup-detat","url":"https:\/\/www.africa-press.net\/mali\/politique\/ca-se-passe-au-grin-aux-colonels-siadio-et-modibo-de-nous-prouver-lutilite-du-coup-detat","name":"\u00c7a se passe au grin : Aux Colonels Siadio et Modibo de nous prouver l\u2019utilit\u00e9 du coup d\u2019\u00c9tat - Mali","isPartOf":{"@id":"https:\/\/www.africa-press.net\/mali\/#website"},"primaryImageOfPage":{"@id":"https:\/\/www.africa-press.net\/mali\/politique\/ca-se-passe-au-grin-aux-colonels-siadio-et-modibo-de-nous-prouver-lutilite-du-coup-detat#primaryimage"},"image":{"@id":"https:\/\/www.africa-press.net\/mali\/politique\/ca-se-passe-au-grin-aux-colonels-siadio-et-modibo-de-nous-prouver-lutilite-du-coup-detat#primaryimage"},"thumbnailUrl":"https:\/\/static.africa-press.net\/mali\/sites\/21\/2021\/06\/img-60ca444c48ef1.jpg","datePublished":"2021-06-16T19:20:09+00:00","author":{"@id":"https:\/\/www.africa-press.net\/mali\/#\/schema\/person\/2b1cf3cd81a31e3cd26889ca66d677f1"},"description":"Pour les membres du grin, tout est d\u00e9sormais clair, c\u2019est la non reconduction au gouvernement des deux Colonels, Sadio C ...","breadcrumb":{"@id":"https:\/\/www.africa-press.net\/mali\/politique\/ca-se-passe-au-grin-aux-colonels-siadio-et-modibo-de-nous-prouver-lutilite-du-coup-detat#breadcrumb"},"inLanguage":"fr-FR","potentialAction":[{"@type":"ReadAction","target":["https:\/\/www.africa-press.net\/mali\/politique\/ca-se-passe-au-grin-aux-colonels-siadio-et-modibo-de-nous-prouver-lutilite-du-coup-detat"]}]},{"@type":"ImageObject","inLanguage":"fr-FR","@id":"https:\/\/www.africa-press.net\/mali\/politique\/ca-se-passe-au-grin-aux-colonels-siadio-et-modibo-de-nous-prouver-lutilite-du-coup-detat#primaryimage","url":"https:\/\/static.africa-press.net\/mali\/sites\/21\/2021\/06\/img-60ca444c48ef1.jpg","contentUrl":"https:\/\/static.africa-press.net\/mali\/sites\/21\/2021\/06\/img-60ca444c48ef1.jpg","width":720,"height":481,"caption":"\u00c7a se passe au grin : Aux Colonels Siadio et Modibo de nous prouver l\u2019utilit\u00e9 du coup d\u2019\u00c9tat"},{"@type":"BreadcrumbList","@id":"https:\/\/www.africa-press.net\/mali\/politique\/ca-se-passe-au-grin-aux-colonels-siadio-et-modibo-de-nous-prouver-lutilite-du-coup-detat#breadcrumb","itemListElement":[{"@type":"ListItem","position":1,"name":"Home","item":"https:\/\/www.africa-press.net\/mali\/"},{"@type":"ListItem","position":2,"name":"\u00c7a se passe au grin : Aux Colonels Siadio et Modibo de nous prouver l\u2019utilit\u00e9 du coup d\u2019\u00c9tat"}]},{"@type":"WebSite","@id":"https:\/\/www.africa-press.net\/mali\/#website","url":"https:\/\/www.africa-press.net\/mali\/","name":"Mali","description":"Just another Africa News Agency Sites site","potentialAction":[{"@type":"SearchAction","target":{"@type":"EntryPoint","urlTemplate":"https:\/\/www.africa-press.net\/mali\/?s={search_term_string}"},"query-input":{"@type":"PropertyValueSpecification","valueRequired":true,"valueName":"search_term_string"}}],"inLanguage":"fr-FR"},{"@type":"Person","@id":"https:\/\/www.africa-press.net\/mali\/#\/schema\/person\/2b1cf3cd81a31e3cd26889ca66d677f1","name":"cfeditorfr"}]}},"_links":{"self":[{"href":"https:\/\/www.africa-press.net\/mali\/wp-json\/wp\/v2\/posts\/2980","targetHints":{"allow":["GET"]}}],"collection":[{"href":"https:\/\/www.africa-press.net\/mali\/wp-json\/wp\/v2\/posts"}],"about":[{"href":"https:\/\/www.africa-press.net\/mali\/wp-json\/wp\/v2\/types\/post"}],"author":[{"embeddable":true,"href":"https:\/\/www.africa-press.net\/mali\/wp-json\/wp\/v2\/users\/82"}],"replies":[{"embeddable":true,"href":"https:\/\/www.africa-press.net\/mali\/wp-json\/wp\/v2\/comments?post=2980"}],"version-history":[{"count":0,"href":"https:\/\/www.africa-press.net\/mali\/wp-json\/wp\/v2\/posts\/2980\/revisions"}],"wp:featuredmedia":[{"embeddable":true,"href":"https:\/\/www.africa-press.net\/mali\/wp-json\/wp\/v2\/media\/2979"}],"wp:attachment":[{"href":"https:\/\/www.africa-press.net\/mali\/wp-json\/wp\/v2\/media?parent=2980"}],"wp:term":[{"taxonomy":"category","embeddable":true,"href":"https:\/\/www.africa-press.net\/mali\/wp-json\/wp\/v2\/categories?post=2980"},{"taxonomy":"post_tag","embeddable":true,"href":"https:\/\/www.africa-press.net\/mali\/wp-json\/wp\/v2\/tags?post=2980"}],"curies":[{"name":"wp","href":"https:\/\/api.w.org\/{rel}","templated":true}]}}