{"id":3034,"date":"2021-06-17T21:01:31","date_gmt":"2021-06-17T21:01:31","guid":{"rendered":"https:\/\/www.africa-press.net\/mali\/?p=3034"},"modified":"2021-06-17T20:22:57","modified_gmt":"2021-06-17T20:22:57","slug":"qui-sont-les-nouveaux-ministres-2","status":"publish","type":"post","link":"https:\/\/www.africa-press.net\/mali\/top-nouvelles\/qui-sont-les-nouveaux-ministres-2","title":{"rendered":"Qui sont les nouveaux ministres ? (2)"},"content":{"rendered":"<p><span style=\"color: #ff6600\"><strong><a href=\"https:\/\/www.africa-press.net\/\">Africa-Press<\/a> &#8211; <a href=\"https:\/\/www.africa-press.net\/mali\">Mali<\/a>. <\/strong><\/span><b>Ibrahim Ikassa Ma\u00efga, ministre de la refondation de l\u2019Etat, charg\u00e9 des Relations avec les Institutions<\/b><\/p>\n<p>N\u00e9 le 5 f\u00e9vrier 1971 \u00e0 Tondibi dans le cercle de Bourem-Foghass, Ibrahim Ikassa Ma\u00efga fait son enfance \u00e0 S\u00e9var\u00e9 dans la R\u00e9gion de Mopti o\u00f9 s\u2019installe sa famille. Il y effectue ses \u00e9tudes fondamentales et secondaires et obtient le Bac en langues et litt\u00e9rature en 1991.<\/p>\n<p>Orient\u00e9 \u00e0 l\u2019Ecole Nationale d\u2019Administration de Bamako \u2013 Promotion \u00ab Feu Ti\u00e9moko Diatigui Diarra \u00bb, il obtient sa ma\u00eetrise en sciences juridiques en juin 1996, puis un dipl\u00f4me de 3e cycle en Droit \u00e9conomique international obtenu \u00e0 la Facult\u00e9 de droit et sciences politiques de l\u2019Universit\u00e9 de Ouagadougou au Burkina Faso.<\/p>\n<p>De retour au Mali, il commence imm\u00e9diatement par une carri\u00e8re d\u2019enseignant dans son \u00e9tablissement sup\u00e9rieur d\u2019origine au Mali, \u00e9rig\u00e9 entre-temps en Facult\u00e9 de sciences juridiques et \u00e9conomiques de l\u2019Universit\u00e9 de Bamako, et dans plusieurs autres \u00e9tablissements d\u2019enseignement priv\u00e9s de la capitale.<\/p>\n<p>Parall\u00e8lement, Ibrahim Ikassa Ma\u00efga travaille pour la pr\u00e9sidence de la R\u00e9publique du Mali en qualit\u00e9 de charg\u00e9 de mission au cabinet du conseiller charg\u00e9 de l\u2019Analyse, de la Synth\u00e8se et de la Prospective juridiques, politico-administratives et \u00e9conomiques (DAS), puis de juriste \u00e0 la BNDA-Mali et de responsable juridique \u00e0 Ecobank-Mali, et enfin comme coordonnateur de la gestion des ressources humaines pour le Groupe sud-africain BME-OMNIA pour la Zone Afrique de l\u2019Ouest.<\/p>\n<p>Tr\u00e8s actif dans le domaine associatif depuis sa tendre jeunesse, Ibrahim Ikassa entre plus tard en politique et milite \u00e0 l\u2019Union pour la R\u00e9publique et la D\u00e9mocratie (URD) o\u00f9 il si\u00e8ge au Secr\u00e9tariat charg\u00e9 de la Justice et des Institutions au sein du Bureau Ex\u00e9cutif National dudit Parti.<\/p>\n<p>Elu au Conseil municipal de la Commune de Taboye (Bourem\/Gao) depuis 2016, il se porte candidat au scrutin l\u00e9gislatif de la circonscription de Bourem de mars 2020, o\u00f9 il perd l\u2019\u00e9lection.<\/p>\n<p>Dans la foul\u00e9e, il participe \u00e0 la cr\u00e9ation du mouvement Espoir Mali Koura (EMK) et du Mouvement du 5 Juin-Rassemblement des Forces Patriotiques (M5-RFP), o\u00f9 il si\u00e8ge au sein du Comit\u00e9 strat\u00e9gique comme Coordinateur national et porte-parole.<\/p>\n<p>Mari\u00e9, p\u00e8re de sept enfants (trois gar\u00e7ons et quatre filles), Ibrahim Ikassa Ma\u00efga commun\u00e9ment appel\u00e9 Ikassa, du pr\u00e9nom de feu son p\u00e8re, parle parfaitement le fran\u00e7ais, le songhay et le bambara et moyennement l\u2019anglais avec des rudiments de peulh et d\u2019arabe. Il aime la lecture, la t\u00e9l\u00e9vision, le cin\u00e9ma, la musique, la marche et le voyage.<\/p>\n<p><b>Mme Wadidi\u00e9 Foun\u00e8 Coulibaly, ministre de la promotion de la Femme, de l\u2019Enfant et de la Famille<\/b><\/p>\n<p>D\u00e9tentrice d\u2019un master en gestion des entreprises et administration, Foun\u00e9 Wadidi\u00e9 travaillait, jusqu\u2019\u00e0 sa nomination \u00e0 ce poste, \u00e0 la Canam en tant qu\u2019inspecteur de s\u00e9curit\u00e9 sociale. Connue pour ses qualit\u00e9s d\u2019activiste, la d\u00e9sormais ministre en charge de la promotion f\u00e9minine militait aussi au sein du comit\u00e9 syndical de la Caisse nationale d\u2019assurance maladie, au poste de secr\u00e9taire aux relations ext\u00e9rieures. Elle \u00e9tait \u00e9galement membre de la section SAG Syntagme, en qualit\u00e9 de Secr\u00e9taire charg\u00e9e des relations f\u00e9minines.<\/p>\n<p>Auparavant, avant d\u2019int\u00e9grer la Canam, Foun\u00e8 Wadidi\u00e9 a servi, de 2010 \u00e0 2011, \u00e0 WAMACOM \u00c9quipement SARL, o\u00f9 elle \u00e9tait employ\u00e9e comme gestionnaire administrative et financi\u00e8re, charg\u00e9e, entre autres, de coordonner \u00bb les achats fournisseurs, les suivis-produit \u00ab et la satisfaction de la client\u00e8le. Elle a aussi travaill\u00e9 comme b\u00e9n\u00e9vole \u00e0 la Croix-Rouge Internationale, \u00e0 Paris, en 2009, et \u00e9galement \u00e0 la mairie de Paris, aupr\u00e8s du Secr\u00e9taire \u00e0 la Jeunesse comme stagiaire. Elle fera valoir ses comp\u00e9tences aussi \u00e0 l\u2019Auberge Notre Dame de Paris, en qualit\u00e9 de gestionnaire administrative et financi\u00e8re, de 2008 jusqu\u2019en 2010, ann\u00e9e au cours de laquelle elle va effectuer une formation au centre d\u2019analyse strat\u00e9gique de Toulouse sur l\u2019orientation de l\u2019aide au d\u00e9veloppement en Afrique.<\/p>\n<p>Aussi, Mme Wadidi\u00e9 Foun\u00e8 Coulibaly a aussi pris part, en ao\u00fbt 2019, \u00e0 la formation sur la pratique de l\u2019audit et du bilan social, proc\u00e9dures de description des postes et de gestion pr\u00e9visionnelle des emplois et des carri\u00e8res, au compte de la Canam, \u00e0 la formation sur les dispositions pratiques lors des passations de march\u00e9s, de contrats et de recrutement de personnel.<\/p>\n<p>Rappelons que Mme WADIDIE Foun\u00e8 Coulibaly est un membre actif du mouvement \u00ab Trop c\u2019est trop \u00bb, porte-parole du mouvement \u00ab Debout sur les remparts \u00bb et de \u00ab On a tout compris \u00bb.<\/p>\n<p>Elle est \u00e9galement membre du mouvement \u00bb Ant\u00e8 abana \u00ab et du comit\u00e9 directeur du Mouvement D\u00e9mocratique Populaire (MDP). Assistante du Directeur de campagne de l\u2019URD, lors de l\u2019\u00e9lection pr\u00e9sidentielle de 2018, Mme Coulibaly a aussi pris part, en tant que candidate, aux l\u00e9gislatives de 2020, en Commune V.<\/p>\n<p><b>Modibo Kon\u00e9, ministre de l\u2019environnement, de l\u2019assainissement et du d\u00e9veloppement durable<\/b><\/p>\n<p>N\u00e9 \u00e0 Markala le 17 septembre 1958, Modibo Kon\u00e9 est dipl\u00f4m\u00e9 de l\u2019Ecole Nationale d\u2019Ing\u00e9nieurs (ENI) de Bamako. Outre ce dipl\u00f4me d\u2019ing\u00e9nieur des sciences appliqu\u00e9es obtenu en 1983, le ministre de l\u2019environnement a entre autres un dipl\u00f4me d\u2019\u00e9tudes approfondies (DEA) en Hydraulique Agricole de l\u2019Ecole Inter-Etats d\u2019Ing\u00e9nieurs et d\u2019Equipement Rural de Ouagadougou, un dipl\u00f4me d\u2019\u00e9tudes sup\u00e9rieures sp\u00e9cialis\u00e9es (DESS) en gestion des entreprises, sp\u00e9cialit\u00e9 management des projets de d\u00e9veloppement du CESAG de Dakar et un certificat en \u00e9valuation de projets d\u2019infrastructures de la c\u00e9l\u00e8bre Ecole Nationale des Ponts et Chauss\u00e9es de Paris.<\/p>\n<p>De 1985 \u00e0 f\u00e9vrier 1995, il sert \u00e0 l\u2019Office du Niger avant d\u2019int\u00e9grer la Banque Ouest-Africaine de D\u00e9veloppement (BOAD). De 1995 \u00e0 2015, il est entre autres responsable-superviseur de 25 projets, au B\u00e9nin, au Burkina Faso, en C\u00f4te d\u2019Ivoire, au Mali et au Togo ; charg\u00e9 de suivi des projets \u00e0 la division des infrastructures et de l\u2019\u00e9nergie ; Chef de la Mission R\u00e9sidente de la BOAD au S\u00e9n\u00e9gal et en Guin\u00e9e Bissau, Directeur du d\u00e9veloppement rural et des infrastructures puis Directeur des op\u00e9rations de la BOAD.<\/p>\n<p>Sp\u00e9cialiste financier et Expert en D\u00e9veloppement Rural, il prend en 2015 les commandes de la Compagnies de d\u00e9veloppement du textile (CMDT) avant de retourner \u00e0 la BOAD.<\/p>\n<p>En 2018, Modibo Kon\u00e9 fonde le Mouvement Mali Kanu et se porte candidat \u00e0 l\u2019\u00e9lection du Pr\u00e9sident de la R\u00e9publique. Arriv\u00e9 7\u00e8me sur 24 candidat avec 72 941 voix soit 2,29%, il appelle \u00e0 voter pour le pr\u00e9sident IBK au second tour. Par la suite, le Mouvement Mali Kanu devient une formation politique. Et Modibo Kon\u00e9 s\u2019engage au sein du Mouvement du 5 Juin-Rassemblement des Forces patriotiques (M5-RFP).<\/p>\n<p><b>Mme Diawara Aoua Paul Diallo, ministre du Travail, de la Fonction Publique et du Dialogue social<\/b><\/p>\n<p>Mme Diawara Aoua Paul Diallo est une brillante administratrice en d\u00e9veloppement \u00e9conomique et social. Elle titulaire d\u2019une ma\u00eetrise en Administration Publique \u00e0 l\u2019\u00c9cole Nationale d\u2019Administration du Mali, ENA en 1978. En 1984 Mme Diawara Aoua Paul Diawara obtient un Certificat en \u00ab S\u00e9minaire Francophone en Management du D\u00e9veloppement \u00bb \u00e0 l\u2019Universit\u00e9 de Pittsburgh, USA. Puis 1985 en \u00ab Management Communication for Development \u00bb, \u00e0 Washington DC, USA.<\/p>\n<p>Et 1986 sur base de s\u00e9lection dans le cadre du financement USAID du programme \u2018Leadership Development Training Programme elle eut un Master en affaires publique et internationales option D\u00e9veloppement \u00c9conomique et Social \u00e0 l\u2019Universit\u00e9 de Pittsburgh, Pennsylvania, USA.<\/p>\n<p>Pour parfaire sa formation Professionnelle Mme Diawara Participe \u00e0 plusieurs formations entre 2002 et 2009 dont les plus importantes sont : \u2013 Un atelier sur les comp\u00e9tences de Coordination et de leadership de l\u2019\u00c9quipe Pays des Nations Unies, \u00e0 Turin, en Italie ;<\/p>\n<p>\u2013 Des r\u00e9unions R\u00e9gionales de Management, avec des sessions de d\u00e9veloppement de capacit\u00e9s<\/p>\n<p>Elle d\u00e9veloppe \u00e9galement ses Comp\u00e9tences en Management de Programme de D\u00e9veloppement, N\u00e9gociation et Conversations Difficiles \u2013 Genre et VIH sont des notions qui sont pas en reste chez Mme Diawara;<\/p>\n<p>\u2013 Et pour \u00ab Writing Effectively for UNAIDS \u00bb, en 2003 en ligne avec COL University, New York, USA, sanctionn\u00e9 par un Certificat en \u00e9laboration de rapport en anglais (report Writing).<\/p>\n<p>Atelier de formation des \u00ab Learning Manager \u00bb dans le cadre de \u00ab UNDP change programme \u00bb, en 2002 \u00e0 Kuala Lumpur en Malaisie. Pour ne citer que celles-l\u00e0. EXPERIENCE PROFESSIONNELLE<\/p>\n<p>Mme Diawara Aoua Paul Diallo dispose d\u2019une large gamme d\u2019exp\u00e9riences dans l\u2019\u00e9laboration de politiques, la planification, programmation, l\u2019organisation, la direction, la coordination, le suivi-\u00e9valuation portant sur les secteurs sociaux (gouvernance sociale) y compris les exp\u00e9riences des pays en crise et post-crise (Mauritanie dans les ann\u00e9es 90, Congo Brazzaville avant et apr\u00e8s la crise, C\u00f4te d\u2019Ivoire et d\u2019autres pays dans le cadre des initiatives sous r\u00e9gionales.<\/p>\n<p>Membre du Security Management Team des Nations Unies dans les deux pays, qui est l\u2019espace o\u00f9 sont discut\u00e9es les questions de s\u00e9curit\u00e9 ; mais \u00e9galement membre du COMITE INTER-AGENCES DE COORDINATION HUMANITAIRE, l\u2019espace pour discuter et apporter une r\u00e9ponse aux probl\u00e8mes humanitaires occasionn\u00e9s par la crise.<\/p>\n<p>Fonctionnaire de l\u2019\u00c9tat De 1978 \u00e0 1983 elle occupe le poste de Chef du Personnel\/gestion des ressources humaines au Minist\u00e8re de l\u2019Industrie sis Direction Nationale de la G\u00e9ologie et des Mines. De 1986 \u00e0 1992 Mme Diawara Aoua Paul est Fonctionnaire national de l\u2019OMS.<\/p>\n<p>De 1992 \u00e0 1994 elle est administrateur Technique International du Programme National de Lutte contre le SIDA, Organisation Mondiale de la Sant\u00e9, Mauritanie. De F\u00e9vrier 1996 \u00e0 septembre 2002 Analyste de Programme au PNUD\/Mali charg\u00e9e de la Gouvernance Sociale (\u00c9ducation, Sant\u00e9, VIH\/SIDA, etc.)<\/p>\n<p>Administrateur Technique International au Bureau R\u00e9gional de l\u2019Organisation Mondiale de la Sant\u00e9 de 1994 \u00e0 1995, Brazzaville, Mme Diawara \u00e9tait Coordonnateur ONUSIDA d\u2019Octobre 2002 \u00e0 Septembre 2005 toujours pour la R\u00e9publique du Congo. D\u2019Octobre 2005 \u00e0 D\u00e9cembre 2009, elle fut Coordonnateur ONUSIDA en C\u00f4te d\u2019Ivoire. De Janvier 2010 \u00e0 Mars 2011, elle est Chef D\u2019\u00c9quipe, de l\u2019Unit\u00e9 de Coordination Pays, \u00e0 Gen\u00e8ve. Et enfin depuis 2011 \u00e0 nos jours elle est rest\u00e9e Consultante et Promotrice d\u2019\u00e9cole.<\/p>\n<p>Mme Diawara Aoua Paul Diallo est une p\u00e9pite en mati\u00e8re de comp\u00e9tences professionnelles. Elle s\u2019y conna\u00eet en Gouvernance sociale, en Management des programmes des secteurs sociaux (\u00c9ducation, sant\u00e9, VIH\/sida) ; en Planification, formulation\/\u00e9laboration et suivi et \u00e9valuation : elle a notamment particip\u00e9 \u00e0 l\u2019\u00e9laboration de politiques et programmes, planification strat\u00e9gique et \u00e9laboration de plans r\u00e9gionaux\/ou d\u00e9partementaux et sectoriels, et des projets conjoints d\u2019appui des partenaires techniques et financiers \u00e0 la mise en \u0153uvre du programme national ; int\u00e9gration du volet VIH dans les instruments humanitaires ;<\/p>\n<p>Mme Diawara est une mine dans le domaine de Suivi et \u00e9valuation de la mise en \u0153uvre des plans strat\u00e9giques, des programmes et projets ; facilitation des revues participatives r\u00e9guli\u00e8res (annuelle), des revues \u00e0 mi-parcours, des revues externes et d\u2019\u00e9valuation finale ;<\/p>\n<p>Mais \u00e9galement en Coordination des diff\u00e9rents intervenants et interventions en vue d\u2019une maximisation des appuis et une utilisation efficiente et efficace des ressources techniques, financi\u00e8res et mat\u00e9rielles ; facilitation du travail d\u2019\u00e9quipe.<\/p>\n<p>Le D\u00e9veloppement institutionnel, mobilisation des ressources ainsi que la Participation \u00e0 l\u2019\u00e9laboration de programme de D\u00e9sarmement, de D\u00e9mobilisation et de R\u00e9insertion des anciens combattants en C\u00f4te d\u2019Ivoire : volet VIH, n\u2019ont aucun secret pour Mme Diawara Aoua Paul. Tant de comp\u00e9tences parmi d\u2019autres. \u00c0 68 ans, Mme Diawara Aoua Paul Diallo s\u2019exprime parfaitement en Bambara, Fran\u00e7ais, et en Anglais<\/p>\n","protected":false},"excerpt":{"rendered":"<p>Africa-Press &#8211; Mali. Ibrahim Ikassa Ma\u00efga, ministre de la refondation de l\u2019Etat, charg\u00e9 des Relations avec les Institutions N\u00e9 le 5 f\u00e9vrier 1971 \u00e0 Tondibi dans le cercle de Bourem-Foghass, Ibrahim Ikassa Ma\u00efga fait son enfance \u00e0 S\u00e9var\u00e9 dans la R\u00e9gion de Mopti o\u00f9 s\u2019installe sa famille. Il y effectue ses \u00e9tudes fondamentales et secondaires [&hellip;]<\/p>\n","protected":false},"author":82,"featured_media":3033,"comment_status":"open","ping_status":"closed","sticky":false,"template":"","format":"standard","meta":{"footnotes":""},"categories":[13,11,5,17],"tags":[76,86,19],"class_list":["post-3034","post","type-post","status-publish","format-standard","has-post-thumbnail","hentry","category-dossiers","category-homepage-french","category-top-nouvelles","category-toutes-les-actualites","tag-africa-press","tag-africa-press-mali","tag-mali"],"yoast_head":"<!-- This site is optimized with the Yoast SEO Premium plugin v26.1 (Yoast SEO v27.0) - https:\/\/yoast.com\/product\/yoast-seo-premium-wordpress\/ -->\n<title>Qui sont les nouveaux ministres ? (2) - Mali<\/title>\n<meta name=\"description\" content=\"Ibrahim Ikassa Ma\u00efga, ministre de la refondation de l\u2019Etat, charg\u00e9 des Relations avec les Institutions N\u00e9 le 5 f ...\" \/>\n<meta name=\"robots\" content=\"index, follow, max-snippet:-1, max-image-preview:large, max-video-preview:-1\" \/>\n<link rel=\"canonical\" href=\"https:\/\/www.africa-press.net\/mali\/top-nouvelles\/qui-sont-les-nouveaux-ministres-2\" \/>\n<meta property=\"og:locale\" content=\"fr_FR\" \/>\n<meta property=\"og:type\" content=\"article\" \/>\n<meta property=\"og:title\" content=\"Qui sont les nouveaux ministres ? (2)\" \/>\n<meta property=\"og:description\" content=\"Ibrahim Ikassa Ma\u00efga, ministre de la refondation de l\u2019Etat, charg\u00e9 des Relations avec les Institutions N\u00e9 le 5 f ...\" \/>\n<meta property=\"og:url\" content=\"https:\/\/www.africa-press.net\/mali\/top-nouvelles\/qui-sont-les-nouveaux-ministres-2\" \/>\n<meta property=\"og:site_name\" content=\"Mali\" \/>\n<meta property=\"article:publisher\" content=\"https:\/\/www.facebook.com\/AfricaPressTunisiaa\" \/>\n<meta property=\"article:published_time\" content=\"2021-06-17T21:01:31+00:00\" \/>\n<meta property=\"og:image\" content=\"https:\/\/static.africa-press.net\/mali\/sites\/21\/2021\/06\/img-60cbaef7d4588.jpg\" \/>\n\t<meta property=\"og:image:width\" content=\"720\" \/>\n\t<meta property=\"og:image:height\" content=\"506\" \/>\n\t<meta property=\"og:image:type\" content=\"image\/jpeg\" \/>\n<meta name=\"author\" content=\"cfeditorfr\" \/>\n<meta name=\"twitter:card\" content=\"summary_large_image\" \/>\n<meta name=\"twitter:label1\" content=\"\u00c9crit par\" \/>\n\t<meta name=\"twitter:data1\" content=\"cfeditorfr\" \/>\n\t<meta name=\"twitter:label2\" content=\"Dur\u00e9e de lecture estim\u00e9e\" \/>\n\t<meta name=\"twitter:data2\" content=\"10 minutes\" \/>\n<script type=\"application\/ld+json\" class=\"yoast-schema-graph\">{\"@context\":\"https:\/\/schema.org\",\"@graph\":[{\"@type\":\"Article\",\"@id\":\"https:\/\/www.africa-press.net\/mali\/top-nouvelles\/qui-sont-les-nouveaux-ministres-2#article\",\"isPartOf\":{\"@id\":\"https:\/\/www.africa-press.net\/mali\/top-nouvelles\/qui-sont-les-nouveaux-ministres-2\"},\"author\":{\"name\":\"cfeditorfr\",\"@id\":\"https:\/\/www.africa-press.net\/mali\/#\/schema\/person\/2b1cf3cd81a31e3cd26889ca66d677f1\"},\"headline\":\"Qui sont les nouveaux ministres ? (2)\",\"datePublished\":\"2021-06-17T21:01:31+00:00\",\"mainEntityOfPage\":{\"@id\":\"https:\/\/www.africa-press.net\/mali\/top-nouvelles\/qui-sont-les-nouveaux-ministres-2\"},\"wordCount\":1920,\"commentCount\":0,\"image\":{\"@id\":\"https:\/\/www.africa-press.net\/mali\/top-nouvelles\/qui-sont-les-nouveaux-ministres-2#primaryimage\"},\"thumbnailUrl\":\"https:\/\/static.africa-press.net\/mali\/sites\/21\/2021\/06\/img-60cbaef7d4588.jpg\",\"keywords\":[\"Africa Press\",\"Africa Press-Mali\",\"mali\"],\"articleSection\":[\"Dossiers\",\"homepage-french\",\"Top Nouvelles\",\"Toutes les actualit\u00e9s\"],\"inLanguage\":\"fr-FR\",\"potentialAction\":[{\"@type\":\"CommentAction\",\"name\":\"Comment\",\"target\":[\"https:\/\/www.africa-press.net\/mali\/top-nouvelles\/qui-sont-les-nouveaux-ministres-2#respond\"]}]},{\"@type\":\"WebPage\",\"@id\":\"https:\/\/www.africa-press.net\/mali\/top-nouvelles\/qui-sont-les-nouveaux-ministres-2\",\"url\":\"https:\/\/www.africa-press.net\/mali\/top-nouvelles\/qui-sont-les-nouveaux-ministres-2\",\"name\":\"Qui sont les nouveaux ministres ? (2) - Mali\",\"isPartOf\":{\"@id\":\"https:\/\/www.africa-press.net\/mali\/#website\"},\"primaryImageOfPage\":{\"@id\":\"https:\/\/www.africa-press.net\/mali\/top-nouvelles\/qui-sont-les-nouveaux-ministres-2#primaryimage\"},\"image\":{\"@id\":\"https:\/\/www.africa-press.net\/mali\/top-nouvelles\/qui-sont-les-nouveaux-ministres-2#primaryimage\"},\"thumbnailUrl\":\"https:\/\/static.africa-press.net\/mali\/sites\/21\/2021\/06\/img-60cbaef7d4588.jpg\",\"datePublished\":\"2021-06-17T21:01:31+00:00\",\"author\":{\"@id\":\"https:\/\/www.africa-press.net\/mali\/#\/schema\/person\/2b1cf3cd81a31e3cd26889ca66d677f1\"},\"description\":\"Ibrahim Ikassa Ma\u00efga, ministre de la refondation de l\u2019Etat, charg\u00e9 des Relations avec les Institutions N\u00e9 le 5 f ...\",\"breadcrumb\":{\"@id\":\"https:\/\/www.africa-press.net\/mali\/top-nouvelles\/qui-sont-les-nouveaux-ministres-2#breadcrumb\"},\"inLanguage\":\"fr-FR\",\"potentialAction\":[{\"@type\":\"ReadAction\",\"target\":[\"https:\/\/www.africa-press.net\/mali\/top-nouvelles\/qui-sont-les-nouveaux-ministres-2\"]}]},{\"@type\":\"ImageObject\",\"inLanguage\":\"fr-FR\",\"@id\":\"https:\/\/www.africa-press.net\/mali\/top-nouvelles\/qui-sont-les-nouveaux-ministres-2#primaryimage\",\"url\":\"https:\/\/static.africa-press.net\/mali\/sites\/21\/2021\/06\/img-60cbaef7d4588.jpg\",\"contentUrl\":\"https:\/\/static.africa-press.net\/mali\/sites\/21\/2021\/06\/img-60cbaef7d4588.jpg\",\"width\":720,\"height\":506,\"caption\":\"Qui sont les nouveaux ministres ? (2)\"},{\"@type\":\"BreadcrumbList\",\"@id\":\"https:\/\/www.africa-press.net\/mali\/top-nouvelles\/qui-sont-les-nouveaux-ministres-2#breadcrumb\",\"itemListElement\":[{\"@type\":\"ListItem\",\"position\":1,\"name\":\"Home\",\"item\":\"https:\/\/www.africa-press.net\/mali\/\"},{\"@type\":\"ListItem\",\"position\":2,\"name\":\"Qui sont les nouveaux ministres ? (2)\"}]},{\"@type\":\"WebSite\",\"@id\":\"https:\/\/www.africa-press.net\/mali\/#website\",\"url\":\"https:\/\/www.africa-press.net\/mali\/\",\"name\":\"Mali\",\"description\":\"Just another Africa News Agency Sites site\",\"potentialAction\":[{\"@type\":\"SearchAction\",\"target\":{\"@type\":\"EntryPoint\",\"urlTemplate\":\"https:\/\/www.africa-press.net\/mali\/?s={search_term_string}\"},\"query-input\":{\"@type\":\"PropertyValueSpecification\",\"valueRequired\":true,\"valueName\":\"search_term_string\"}}],\"inLanguage\":\"fr-FR\"},{\"@type\":\"Person\",\"@id\":\"https:\/\/www.africa-press.net\/mali\/#\/schema\/person\/2b1cf3cd81a31e3cd26889ca66d677f1\",\"name\":\"cfeditorfr\"}]}<\/script>\n<!-- \/ Yoast SEO Premium plugin. -->","yoast_head_json":{"title":"Qui sont les nouveaux ministres ? (2) - Mali","description":"Ibrahim Ikassa Ma\u00efga, ministre de la refondation de l\u2019Etat, charg\u00e9 des Relations avec les Institutions N\u00e9 le 5 f ...","robots":{"index":"index","follow":"follow","max-snippet":"max-snippet:-1","max-image-preview":"max-image-preview:large","max-video-preview":"max-video-preview:-1"},"canonical":"https:\/\/www.africa-press.net\/mali\/top-nouvelles\/qui-sont-les-nouveaux-ministres-2","og_locale":"fr_FR","og_type":"article","og_title":"Qui sont les nouveaux ministres ? (2)","og_description":"Ibrahim Ikassa Ma\u00efga, ministre de la refondation de l\u2019Etat, charg\u00e9 des Relations avec les Institutions N\u00e9 le 5 f ...","og_url":"https:\/\/www.africa-press.net\/mali\/top-nouvelles\/qui-sont-les-nouveaux-ministres-2","og_site_name":"Mali","article_publisher":"https:\/\/www.facebook.com\/AfricaPressTunisiaa","article_published_time":"2021-06-17T21:01:31+00:00","og_image":[{"width":720,"height":506,"url":"https:\/\/static.africa-press.net\/mali\/sites\/21\/2021\/06\/img-60cbaef7d4588.jpg","type":"image\/jpeg"}],"author":"cfeditorfr","twitter_card":"summary_large_image","twitter_misc":{"\u00c9crit par":"cfeditorfr","Dur\u00e9e de lecture estim\u00e9e":"10 minutes"},"schema":{"@context":"https:\/\/schema.org","@graph":[{"@type":"Article","@id":"https:\/\/www.africa-press.net\/mali\/top-nouvelles\/qui-sont-les-nouveaux-ministres-2#article","isPartOf":{"@id":"https:\/\/www.africa-press.net\/mali\/top-nouvelles\/qui-sont-les-nouveaux-ministres-2"},"author":{"name":"cfeditorfr","@id":"https:\/\/www.africa-press.net\/mali\/#\/schema\/person\/2b1cf3cd81a31e3cd26889ca66d677f1"},"headline":"Qui sont les nouveaux ministres ? (2)","datePublished":"2021-06-17T21:01:31+00:00","mainEntityOfPage":{"@id":"https:\/\/www.africa-press.net\/mali\/top-nouvelles\/qui-sont-les-nouveaux-ministres-2"},"wordCount":1920,"commentCount":0,"image":{"@id":"https:\/\/www.africa-press.net\/mali\/top-nouvelles\/qui-sont-les-nouveaux-ministres-2#primaryimage"},"thumbnailUrl":"https:\/\/static.africa-press.net\/mali\/sites\/21\/2021\/06\/img-60cbaef7d4588.jpg","keywords":["Africa Press","Africa Press-Mali","mali"],"articleSection":["Dossiers","homepage-french","Top Nouvelles","Toutes les actualit\u00e9s"],"inLanguage":"fr-FR","potentialAction":[{"@type":"CommentAction","name":"Comment","target":["https:\/\/www.africa-press.net\/mali\/top-nouvelles\/qui-sont-les-nouveaux-ministres-2#respond"]}]},{"@type":"WebPage","@id":"https:\/\/www.africa-press.net\/mali\/top-nouvelles\/qui-sont-les-nouveaux-ministres-2","url":"https:\/\/www.africa-press.net\/mali\/top-nouvelles\/qui-sont-les-nouveaux-ministres-2","name":"Qui sont les nouveaux ministres ? (2) - Mali","isPartOf":{"@id":"https:\/\/www.africa-press.net\/mali\/#website"},"primaryImageOfPage":{"@id":"https:\/\/www.africa-press.net\/mali\/top-nouvelles\/qui-sont-les-nouveaux-ministres-2#primaryimage"},"image":{"@id":"https:\/\/www.africa-press.net\/mali\/top-nouvelles\/qui-sont-les-nouveaux-ministres-2#primaryimage"},"thumbnailUrl":"https:\/\/static.africa-press.net\/mali\/sites\/21\/2021\/06\/img-60cbaef7d4588.jpg","datePublished":"2021-06-17T21:01:31+00:00","author":{"@id":"https:\/\/www.africa-press.net\/mali\/#\/schema\/person\/2b1cf3cd81a31e3cd26889ca66d677f1"},"description":"Ibrahim Ikassa Ma\u00efga, ministre de la refondation de l\u2019Etat, charg\u00e9 des Relations avec les Institutions N\u00e9 le 5 f ...","breadcrumb":{"@id":"https:\/\/www.africa-press.net\/mali\/top-nouvelles\/qui-sont-les-nouveaux-ministres-2#breadcrumb"},"inLanguage":"fr-FR","potentialAction":[{"@type":"ReadAction","target":["https:\/\/www.africa-press.net\/mali\/top-nouvelles\/qui-sont-les-nouveaux-ministres-2"]}]},{"@type":"ImageObject","inLanguage":"fr-FR","@id":"https:\/\/www.africa-press.net\/mali\/top-nouvelles\/qui-sont-les-nouveaux-ministres-2#primaryimage","url":"https:\/\/static.africa-press.net\/mali\/sites\/21\/2021\/06\/img-60cbaef7d4588.jpg","contentUrl":"https:\/\/static.africa-press.net\/mali\/sites\/21\/2021\/06\/img-60cbaef7d4588.jpg","width":720,"height":506,"caption":"Qui sont les nouveaux ministres ? (2)"},{"@type":"BreadcrumbList","@id":"https:\/\/www.africa-press.net\/mali\/top-nouvelles\/qui-sont-les-nouveaux-ministres-2#breadcrumb","itemListElement":[{"@type":"ListItem","position":1,"name":"Home","item":"https:\/\/www.africa-press.net\/mali\/"},{"@type":"ListItem","position":2,"name":"Qui sont les nouveaux ministres ? (2)"}]},{"@type":"WebSite","@id":"https:\/\/www.africa-press.net\/mali\/#website","url":"https:\/\/www.africa-press.net\/mali\/","name":"Mali","description":"Just another Africa News Agency Sites site","potentialAction":[{"@type":"SearchAction","target":{"@type":"EntryPoint","urlTemplate":"https:\/\/www.africa-press.net\/mali\/?s={search_term_string}"},"query-input":{"@type":"PropertyValueSpecification","valueRequired":true,"valueName":"search_term_string"}}],"inLanguage":"fr-FR"},{"@type":"Person","@id":"https:\/\/www.africa-press.net\/mali\/#\/schema\/person\/2b1cf3cd81a31e3cd26889ca66d677f1","name":"cfeditorfr"}]}},"_links":{"self":[{"href":"https:\/\/www.africa-press.net\/mali\/wp-json\/wp\/v2\/posts\/3034","targetHints":{"allow":["GET"]}}],"collection":[{"href":"https:\/\/www.africa-press.net\/mali\/wp-json\/wp\/v2\/posts"}],"about":[{"href":"https:\/\/www.africa-press.net\/mali\/wp-json\/wp\/v2\/types\/post"}],"author":[{"embeddable":true,"href":"https:\/\/www.africa-press.net\/mali\/wp-json\/wp\/v2\/users\/82"}],"replies":[{"embeddable":true,"href":"https:\/\/www.africa-press.net\/mali\/wp-json\/wp\/v2\/comments?post=3034"}],"version-history":[{"count":0,"href":"https:\/\/www.africa-press.net\/mali\/wp-json\/wp\/v2\/posts\/3034\/revisions"}],"wp:featuredmedia":[{"embeddable":true,"href":"https:\/\/www.africa-press.net\/mali\/wp-json\/wp\/v2\/media\/3033"}],"wp:attachment":[{"href":"https:\/\/www.africa-press.net\/mali\/wp-json\/wp\/v2\/media?parent=3034"}],"wp:term":[{"taxonomy":"category","embeddable":true,"href":"https:\/\/www.africa-press.net\/mali\/wp-json\/wp\/v2\/categories?post=3034"},{"taxonomy":"post_tag","embeddable":true,"href":"https:\/\/www.africa-press.net\/mali\/wp-json\/wp\/v2\/tags?post=3034"}],"curies":[{"name":"wp","href":"https:\/\/api.w.org\/{rel}","templated":true}]}}